{"id":4510,"date":"2014-05-18T20:43:37","date_gmt":"2014-05-18T19:43:37","guid":{"rendered":"http:\/\/www.carlosyconchita.net\/rutas\/?p=4510"},"modified":"2021-02-27T19:59:34","modified_gmt":"2021-02-27T18:59:34","slug":"18-05-2014-roc-de-la-calme","status":"publish","type":"post","link":"https:\/\/www.carlosyconchita.net\/rutas\/18-05-2014-roc-de-la-calme\/","title":{"rendered":"18-05-2014 &#8211; Roc de la Calme, Bolqu\u00e9re-Pyren\u00e9es 2000"},"content":{"rendered":"<p>Hoy hemos elegido esta sencilla excursi\u00f3n al Roc de la Calme, zona Bolqu\u00e9re-Pyren\u00e9es 2000,\u00a0 que en parte se superpone con la que hicimos con raquetas por la misma zona ( ver\u00a0 <a title=\"15-04-2013 \u2013 Pla de la Calme \u2013 Ruta de los telesillas (raquetas)\" href=\"http:\/\/www.carlosyconchita.net\/rutas\/?p=2550\"><strong>14-04-2013 \u2013 Pla de la Calme \u2013 Pic dels Moros (raquetas)<\/strong><\/a> )<\/p>\n<p>&nbsp;<\/p>\n<table border=\"0\">\n<tbody>\n<tr>\n<td><strong>Dificultad :\u00a0 Muy f\u00e1cil \u00a0\u00a0\u00a0\u00a0\u00a0\u00a0\u00a0\u00a0\u00a0\u00a0\u00a0\u00a0\u00a0\u00a0\u00a0 \u00a0 \u00a0 \u00a0 \u00a0 \u00a0 \u00a0 \u00a0 \u00a0 \u00a0 \u00a0 \u00a0 \u00a0 \u00a0 \u00a0 \u00a0\u00a0 <strong>Recorrido :\u00a0 7&#8217;243 km.<\/strong><\/strong><\/td>\n<\/tr>\n<tr>\n<td><strong>\u00a0Desnivel :\u00a0 239 m.\u00a0 \u00a0 \u00a0 \u00a0 \u00a0 \u00a0 \u00a0 \u00a0 \u00a0 \u00a0 \u00a0 \u00a0 \u00a0 \u00a0 \u00a0 \u00a0 \u00a0 \u00a0 \u00a0 \u00a0 \u00a0 \u00a0 \u00a0 \u00a0\u00a0<strong> Alturas :\u00a0 2.021 \/ 2.210 m.<br \/>\n<\/strong><\/strong><\/td>\n<\/tr>\n<tr>\n<td><strong> Tiempo total :\u00a0 2 h. 57 m.\u00a0\u00a0\u00a0\u00a0\u00a0\u00a0\u00a0\u00a0\u00a0\u00a0\u00a0\u00a0\u00a0\u00a0\u00a0\u00a0\u00a0\u00a0\u00a0\u00a0\u00a0\u00a0\u00a0\u00a0\u00a0\u00a0\u00a0\u00a0\u00a0\u00a0\u00a0\u00a0\u00a0\u00a0\u00a0\u00a0\u00a0\u00a0\u00a0\u00a0\u00a0 Velocidad media<strong> :\u00a0 2\u20194 km.\/hora<\/strong><br \/>\n<\/strong><\/td>\n<\/tr>\n<tr>\n<td><strong>Tiempo movimiento :\u00a0 1 h. 53 m.\u00a0\u00a0\u00a0\u00a0\u00a0\u00a0\u00a0\u00a0\u00a0\u00a0\u00a0\u00a0\u00a0\u00a0\u00a0\u00a0\u00a0\u00a0\u00a0\u00a0\u00a0\u00a0\u00a0\u00a0\u00a0\u00a0\u00a0\u00a0 Velocidad media\u00a0<strong><strong> :\u00a0 3\u20198 km.\/hora<\/strong><\/strong><\/strong><\/td>\n<\/tr>\n<\/tbody>\n<\/table>\n<p style=\"text-align: justify;\">Para llegar all\u00ed, partiendo de la poblaci\u00f3n francesa de Saillagossa, cogemos la carretera N-116, en direcci\u00f3n Mont Louis y Les Angles, pasando por el Coll de la Perche.\u00a0 Poco despu\u00e9s, a la entrada de Mont-Louis, encontraremos una rotonda y cogeremos la D-118 direcci\u00f3n Le Angles ( 2\u00aa\u00a0 salida)<\/p>\n<p style=\"text-align: justify;\">A unos 150 m. , en la siguiente rotonda , y cogeremos la 2\u00aa salida, direccion Bolquere-Pyrenees 2000, por la carretera D-618.<\/p>\n<p style=\"text-align: justify;\">Pasaremos la zona comercial de Bolquere-Pyrenees 2000, y en la siguiente rotonda, veremos a la derecha el desv\u00edo a la zona de Les Airelles y La Calme.<\/p>\n<p style=\"text-align: justify;\">Pasamos de largo el primer parking de la estacion (Les Airelles) y continuamos hacia el parking de La Calme, y un poco antes de llegar a \u00e9l, veremos una peque\u00f1a zona de aparcamiento a la izquierda de la carretera, con varios indicadores amarillos de rutas a los dos lados de la carretera.<\/p>\n<p style=\"text-align: justify;\">Dejamos el coche alli, y en el lado derecho de la carretera, empieza nuestra ruta de hoy.<\/p>\n<p style=\"text-align: justify;\">[shashin type=\u00bbphoto\u00bb id=\u00bb7079,7080&#8243; size=\u00bblarge\u00bb columns=\u00bbmax\u00bb order=\u00bbuser\u00bb caption=\u00bby\u00bb position=\u00bbcenter\u00bb]<\/p>\n<p style=\"text-align: justify;\">El camino es muy ancho y f\u00e1cil, y esta bi\u00e9n indicado por las se\u00f1ales que vamos encontrando, y aproximadamente cuando llevemos 1.7 Km, dejaremos ese camino principal y nos desviaremos a la izquierda, empezando a subir algo m\u00e1s.<\/p>\n<p style=\"text-align: justify;\">[shashin type=\u00bbphoto\u00bb id=\u00bb7083,7084&#8243; size=\u00bblarge\u00bb columns=\u00bbmax\u00bb order=\u00bbuser\u00bb caption=\u00bby\u00bb position=\u00bbcenter\u00bb]<\/p>\n<p style=\"text-align: justify;\">A unos 150 m. y despues de cruzar una pista de ski,\u00a0 veremos un desvio a la derecha que indica la zona de la Gallinera.<\/p>\n<p style=\"text-align: justify;\">Alli giramos a la derecha, hasta llegar a esa zona, que es una especie de explanada donde terminan varios telesillas que suben desde las diversas zonas de parking de la estacion, como Les Areilles, Les Avellans etc.<\/p>\n<p style=\"text-align: justify;\">[shashin type=\u00bbphoto\u00bb id=\u00bb7087,7090,7088&#8243; size=\u00bblarge\u00bb columns=\u00bbmax\u00bb order=\u00bbuser\u00bb caption=\u00bby\u00bb position=\u00bbcenter\u00bb]<\/p>\n<p style=\"text-align: justify;\">Dejamos esa zona bajando por el camino que teniamos a nuestra izquierda en el momento de llegar a la explanada, y poco despues llegamos de nuevo al camino principal que habiamos dejado antes.<\/p>\n<p style=\"text-align: justify;\">Unos 200 m. despues, llegamos a una bifurcacion y cogemos el camino de la derecha, que poco despues desemboca en una pista de ski, por la que subiremos en direccion al telesilla del Roc de la Calme.<\/p>\n<p style=\"text-align: justify;\">[shashin type=\u00bbphoto\u00bb id=\u00bb7093&#8243; size=\u00bblarge\u00bb columns=\u00bbmax\u00bb order=\u00bbuser\u00bb caption=\u00bby\u00bb position=\u00bbcenter\u00bb]<\/p>\n<p style=\"text-align: justify;\">Cuando estemos casi arriba, nosotros nos hemos desviado unos metros a la derecha, para intentar ver el lago de las Boullosas, y despues hemos vuelto al camino, hasta que llegamos al citado telesilla del Roc de la Calme.<\/p>\n<p style=\"text-align: justify;\">Desde alli se ve perfectamente la zona del parking, y mas a lo lejos los pueblos de St.Pere dels Forcats, Eyne , etc.<\/p>\n<p style=\"text-align: justify;\">[shashin type=\u00bbphoto\u00bb id=\u00bb7095,7096,7101&#8243; size=\u00bblarge\u00bb columns=\u00bbmax\u00bb order=\u00bbuser\u00bb caption=\u00bby\u00bb position=\u00bbcenter\u00bb]<\/p>\n<p style=\"text-align: justify;\">En la foto siguiente vemos el valle de Eyne , en la que hemos dibujado el camino aproximado de la ruta que tenemos prevista hacer un dia, para ir desde Eyne a Nuria.<\/p>\n<p style=\"text-align: justify;\">[shashin type=\u00bbphoto\u00bb id=\u00bb7104&#8243; size=\u00bblarge\u00bb columns=\u00bbmax\u00bb order=\u00bbuser\u00bb caption=\u00bby\u00bb position=\u00bbcenter\u00bb]<\/p>\n<p style=\"text-align: justify;\">Seguimos las se\u00f1ales de nuestra ruta que nos alejan de momento del camino que seguiamos, casi por detras del telesilla, y entramos en una zona de bosque, descendiendo un poco.<\/p>\n<p style=\"text-align: justify;\">Alli, y aprovechando un punto en que hay un peque\u00f1o claro a nuestra derecha, podremos ver perfectamente el lago de las Boullosas, que este a\u00f1o, tiene muchisma menos nieve que en otras ocasiones en estas mismas fechas.<\/p>\n<p style=\"text-align: justify;\">[shashin type=\u00bbphoto\u00bb id=\u00bb7115,7112&#8243; size=\u00bblarge\u00bb columns=\u00bbmax\u00bb order=\u00bbuser\u00bb caption=\u00bby\u00bb position=\u00bbcenter\u00bb]<\/p>\n<p style=\"text-align: justify;\">Siguiendo el camino, salimos del bosque y pasamos por una zona mas despejada, y que nos llevar\u00e1 al parking de La Calme.<\/p>\n<p style=\"text-align: justify;\">[shashin type=\u00bbphoto\u00bb id=\u00bb7118&#8243; size=\u00bblarge\u00bb columns=\u00bbmax\u00bb order=\u00bbuser\u00bb caption=\u00bby\u00bb position=\u00bbcenter\u00bb]<\/p>\n<p>&nbsp;<\/p>\n<p style=\"text-align: justify;\">En la parte baja de la pista quedan todavia unas enormes monta\u00f1as de nieve, que nos imaginamos son los restos de los monticulos que en la temporada de ski se \u00abconstruyeron\u00bb para hacer una pista de snow.<\/p>\n<p style=\"text-align: justify;\">[shashin type=\u00bbphoto\u00bb id=\u00bb7119,7121&#8243; size=\u00bblarge\u00bb columns=\u00bbmax\u00bb order=\u00bbuser\u00bb caption=\u00bby\u00bb position=\u00bbcenter\u00bb]<\/p>\n<p style=\"text-align: justify;\">Para llegar al coche, seguiremos un caminito que pasa por la derecha del parking y paralelo a la carretera, hasta que lleguemos a una valla para el ganado, desde donde veremos a unos 100 m. a nuestra izquierda el sitio donde hemos dejado el coche.<\/p>\n<hr \/>\n<p style=\"text-align: justify;\"><span style=\"color: #ff0000; background-color: #ffffff; font-size: 14pt;\"><strong>Si te ha gustado, comp\u00e1rtelo en tu red favorita,\u00a0 haz +1, o env\u00edanos tu comentario para mejorar.<br \/>\n<\/strong><\/span><\/p>\n<p style=\"text-align: justify;\"><span style=\"font-size: 14pt;\"><strong><span style=\"color: #ff0000;\">Muchas gracias !<\/span><\/strong><\/span><\/p>\n<hr \/>\n<p><span style=\"text-align: justify; background-color: #c0c0c0;\"><strong>Track de la ruta<\/strong><\/span><\/p>\n<p style=\"text-align: justify;\">[sgpx gpx=\u00bb\/wp-content\/uploads\/gpx\/RocdelaCalme.gpx\u00bb]<\/p>\n<p>&nbsp;<\/p>\n<p>&nbsp;<\/p>\n<table style=\"width: 550px; height: 140px;\" border=\"2\" cellspacing=\"300\" cellpadding=\"2\">\n<tbody>\n<tr style=\"height: 40px;\">\n<td style=\"width: 300px; height: 40px; text-align: center; vertical-align: middle;\"><strong>Enlace album de fotos<\/strong><\/td>\n<td style=\"width: 300px; height: 40px; text-align: center; vertical-align: middle;\"><strong>Enlace Wikiloc<\/strong><\/td>\n<\/tr>\n<tr style=\"height: 100px;\">\n<td style=\"width: 300px; height: 100px; text-align: center; vertical-align: middle;\">[shashin type=\u00bbalbum\u00bb id=\u00bb129&#8243; size=\u00bbsmall\u00bb crop=\u00bbn\u00bb columns=\u00bbmax\u00bb caption=\u00bby\u00bb order=\u00bbdate\u00bb position=\u00bbcenter\u00bb]<\/td>\n<td style=\"width: 300px; height: 100px; text-align: center; vertical-align: middle;\"><a title=\"Enlace a Wikiloc\" href=\"http:\/\/es.wikiloc.com\/wikiloc\/view.do?id=6910861\" target=\"_blank\" rel=\"noopener\"><img loading=\"lazy\" decoding=\"async\" class=\"aligncenter\" title=\"wikiloc\" src=\"http:\/\/www.carlosyconchita.net\/rutas\/wp-content\/uploads\/2020\/09\/wikiloc.jpg\" alt=\"\" width=\"117\" height=\"34\" \/><\/a><\/td>\n<\/tr>\n<\/tbody>\n<\/table>\n","protected":false},"excerpt":{"rendered":"<p>Hoy hemos elegido esta sencilla excursi\u00f3n al Roc de la Calme, zona Bolqu\u00e9re-Pyren\u00e9es 2000,\u00a0 que en parte se superpone con la que hicimos con raquetas por la misma zona ( ver\u00a0 14-04-2013 \u2013 Pla de la Calme \u2013 Pic dels Moros (raquetas) ) &nbsp; Dificultad :\u00a0 Muy f\u00e1cil \u00a0\u00a0\u00a0\u00a0\u00a0\u00a0\u00a0\u00a0\u00a0\u00a0\u00a0\u00a0\u00a0\u00a0\u00a0 \u00a0 \u00a0 \u00a0 \u00a0 \u00a0 \u00a0 [&hellip;]<\/p>\n","protected":false},"author":50,"featured_media":4528,"comment_status":"open","ping_status":"open","sticky":false,"template":"","format":"gallery","meta":{"footnotes":""},"categories":[14,106,22,18],"tags":[],"class_list":{"0":"post-4510","1":"post","2":"type-post","3":"status-publish","4":"format-gallery","5":"has-post-thumbnail","6":"hentry","7":"category-muy-facil","8":"category-nuestros-100-cims","9":"category-de-05-a-10-km","10":"category-font-romeu-bolquere","11":"post_format-post-format-gallery","13":"post-with-thumbnail","14":"post-with-thumbnail-icon"},"yoast_head":"<!-- This site is optimized with the Yoast SEO plugin v27.4 - https:\/\/yoast.com\/product\/yoast-seo-wordpress\/ -->\n<title>Roc de la Calme, Bolqu\u00e9re-Pyren\u00e9es 2000<\/title>\n<meta name=\"description\" content=\"Excursi\u00f3n al Roc de la Calme, Bolqu\u00e9re-Pyren\u00e9es 2000\" \/>\n<meta name=\"robots\" content=\"index, follow, max-snippet:-1, max-image-preview:large, max-video-preview:-1\" \/>\n<link rel=\"canonical\" href=\"https:\/\/www.carlosyconchita.net\/rutas\/18-05-2014-roc-de-la-calme\/\" \/>\n<meta property=\"og:locale\" content=\"es_ES\" \/>\n<meta property=\"og:type\" content=\"article\" \/>\n<meta property=\"og:title\" content=\"Roc de la Calme, Bolqu\u00e9re-Pyren\u00e9es 2000\" \/>\n<meta property=\"og:description\" content=\"Excursi\u00f3n al Roc de la Calme, Bolqu\u00e9re-Pyren\u00e9es 2000\" \/>\n<meta property=\"og:url\" content=\"https:\/\/www.carlosyconchita.net\/rutas\/18-05-2014-roc-de-la-calme\/\" \/>\n<meta property=\"og:site_name\" content=\"Las rutas de Carlos y Conchita\" \/>\n<meta property=\"article:published_time\" content=\"2014-05-18T19:43:37+00:00\" \/>\n<meta property=\"article:modified_time\" content=\"2021-02-27T18:59:34+00:00\" \/>\n<meta property=\"og:image\" content=\"https:\/\/www.carlosyconchita.net\/rutas\/wp-content\/uploads\/2014\/05\/P5185301-copia.jpg\" \/>\n\t<meta property=\"og:image:width\" content=\"2560\" \/>\n\t<meta property=\"og:image:height\" content=\"1098\" \/>\n\t<meta property=\"og:image:type\" content=\"image\/jpeg\" \/>\n<meta name=\"author\" content=\"Carlos Conchita\" \/>\n<meta name=\"twitter:label1\" content=\"Escrito por\" \/>\n\t<meta name=\"twitter:data1\" content=\"Carlos Conchita\" \/>\n\t<meta name=\"twitter:label2\" content=\"Tiempo de lectura\" \/>\n\t<meta name=\"twitter:data2\" content=\"4 minutos\" \/>\n<script type=\"application\/ld+json\" class=\"yoast-schema-graph\">{\"@context\":\"https:\\\/\\\/schema.org\",\"@graph\":[{\"@type\":\"Article\",\"@id\":\"https:\\\/\\\/www.carlosyconchita.net\\\/rutas\\\/18-05-2014-roc-de-la-calme\\\/#article\",\"isPartOf\":{\"@id\":\"https:\\\/\\\/www.carlosyconchita.net\\\/rutas\\\/18-05-2014-roc-de-la-calme\\\/\"},\"author\":{\"name\":\"Carlos Conchita\",\"@id\":\"https:\\\/\\\/www.carlosyconchita.net\\\/rutas\\\/#\\\/schema\\\/person\\\/a9691f7258c28443fab2d3aa1479ea19\"},\"headline\":\"18-05-2014 &#8211; Roc de la Calme, Bolqu\u00e9re-Pyren\u00e9es 2000\",\"datePublished\":\"2014-05-18T19:43:37+00:00\",\"dateModified\":\"2021-02-27T18:59:34+00:00\",\"mainEntityOfPage\":{\"@id\":\"https:\\\/\\\/www.carlosyconchita.net\\\/rutas\\\/18-05-2014-roc-de-la-calme\\\/\"},\"wordCount\":863,\"commentCount\":0,\"image\":{\"@id\":\"https:\\\/\\\/www.carlosyconchita.net\\\/rutas\\\/18-05-2014-roc-de-la-calme\\\/#primaryimage\"},\"thumbnailUrl\":\"https:\\\/\\\/www.carlosyconchita.net\\\/rutas\\\/wp-content\\\/uploads\\\/2014\\\/05\\\/P5185301-copia.jpg\",\"articleSection\":[\"0-Muy f\u00e1cil\",\"100 Cims Carlos y Conchita\",\"2 - De 5 a 10 km.\",\"Font Romeu\"],\"inLanguage\":\"es\",\"potentialAction\":[{\"@type\":\"CommentAction\",\"name\":\"Comment\",\"target\":[\"https:\\\/\\\/www.carlosyconchita.net\\\/rutas\\\/18-05-2014-roc-de-la-calme\\\/#respond\"]}]},{\"@type\":\"WebPage\",\"@id\":\"https:\\\/\\\/www.carlosyconchita.net\\\/rutas\\\/18-05-2014-roc-de-la-calme\\\/\",\"url\":\"https:\\\/\\\/www.carlosyconchita.net\\\/rutas\\\/18-05-2014-roc-de-la-calme\\\/\",\"name\":\"Roc de la Calme, Bolqu\u00e9re-Pyren\u00e9es 2000\",\"isPartOf\":{\"@id\":\"https:\\\/\\\/www.carlosyconchita.net\\\/rutas\\\/#website\"},\"primaryImageOfPage\":{\"@id\":\"https:\\\/\\\/www.carlosyconchita.net\\\/rutas\\\/18-05-2014-roc-de-la-calme\\\/#primaryimage\"},\"image\":{\"@id\":\"https:\\\/\\\/www.carlosyconchita.net\\\/rutas\\\/18-05-2014-roc-de-la-calme\\\/#primaryimage\"},\"thumbnailUrl\":\"https:\\\/\\\/www.carlosyconchita.net\\\/rutas\\\/wp-content\\\/uploads\\\/2014\\\/05\\\/P5185301-copia.jpg\",\"datePublished\":\"2014-05-18T19:43:37+00:00\",\"dateModified\":\"2021-02-27T18:59:34+00:00\",\"author\":{\"@id\":\"https:\\\/\\\/www.carlosyconchita.net\\\/rutas\\\/#\\\/schema\\\/person\\\/a9691f7258c28443fab2d3aa1479ea19\"},\"description\":\"Excursi\u00f3n al Roc de la Calme, Bolqu\u00e9re-Pyren\u00e9es 2000\",\"breadcrumb\":{\"@id\":\"https:\\\/\\\/www.carlosyconchita.net\\\/rutas\\\/18-05-2014-roc-de-la-calme\\\/#breadcrumb\"},\"inLanguage\":\"es\",\"potentialAction\":[{\"@type\":\"ReadAction\",\"target\":[\"https:\\\/\\\/www.carlosyconchita.net\\\/rutas\\\/18-05-2014-roc-de-la-calme\\\/\"]}]},{\"@type\":\"ImageObject\",\"inLanguage\":\"es\",\"@id\":\"https:\\\/\\\/www.carlosyconchita.net\\\/rutas\\\/18-05-2014-roc-de-la-calme\\\/#primaryimage\",\"url\":\"https:\\\/\\\/www.carlosyconchita.net\\\/rutas\\\/wp-content\\\/uploads\\\/2014\\\/05\\\/P5185301-copia.jpg\",\"contentUrl\":\"https:\\\/\\\/www.carlosyconchita.net\\\/rutas\\\/wp-content\\\/uploads\\\/2014\\\/05\\\/P5185301-copia.jpg\",\"width\":2560,\"height\":1098},{\"@type\":\"BreadcrumbList\",\"@id\":\"https:\\\/\\\/www.carlosyconchita.net\\\/rutas\\\/18-05-2014-roc-de-la-calme\\\/#breadcrumb\",\"itemListElement\":[{\"@type\":\"ListItem\",\"position\":1,\"name\":\"Portada\",\"item\":\"https:\\\/\\\/www.carlosyconchita.net\\\/rutas\\\/\"},{\"@type\":\"ListItem\",\"position\":2,\"name\":\"18-05-2014 &#8211; Roc de la Calme, Bolqu\u00e9re-Pyren\u00e9es 2000\"}]},{\"@type\":\"WebSite\",\"@id\":\"https:\\\/\\\/www.carlosyconchita.net\\\/rutas\\\/#website\",\"url\":\"https:\\\/\\\/www.carlosyconchita.net\\\/rutas\\\/\",\"name\":\"Las rutas de Carlos y Conchita\",\"description\":\"\",\"potentialAction\":[{\"@type\":\"SearchAction\",\"target\":{\"@type\":\"EntryPoint\",\"urlTemplate\":\"https:\\\/\\\/www.carlosyconchita.net\\\/rutas\\\/?s={search_term_string}\"},\"query-input\":{\"@type\":\"PropertyValueSpecification\",\"valueRequired\":true,\"valueName\":\"search_term_string\"}}],\"inLanguage\":\"es\"},{\"@type\":\"Person\",\"@id\":\"https:\\\/\\\/www.carlosyconchita.net\\\/rutas\\\/#\\\/schema\\\/person\\\/a9691f7258c28443fab2d3aa1479ea19\",\"name\":\"Carlos Conchita\",\"image\":{\"@type\":\"ImageObject\",\"inLanguage\":\"es\",\"@id\":\"https:\\\/\\\/secure.gravatar.com\\\/avatar\\\/3a4625b20c8da3de99da69bfe7a322774e291c3f90dce7e8778a30fe6748ed1a?s=96&d=mm&r=g\",\"url\":\"https:\\\/\\\/secure.gravatar.com\\\/avatar\\\/3a4625b20c8da3de99da69bfe7a322774e291c3f90dce7e8778a30fe6748ed1a?s=96&d=mm&r=g\",\"contentUrl\":\"https:\\\/\\\/secure.gravatar.com\\\/avatar\\\/3a4625b20c8da3de99da69bfe7a322774e291c3f90dce7e8778a30fe6748ed1a?s=96&d=mm&r=g\",\"caption\":\"Carlos Conchita\"}}]}<\/script>\n<!-- \/ Yoast SEO plugin. -->","yoast_head_json":{"title":"Roc de la Calme, Bolqu\u00e9re-Pyren\u00e9es 2000","description":"Excursi\u00f3n al Roc de la Calme, Bolqu\u00e9re-Pyren\u00e9es 2000","robots":{"index":"index","follow":"follow","max-snippet":"max-snippet:-1","max-image-preview":"max-image-preview:large","max-video-preview":"max-video-preview:-1"},"canonical":"https:\/\/www.carlosyconchita.net\/rutas\/18-05-2014-roc-de-la-calme\/","og_locale":"es_ES","og_type":"article","og_title":"Roc de la Calme, Bolqu\u00e9re-Pyren\u00e9es 2000","og_description":"Excursi\u00f3n al Roc de la Calme, Bolqu\u00e9re-Pyren\u00e9es 2000","og_url":"https:\/\/www.carlosyconchita.net\/rutas\/18-05-2014-roc-de-la-calme\/","og_site_name":"Las rutas de Carlos y Conchita","article_published_time":"2014-05-18T19:43:37+00:00","article_modified_time":"2021-02-27T18:59:34+00:00","og_image":[{"width":2560,"height":1098,"url":"https:\/\/www.carlosyconchita.net\/rutas\/wp-content\/uploads\/2014\/05\/P5185301-copia.jpg","type":"image\/jpeg"}],"author":"Carlos Conchita","twitter_misc":{"Escrito por":"Carlos Conchita","Tiempo de lectura":"4 minutos"},"schema":{"@context":"https:\/\/schema.org","@graph":[{"@type":"Article","@id":"https:\/\/www.carlosyconchita.net\/rutas\/18-05-2014-roc-de-la-calme\/#article","isPartOf":{"@id":"https:\/\/www.carlosyconchita.net\/rutas\/18-05-2014-roc-de-la-calme\/"},"author":{"name":"Carlos Conchita","@id":"https:\/\/www.carlosyconchita.net\/rutas\/#\/schema\/person\/a9691f7258c28443fab2d3aa1479ea19"},"headline":"18-05-2014 &#8211; Roc de la Calme, Bolqu\u00e9re-Pyren\u00e9es 2000","datePublished":"2014-05-18T19:43:37+00:00","dateModified":"2021-02-27T18:59:34+00:00","mainEntityOfPage":{"@id":"https:\/\/www.carlosyconchita.net\/rutas\/18-05-2014-roc-de-la-calme\/"},"wordCount":863,"commentCount":0,"image":{"@id":"https:\/\/www.carlosyconchita.net\/rutas\/18-05-2014-roc-de-la-calme\/#primaryimage"},"thumbnailUrl":"https:\/\/www.carlosyconchita.net\/rutas\/wp-content\/uploads\/2014\/05\/P5185301-copia.jpg","articleSection":["0-Muy f\u00e1cil","100 Cims Carlos y Conchita","2 - De 5 a 10 km.","Font Romeu"],"inLanguage":"es","potentialAction":[{"@type":"CommentAction","name":"Comment","target":["https:\/\/www.carlosyconchita.net\/rutas\/18-05-2014-roc-de-la-calme\/#respond"]}]},{"@type":"WebPage","@id":"https:\/\/www.carlosyconchita.net\/rutas\/18-05-2014-roc-de-la-calme\/","url":"https:\/\/www.carlosyconchita.net\/rutas\/18-05-2014-roc-de-la-calme\/","name":"Roc de la Calme, Bolqu\u00e9re-Pyren\u00e9es 2000","isPartOf":{"@id":"https:\/\/www.carlosyconchita.net\/rutas\/#website"},"primaryImageOfPage":{"@id":"https:\/\/www.carlosyconchita.net\/rutas\/18-05-2014-roc-de-la-calme\/#primaryimage"},"image":{"@id":"https:\/\/www.carlosyconchita.net\/rutas\/18-05-2014-roc-de-la-calme\/#primaryimage"},"thumbnailUrl":"https:\/\/www.carlosyconchita.net\/rutas\/wp-content\/uploads\/2014\/05\/P5185301-copia.jpg","datePublished":"2014-05-18T19:43:37+00:00","dateModified":"2021-02-27T18:59:34+00:00","author":{"@id":"https:\/\/www.carlosyconchita.net\/rutas\/#\/schema\/person\/a9691f7258c28443fab2d3aa1479ea19"},"description":"Excursi\u00f3n al Roc de la Calme, Bolqu\u00e9re-Pyren\u00e9es 2000","breadcrumb":{"@id":"https:\/\/www.carlosyconchita.net\/rutas\/18-05-2014-roc-de-la-calme\/#breadcrumb"},"inLanguage":"es","potentialAction":[{"@type":"ReadAction","target":["https:\/\/www.carlosyconchita.net\/rutas\/18-05-2014-roc-de-la-calme\/"]}]},{"@type":"ImageObject","inLanguage":"es","@id":"https:\/\/www.carlosyconchita.net\/rutas\/18-05-2014-roc-de-la-calme\/#primaryimage","url":"https:\/\/www.carlosyconchita.net\/rutas\/wp-content\/uploads\/2014\/05\/P5185301-copia.jpg","contentUrl":"https:\/\/www.carlosyconchita.net\/rutas\/wp-content\/uploads\/2014\/05\/P5185301-copia.jpg","width":2560,"height":1098},{"@type":"BreadcrumbList","@id":"https:\/\/www.carlosyconchita.net\/rutas\/18-05-2014-roc-de-la-calme\/#breadcrumb","itemListElement":[{"@type":"ListItem","position":1,"name":"Portada","item":"https:\/\/www.carlosyconchita.net\/rutas\/"},{"@type":"ListItem","position":2,"name":"18-05-2014 &#8211; Roc de la Calme, Bolqu\u00e9re-Pyren\u00e9es 2000"}]},{"@type":"WebSite","@id":"https:\/\/www.carlosyconchita.net\/rutas\/#website","url":"https:\/\/www.carlosyconchita.net\/rutas\/","name":"Las rutas de Carlos y Conchita","description":"","potentialAction":[{"@type":"SearchAction","target":{"@type":"EntryPoint","urlTemplate":"https:\/\/www.carlosyconchita.net\/rutas\/?s={search_term_string}"},"query-input":{"@type":"PropertyValueSpecification","valueRequired":true,"valueName":"search_term_string"}}],"inLanguage":"es"},{"@type":"Person","@id":"https:\/\/www.carlosyconchita.net\/rutas\/#\/schema\/person\/a9691f7258c28443fab2d3aa1479ea19","name":"Carlos Conchita","image":{"@type":"ImageObject","inLanguage":"es","@id":"https:\/\/secure.gravatar.com\/avatar\/3a4625b20c8da3de99da69bfe7a322774e291c3f90dce7e8778a30fe6748ed1a?s=96&d=mm&r=g","url":"https:\/\/secure.gravatar.com\/avatar\/3a4625b20c8da3de99da69bfe7a322774e291c3f90dce7e8778a30fe6748ed1a?s=96&d=mm&r=g","contentUrl":"https:\/\/secure.gravatar.com\/avatar\/3a4625b20c8da3de99da69bfe7a322774e291c3f90dce7e8778a30fe6748ed1a?s=96&d=mm&r=g","caption":"Carlos Conchita"}}]}},"_links":{"self":[{"href":"https:\/\/www.carlosyconchita.net\/rutas\/wp-json\/wp\/v2\/posts\/4510","targetHints":{"allow":["GET"]}}],"collection":[{"href":"https:\/\/www.carlosyconchita.net\/rutas\/wp-json\/wp\/v2\/posts"}],"about":[{"href":"https:\/\/www.carlosyconchita.net\/rutas\/wp-json\/wp\/v2\/types\/post"}],"author":[{"embeddable":true,"href":"https:\/\/www.carlosyconchita.net\/rutas\/wp-json\/wp\/v2\/users\/50"}],"replies":[{"embeddable":true,"href":"https:\/\/www.carlosyconchita.net\/rutas\/wp-json\/wp\/v2\/comments?post=4510"}],"version-history":[{"count":0,"href":"https:\/\/www.carlosyconchita.net\/rutas\/wp-json\/wp\/v2\/posts\/4510\/revisions"}],"wp:featuredmedia":[{"embeddable":true,"href":"https:\/\/www.carlosyconchita.net\/rutas\/wp-json\/wp\/v2\/media\/4528"}],"wp:attachment":[{"href":"https:\/\/www.carlosyconchita.net\/rutas\/wp-json\/wp\/v2\/media?parent=4510"}],"wp:term":[{"taxonomy":"category","embeddable":true,"href":"https:\/\/www.carlosyconchita.net\/rutas\/wp-json\/wp\/v2\/categories?post=4510"},{"taxonomy":"post_tag","embeddable":true,"href":"https:\/\/www.carlosyconchita.net\/rutas\/wp-json\/wp\/v2\/tags?post=4510"}],"curies":[{"name":"wp","href":"https:\/\/api.w.org\/{rel}","templated":true}]}}