{"id":489,"date":"2012-09-23T22:57:21","date_gmt":"2012-09-23T20:57:21","guid":{"rendered":"http:\/\/www.carlosyconchita.net\/rutas\/?p=489"},"modified":"2012-10-08T14:49:29","modified_gmt":"2012-10-08T12:49:29","slug":"23-09-2012-sentier-des-glaciers","status":"publish","type":"post","link":"https:\/\/www.carlosyconchita.net\/rutas\/23-09-2012-sentier-des-glaciers\/","title":{"rendered":"23-09-2012 &#8211; Sentier des Glaciers"},"content":{"rendered":"<p>&nbsp;<\/p>\n<p><strong><span style=\"color: #ff0000;\">Dificultad :\u00a0 Muy f\u00e1cil\u00a0\u00a0\u00a0\u00a0\u00a0\u00a0\u00a0\u00a0\u00a0\u00a0\u00a0\u00a0\u00a0\u00a0\u00a0\u00a0\u00a0\u00a0\u00a0\u00a0\u00a0\u00a0\u00a0\u00a0\u00a0\u00a0\u00a0\u00a0\u00a0\u00a0 Total : 8\u2019000 km. \u00a0\u00a0\u00a0\u00a0\u00a0\u00a0\u00a0<\/span><\/strong><\/p>\n<p><strong><span style=\"color: #ff0000;\">\u00a0Desnivel : 281 m. \u00a0\u00a0\u00a0\u00a0\u00a0\u00a0\u00a0\u00a0\u00a0\u00a0\u00a0\u00a0\u00a0\u00a0\u00a0\u00a0\u00a0\u00a0\u00a0\u00a0\u00a0\u00a0\u00a0\u00a0\u00a0\u00a0\u00a0\u00a0\u00a0\u00a0\u00a0\u00a0\u00a0 \u00a0 \u00a0 Alturas :\u00a0 1.623\/ 1.733<\/span><\/strong><\/p>\n<p>&nbsp;<\/p>\n<p>Para llegar en coche al punto de partida, ver la ruta\u00a0 :\u00a0 <a title=\"Parking dels Estagnols \u2013 Acceso coche\" href=\"http:\/\/www.carlosyconchita.net\/rutas\/?p=462\" target=\"_blank\">\u201cParking des Estanyols-Acceso\u201d<\/a><\/p>\n<p style=\"text-align: justify;\"><a href=\"http:\/\/www.carlosyconchita.net\/rutas\/wp-content\/uploads\/2012\/09\/DSC05477.jpg\"><img loading=\"lazy\" decoding=\"async\" class=\"alignleft size-medium wp-image-515\" title=\"DSC05477\" src=\"http:\/\/www.carlosyconchita.net\/rutas\/wp-content\/uploads\/2012\/09\/DSC05477-300x168.jpg\" alt=\"\" width=\"300\" height=\"168\" srcset=\"https:\/\/www.carlosyconchita.net\/rutas\/wp-content\/uploads\/2012\/09\/DSC05477-300x168.jpg 300w, https:\/\/www.carlosyconchita.net\/rutas\/wp-content\/uploads\/2012\/09\/DSC05477-600x338.jpg 600w, https:\/\/www.carlosyconchita.net\/rutas\/wp-content\/uploads\/2012\/09\/DSC05477-1024x576.jpg 1024w, https:\/\/www.carlosyconchita.net\/rutas\/wp-content\/uploads\/2012\/09\/DSC05477.jpg 700w\" sizes=\"auto, (max-width: 300px) 100vw, 300px\" \/><\/a>Bonita y tranquila caminata que partiendo del Parking des Estanyols de la estaci\u00f3n de ski de Pyren\u00e9es 2000,\u00a0 nos llevara entre los espesos bosques de los alrededores.<\/p>\n<p style=\"text-align: justify;\">Una vez hemos dejado el coche en el parking, tenemos que cruzar la carretera y seguirla en direccion a nuestra izquierda, y a pocos metros veremos las se\u00f1ales de la ruta \u201cSentiers des Glaciers\u201d, que nos alejar\u00e1 de la carretera entrando al bosque.<\/p>\n<p style=\"text-align: justify;\">\u00a0La ruta est\u00e1 perfectamente se\u00f1alada, con muchas se\u00f1ales, ya que en verano no habria problema en seguir el camino que se va viendo sin problemas,\u00a0 pero en \u00e9poca de\u00a0 nieve , la cosa seria mas dif\u00edcil.<\/p>\n<p style=\"text-align: justify;\"><a href=\"http:\/\/www.carlosyconchita.net\/rutas\/wp-content\/uploads\/2012\/09\/DSC05461.jpg\"><img loading=\"lazy\" decoding=\"async\" class=\"alignleft size-medium wp-image-491\" title=\"DSC05461\" src=\"http:\/\/www.carlosyconchita.net\/rutas\/wp-content\/uploads\/2012\/09\/DSC05461-300x168.jpg\" alt=\"\" width=\"300\" height=\"168\" srcset=\"https:\/\/www.carlosyconchita.net\/rutas\/wp-content\/uploads\/2012\/09\/DSC05461-300x168.jpg 300w, https:\/\/www.carlosyconchita.net\/rutas\/wp-content\/uploads\/2012\/09\/DSC05461-600x338.jpg 600w, https:\/\/www.carlosyconchita.net\/rutas\/wp-content\/uploads\/2012\/09\/DSC05461-1024x576.jpg 1024w, https:\/\/www.carlosyconchita.net\/rutas\/wp-content\/uploads\/2012\/09\/DSC05461.jpg 700w\" sizes=\"auto, (max-width: 300px) 100vw, 300px\" \/><\/a><\/p>\n<p style=\"text-align: justify;\">Por el camino veremos bastantes rocas de gran tama\u00f1o en medio de los arboles, restos de la epoca de glaciares<\/p>\n<p style=\"text-align: justify;\"><a href=\"http:\/\/www.carlosyconchita.net\/rutas\/wp-content\/uploads\/2012\/09\/DSC05486.jpg\"><img loading=\"lazy\" decoding=\"async\" class=\"alignleft size-medium wp-image-494\" title=\"DSC05486\" src=\"http:\/\/www.carlosyconchita.net\/rutas\/wp-content\/uploads\/2012\/09\/DSC05486-300x168.jpg\" alt=\"\" width=\"300\" height=\"168\" srcset=\"https:\/\/www.carlosyconchita.net\/rutas\/wp-content\/uploads\/2012\/09\/DSC05486-300x168.jpg 300w, https:\/\/www.carlosyconchita.net\/rutas\/wp-content\/uploads\/2012\/09\/DSC05486-600x338.jpg 600w, https:\/\/www.carlosyconchita.net\/rutas\/wp-content\/uploads\/2012\/09\/DSC05486-1024x576.jpg 1024w, https:\/\/www.carlosyconchita.net\/rutas\/wp-content\/uploads\/2012\/09\/DSC05486.jpg 700w\" sizes=\"auto, (max-width: 300px) 100vw, 300px\" \/><\/a><\/p>\n<p><a style=\"text-align: justify;\" href=\"http:\/\/www.carlosyconchita.net\/rutas\/wp-content\/uploads\/2012\/09\/DSC05469.jpg\"><img loading=\"lazy\" decoding=\"async\" class=\"alignright size-medium wp-image-492\" title=\"DSC05469\" src=\"http:\/\/www.carlosyconchita.net\/rutas\/wp-content\/uploads\/2012\/09\/DSC05469-300x225.jpg\" alt=\"\" width=\"300\" height=\"225\" srcset=\"https:\/\/www.carlosyconchita.net\/rutas\/wp-content\/uploads\/2012\/09\/DSC05469-300x225.jpg 300w, https:\/\/www.carlosyconchita.net\/rutas\/wp-content\/uploads\/2012\/09\/DSC05469-1024x768.jpg 1024w, https:\/\/www.carlosyconchita.net\/rutas\/wp-content\/uploads\/2012\/09\/DSC05469.jpg 533w\" sizes=\"auto, (max-width: 300px) 100vw, 300px\" \/><\/a><\/p>\n<p>&nbsp;<\/p>\n<p>&nbsp;<\/p>\n<p>&nbsp;<\/p>\n<p>&nbsp;<\/p>\n<p>&nbsp;<\/p>\n<p>&nbsp;<\/p>\n<p>&nbsp;<\/p>\n<p>y entre los claros y a lo lejos podremos ir viendo a nuestra izquierda las pistas de ski de Les Angles,<\/p>\n<p>&nbsp;<\/p>\n<p style=\"text-align: justify;\">y los grandes bosques de la zona,<\/p>\n<p style=\"text-align: justify;\"><a href=\"http:\/\/www.carlosyconchita.net\/rutas\/wp-content\/uploads\/2012\/09\/DSC05473.jpg\"><img loading=\"lazy\" decoding=\"async\" class=\"alignleft size-large wp-image-495\" title=\"DSC05473\" src=\"http:\/\/www.carlosyconchita.net\/rutas\/wp-content\/uploads\/2012\/09\/DSC05473-1024x576.jpg\" alt=\"\" width=\"640\" height=\"360\" srcset=\"https:\/\/www.carlosyconchita.net\/rutas\/wp-content\/uploads\/2012\/09\/DSC05473-1024x576.jpg 1024w, https:\/\/www.carlosyconchita.net\/rutas\/wp-content\/uploads\/2012\/09\/DSC05473-300x168.jpg 300w, https:\/\/www.carlosyconchita.net\/rutas\/wp-content\/uploads\/2012\/09\/DSC05473-600x338.jpg 600w, https:\/\/www.carlosyconchita.net\/rutas\/wp-content\/uploads\/2012\/09\/DSC05473.jpg 700w\" sizes=\"auto, (max-width: 640px) 100vw, 640px\" \/><\/a><\/p>\n<p style=\"text-align: justify;\">y despu\u00e9s a nuestra derecha la Cambre d\u2019Aze, y las pistas de ski de Eyne-St.Pierre dels Forcats.<\/p>\n<p style=\"text-align: justify;\"><a href=\"http:\/\/www.carlosyconchita.net\/rutas\/wp-content\/uploads\/2012\/09\/DSC05480.jpg\"><img loading=\"lazy\" decoding=\"async\" class=\"alignright size-large wp-image-497\" title=\"DSC05480\" src=\"http:\/\/www.carlosyconchita.net\/rutas\/wp-content\/uploads\/2012\/09\/DSC05480-1024x576.jpg\" alt=\"\" width=\"640\" height=\"360\" srcset=\"https:\/\/www.carlosyconchita.net\/rutas\/wp-content\/uploads\/2012\/09\/DSC05480-1024x576.jpg 1024w, https:\/\/www.carlosyconchita.net\/rutas\/wp-content\/uploads\/2012\/09\/DSC05480-300x168.jpg 300w, https:\/\/www.carlosyconchita.net\/rutas\/wp-content\/uploads\/2012\/09\/DSC05480-600x338.jpg 600w, https:\/\/www.carlosyconchita.net\/rutas\/wp-content\/uploads\/2012\/09\/DSC05480.jpg 700w\" sizes=\"auto, (max-width: 640px) 100vw, 640px\" \/><\/a><\/p>\n<p style=\"text-align: justify;\">\u00a0<a href=\"http:\/\/www.carlosyconchita.net\/rutas\/wp-content\/uploads\/2012\/09\/DSC05478.jpg\"><img loading=\"lazy\" decoding=\"async\" class=\"alignright size-large wp-image-496\" title=\"DSC05478\" src=\"http:\/\/www.carlosyconchita.net\/rutas\/wp-content\/uploads\/2012\/09\/DSC05478-1024x576.jpg\" alt=\"\" width=\"640\" height=\"360\" srcset=\"https:\/\/www.carlosyconchita.net\/rutas\/wp-content\/uploads\/2012\/09\/DSC05478-1024x576.jpg 1024w, https:\/\/www.carlosyconchita.net\/rutas\/wp-content\/uploads\/2012\/09\/DSC05478-300x168.jpg 300w, https:\/\/www.carlosyconchita.net\/rutas\/wp-content\/uploads\/2012\/09\/DSC05478-600x338.jpg 600w, https:\/\/www.carlosyconchita.net\/rutas\/wp-content\/uploads\/2012\/09\/DSC05478.jpg 700w\" sizes=\"auto, (max-width: 640px) 100vw, 640px\" \/><\/a><\/p>\n<p style=\"text-align: justify;\">Cuando estemos llegando al punto mas lejano desde el inicio, aproximadamente a la mitad del recorrido total, veremos delante nuestro la poblaci\u00f3n de Mont-Louis con sus caracteristicas murallas.<\/p>\n<p style=\"text-align: justify;\"><a href=\"http:\/\/www.carlosyconchita.net\/rutas\/wp-content\/uploads\/2012\/09\/DSC05485.jpg\"><img loading=\"lazy\" decoding=\"async\" class=\"alignnone size-large wp-image-498\" title=\"DSC05485\" src=\"http:\/\/www.carlosyconchita.net\/rutas\/wp-content\/uploads\/2012\/09\/DSC05485-1024x576.jpg\" alt=\"\" width=\"640\" height=\"360\" srcset=\"https:\/\/www.carlosyconchita.net\/rutas\/wp-content\/uploads\/2012\/09\/DSC05485-1024x576.jpg 1024w, https:\/\/www.carlosyconchita.net\/rutas\/wp-content\/uploads\/2012\/09\/DSC05485-300x168.jpg 300w, https:\/\/www.carlosyconchita.net\/rutas\/wp-content\/uploads\/2012\/09\/DSC05485-600x338.jpg 600w, https:\/\/www.carlosyconchita.net\/rutas\/wp-content\/uploads\/2012\/09\/DSC05485.jpg 700w\" sizes=\"auto, (max-width: 640px) 100vw, 640px\" \/><\/a><\/p>\n<p style=\"text-align: justify;\">Poco despues llegaremos a una construccion en un peque\u00f1o claro, y siguiendo las se\u00f1ales, giraremos a la izquierda, cogiendo un camino de bajada que nos llevara a la carretera D-618 (por la que hemos pasado con el coche para llegar al parking) , justo en la frontera entre la Cerdanya del Conflent.<\/p>\n<p style=\"text-align: justify;\"><a href=\"http:\/\/www.carlosyconchita.net\/rutas\/wp-content\/uploads\/2012\/09\/DSC05492.jpg\"><img loading=\"lazy\" decoding=\"async\" class=\"alignright size-large wp-image-499\" title=\"DSC05492\" src=\"http:\/\/www.carlosyconchita.net\/rutas\/wp-content\/uploads\/2012\/09\/DSC05492-1024x576.jpg\" alt=\"\" width=\"640\" height=\"360\" srcset=\"https:\/\/www.carlosyconchita.net\/rutas\/wp-content\/uploads\/2012\/09\/DSC05492-1024x576.jpg 1024w, https:\/\/www.carlosyconchita.net\/rutas\/wp-content\/uploads\/2012\/09\/DSC05492-300x168.jpg 300w, https:\/\/www.carlosyconchita.net\/rutas\/wp-content\/uploads\/2012\/09\/DSC05492-600x338.jpg 600w, https:\/\/www.carlosyconchita.net\/rutas\/wp-content\/uploads\/2012\/09\/DSC05492.jpg 700w\" sizes=\"auto, (max-width: 640px) 100vw, 640px\" \/><\/a><\/p>\n<p style=\"text-align: justify;\"><a href=\"http:\/\/www.carlosyconchita.net\/rutas\/wp-content\/uploads\/2012\/09\/DSC05493.jpg\"><img loading=\"lazy\" decoding=\"async\" class=\"alignnone size-thumbnail wp-image-500\" title=\"DSC05493\" src=\"http:\/\/www.carlosyconchita.net\/rutas\/wp-content\/uploads\/2012\/09\/DSC05493-150x150.jpg\" alt=\"\" width=\"150\" height=\"150\" srcset=\"https:\/\/www.carlosyconchita.net\/rutas\/wp-content\/uploads\/2012\/09\/DSC05493-150x150.jpg 150w, https:\/\/www.carlosyconchita.net\/rutas\/wp-content\/uploads\/2012\/09\/DSC05493-120x120.jpg 120w\" sizes=\"auto, (max-width: 150px) 100vw, 150px\" \/> <\/a><a href=\"http:\/\/www.carlosyconchita.net\/rutas\/wp-content\/uploads\/2012\/09\/DSC05494.jpg\"><img loading=\"lazy\" decoding=\"async\" class=\"alignnone size-thumbnail wp-image-501\" title=\"DSC05494\" src=\"http:\/\/www.carlosyconchita.net\/rutas\/wp-content\/uploads\/2012\/09\/DSC05494-150x150.jpg\" alt=\"\" width=\"150\" height=\"150\" srcset=\"https:\/\/www.carlosyconchita.net\/rutas\/wp-content\/uploads\/2012\/09\/DSC05494-150x150.jpg 150w, https:\/\/www.carlosyconchita.net\/rutas\/wp-content\/uploads\/2012\/09\/DSC05494-120x120.jpg 120w\" sizes=\"auto, (max-width: 150px) 100vw, 150px\" \/><\/a><\/p>\n<p style=\"text-align: justify;\">Seguiremos la carretera por un camino paralelo a la misma \u00a0y unos metros mas arriba , la cruzaremos continuando la excursi\u00f3n por el otro lado de la misma.<\/p>\n<p style=\"text-align: justify;\">Al cabo de poco llegaremos a un bonito recodo del rio La T\u00eate, que seguiremos un rato por su izquierda, y que luego abandonaremos para volver a entrar en el bosque.<\/p>\n<p style=\"text-align: justify;\"><a href=\"http:\/\/www.carlosyconchita.net\/rutas\/wp-content\/uploads\/2012\/09\/DSC05500.jpg\"><img loading=\"lazy\" decoding=\"async\" class=\"alignnone size-large wp-image-502\" title=\"DSC05500\" src=\"http:\/\/www.carlosyconchita.net\/rutas\/wp-content\/uploads\/2012\/09\/DSC05500-1024x576.jpg\" alt=\"\" width=\"640\" height=\"360\" srcset=\"https:\/\/www.carlosyconchita.net\/rutas\/wp-content\/uploads\/2012\/09\/DSC05500-1024x576.jpg 1024w, https:\/\/www.carlosyconchita.net\/rutas\/wp-content\/uploads\/2012\/09\/DSC05500-300x168.jpg 300w, https:\/\/www.carlosyconchita.net\/rutas\/wp-content\/uploads\/2012\/09\/DSC05500-600x338.jpg 600w, https:\/\/www.carlosyconchita.net\/rutas\/wp-content\/uploads\/2012\/09\/DSC05500.jpg 700w\" sizes=\"auto, (max-width: 640px) 100vw, 640px\" \/><\/a><\/p>\n<p style=\"text-align: justify;\"><a href=\"http:\/\/www.carlosyconchita.net\/rutas\/wp-content\/uploads\/2012\/09\/DSC05499.jpg\"><img loading=\"lazy\" decoding=\"async\" class=\"alignnone size-large wp-image-503\" title=\"DSC05499\" src=\"http:\/\/www.carlosyconchita.net\/rutas\/wp-content\/uploads\/2012\/09\/DSC05499-1024x576.jpg\" alt=\"\" width=\"640\" height=\"360\" srcset=\"https:\/\/www.carlosyconchita.net\/rutas\/wp-content\/uploads\/2012\/09\/DSC05499-1024x576.jpg 1024w, https:\/\/www.carlosyconchita.net\/rutas\/wp-content\/uploads\/2012\/09\/DSC05499-300x168.jpg 300w, https:\/\/www.carlosyconchita.net\/rutas\/wp-content\/uploads\/2012\/09\/DSC05499-600x338.jpg 600w, https:\/\/www.carlosyconchita.net\/rutas\/wp-content\/uploads\/2012\/09\/DSC05499.jpg 700w\" sizes=\"auto, (max-width: 640px) 100vw, 640px\" \/><\/a><\/p>\n<p style=\"text-align: justify;\">Pasaremos por varios pasos de ganado, por zonas de aprovechamiento forestal y seguiremos por dentro del bosque el camino que nos llevar\u00e1 al punto de partida.<\/p>\n<p style=\"text-align: justify;\">\u00a0<a href=\"http:\/\/www.carlosyconchita.net\/rutas\/wp-content\/uploads\/2012\/09\/DSC05508.jpg\"><img loading=\"lazy\" decoding=\"async\" class=\"alignnone size-medium wp-image-504\" title=\"DSC05508\" src=\"http:\/\/www.carlosyconchita.net\/rutas\/wp-content\/uploads\/2012\/09\/DSC05508-300x168.jpg\" alt=\"\" width=\"300\" height=\"168\" srcset=\"https:\/\/www.carlosyconchita.net\/rutas\/wp-content\/uploads\/2012\/09\/DSC05508-300x168.jpg 300w, https:\/\/www.carlosyconchita.net\/rutas\/wp-content\/uploads\/2012\/09\/DSC05508-600x338.jpg 600w, https:\/\/www.carlosyconchita.net\/rutas\/wp-content\/uploads\/2012\/09\/DSC05508-1024x576.jpg 1024w, https:\/\/www.carlosyconchita.net\/rutas\/wp-content\/uploads\/2012\/09\/DSC05508.jpg 700w\" sizes=\"auto, (max-width: 300px) 100vw, 300px\" \/><\/a><a href=\"http:\/\/www.carlosyconchita.net\/rutas\/wp-content\/uploads\/2012\/09\/DSC05509.jpg\"><img loading=\"lazy\" decoding=\"async\" class=\"alignright size-medium wp-image-505\" title=\"DSC05509\" src=\"http:\/\/www.carlosyconchita.net\/rutas\/wp-content\/uploads\/2012\/09\/DSC05509-300x168.jpg\" alt=\"\" width=\"300\" height=\"168\" srcset=\"https:\/\/www.carlosyconchita.net\/rutas\/wp-content\/uploads\/2012\/09\/DSC05509-300x168.jpg 300w, https:\/\/www.carlosyconchita.net\/rutas\/wp-content\/uploads\/2012\/09\/DSC05509-600x338.jpg 600w, https:\/\/www.carlosyconchita.net\/rutas\/wp-content\/uploads\/2012\/09\/DSC05509-1024x576.jpg 1024w, https:\/\/www.carlosyconchita.net\/rutas\/wp-content\/uploads\/2012\/09\/DSC05509.jpg 700w\" sizes=\"auto, (max-width: 300px) 100vw, 300px\" \/><\/a><\/p>\n<p style=\"text-align: justify;\"><a href=\"http:\/\/es.wikiloc.com\/wikiloc\/view.do?id=3394989\" target=\"_blank\">Enlace a ruta en Wikiloc<\/a><\/p>\n<p><a href=\"https:\/\/plus.google.com\/u\/0\/photos\/107644747431220159618\/albums\/5791744488236142753\" target=\"_blank\">Enlace a album de fotos completo<\/a><\/p>\n<p>[wpdm_file id=1 ]<\/p>\n<p>[wpdm_file id=2 ]<\/p>\n<p>&nbsp;<\/p>\n","protected":false},"excerpt":{"rendered":"<p>&nbsp; Dificultad :\u00a0 Muy f\u00e1cil\u00a0\u00a0\u00a0\u00a0\u00a0\u00a0\u00a0\u00a0\u00a0\u00a0\u00a0\u00a0\u00a0\u00a0\u00a0\u00a0\u00a0\u00a0\u00a0\u00a0\u00a0\u00a0\u00a0\u00a0\u00a0\u00a0\u00a0\u00a0\u00a0\u00a0 Total : 8\u2019000 km. \u00a0\u00a0\u00a0\u00a0\u00a0\u00a0\u00a0 \u00a0Desnivel : 281 m. \u00a0\u00a0\u00a0\u00a0\u00a0\u00a0\u00a0\u00a0\u00a0\u00a0\u00a0\u00a0\u00a0\u00a0\u00a0\u00a0\u00a0\u00a0\u00a0\u00a0\u00a0\u00a0\u00a0\u00a0\u00a0\u00a0\u00a0\u00a0\u00a0\u00a0\u00a0\u00a0\u00a0 \u00a0 \u00a0 Alturas :\u00a0 1.623\/ 1.733 &nbsp; Para llegar en coche al punto de partida, ver la ruta\u00a0 :\u00a0 \u201cParking des Estanyols-Acceso\u201d Bonita y tranquila caminata que partiendo del Parking des Estanyols de la estaci\u00f3n de ski de Pyren\u00e9es 2000,\u00a0 [&hellip;]<\/p>\n","protected":false},"author":50,"featured_media":490,"comment_status":"open","ping_status":"open","sticky":false,"template":"","format":"gallery","meta":{"footnotes":""},"categories":[14,22,18],"tags":[],"class_list":{"0":"post-489","1":"post","2":"type-post","3":"status-publish","4":"format-gallery","5":"has-post-thumbnail","6":"hentry","7":"category-muy-facil","8":"category-de-05-a-10-km","9":"category-font-romeu-bolquere","10":"post_format-post-format-gallery","12":"post-with-thumbnail","13":"post-with-thumbnail-icon"},"yoast_head":"<!-- This site is optimized with the Yoast SEO plugin v27.4 - https:\/\/yoast.com\/product\/yoast-seo-wordpress\/ -->\n<title>23-09-2012 - Sentier des Glaciers -<\/title>\n<meta name=\"robots\" content=\"index, follow, max-snippet:-1, max-image-preview:large, max-video-preview:-1\" \/>\n<link rel=\"canonical\" href=\"https:\/\/www.carlosyconchita.net\/rutas\/23-09-2012-sentier-des-glaciers\/\" \/>\n<meta property=\"og:locale\" content=\"es_ES\" \/>\n<meta property=\"og:type\" content=\"article\" \/>\n<meta property=\"og:title\" content=\"23-09-2012 - Sentier des Glaciers -\" \/>\n<meta property=\"og:description\" content=\"&nbsp; Dificultad :\u00a0 Muy f\u00e1cil\u00a0\u00a0\u00a0\u00a0\u00a0\u00a0\u00a0\u00a0\u00a0\u00a0\u00a0\u00a0\u00a0\u00a0\u00a0\u00a0\u00a0\u00a0\u00a0\u00a0\u00a0\u00a0\u00a0\u00a0\u00a0\u00a0\u00a0\u00a0\u00a0\u00a0 Total : 8\u2019000 km. \u00a0\u00a0\u00a0\u00a0\u00a0\u00a0\u00a0 \u00a0Desnivel : 281 m. \u00a0\u00a0\u00a0\u00a0\u00a0\u00a0\u00a0\u00a0\u00a0\u00a0\u00a0\u00a0\u00a0\u00a0\u00a0\u00a0\u00a0\u00a0\u00a0\u00a0\u00a0\u00a0\u00a0\u00a0\u00a0\u00a0\u00a0\u00a0\u00a0\u00a0\u00a0\u00a0\u00a0 \u00a0 \u00a0 Alturas :\u00a0 1.623\/ 1.733 &nbsp; Para llegar en coche al punto de partida, ver la ruta\u00a0 :\u00a0 \u201cParking des Estanyols-Acceso\u201d Bonita y tranquila caminata que partiendo del Parking des Estanyols de la estaci\u00f3n de ski de Pyren\u00e9es 2000,\u00a0 [&hellip;]\" \/>\n<meta property=\"og:url\" content=\"https:\/\/www.carlosyconchita.net\/rutas\/23-09-2012-sentier-des-glaciers\/\" \/>\n<meta property=\"og:site_name\" content=\"Las rutas de Carlos y Conchita\" \/>\n<meta property=\"article:published_time\" content=\"2012-09-23T20:57:21+00:00\" \/>\n<meta property=\"article:modified_time\" content=\"2012-10-08T12:49:29+00:00\" \/>\n<meta property=\"og:image\" content=\"https:\/\/www.carlosyconchita.net\/rutas\/wp-content\/uploads\/2012\/09\/DSC05458.jpg\" \/>\n\t<meta property=\"og:image:width\" content=\"700\" \/>\n\t<meta property=\"og:image:height\" content=\"394\" \/>\n\t<meta property=\"og:image:type\" content=\"image\/jpeg\" \/>\n<meta name=\"author\" content=\"Carlos Conchita\" \/>\n<meta name=\"twitter:label1\" content=\"Escrito por\" \/>\n\t<meta name=\"twitter:data1\" content=\"Carlos Conchita\" \/>\n\t<meta name=\"twitter:label2\" content=\"Tiempo de lectura\" \/>\n\t<meta name=\"twitter:data2\" content=\"2 minutos\" \/>\n<script type=\"application\/ld+json\" class=\"yoast-schema-graph\">{\"@context\":\"https:\\\/\\\/schema.org\",\"@graph\":[{\"@type\":\"Article\",\"@id\":\"https:\\\/\\\/www.carlosyconchita.net\\\/rutas\\\/23-09-2012-sentier-des-glaciers\\\/#article\",\"isPartOf\":{\"@id\":\"https:\\\/\\\/www.carlosyconchita.net\\\/rutas\\\/23-09-2012-sentier-des-glaciers\\\/\"},\"author\":{\"name\":\"Carlos Conchita\",\"@id\":\"https:\\\/\\\/www.carlosyconchita.net\\\/rutas\\\/#\\\/schema\\\/person\\\/a9691f7258c28443fab2d3aa1479ea19\"},\"headline\":\"23-09-2012 &#8211; Sentier des Glaciers\",\"datePublished\":\"2012-09-23T20:57:21+00:00\",\"dateModified\":\"2012-10-08T12:49:29+00:00\",\"mainEntityOfPage\":{\"@id\":\"https:\\\/\\\/www.carlosyconchita.net\\\/rutas\\\/23-09-2012-sentier-des-glaciers\\\/\"},\"wordCount\":404,\"commentCount\":1,\"image\":{\"@id\":\"https:\\\/\\\/www.carlosyconchita.net\\\/rutas\\\/23-09-2012-sentier-des-glaciers\\\/#primaryimage\"},\"thumbnailUrl\":\"https:\\\/\\\/www.carlosyconchita.net\\\/rutas\\\/wp-content\\\/uploads\\\/2012\\\/09\\\/DSC05458.jpg\",\"articleSection\":[\"0-Muy f\u00e1cil\",\"2 - De 5 a 10 km.\",\"Font Romeu\"],\"inLanguage\":\"es\",\"potentialAction\":[{\"@type\":\"CommentAction\",\"name\":\"Comment\",\"target\":[\"https:\\\/\\\/www.carlosyconchita.net\\\/rutas\\\/23-09-2012-sentier-des-glaciers\\\/#respond\"]}]},{\"@type\":\"WebPage\",\"@id\":\"https:\\\/\\\/www.carlosyconchita.net\\\/rutas\\\/23-09-2012-sentier-des-glaciers\\\/\",\"url\":\"https:\\\/\\\/www.carlosyconchita.net\\\/rutas\\\/23-09-2012-sentier-des-glaciers\\\/\",\"name\":\"23-09-2012 - Sentier des Glaciers -\",\"isPartOf\":{\"@id\":\"https:\\\/\\\/www.carlosyconchita.net\\\/rutas\\\/#website\"},\"primaryImageOfPage\":{\"@id\":\"https:\\\/\\\/www.carlosyconchita.net\\\/rutas\\\/23-09-2012-sentier-des-glaciers\\\/#primaryimage\"},\"image\":{\"@id\":\"https:\\\/\\\/www.carlosyconchita.net\\\/rutas\\\/23-09-2012-sentier-des-glaciers\\\/#primaryimage\"},\"thumbnailUrl\":\"https:\\\/\\\/www.carlosyconchita.net\\\/rutas\\\/wp-content\\\/uploads\\\/2012\\\/09\\\/DSC05458.jpg\",\"datePublished\":\"2012-09-23T20:57:21+00:00\",\"dateModified\":\"2012-10-08T12:49:29+00:00\",\"author\":{\"@id\":\"https:\\\/\\\/www.carlosyconchita.net\\\/rutas\\\/#\\\/schema\\\/person\\\/a9691f7258c28443fab2d3aa1479ea19\"},\"breadcrumb\":{\"@id\":\"https:\\\/\\\/www.carlosyconchita.net\\\/rutas\\\/23-09-2012-sentier-des-glaciers\\\/#breadcrumb\"},\"inLanguage\":\"es\",\"potentialAction\":[{\"@type\":\"ReadAction\",\"target\":[\"https:\\\/\\\/www.carlosyconchita.net\\\/rutas\\\/23-09-2012-sentier-des-glaciers\\\/\"]}]},{\"@type\":\"ImageObject\",\"inLanguage\":\"es\",\"@id\":\"https:\\\/\\\/www.carlosyconchita.net\\\/rutas\\\/23-09-2012-sentier-des-glaciers\\\/#primaryimage\",\"url\":\"https:\\\/\\\/www.carlosyconchita.net\\\/rutas\\\/wp-content\\\/uploads\\\/2012\\\/09\\\/DSC05458.jpg\",\"contentUrl\":\"https:\\\/\\\/www.carlosyconchita.net\\\/rutas\\\/wp-content\\\/uploads\\\/2012\\\/09\\\/DSC05458.jpg\",\"width\":700,\"height\":394},{\"@type\":\"BreadcrumbList\",\"@id\":\"https:\\\/\\\/www.carlosyconchita.net\\\/rutas\\\/23-09-2012-sentier-des-glaciers\\\/#breadcrumb\",\"itemListElement\":[{\"@type\":\"ListItem\",\"position\":1,\"name\":\"Portada\",\"item\":\"https:\\\/\\\/www.carlosyconchita.net\\\/rutas\\\/\"},{\"@type\":\"ListItem\",\"position\":2,\"name\":\"23-09-2012 &#8211; Sentier des Glaciers\"}]},{\"@type\":\"WebSite\",\"@id\":\"https:\\\/\\\/www.carlosyconchita.net\\\/rutas\\\/#website\",\"url\":\"https:\\\/\\\/www.carlosyconchita.net\\\/rutas\\\/\",\"name\":\"Las rutas de Carlos y Conchita\",\"description\":\"\",\"potentialAction\":[{\"@type\":\"SearchAction\",\"target\":{\"@type\":\"EntryPoint\",\"urlTemplate\":\"https:\\\/\\\/www.carlosyconchita.net\\\/rutas\\\/?s={search_term_string}\"},\"query-input\":{\"@type\":\"PropertyValueSpecification\",\"valueRequired\":true,\"valueName\":\"search_term_string\"}}],\"inLanguage\":\"es\"},{\"@type\":\"Person\",\"@id\":\"https:\\\/\\\/www.carlosyconchita.net\\\/rutas\\\/#\\\/schema\\\/person\\\/a9691f7258c28443fab2d3aa1479ea19\",\"name\":\"Carlos Conchita\",\"image\":{\"@type\":\"ImageObject\",\"inLanguage\":\"es\",\"@id\":\"https:\\\/\\\/secure.gravatar.com\\\/avatar\\\/3a4625b20c8da3de99da69bfe7a322774e291c3f90dce7e8778a30fe6748ed1a?s=96&d=mm&r=g\",\"url\":\"https:\\\/\\\/secure.gravatar.com\\\/avatar\\\/3a4625b20c8da3de99da69bfe7a322774e291c3f90dce7e8778a30fe6748ed1a?s=96&d=mm&r=g\",\"contentUrl\":\"https:\\\/\\\/secure.gravatar.com\\\/avatar\\\/3a4625b20c8da3de99da69bfe7a322774e291c3f90dce7e8778a30fe6748ed1a?s=96&d=mm&r=g\",\"caption\":\"Carlos Conchita\"}}]}<\/script>\n<!-- \/ Yoast SEO plugin. -->","yoast_head_json":{"title":"23-09-2012 - Sentier des Glaciers -","robots":{"index":"index","follow":"follow","max-snippet":"max-snippet:-1","max-image-preview":"max-image-preview:large","max-video-preview":"max-video-preview:-1"},"canonical":"https:\/\/www.carlosyconchita.net\/rutas\/23-09-2012-sentier-des-glaciers\/","og_locale":"es_ES","og_type":"article","og_title":"23-09-2012 - Sentier des Glaciers -","og_description":"&nbsp; Dificultad :\u00a0 Muy f\u00e1cil\u00a0\u00a0\u00a0\u00a0\u00a0\u00a0\u00a0\u00a0\u00a0\u00a0\u00a0\u00a0\u00a0\u00a0\u00a0\u00a0\u00a0\u00a0\u00a0\u00a0\u00a0\u00a0\u00a0\u00a0\u00a0\u00a0\u00a0\u00a0\u00a0\u00a0 Total : 8\u2019000 km. \u00a0\u00a0\u00a0\u00a0\u00a0\u00a0\u00a0 \u00a0Desnivel : 281 m. \u00a0\u00a0\u00a0\u00a0\u00a0\u00a0\u00a0\u00a0\u00a0\u00a0\u00a0\u00a0\u00a0\u00a0\u00a0\u00a0\u00a0\u00a0\u00a0\u00a0\u00a0\u00a0\u00a0\u00a0\u00a0\u00a0\u00a0\u00a0\u00a0\u00a0\u00a0\u00a0\u00a0 \u00a0 \u00a0 Alturas :\u00a0 1.623\/ 1.733 &nbsp; Para llegar en coche al punto de partida, ver la ruta\u00a0 :\u00a0 \u201cParking des Estanyols-Acceso\u201d Bonita y tranquila caminata que partiendo del Parking des Estanyols de la estaci\u00f3n de ski de Pyren\u00e9es 2000,\u00a0 [&hellip;]","og_url":"https:\/\/www.carlosyconchita.net\/rutas\/23-09-2012-sentier-des-glaciers\/","og_site_name":"Las rutas de Carlos y Conchita","article_published_time":"2012-09-23T20:57:21+00:00","article_modified_time":"2012-10-08T12:49:29+00:00","og_image":[{"width":700,"height":394,"url":"https:\/\/www.carlosyconchita.net\/rutas\/wp-content\/uploads\/2012\/09\/DSC05458.jpg","type":"image\/jpeg"}],"author":"Carlos Conchita","twitter_misc":{"Escrito por":"Carlos Conchita","Tiempo de lectura":"2 minutos"},"schema":{"@context":"https:\/\/schema.org","@graph":[{"@type":"Article","@id":"https:\/\/www.carlosyconchita.net\/rutas\/23-09-2012-sentier-des-glaciers\/#article","isPartOf":{"@id":"https:\/\/www.carlosyconchita.net\/rutas\/23-09-2012-sentier-des-glaciers\/"},"author":{"name":"Carlos Conchita","@id":"https:\/\/www.carlosyconchita.net\/rutas\/#\/schema\/person\/a9691f7258c28443fab2d3aa1479ea19"},"headline":"23-09-2012 &#8211; Sentier des Glaciers","datePublished":"2012-09-23T20:57:21+00:00","dateModified":"2012-10-08T12:49:29+00:00","mainEntityOfPage":{"@id":"https:\/\/www.carlosyconchita.net\/rutas\/23-09-2012-sentier-des-glaciers\/"},"wordCount":404,"commentCount":1,"image":{"@id":"https:\/\/www.carlosyconchita.net\/rutas\/23-09-2012-sentier-des-glaciers\/#primaryimage"},"thumbnailUrl":"https:\/\/www.carlosyconchita.net\/rutas\/wp-content\/uploads\/2012\/09\/DSC05458.jpg","articleSection":["0-Muy f\u00e1cil","2 - De 5 a 10 km.","Font Romeu"],"inLanguage":"es","potentialAction":[{"@type":"CommentAction","name":"Comment","target":["https:\/\/www.carlosyconchita.net\/rutas\/23-09-2012-sentier-des-glaciers\/#respond"]}]},{"@type":"WebPage","@id":"https:\/\/www.carlosyconchita.net\/rutas\/23-09-2012-sentier-des-glaciers\/","url":"https:\/\/www.carlosyconchita.net\/rutas\/23-09-2012-sentier-des-glaciers\/","name":"23-09-2012 - Sentier des Glaciers -","isPartOf":{"@id":"https:\/\/www.carlosyconchita.net\/rutas\/#website"},"primaryImageOfPage":{"@id":"https:\/\/www.carlosyconchita.net\/rutas\/23-09-2012-sentier-des-glaciers\/#primaryimage"},"image":{"@id":"https:\/\/www.carlosyconchita.net\/rutas\/23-09-2012-sentier-des-glaciers\/#primaryimage"},"thumbnailUrl":"https:\/\/www.carlosyconchita.net\/rutas\/wp-content\/uploads\/2012\/09\/DSC05458.jpg","datePublished":"2012-09-23T20:57:21+00:00","dateModified":"2012-10-08T12:49:29+00:00","author":{"@id":"https:\/\/www.carlosyconchita.net\/rutas\/#\/schema\/person\/a9691f7258c28443fab2d3aa1479ea19"},"breadcrumb":{"@id":"https:\/\/www.carlosyconchita.net\/rutas\/23-09-2012-sentier-des-glaciers\/#breadcrumb"},"inLanguage":"es","potentialAction":[{"@type":"ReadAction","target":["https:\/\/www.carlosyconchita.net\/rutas\/23-09-2012-sentier-des-glaciers\/"]}]},{"@type":"ImageObject","inLanguage":"es","@id":"https:\/\/www.carlosyconchita.net\/rutas\/23-09-2012-sentier-des-glaciers\/#primaryimage","url":"https:\/\/www.carlosyconchita.net\/rutas\/wp-content\/uploads\/2012\/09\/DSC05458.jpg","contentUrl":"https:\/\/www.carlosyconchita.net\/rutas\/wp-content\/uploads\/2012\/09\/DSC05458.jpg","width":700,"height":394},{"@type":"BreadcrumbList","@id":"https:\/\/www.carlosyconchita.net\/rutas\/23-09-2012-sentier-des-glaciers\/#breadcrumb","itemListElement":[{"@type":"ListItem","position":1,"name":"Portada","item":"https:\/\/www.carlosyconchita.net\/rutas\/"},{"@type":"ListItem","position":2,"name":"23-09-2012 &#8211; Sentier des Glaciers"}]},{"@type":"WebSite","@id":"https:\/\/www.carlosyconchita.net\/rutas\/#website","url":"https:\/\/www.carlosyconchita.net\/rutas\/","name":"Las rutas de Carlos y Conchita","description":"","potentialAction":[{"@type":"SearchAction","target":{"@type":"EntryPoint","urlTemplate":"https:\/\/www.carlosyconchita.net\/rutas\/?s={search_term_string}"},"query-input":{"@type":"PropertyValueSpecification","valueRequired":true,"valueName":"search_term_string"}}],"inLanguage":"es"},{"@type":"Person","@id":"https:\/\/www.carlosyconchita.net\/rutas\/#\/schema\/person\/a9691f7258c28443fab2d3aa1479ea19","name":"Carlos Conchita","image":{"@type":"ImageObject","inLanguage":"es","@id":"https:\/\/secure.gravatar.com\/avatar\/3a4625b20c8da3de99da69bfe7a322774e291c3f90dce7e8778a30fe6748ed1a?s=96&d=mm&r=g","url":"https:\/\/secure.gravatar.com\/avatar\/3a4625b20c8da3de99da69bfe7a322774e291c3f90dce7e8778a30fe6748ed1a?s=96&d=mm&r=g","contentUrl":"https:\/\/secure.gravatar.com\/avatar\/3a4625b20c8da3de99da69bfe7a322774e291c3f90dce7e8778a30fe6748ed1a?s=96&d=mm&r=g","caption":"Carlos Conchita"}}]}},"_links":{"self":[{"href":"https:\/\/www.carlosyconchita.net\/rutas\/wp-json\/wp\/v2\/posts\/489","targetHints":{"allow":["GET"]}}],"collection":[{"href":"https:\/\/www.carlosyconchita.net\/rutas\/wp-json\/wp\/v2\/posts"}],"about":[{"href":"https:\/\/www.carlosyconchita.net\/rutas\/wp-json\/wp\/v2\/types\/post"}],"author":[{"embeddable":true,"href":"https:\/\/www.carlosyconchita.net\/rutas\/wp-json\/wp\/v2\/users\/50"}],"replies":[{"embeddable":true,"href":"https:\/\/www.carlosyconchita.net\/rutas\/wp-json\/wp\/v2\/comments?post=489"}],"version-history":[{"count":0,"href":"https:\/\/www.carlosyconchita.net\/rutas\/wp-json\/wp\/v2\/posts\/489\/revisions"}],"wp:featuredmedia":[{"embeddable":true,"href":"https:\/\/www.carlosyconchita.net\/rutas\/wp-json\/wp\/v2\/media\/490"}],"wp:attachment":[{"href":"https:\/\/www.carlosyconchita.net\/rutas\/wp-json\/wp\/v2\/media?parent=489"}],"wp:term":[{"taxonomy":"category","embeddable":true,"href":"https:\/\/www.carlosyconchita.net\/rutas\/wp-json\/wp\/v2\/categories?post=489"},{"taxonomy":"post_tag","embeddable":true,"href":"https:\/\/www.carlosyconchita.net\/rutas\/wp-json\/wp\/v2\/tags?post=489"}],"curies":[{"name":"wp","href":"https:\/\/api.w.org\/{rel}","templated":true}]}}