{"id":52,"date":"2012-09-10T21:49:57","date_gmt":"2012-09-10T19:49:57","guid":{"rendered":"http:\/\/www.carlosyconchita.net\/rutas\/?p=52"},"modified":"2014-05-12T21:29:21","modified_gmt":"2014-05-12T20:29:21","slug":"gorg-negre","status":"publish","type":"post","link":"https:\/\/www.carlosyconchita.net\/rutas\/gorg-negre\/","title":{"rendered":"10-09-2012 &#8211; Gorg Negre"},"content":{"rendered":"<p style=\"text-align: justify;\">\u00a0<a href=\"http:\/\/www.carlosyconchita.net\/rutas\/wp-content\/uploads\/2012\/09\/DSC05370.jpg\"><img loading=\"lazy\" decoding=\"async\" class=\"size-medium wp-image-142 alignnone\" title=\"DSC05370\" alt=\"\" src=\"http:\/\/www.carlosyconchita.net\/rutas\/wp-content\/uploads\/2012\/09\/DSC05370-300x168.jpg\" width=\"300\" height=\"168\" srcset=\"https:\/\/www.carlosyconchita.net\/rutas\/wp-content\/uploads\/2012\/09\/DSC05370-300x168.jpg 300w, https:\/\/www.carlosyconchita.net\/rutas\/wp-content\/uploads\/2012\/09\/DSC05370-600x338.jpg 600w, https:\/\/www.carlosyconchita.net\/rutas\/wp-content\/uploads\/2012\/09\/DSC05370-1024x576.jpg 1024w, https:\/\/www.carlosyconchita.net\/rutas\/wp-content\/uploads\/2012\/09\/DSC05370.jpg 700w\" sizes=\"auto, (max-width: 300px) 100vw, 300px\" \/><\/a><\/p>\n<p><strong><span style=\"color: #ff0000;\">Dificultad :\u00a0 F\u00e1cil\u00a0\u00a0\u00a0\u00a0\u00a0\u00a0\u00a0\u00a0\u00a0\u00a0\u00a0\u00a0\u00a0 Total : 6\u2019370 km. \u00a0 (m\u00e1s 10 km. en coche) <\/span><\/strong><\/p>\n<p><strong><span style=\"color: #ff0000;\">Desnivel : 485 m. \u00a0\u00a0\u00a0\u00a0\u00a0\u00a0\u00a0\u00a0\u00a0\u00a0\u00a0\u00a0\u00a0 Altura m\u00e1x :\u00a0 2.086 m.<\/span><\/strong><\/p>\n<p style=\"text-align: justify;\"><span style=\"color: #000000;\">Desde el pueblo de Evol, sale una pista con la se\u00f1al de Circulaci\u00f3n prohibida<\/span> <span style=\"color: #000000;\">, por su mal estado, y realmente pasarla con un coche que no sea todo terreno es un suplicio (especialmente los 7 primeros km.) , no s\u00f3lo por el gran n\u00famero de agujeros en lo que queda del asfaltado inicial, sino porque hay tramos largu\u00edsimos en los que solo puede pasar un coche, por lo que en caso de cruzarnos con otro, habr\u00eda que hacer bastantes metros, por no decir kilometros de marcha atr\u00e1s. Ya no digo si se tiene un pinchazo o aver\u00eda, en uno de los sitios donde solo pasa un coche&#8230; <\/span><\/p>\n<p style=\"text-align: justify;\"><span style=\"color: #000000;\">Los \u00faltimos 3 Km. son mas normales, ya que es una pista forestal de tierra y alli no hay problema, aunque hay que contar un m\u00ednimo de 1 hora para hacer la subida, y otro tanto a la bajada, suponiendo que no te cruces con nadie&#8230; <\/span><\/p>\n<p style=\"text-align: justify;\"><span style=\"color: #000000;\">A cambio tenemos un bonito paisaje en las monta\u00f1as que vamos viendo a nuestra izquierda cuando subimos el Col de Port\u00fas.<br \/>\n<\/span><\/p>\n<p style=\"text-align: justify;\"><span style=\"color: #000000;\"><a href=\"http:\/\/www.carlosyconchita.net\/rutas\/wp-content\/uploads\/2012\/09\/DSC05324.jpg\"><img loading=\"lazy\" decoding=\"async\" class=\"alignleft size-thumbnail wp-image-209\" title=\"DSC05324\" alt=\"\" src=\"http:\/\/www.carlosyconchita.net\/rutas\/wp-content\/uploads\/2012\/09\/DSC05324-150x150.jpg\" width=\"150\" height=\"150\" srcset=\"https:\/\/www.carlosyconchita.net\/rutas\/wp-content\/uploads\/2012\/09\/DSC05324-150x150.jpg 150w, https:\/\/www.carlosyconchita.net\/rutas\/wp-content\/uploads\/2012\/09\/DSC05324-120x120.jpg 120w\" sizes=\"auto, (max-width: 150px) 100vw, 150px\" \/><\/a> Al final llegamos a una explanada, donde se puede dejar el coche , y empezar a caminar, siguiendo la se\u00f1al\u00a0<\/span><span style=\"color: #000000;\"> \u00abEl Gorg Negre.<\/span><\/p>\n<p><span style=\"color: #000000;\">\u00a0<\/span><\/p>\n<p>&nbsp;<\/p>\n<p style=\"text-align: justify;\"><span style=\"color: #000000;\"><a href=\"http:\/\/www.carlosyconchita.net\/rutas\/wp-content\/uploads\/2012\/09\/DSC05333.jpg\"><img loading=\"lazy\" decoding=\"async\" class=\"alignleft size-medium wp-image-210\" title=\"DSC05333\" alt=\"\" src=\"http:\/\/www.carlosyconchita.net\/rutas\/wp-content\/uploads\/2012\/09\/DSC05333-300x225.jpg\" width=\"300\" height=\"225\" srcset=\"https:\/\/www.carlosyconchita.net\/rutas\/wp-content\/uploads\/2012\/09\/DSC05333-300x225.jpg 300w, https:\/\/www.carlosyconchita.net\/rutas\/wp-content\/uploads\/2012\/09\/DSC05333-1024x768.jpg 1024w, https:\/\/www.carlosyconchita.net\/rutas\/wp-content\/uploads\/2012\/09\/DSC05333.jpg 533w\" sizes=\"auto, (max-width: 300px) 100vw, 300px\" \/><\/a>La ruta a pi\u00e9,\u00a0 inicialmente sube tranquilamente por un camino hasta llegar a una caba\u00f1a y un cercado de ganado.<\/span><\/p>\n<p style=\"text-align: justify;\"><span style=\"color: #000000;\">Alli debemos subir la monta\u00f1a por nuestra derecha, y aunque las se\u00f1ales est\u00e1n borradas, m\u00e1s o menos se intuye el camino, hasta llegar a lo alto del todo, en que despu\u00e9s de pasar un grupo de rocas, ya vemos el lago.<\/span><\/p>\n<p><a href=\"http:\/\/www.carlosyconchita.net\/rutas\/wp-content\/uploads\/2012\/09\/DSC05334.jpg\"><img loading=\"lazy\" decoding=\"async\" class=\"aligncenter size-medium wp-image-146\" title=\"DSC05334\" alt=\"\" src=\"http:\/\/www.carlosyconchita.net\/rutas\/wp-content\/uploads\/2012\/09\/DSC05334-300x225.jpg\" width=\"300\" height=\"225\" srcset=\"https:\/\/www.carlosyconchita.net\/rutas\/wp-content\/uploads\/2012\/09\/DSC05334-300x225.jpg 300w, https:\/\/www.carlosyconchita.net\/rutas\/wp-content\/uploads\/2012\/09\/DSC05334-1024x768.jpg 1024w, https:\/\/www.carlosyconchita.net\/rutas\/wp-content\/uploads\/2012\/09\/DSC05334.jpg 533w\" sizes=\"auto, (max-width: 300px) 100vw, 300px\" \/><\/a><\/p>\n<p>&nbsp;<\/p>\n<p><a href=\"http:\/\/www.carlosyconchita.net\/rutas\/wp-content\/uploads\/2012\/09\/DSC05340a.jpg\"><img loading=\"lazy\" decoding=\"async\" class=\"aligncenter size-large wp-image-140\" title=\"DSC05340a\" alt=\"\" src=\"http:\/\/www.carlosyconchita.net\/rutas\/wp-content\/uploads\/2012\/09\/DSC05340a-1024x768.jpg\" width=\"640\" height=\"480\" srcset=\"https:\/\/www.carlosyconchita.net\/rutas\/wp-content\/uploads\/2012\/09\/DSC05340a-1024x768.jpg 1024w, https:\/\/www.carlosyconchita.net\/rutas\/wp-content\/uploads\/2012\/09\/DSC05340a-300x225.jpg 300w, https:\/\/www.carlosyconchita.net\/rutas\/wp-content\/uploads\/2012\/09\/DSC05340a.jpg 533w\" sizes=\"auto, (max-width: 640px) 100vw, 640px\" \/><\/a><\/p>\n<p><a href=\"http:\/\/www.carlosyconchita.net\/rutas\/wp-content\/uploads\/2012\/09\/DSC05348.jpg\"><img loading=\"lazy\" decoding=\"async\" class=\"aligncenter size-large wp-image-141\" title=\"DSC05348\" alt=\"\" src=\"http:\/\/www.carlosyconchita.net\/rutas\/wp-content\/uploads\/2012\/09\/DSC05348-1024x768.jpg\" width=\"640\" height=\"480\" srcset=\"https:\/\/www.carlosyconchita.net\/rutas\/wp-content\/uploads\/2012\/09\/DSC05348-1024x768.jpg 1024w, https:\/\/www.carlosyconchita.net\/rutas\/wp-content\/uploads\/2012\/09\/DSC05348-300x225.jpg 300w, https:\/\/www.carlosyconchita.net\/rutas\/wp-content\/uploads\/2012\/09\/DSC05348.jpg 533w\" sizes=\"auto, (max-width: 640px) 100vw, 640px\" \/><\/a><\/p>\n<p><a href=\"http:\/\/www.carlosyconchita.net\/rutas\/wp-content\/uploads\/2012\/09\/DSC05341.jpg\"><img loading=\"lazy\" decoding=\"async\" class=\"aligncenter size-large wp-image-155\" title=\"DSC05341\" alt=\"\" src=\"http:\/\/www.carlosyconchita.net\/rutas\/wp-content\/uploads\/2012\/09\/DSC05341-1024x768.jpg\" width=\"640\" height=\"480\" srcset=\"https:\/\/www.carlosyconchita.net\/rutas\/wp-content\/uploads\/2012\/09\/DSC05341-1024x768.jpg 1024w, https:\/\/www.carlosyconchita.net\/rutas\/wp-content\/uploads\/2012\/09\/DSC05341-300x225.jpg 300w, https:\/\/www.carlosyconchita.net\/rutas\/wp-content\/uploads\/2012\/09\/DSC05341.jpg 533w\" sizes=\"auto, (max-width: 640px) 100vw, 640px\" \/><\/a><\/p>\n<p>&nbsp;<\/p>\n<p style=\"text-align: justify;\">La bajada es por el mismo sitio, y para variar un poco, en el punto 1 (ver track en el enlace a Wikiloc)\u00a0 podemos deviarnos a nuestra izquierda, y en vez de repetir todo el camino forestal de bajada hasta el coche, podemos pasar por el bosque, y asi vemos el valle vecino y un lago en el fondo.<\/p>\n<p>&nbsp;<\/p>\n<p><strong><a href=\"http:\/\/es.wikiloc.com\/wikiloc\/view.do?id=3334276\" target=\"_blank\">Enlace a Wikiloc (aproximaci\u00f3n en coche )<\/a><\/strong><\/p>\n<p>Enlace a Wikiloc (ruta a pie )\u00a0\u00a0\u00a0\u00a0 <a href=\"http:\/\/es.wikiloc.com\/wikiloc\/view.do?id=3334228\" target=\"_blank\"><img loading=\"lazy\" decoding=\"async\" class=\"alignnone size-full wp-image-350\" title=\"wikiloc2\" alt=\"\" src=\"http:\/\/www.carlosyconchita.net\/rutas\/wp-content\/uploads\/2012\/09\/wikiloc2.jpg\" width=\"78\" height=\"18\" \/><\/a><\/p>\n<p><a href=\"http:\/\/www.carlosyconchita.net\/rutas\/wp-content\/uploads\/2012\/09\/foto.png\"><img loading=\"lazy\" decoding=\"async\" class=\"alignnone  wp-image-348\" title=\"foto\" alt=\"\" src=\"http:\/\/www.carlosyconchita.net\/rutas\/wp-content\/uploads\/2012\/09\/foto.png\" width=\"60\" height=\"44\" \/><\/a>\u00a0\u00a0\u00a0 <a title=\"Album de fotos completo\" href=\"https:\/\/plus.google.com\/u\/0\/photos\/107644747431220159618\/albums\/5788353275909402001\" target=\"_blank\">Ver \u00e1lbum completo de fotos de esta ruta&#8230;<\/a><\/p>\n<p>[wpdm_file id=9 ]<\/p>\n<p>[wpdm_file id=10 ]<\/p>\n","protected":false},"excerpt":{"rendered":"<p>\u00a0 Dificultad :\u00a0 F\u00e1cil\u00a0\u00a0\u00a0\u00a0\u00a0\u00a0\u00a0\u00a0\u00a0\u00a0\u00a0\u00a0\u00a0 Total : 6\u2019370 km. \u00a0 (m\u00e1s 10 km. en coche) Desnivel : 485 m. \u00a0\u00a0\u00a0\u00a0\u00a0\u00a0\u00a0\u00a0\u00a0\u00a0\u00a0\u00a0\u00a0 Altura m\u00e1x :\u00a0 2.086 m. Desde el pueblo de Evol, sale una pista con la se\u00f1al de Circulaci\u00f3n prohibida , por su mal estado, y realmente pasarla con un coche que no sea todo terreno es [&hellip;]<\/p>\n","protected":false},"author":50,"featured_media":141,"comment_status":"open","ping_status":"open","sticky":false,"template":"","format":"gallery","meta":{"footnotes":""},"categories":[1,10,22],"tags":[],"class_list":{"0":"post-52","1":"post","2":"type-post","3":"status-publish","4":"format-gallery","5":"has-post-thumbnail","6":"hentry","7":"category-uncategorized","8":"category-facil","9":"category-de-05-a-10-km","10":"post_format-post-format-gallery","12":"post-with-thumbnail","13":"post-with-thumbnail-icon"},"yoast_head":"<!-- This site is optimized with the Yoast SEO plugin v27.5 - https:\/\/yoast.com\/product\/yoast-seo-wordpress\/ -->\n<title>10-09-2012 - Gorg Negre -<\/title>\n<meta name=\"robots\" content=\"index, follow, max-snippet:-1, max-image-preview:large, max-video-preview:-1\" \/>\n<link rel=\"canonical\" href=\"https:\/\/www.carlosyconchita.net\/rutas\/gorg-negre\/\" \/>\n<meta property=\"og:locale\" content=\"es_ES\" \/>\n<meta property=\"og:type\" content=\"article\" \/>\n<meta property=\"og:title\" content=\"10-09-2012 - Gorg Negre -\" \/>\n<meta property=\"og:description\" content=\"\u00a0 Dificultad :\u00a0 F\u00e1cil\u00a0\u00a0\u00a0\u00a0\u00a0\u00a0\u00a0\u00a0\u00a0\u00a0\u00a0\u00a0\u00a0 Total : 6\u2019370 km. \u00a0 (m\u00e1s 10 km. en coche) Desnivel : 485 m. \u00a0\u00a0\u00a0\u00a0\u00a0\u00a0\u00a0\u00a0\u00a0\u00a0\u00a0\u00a0\u00a0 Altura m\u00e1x :\u00a0 2.086 m. Desde el pueblo de Evol, sale una pista con la se\u00f1al de Circulaci\u00f3n prohibida , por su mal estado, y realmente pasarla con un coche que no sea todo terreno es [&hellip;]\" \/>\n<meta property=\"og:url\" content=\"https:\/\/www.carlosyconchita.net\/rutas\/gorg-negre\/\" \/>\n<meta property=\"og:site_name\" content=\"Las rutas de Carlos y Conchita\" \/>\n<meta property=\"article:published_time\" content=\"2012-09-10T19:49:57+00:00\" \/>\n<meta property=\"article:modified_time\" content=\"2014-05-12T20:29:21+00:00\" \/>\n<meta property=\"og:image\" content=\"https:\/\/www.carlosyconchita.net\/rutas\/wp-content\/uploads\/2012\/09\/DSC05348.jpg\" \/>\n\t<meta property=\"og:image:width\" content=\"533\" \/>\n\t<meta property=\"og:image:height\" content=\"400\" \/>\n\t<meta property=\"og:image:type\" content=\"image\/jpeg\" \/>\n<meta name=\"author\" content=\"Carlos Conchita\" \/>\n<meta name=\"twitter:label1\" content=\"Escrito por\" \/>\n\t<meta name=\"twitter:data1\" content=\"Carlos Conchita\" \/>\n\t<meta name=\"twitter:label2\" content=\"Tiempo de lectura\" \/>\n\t<meta name=\"twitter:data2\" content=\"2 minutos\" \/>\n<script type=\"application\/ld+json\" class=\"yoast-schema-graph\">{\"@context\":\"https:\\\/\\\/schema.org\",\"@graph\":[{\"@type\":\"Article\",\"@id\":\"https:\\\/\\\/www.carlosyconchita.net\\\/rutas\\\/gorg-negre\\\/#article\",\"isPartOf\":{\"@id\":\"https:\\\/\\\/www.carlosyconchita.net\\\/rutas\\\/gorg-negre\\\/\"},\"author\":{\"name\":\"Carlos Conchita\",\"@id\":\"https:\\\/\\\/www.carlosyconchita.net\\\/rutas\\\/#\\\/schema\\\/person\\\/a9691f7258c28443fab2d3aa1479ea19\"},\"headline\":\"10-09-2012 &#8211; Gorg Negre\",\"datePublished\":\"2012-09-10T19:49:57+00:00\",\"dateModified\":\"2014-05-12T20:29:21+00:00\",\"mainEntityOfPage\":{\"@id\":\"https:\\\/\\\/www.carlosyconchita.net\\\/rutas\\\/gorg-negre\\\/\"},\"wordCount\":381,\"commentCount\":0,\"image\":{\"@id\":\"https:\\\/\\\/www.carlosyconchita.net\\\/rutas\\\/gorg-negre\\\/#primaryimage\"},\"thumbnailUrl\":\"https:\\\/\\\/www.carlosyconchita.net\\\/rutas\\\/wp-content\\\/uploads\\\/2012\\\/09\\\/DSC05348.jpg\",\"articleSection\":[\"0-Sin clasificar\",\"1-F\u00e1cil\",\"2 - De 5 a 10 km.\"],\"inLanguage\":\"es\",\"potentialAction\":[{\"@type\":\"CommentAction\",\"name\":\"Comment\",\"target\":[\"https:\\\/\\\/www.carlosyconchita.net\\\/rutas\\\/gorg-negre\\\/#respond\"]}]},{\"@type\":\"WebPage\",\"@id\":\"https:\\\/\\\/www.carlosyconchita.net\\\/rutas\\\/gorg-negre\\\/\",\"url\":\"https:\\\/\\\/www.carlosyconchita.net\\\/rutas\\\/gorg-negre\\\/\",\"name\":\"10-09-2012 - Gorg Negre -\",\"isPartOf\":{\"@id\":\"https:\\\/\\\/www.carlosyconchita.net\\\/rutas\\\/#website\"},\"primaryImageOfPage\":{\"@id\":\"https:\\\/\\\/www.carlosyconchita.net\\\/rutas\\\/gorg-negre\\\/#primaryimage\"},\"image\":{\"@id\":\"https:\\\/\\\/www.carlosyconchita.net\\\/rutas\\\/gorg-negre\\\/#primaryimage\"},\"thumbnailUrl\":\"https:\\\/\\\/www.carlosyconchita.net\\\/rutas\\\/wp-content\\\/uploads\\\/2012\\\/09\\\/DSC05348.jpg\",\"datePublished\":\"2012-09-10T19:49:57+00:00\",\"dateModified\":\"2014-05-12T20:29:21+00:00\",\"author\":{\"@id\":\"https:\\\/\\\/www.carlosyconchita.net\\\/rutas\\\/#\\\/schema\\\/person\\\/a9691f7258c28443fab2d3aa1479ea19\"},\"breadcrumb\":{\"@id\":\"https:\\\/\\\/www.carlosyconchita.net\\\/rutas\\\/gorg-negre\\\/#breadcrumb\"},\"inLanguage\":\"es\",\"potentialAction\":[{\"@type\":\"ReadAction\",\"target\":[\"https:\\\/\\\/www.carlosyconchita.net\\\/rutas\\\/gorg-negre\\\/\"]}]},{\"@type\":\"ImageObject\",\"inLanguage\":\"es\",\"@id\":\"https:\\\/\\\/www.carlosyconchita.net\\\/rutas\\\/gorg-negre\\\/#primaryimage\",\"url\":\"https:\\\/\\\/www.carlosyconchita.net\\\/rutas\\\/wp-content\\\/uploads\\\/2012\\\/09\\\/DSC05348.jpg\",\"contentUrl\":\"https:\\\/\\\/www.carlosyconchita.net\\\/rutas\\\/wp-content\\\/uploads\\\/2012\\\/09\\\/DSC05348.jpg\",\"width\":533,\"height\":400},{\"@type\":\"BreadcrumbList\",\"@id\":\"https:\\\/\\\/www.carlosyconchita.net\\\/rutas\\\/gorg-negre\\\/#breadcrumb\",\"itemListElement\":[{\"@type\":\"ListItem\",\"position\":1,\"name\":\"Portada\",\"item\":\"https:\\\/\\\/www.carlosyconchita.net\\\/rutas\\\/\"},{\"@type\":\"ListItem\",\"position\":2,\"name\":\"10-09-2012 &#8211; Gorg Negre\"}]},{\"@type\":\"WebSite\",\"@id\":\"https:\\\/\\\/www.carlosyconchita.net\\\/rutas\\\/#website\",\"url\":\"https:\\\/\\\/www.carlosyconchita.net\\\/rutas\\\/\",\"name\":\"Las rutas de Carlos y Conchita\",\"description\":\"\",\"potentialAction\":[{\"@type\":\"SearchAction\",\"target\":{\"@type\":\"EntryPoint\",\"urlTemplate\":\"https:\\\/\\\/www.carlosyconchita.net\\\/rutas\\\/?s={search_term_string}\"},\"query-input\":{\"@type\":\"PropertyValueSpecification\",\"valueRequired\":true,\"valueName\":\"search_term_string\"}}],\"inLanguage\":\"es\"},{\"@type\":\"Person\",\"@id\":\"https:\\\/\\\/www.carlosyconchita.net\\\/rutas\\\/#\\\/schema\\\/person\\\/a9691f7258c28443fab2d3aa1479ea19\",\"name\":\"Carlos Conchita\",\"image\":{\"@type\":\"ImageObject\",\"inLanguage\":\"es\",\"@id\":\"https:\\\/\\\/secure.gravatar.com\\\/avatar\\\/3a4625b20c8da3de99da69bfe7a322774e291c3f90dce7e8778a30fe6748ed1a?s=96&d=mm&r=g\",\"url\":\"https:\\\/\\\/secure.gravatar.com\\\/avatar\\\/3a4625b20c8da3de99da69bfe7a322774e291c3f90dce7e8778a30fe6748ed1a?s=96&d=mm&r=g\",\"contentUrl\":\"https:\\\/\\\/secure.gravatar.com\\\/avatar\\\/3a4625b20c8da3de99da69bfe7a322774e291c3f90dce7e8778a30fe6748ed1a?s=96&d=mm&r=g\",\"caption\":\"Carlos Conchita\"}}]}<\/script>\n<!-- \/ Yoast SEO plugin. -->","yoast_head_json":{"title":"10-09-2012 - Gorg Negre -","robots":{"index":"index","follow":"follow","max-snippet":"max-snippet:-1","max-image-preview":"max-image-preview:large","max-video-preview":"max-video-preview:-1"},"canonical":"https:\/\/www.carlosyconchita.net\/rutas\/gorg-negre\/","og_locale":"es_ES","og_type":"article","og_title":"10-09-2012 - Gorg Negre -","og_description":"\u00a0 Dificultad :\u00a0 F\u00e1cil\u00a0\u00a0\u00a0\u00a0\u00a0\u00a0\u00a0\u00a0\u00a0\u00a0\u00a0\u00a0\u00a0 Total : 6\u2019370 km. \u00a0 (m\u00e1s 10 km. en coche) Desnivel : 485 m. \u00a0\u00a0\u00a0\u00a0\u00a0\u00a0\u00a0\u00a0\u00a0\u00a0\u00a0\u00a0\u00a0 Altura m\u00e1x :\u00a0 2.086 m. Desde el pueblo de Evol, sale una pista con la se\u00f1al de Circulaci\u00f3n prohibida , por su mal estado, y realmente pasarla con un coche que no sea todo terreno es [&hellip;]","og_url":"https:\/\/www.carlosyconchita.net\/rutas\/gorg-negre\/","og_site_name":"Las rutas de Carlos y Conchita","article_published_time":"2012-09-10T19:49:57+00:00","article_modified_time":"2014-05-12T20:29:21+00:00","og_image":[{"width":533,"height":400,"url":"https:\/\/www.carlosyconchita.net\/rutas\/wp-content\/uploads\/2012\/09\/DSC05348.jpg","type":"image\/jpeg"}],"author":"Carlos Conchita","twitter_misc":{"Escrito por":"Carlos Conchita","Tiempo de lectura":"2 minutos"},"schema":{"@context":"https:\/\/schema.org","@graph":[{"@type":"Article","@id":"https:\/\/www.carlosyconchita.net\/rutas\/gorg-negre\/#article","isPartOf":{"@id":"https:\/\/www.carlosyconchita.net\/rutas\/gorg-negre\/"},"author":{"name":"Carlos Conchita","@id":"https:\/\/www.carlosyconchita.net\/rutas\/#\/schema\/person\/a9691f7258c28443fab2d3aa1479ea19"},"headline":"10-09-2012 &#8211; Gorg Negre","datePublished":"2012-09-10T19:49:57+00:00","dateModified":"2014-05-12T20:29:21+00:00","mainEntityOfPage":{"@id":"https:\/\/www.carlosyconchita.net\/rutas\/gorg-negre\/"},"wordCount":381,"commentCount":0,"image":{"@id":"https:\/\/www.carlosyconchita.net\/rutas\/gorg-negre\/#primaryimage"},"thumbnailUrl":"https:\/\/www.carlosyconchita.net\/rutas\/wp-content\/uploads\/2012\/09\/DSC05348.jpg","articleSection":["0-Sin clasificar","1-F\u00e1cil","2 - De 5 a 10 km."],"inLanguage":"es","potentialAction":[{"@type":"CommentAction","name":"Comment","target":["https:\/\/www.carlosyconchita.net\/rutas\/gorg-negre\/#respond"]}]},{"@type":"WebPage","@id":"https:\/\/www.carlosyconchita.net\/rutas\/gorg-negre\/","url":"https:\/\/www.carlosyconchita.net\/rutas\/gorg-negre\/","name":"10-09-2012 - Gorg Negre -","isPartOf":{"@id":"https:\/\/www.carlosyconchita.net\/rutas\/#website"},"primaryImageOfPage":{"@id":"https:\/\/www.carlosyconchita.net\/rutas\/gorg-negre\/#primaryimage"},"image":{"@id":"https:\/\/www.carlosyconchita.net\/rutas\/gorg-negre\/#primaryimage"},"thumbnailUrl":"https:\/\/www.carlosyconchita.net\/rutas\/wp-content\/uploads\/2012\/09\/DSC05348.jpg","datePublished":"2012-09-10T19:49:57+00:00","dateModified":"2014-05-12T20:29:21+00:00","author":{"@id":"https:\/\/www.carlosyconchita.net\/rutas\/#\/schema\/person\/a9691f7258c28443fab2d3aa1479ea19"},"breadcrumb":{"@id":"https:\/\/www.carlosyconchita.net\/rutas\/gorg-negre\/#breadcrumb"},"inLanguage":"es","potentialAction":[{"@type":"ReadAction","target":["https:\/\/www.carlosyconchita.net\/rutas\/gorg-negre\/"]}]},{"@type":"ImageObject","inLanguage":"es","@id":"https:\/\/www.carlosyconchita.net\/rutas\/gorg-negre\/#primaryimage","url":"https:\/\/www.carlosyconchita.net\/rutas\/wp-content\/uploads\/2012\/09\/DSC05348.jpg","contentUrl":"https:\/\/www.carlosyconchita.net\/rutas\/wp-content\/uploads\/2012\/09\/DSC05348.jpg","width":533,"height":400},{"@type":"BreadcrumbList","@id":"https:\/\/www.carlosyconchita.net\/rutas\/gorg-negre\/#breadcrumb","itemListElement":[{"@type":"ListItem","position":1,"name":"Portada","item":"https:\/\/www.carlosyconchita.net\/rutas\/"},{"@type":"ListItem","position":2,"name":"10-09-2012 &#8211; Gorg Negre"}]},{"@type":"WebSite","@id":"https:\/\/www.carlosyconchita.net\/rutas\/#website","url":"https:\/\/www.carlosyconchita.net\/rutas\/","name":"Las rutas de Carlos y Conchita","description":"","potentialAction":[{"@type":"SearchAction","target":{"@type":"EntryPoint","urlTemplate":"https:\/\/www.carlosyconchita.net\/rutas\/?s={search_term_string}"},"query-input":{"@type":"PropertyValueSpecification","valueRequired":true,"valueName":"search_term_string"}}],"inLanguage":"es"},{"@type":"Person","@id":"https:\/\/www.carlosyconchita.net\/rutas\/#\/schema\/person\/a9691f7258c28443fab2d3aa1479ea19","name":"Carlos Conchita","image":{"@type":"ImageObject","inLanguage":"es","@id":"https:\/\/secure.gravatar.com\/avatar\/3a4625b20c8da3de99da69bfe7a322774e291c3f90dce7e8778a30fe6748ed1a?s=96&d=mm&r=g","url":"https:\/\/secure.gravatar.com\/avatar\/3a4625b20c8da3de99da69bfe7a322774e291c3f90dce7e8778a30fe6748ed1a?s=96&d=mm&r=g","contentUrl":"https:\/\/secure.gravatar.com\/avatar\/3a4625b20c8da3de99da69bfe7a322774e291c3f90dce7e8778a30fe6748ed1a?s=96&d=mm&r=g","caption":"Carlos Conchita"}}]}},"_links":{"self":[{"href":"https:\/\/www.carlosyconchita.net\/rutas\/wp-json\/wp\/v2\/posts\/52","targetHints":{"allow":["GET"]}}],"collection":[{"href":"https:\/\/www.carlosyconchita.net\/rutas\/wp-json\/wp\/v2\/posts"}],"about":[{"href":"https:\/\/www.carlosyconchita.net\/rutas\/wp-json\/wp\/v2\/types\/post"}],"author":[{"embeddable":true,"href":"https:\/\/www.carlosyconchita.net\/rutas\/wp-json\/wp\/v2\/users\/50"}],"replies":[{"embeddable":true,"href":"https:\/\/www.carlosyconchita.net\/rutas\/wp-json\/wp\/v2\/comments?post=52"}],"version-history":[{"count":0,"href":"https:\/\/www.carlosyconchita.net\/rutas\/wp-json\/wp\/v2\/posts\/52\/revisions"}],"wp:featuredmedia":[{"embeddable":true,"href":"https:\/\/www.carlosyconchita.net\/rutas\/wp-json\/wp\/v2\/media\/141"}],"wp:attachment":[{"href":"https:\/\/www.carlosyconchita.net\/rutas\/wp-json\/wp\/v2\/media?parent=52"}],"wp:term":[{"taxonomy":"category","embeddable":true,"href":"https:\/\/www.carlosyconchita.net\/rutas\/wp-json\/wp\/v2\/categories?post=52"},{"taxonomy":"post_tag","embeddable":true,"href":"https:\/\/www.carlosyconchita.net\/rutas\/wp-json\/wp\/v2\/tags?post=52"}],"curies":[{"name":"wp","href":"https:\/\/api.w.org\/{rel}","templated":true}]}}