{"id":5272,"date":"2014-07-06T19:48:55","date_gmt":"2014-07-06T17:48:55","guid":{"rendered":"http:\/\/www.carlosyconchita.net\/rutas\/?p=5272"},"modified":"2014-07-15T22:23:48","modified_gmt":"2014-07-15T20:23:48","slug":"06-07-2014-valle-de-eyne","status":"publish","type":"post","link":"https:\/\/www.carlosyconchita.net\/rutas\/06-07-2014-valle-de-eyne\/","title":{"rendered":"06-07-2014 &#8211;  Valle de Eyne"},"content":{"rendered":"<p style=\"text-align: justify;\">Esta excursi\u00f3n al Valle de Eyne nos permitir\u00e1 descubir este bonito valle, conocido como el valle de las flores, considerado como Reserva Natural, y que ha sido visitado , seg\u00fan los paneles informativos y folletos, por millones de personas<\/p>\n<p style=\"text-align: justify;\">A pesar de tenerlo tan cerca, hasta ahora no nos hab\u00edamos decidido a visitarlo y realmente hemos quedado gratamente sorprendidos por la magn\u00edfica vegetacion de la zona, con un gran colorido, y con el bonito paisale formado por el rio entre los verdes prados, y que iremos siguiendo a lo largo de todo el recorrrido.<\/p>\n<p>El resumen de la ruta es \u00e9ste :<\/p>\n<table style=\"width: 600px; height: 160px;\" border=\"1\" cellspacing=\"300\" cellpadding=\"1\">\n<tbody>\n<tr>\n<td style=\"width: 300px; height: 40px; text-align: left; vertical-align: top;\"><strong>Dificultad :\u00a0 Moderado <\/strong>(F\u00e1cil)<strong><br \/>\n<\/strong><\/td>\n<td><strong><strong>Recorrido :\u00a0 13&#8217;206 km.<\/strong><\/strong><\/td>\n<\/tr>\n<tr>\n<td><strong><strong>Desnivel acum.\u00a0 :\u00a0 690 m. \u00a0 \u00a0 \u00a0 <\/strong><\/strong><\/td>\n<td><strong><strong>Alturas m\u00edn.\/m\u00e1x. \u00a0 :\u00a0\u00a0 1.591 \/ 2.057 m.<\/strong><\/strong><\/td>\n<\/tr>\n<tr>\n<td><strong>Tiempo total :\u00a0 5 h. 49 m.<br \/>\n<\/strong><\/td>\n<td><strong>Velocidad media<strong> :\u00a0 2&#8217;2 km.\/hora<\/strong><\/strong><\/td>\n<\/tr>\n<tr>\n<td><strong>Tiempo movimiento\u00a0 :\u00a0 3 h. 43 m.<br \/>\n<\/strong><\/td>\n<td><strong> Velocidad media\u00a0<strong><strong> :\u00a0 3&#8217;5 km.\/hora<\/strong><\/strong><\/strong><\/td>\n<\/tr>\n<\/tbody>\n<\/table>\n<p style=\"text-align: justify;\">Para llegar al punto de partida, empezando en Saillagouse cogeremos la carretera N-116 en direccion a Mont-Louis\/Les Angles, y cuando lleguemos al Coll de la Perche, en el cruce giraremos a la derecha en direcci\u00f3n a Eyne.<\/p>\n<p style=\"text-align: justify;\">Al cabo de unos pocos km. veremos un desvio que sube a nuestra izquierda hacia la estaci\u00f3n de ski de Eyne, pero nosotros seguimos recto hacia el pueblo de Eyne, donde despues de una peque\u00f1a bajada, veremos un rio y la se\u00f1al para ir a Llo.<\/p>\n<p style=\"text-align: justify;\">Seguiremos esa carretera y al poco a nuestra izquierda veremos unas se\u00f1ales de caminos, pero seguiremos unos 50 m. m\u00e1s para poder llegar a un amplio parking donde podremos dejar el coche.<\/p>\n<p style=\"text-align: justify;\">[shashin type=\u00bbphoto\u00bb id=\u00bb7869&#8243; size=\u00bblarge\u00bb columns=\u00bbmax\u00bb order=\u00bbuser\u00bb caption=\u00bby\u00bb position=\u00bbcenter\u00bb]<\/p>\n<p style=\"text-align: justify;\">Nuestra ruta empieza al final del parking, donde hay un panel informativo y una caseta, y poco despu\u00e9s ya veremos las se\u00f1ales de la ruta, que de momento va siguiendo un peque\u00f1o y estrecho camino entre los arboles.<\/p>\n<p style=\"text-align: justify;\">[shashin type=\u00bbphoto\u00bb id=\u00bb7870,7871&#8243; size=\u00bblarge\u00bb columns=\u00bbmax\u00bb order=\u00bbuser\u00bb caption=\u00bby\u00bb position=\u00bbcenter\u00bb]<\/p>\n<p style=\"text-align: justify;\">Vamos siguiendo m\u00e1s o menos el recorrido del rio, cruzandolo en varias ocasiones<\/p>\n<p style=\"text-align: justify;\">[shashin type=\u00bbphoto\u00bb id=\u00bb7872,7875&#8243; size=\u00bblarge\u00bb columns=\u00bbmax\u00bb order=\u00bbuser\u00bb caption=\u00bby\u00bb position=\u00bbcenter\u00bb]<\/p>\n<p style=\"text-align: justify;\">Aunque el camino continua siendo bastantes estrecho, en un punto determinado parece que se abre ya hacia el valle, aunque de todas formas nos extra\u00f1a que vayamos s\u00f3los y que no nos crucemos con nadie en esta concurrida zona, hasta que llegamos a una zona , en que el camino practicamente desaparece y ya no nos coincide nada con las explicaciones de la guia que tenemos.<\/p>\n<p style=\"text-align: justify;\">Decidimos pues dar media vuelta, y al poco nos encontramos con 2 grupos de caminantes que piensan lo mismo que nosotros, y entonces continuamos la excursi\u00f3n desde all\u00ed con dos de ellos, Ver\u00f3nica y Marc.<\/p>\n<p style=\"text-align: justify;\">En la vuelta nos encontramos con un grupo de 60-70 personas que estaban haciendo una \u00abexcursion biol\u00f3gica\u00bb y que nos dicen que la vigilante del parking les habia insistido en que vigilaran en un cruce, ya que ellos debian seguir recto, mientras que el Valle del Eyne era por la derecha, asi que est\u00e1 claro que nosotros habiamos cogido la direccion equivocada.<\/p>\n<p style=\"text-align: justify;\">Volvemos atr\u00e1s hasta el dichoso cruce (sin ninguna se\u00f1al&#8230;) y cogemos entonces la direccion correcta, cosa que nos confirma tanto el letrero que vemos poco despues, como la afluencia de gente, en total algo m\u00e1s de 3.5 km. entre ida y vuelta por la equivocaci\u00f3n.<\/p>\n<p style=\"text-align: justify;\">Por este motivo hemos puesto como dificultad \u00abModerada\u00bb si tenemos en cuenta lo que hemos caminado realmente, pero podr\u00eda considerarse como F\u00e1cil sin el despiste y los kms. de m\u00e1s.<\/p>\n<p style=\"text-align: justify;\">Hemos se\u00f1alado este punto en el track como \u00abAtencion : desvio\u00bb, y el camino correcto es coger el desvio de la derecha , y no seguir recto.<\/p>\n<p style=\"text-align: justify;\">[shashin type=\u00bbphoto\u00bb id=\u00bb7877&#8243; size=\u00bblarge\u00bb columns=\u00bbmax\u00bb order=\u00bbuser\u00bb caption=\u00bby\u00bb position=\u00bbcenter\u00bb]<\/p>\n<p style=\"text-align: justify;\">El camino va subiendo, y aunque de momento no es muy ancho, no es ni mucho menos lo que habiamos recorrido por error, y el paisaje es mucho mas bonito.<\/p>\n<p style=\"text-align: justify;\">[shashin type=\u00bbphoto\u00bb id=\u00bb7878,7880&#8243; size=\u00bblarge\u00bb columns=\u00bbmax\u00bb order=\u00bbuser\u00bb caption=\u00bby\u00bb position=\u00bbcenter\u00bb]<\/p>\n<p style=\"text-align: justify;\">Vamos siguiendo en todo momento el recorrido del rio Eyne, y vamos descubriendo la bonita y variada vegetaci\u00f3n con variados colores.<\/p>\n<p style=\"text-align: justify;\">[shashin type=\u00bbphoto\u00bb id=\u00bb7884,7889&#8243; size=\u00bblarge\u00bb columns=\u00bbmax\u00bb order=\u00bbuser\u00bb caption=\u00bby\u00bb position=\u00bbcenter\u00bb]<\/p>\n<p style=\"text-align: justify;\">[shashin type=\u00bbphoto\u00bb id=\u00bb7894&#8243; size=\u00bblarge\u00bb columns=\u00bbmax\u00bb order=\u00bbuser\u00bb caption=\u00bby\u00bb position=\u00bbcenter\u00bb]<\/p>\n<p style=\"text-align: justify;\">Pasaremos un tramo de piedras y poco despues llegamos ya a una amplia zona, en donde a la izquierda vemos unos de los tipicos \u00aborris\u00bb o caba\u00f1as de pastor y enfrente toda la amplia vista del valle hasta las monta\u00f1as.<\/p>\n<p style=\"text-align: justify;\">[shashin type=\u00bbphoto\u00bb id=\u00bb7887,7898&#8243; size=\u00bblarge\u00bb columns=\u00bbmax\u00bb order=\u00bbuser\u00bb caption=\u00bby\u00bb position=\u00bbcenter\u00bb]<\/p>\n<p style=\"text-align: justify;\">[shashin type=\u00bbphoto\u00bb id=\u00bb7900,7901,7902&#8243; size=\u00bblarge\u00bb columns=\u00bbmax\u00bb order=\u00bbuser\u00bb caption=\u00bby\u00bb position=\u00bbcenter\u00bb]<\/p>\n<p style=\"text-align: justify;\">Vamos subiendo el camino, y al cabo de poco, decidimos parar a comer algo, ya que adem\u00e1s empezaba a nublarse un poco.<\/p>\n<p style=\"text-align: justify;\">Despu\u00e9s de comer el bocata, y dado que no queriamos ir a Nuria, decidimos empezar la vuelta al punto de inicio, y asi lo hacemos, aunque poco despues empez\u00f3 a lloviznar y despues a llover con bastante fuerza, lo que nos oblig\u00f3 a ponernos las \u00abcapelinas\u00bb de plastico, aunque en algun momento tuvimos que detenernos por la fuerza de la lluvia.<\/p>\n<p style=\"text-align: justify;\">Finalmente pudimos llegar sin demasiados contratiempos al coche, donde entramos rapidamente, y en el camino de vuelta a casa , s\u00ed que cogimos una fuerte tormenta.<\/p>\n<p style=\"text-align: justify;\">En resumen, y a pesar de la equivocaci\u00f3n y del remoj\u00f3n, una muy aconsejable excursi\u00f3n en una zona que siempre hemos tenido ah\u00ed al lado y a la que no habiamos prestado mucha atencion.<\/p>\n<p style=\"text-align: justify;\">Si a esto a\u00f1adimos la agradable compa\u00f1\u00eda de los tambi\u00e9n \u00abextraviados\u00bb\u00a0 Ver\u00f3nica y Marc, pues un d\u00eda completo.<\/p>\n<hr \/>\n<hr \/>\n<p>&nbsp;<\/p>\n<p><span style=\"text-align: justify; background-color: #c0c0c0;\"><strong>Track de la ruta<\/strong><\/span><\/p>\n<p>[sgpx gpx=\u00bb\/wp-content\/uploads\/gpx\/ValleDeEyne.gpx\u00bb]<\/p>\n<p>&nbsp;<\/p>\n<table border=\"2\" cellspacing=\"300\" cellpadding=\"2\">\n<tbody>\n<tr style=\"height: 40px;\">\n<td style=\"width: 300px; height: 40px; text-align: center; vertical-align: middle;\"><strong>Enlace album de fotos<\/strong><\/td>\n<td style=\"width: 300px; height: 40px; text-align: center; vertical-align: middle;\">[shashin type=\u00bbalbum\u00bb id=\u00bb145&#8243; size=\u00bbsmall\u00bb crop=\u00bbn\u00bb columns=\u00bbmax\u00bb caption=\u00bby\u00bb order=\u00bbdate\u00bb position=\u00bbcenter\u00bb]<\/td>\n<\/tr>\n<tr style=\"height: 100px;\">\n<td style=\"width: 300px; height: 100px; text-align: center; vertical-align: middle;\"><strong>Enlace\u00a0 Wikiloc<br \/>\n<\/strong><\/td>\n<td style=\"width: 300px; height: 100px; text-align: center; vertical-align: middle;\"><a title=\"Enlace a Wikiloc\" href=\"http:\/\/es.wikiloc.com\/wikiloc\/view.do?id=7275749\" target=\"_blank\"><img loading=\"lazy\" decoding=\"async\" class=\"aligncenter\" title=\"wikiloc\" src=\"http:\/\/www.carlosyconchita.net\/rutas\/wp-content\/uploads\/2020\/09\/wikiloc.jpg\" alt=\"\" width=\"117\" height=\"34\" \/><\/a><\/td>\n<\/tr>\n<\/tbody>\n<\/table>\n<p style=\"text-align: justify;\"><span style=\"color: #ff0000; background-color: #ffffff; font-size: 14pt;\"><strong>Si te ha gustado, comp\u00e1rtelo en tu red favorita,\u00a0 haz +1, o env\u00edanos tu comentario.<br \/>\n<\/strong><\/span><\/p>\n<p><span style=\"font-size: 14pt;\"><strong><span style=\"color: #ff0000;\">Muchas gracias !<\/span><\/strong><\/span><\/p>\n<p>&nbsp;<\/p>\n","protected":false},"excerpt":{"rendered":"<p>Esta excursi\u00f3n al Valle de Eyne nos permitir\u00e1 descubir este bonito valle, conocido como el valle de las flores, considerado como Reserva Natural, y que ha sido visitado , seg\u00fan los paneles informativos y folletos, por millones de personas A pesar de tenerlo tan cerca, hasta ahora no nos hab\u00edamos decidido a visitarlo y realmente [&hellip;]<\/p>\n","protected":false},"author":50,"featured_media":5321,"comment_status":"open","ping_status":"open","sticky":false,"template":"","format":"gallery","meta":{"footnotes":""},"categories":[10,22,6],"tags":[],"class_list":{"0":"post-5272","1":"post","2":"type-post","3":"status-publish","4":"format-gallery","5":"has-post-thumbnail","6":"hentry","7":"category-facil","8":"category-de-05-a-10-km","9":"category-saillagosa","10":"post_format-post-format-gallery","12":"post-with-thumbnail","13":"post-with-thumbnail-icon"},"yoast_head":"<!-- This site is optimized with the Yoast SEO plugin v27.4 - https:\/\/yoast.com\/product\/yoast-seo-wordpress\/ -->\n<title>Valle de Eyne<\/title>\n<meta name=\"description\" content=\"Esta excursi\u00f3n al Valle de Eyne nos permitir\u00e1 descubir este bonito valle, conocido como el valle de las flores, considerado como Reserva Natural, y que ha sido visitado , seg\u00fan los paneles informativos y folletos, por millones de personas\" \/>\n<meta name=\"robots\" content=\"index, follow, max-snippet:-1, max-image-preview:large, max-video-preview:-1\" \/>\n<link rel=\"canonical\" href=\"https:\/\/www.carlosyconchita.net\/rutas\/06-07-2014-valle-de-eyne\/\" \/>\n<meta property=\"og:locale\" content=\"es_ES\" \/>\n<meta property=\"og:type\" content=\"article\" \/>\n<meta property=\"og:title\" content=\"Valle de Eyne\" \/>\n<meta property=\"og:description\" content=\"Esta excursi\u00f3n al Valle de Eyne nos permitir\u00e1 descubir este bonito valle, conocido como el valle de las flores, considerado como Reserva Natural, y que ha sido visitado , seg\u00fan los paneles informativos y folletos, por millones de personas\" \/>\n<meta property=\"og:url\" content=\"https:\/\/www.carlosyconchita.net\/rutas\/06-07-2014-valle-de-eyne\/\" \/>\n<meta property=\"og:site_name\" content=\"Las rutas de Carlos y Conchita\" \/>\n<meta property=\"article:published_time\" content=\"2014-07-06T17:48:55+00:00\" \/>\n<meta property=\"article:modified_time\" content=\"2014-07-15T20:23:48+00:00\" \/>\n<meta property=\"og:image\" content=\"https:\/\/www.carlosyconchita.net\/rutas\/wp-content\/uploads\/2014\/07\/P7066569.jpg\" \/>\n\t<meta property=\"og:image:width\" content=\"2048\" \/>\n\t<meta property=\"og:image:height\" content=\"1536\" \/>\n\t<meta property=\"og:image:type\" content=\"image\/jpeg\" \/>\n<meta name=\"author\" content=\"Carlos Conchita\" \/>\n<meta name=\"twitter:label1\" content=\"Escrito por\" \/>\n\t<meta name=\"twitter:data1\" content=\"Carlos Conchita\" \/>\n\t<meta name=\"twitter:label2\" content=\"Tiempo de lectura\" \/>\n\t<meta name=\"twitter:data2\" content=\"5 minutos\" \/>\n<script type=\"application\/ld+json\" class=\"yoast-schema-graph\">{\"@context\":\"https:\\\/\\\/schema.org\",\"@graph\":[{\"@type\":\"Article\",\"@id\":\"https:\\\/\\\/www.carlosyconchita.net\\\/rutas\\\/06-07-2014-valle-de-eyne\\\/#article\",\"isPartOf\":{\"@id\":\"https:\\\/\\\/www.carlosyconchita.net\\\/rutas\\\/06-07-2014-valle-de-eyne\\\/\"},\"author\":{\"name\":\"Carlos Conchita\",\"@id\":\"https:\\\/\\\/www.carlosyconchita.net\\\/rutas\\\/#\\\/schema\\\/person\\\/a9691f7258c28443fab2d3aa1479ea19\"},\"headline\":\"06-07-2014 &#8211; Valle de Eyne\",\"datePublished\":\"2014-07-06T17:48:55+00:00\",\"dateModified\":\"2014-07-15T20:23:48+00:00\",\"mainEntityOfPage\":{\"@id\":\"https:\\\/\\\/www.carlosyconchita.net\\\/rutas\\\/06-07-2014-valle-de-eyne\\\/\"},\"wordCount\":1034,\"commentCount\":6,\"image\":{\"@id\":\"https:\\\/\\\/www.carlosyconchita.net\\\/rutas\\\/06-07-2014-valle-de-eyne\\\/#primaryimage\"},\"thumbnailUrl\":\"https:\\\/\\\/www.carlosyconchita.net\\\/rutas\\\/wp-content\\\/uploads\\\/2014\\\/07\\\/P7066569.jpg\",\"articleSection\":[\"1-F\u00e1cil\",\"2 - De 5 a 10 km.\",\"Saillagosa\"],\"inLanguage\":\"es\",\"potentialAction\":[{\"@type\":\"CommentAction\",\"name\":\"Comment\",\"target\":[\"https:\\\/\\\/www.carlosyconchita.net\\\/rutas\\\/06-07-2014-valle-de-eyne\\\/#respond\"]}]},{\"@type\":\"WebPage\",\"@id\":\"https:\\\/\\\/www.carlosyconchita.net\\\/rutas\\\/06-07-2014-valle-de-eyne\\\/\",\"url\":\"https:\\\/\\\/www.carlosyconchita.net\\\/rutas\\\/06-07-2014-valle-de-eyne\\\/\",\"name\":\"Valle de Eyne\",\"isPartOf\":{\"@id\":\"https:\\\/\\\/www.carlosyconchita.net\\\/rutas\\\/#website\"},\"primaryImageOfPage\":{\"@id\":\"https:\\\/\\\/www.carlosyconchita.net\\\/rutas\\\/06-07-2014-valle-de-eyne\\\/#primaryimage\"},\"image\":{\"@id\":\"https:\\\/\\\/www.carlosyconchita.net\\\/rutas\\\/06-07-2014-valle-de-eyne\\\/#primaryimage\"},\"thumbnailUrl\":\"https:\\\/\\\/www.carlosyconchita.net\\\/rutas\\\/wp-content\\\/uploads\\\/2014\\\/07\\\/P7066569.jpg\",\"datePublished\":\"2014-07-06T17:48:55+00:00\",\"dateModified\":\"2014-07-15T20:23:48+00:00\",\"author\":{\"@id\":\"https:\\\/\\\/www.carlosyconchita.net\\\/rutas\\\/#\\\/schema\\\/person\\\/a9691f7258c28443fab2d3aa1479ea19\"},\"description\":\"Esta excursi\u00f3n al Valle de Eyne nos permitir\u00e1 descubir este bonito valle, conocido como el valle de las flores, considerado como Reserva Natural, y que ha sido visitado , seg\u00fan los paneles informativos y folletos, por millones de personas\",\"breadcrumb\":{\"@id\":\"https:\\\/\\\/www.carlosyconchita.net\\\/rutas\\\/06-07-2014-valle-de-eyne\\\/#breadcrumb\"},\"inLanguage\":\"es\",\"potentialAction\":[{\"@type\":\"ReadAction\",\"target\":[\"https:\\\/\\\/www.carlosyconchita.net\\\/rutas\\\/06-07-2014-valle-de-eyne\\\/\"]}]},{\"@type\":\"ImageObject\",\"inLanguage\":\"es\",\"@id\":\"https:\\\/\\\/www.carlosyconchita.net\\\/rutas\\\/06-07-2014-valle-de-eyne\\\/#primaryimage\",\"url\":\"https:\\\/\\\/www.carlosyconchita.net\\\/rutas\\\/wp-content\\\/uploads\\\/2014\\\/07\\\/P7066569.jpg\",\"contentUrl\":\"https:\\\/\\\/www.carlosyconchita.net\\\/rutas\\\/wp-content\\\/uploads\\\/2014\\\/07\\\/P7066569.jpg\",\"width\":2048,\"height\":1536},{\"@type\":\"BreadcrumbList\",\"@id\":\"https:\\\/\\\/www.carlosyconchita.net\\\/rutas\\\/06-07-2014-valle-de-eyne\\\/#breadcrumb\",\"itemListElement\":[{\"@type\":\"ListItem\",\"position\":1,\"name\":\"Portada\",\"item\":\"https:\\\/\\\/www.carlosyconchita.net\\\/rutas\\\/\"},{\"@type\":\"ListItem\",\"position\":2,\"name\":\"06-07-2014 &#8211; Valle de Eyne\"}]},{\"@type\":\"WebSite\",\"@id\":\"https:\\\/\\\/www.carlosyconchita.net\\\/rutas\\\/#website\",\"url\":\"https:\\\/\\\/www.carlosyconchita.net\\\/rutas\\\/\",\"name\":\"Las rutas de Carlos y Conchita\",\"description\":\"\",\"potentialAction\":[{\"@type\":\"SearchAction\",\"target\":{\"@type\":\"EntryPoint\",\"urlTemplate\":\"https:\\\/\\\/www.carlosyconchita.net\\\/rutas\\\/?s={search_term_string}\"},\"query-input\":{\"@type\":\"PropertyValueSpecification\",\"valueRequired\":true,\"valueName\":\"search_term_string\"}}],\"inLanguage\":\"es\"},{\"@type\":\"Person\",\"@id\":\"https:\\\/\\\/www.carlosyconchita.net\\\/rutas\\\/#\\\/schema\\\/person\\\/a9691f7258c28443fab2d3aa1479ea19\",\"name\":\"Carlos Conchita\",\"image\":{\"@type\":\"ImageObject\",\"inLanguage\":\"es\",\"@id\":\"https:\\\/\\\/secure.gravatar.com\\\/avatar\\\/3a4625b20c8da3de99da69bfe7a322774e291c3f90dce7e8778a30fe6748ed1a?s=96&d=mm&r=g\",\"url\":\"https:\\\/\\\/secure.gravatar.com\\\/avatar\\\/3a4625b20c8da3de99da69bfe7a322774e291c3f90dce7e8778a30fe6748ed1a?s=96&d=mm&r=g\",\"contentUrl\":\"https:\\\/\\\/secure.gravatar.com\\\/avatar\\\/3a4625b20c8da3de99da69bfe7a322774e291c3f90dce7e8778a30fe6748ed1a?s=96&d=mm&r=g\",\"caption\":\"Carlos Conchita\"}}]}<\/script>\n<!-- \/ Yoast SEO plugin. -->","yoast_head_json":{"title":"Valle de Eyne","description":"Esta excursi\u00f3n al Valle de Eyne nos permitir\u00e1 descubir este bonito valle, conocido como el valle de las flores, considerado como Reserva Natural, y que ha sido visitado , seg\u00fan los paneles informativos y folletos, por millones de personas","robots":{"index":"index","follow":"follow","max-snippet":"max-snippet:-1","max-image-preview":"max-image-preview:large","max-video-preview":"max-video-preview:-1"},"canonical":"https:\/\/www.carlosyconchita.net\/rutas\/06-07-2014-valle-de-eyne\/","og_locale":"es_ES","og_type":"article","og_title":"Valle de Eyne","og_description":"Esta excursi\u00f3n al Valle de Eyne nos permitir\u00e1 descubir este bonito valle, conocido como el valle de las flores, considerado como Reserva Natural, y que ha sido visitado , seg\u00fan los paneles informativos y folletos, por millones de personas","og_url":"https:\/\/www.carlosyconchita.net\/rutas\/06-07-2014-valle-de-eyne\/","og_site_name":"Las rutas de Carlos y Conchita","article_published_time":"2014-07-06T17:48:55+00:00","article_modified_time":"2014-07-15T20:23:48+00:00","og_image":[{"width":2048,"height":1536,"url":"https:\/\/www.carlosyconchita.net\/rutas\/wp-content\/uploads\/2014\/07\/P7066569.jpg","type":"image\/jpeg"}],"author":"Carlos Conchita","twitter_misc":{"Escrito por":"Carlos Conchita","Tiempo de lectura":"5 minutos"},"schema":{"@context":"https:\/\/schema.org","@graph":[{"@type":"Article","@id":"https:\/\/www.carlosyconchita.net\/rutas\/06-07-2014-valle-de-eyne\/#article","isPartOf":{"@id":"https:\/\/www.carlosyconchita.net\/rutas\/06-07-2014-valle-de-eyne\/"},"author":{"name":"Carlos Conchita","@id":"https:\/\/www.carlosyconchita.net\/rutas\/#\/schema\/person\/a9691f7258c28443fab2d3aa1479ea19"},"headline":"06-07-2014 &#8211; Valle de Eyne","datePublished":"2014-07-06T17:48:55+00:00","dateModified":"2014-07-15T20:23:48+00:00","mainEntityOfPage":{"@id":"https:\/\/www.carlosyconchita.net\/rutas\/06-07-2014-valle-de-eyne\/"},"wordCount":1034,"commentCount":6,"image":{"@id":"https:\/\/www.carlosyconchita.net\/rutas\/06-07-2014-valle-de-eyne\/#primaryimage"},"thumbnailUrl":"https:\/\/www.carlosyconchita.net\/rutas\/wp-content\/uploads\/2014\/07\/P7066569.jpg","articleSection":["1-F\u00e1cil","2 - De 5 a 10 km.","Saillagosa"],"inLanguage":"es","potentialAction":[{"@type":"CommentAction","name":"Comment","target":["https:\/\/www.carlosyconchita.net\/rutas\/06-07-2014-valle-de-eyne\/#respond"]}]},{"@type":"WebPage","@id":"https:\/\/www.carlosyconchita.net\/rutas\/06-07-2014-valle-de-eyne\/","url":"https:\/\/www.carlosyconchita.net\/rutas\/06-07-2014-valle-de-eyne\/","name":"Valle de Eyne","isPartOf":{"@id":"https:\/\/www.carlosyconchita.net\/rutas\/#website"},"primaryImageOfPage":{"@id":"https:\/\/www.carlosyconchita.net\/rutas\/06-07-2014-valle-de-eyne\/#primaryimage"},"image":{"@id":"https:\/\/www.carlosyconchita.net\/rutas\/06-07-2014-valle-de-eyne\/#primaryimage"},"thumbnailUrl":"https:\/\/www.carlosyconchita.net\/rutas\/wp-content\/uploads\/2014\/07\/P7066569.jpg","datePublished":"2014-07-06T17:48:55+00:00","dateModified":"2014-07-15T20:23:48+00:00","author":{"@id":"https:\/\/www.carlosyconchita.net\/rutas\/#\/schema\/person\/a9691f7258c28443fab2d3aa1479ea19"},"description":"Esta excursi\u00f3n al Valle de Eyne nos permitir\u00e1 descubir este bonito valle, conocido como el valle de las flores, considerado como Reserva Natural, y que ha sido visitado , seg\u00fan los paneles informativos y folletos, por millones de personas","breadcrumb":{"@id":"https:\/\/www.carlosyconchita.net\/rutas\/06-07-2014-valle-de-eyne\/#breadcrumb"},"inLanguage":"es","potentialAction":[{"@type":"ReadAction","target":["https:\/\/www.carlosyconchita.net\/rutas\/06-07-2014-valle-de-eyne\/"]}]},{"@type":"ImageObject","inLanguage":"es","@id":"https:\/\/www.carlosyconchita.net\/rutas\/06-07-2014-valle-de-eyne\/#primaryimage","url":"https:\/\/www.carlosyconchita.net\/rutas\/wp-content\/uploads\/2014\/07\/P7066569.jpg","contentUrl":"https:\/\/www.carlosyconchita.net\/rutas\/wp-content\/uploads\/2014\/07\/P7066569.jpg","width":2048,"height":1536},{"@type":"BreadcrumbList","@id":"https:\/\/www.carlosyconchita.net\/rutas\/06-07-2014-valle-de-eyne\/#breadcrumb","itemListElement":[{"@type":"ListItem","position":1,"name":"Portada","item":"https:\/\/www.carlosyconchita.net\/rutas\/"},{"@type":"ListItem","position":2,"name":"06-07-2014 &#8211; Valle de Eyne"}]},{"@type":"WebSite","@id":"https:\/\/www.carlosyconchita.net\/rutas\/#website","url":"https:\/\/www.carlosyconchita.net\/rutas\/","name":"Las rutas de Carlos y Conchita","description":"","potentialAction":[{"@type":"SearchAction","target":{"@type":"EntryPoint","urlTemplate":"https:\/\/www.carlosyconchita.net\/rutas\/?s={search_term_string}"},"query-input":{"@type":"PropertyValueSpecification","valueRequired":true,"valueName":"search_term_string"}}],"inLanguage":"es"},{"@type":"Person","@id":"https:\/\/www.carlosyconchita.net\/rutas\/#\/schema\/person\/a9691f7258c28443fab2d3aa1479ea19","name":"Carlos Conchita","image":{"@type":"ImageObject","inLanguage":"es","@id":"https:\/\/secure.gravatar.com\/avatar\/3a4625b20c8da3de99da69bfe7a322774e291c3f90dce7e8778a30fe6748ed1a?s=96&d=mm&r=g","url":"https:\/\/secure.gravatar.com\/avatar\/3a4625b20c8da3de99da69bfe7a322774e291c3f90dce7e8778a30fe6748ed1a?s=96&d=mm&r=g","contentUrl":"https:\/\/secure.gravatar.com\/avatar\/3a4625b20c8da3de99da69bfe7a322774e291c3f90dce7e8778a30fe6748ed1a?s=96&d=mm&r=g","caption":"Carlos Conchita"}}]}},"_links":{"self":[{"href":"https:\/\/www.carlosyconchita.net\/rutas\/wp-json\/wp\/v2\/posts\/5272","targetHints":{"allow":["GET"]}}],"collection":[{"href":"https:\/\/www.carlosyconchita.net\/rutas\/wp-json\/wp\/v2\/posts"}],"about":[{"href":"https:\/\/www.carlosyconchita.net\/rutas\/wp-json\/wp\/v2\/types\/post"}],"author":[{"embeddable":true,"href":"https:\/\/www.carlosyconchita.net\/rutas\/wp-json\/wp\/v2\/users\/50"}],"replies":[{"embeddable":true,"href":"https:\/\/www.carlosyconchita.net\/rutas\/wp-json\/wp\/v2\/comments?post=5272"}],"version-history":[{"count":0,"href":"https:\/\/www.carlosyconchita.net\/rutas\/wp-json\/wp\/v2\/posts\/5272\/revisions"}],"wp:featuredmedia":[{"embeddable":true,"href":"https:\/\/www.carlosyconchita.net\/rutas\/wp-json\/wp\/v2\/media\/5321"}],"wp:attachment":[{"href":"https:\/\/www.carlosyconchita.net\/rutas\/wp-json\/wp\/v2\/media?parent=5272"}],"wp:term":[{"taxonomy":"category","embeddable":true,"href":"https:\/\/www.carlosyconchita.net\/rutas\/wp-json\/wp\/v2\/categories?post=5272"},{"taxonomy":"post_tag","embeddable":true,"href":"https:\/\/www.carlosyconchita.net\/rutas\/wp-json\/wp\/v2\/tags?post=5272"}],"curies":[{"name":"wp","href":"https:\/\/api.w.org\/{rel}","templated":true}]}}