{"id":5928,"date":"2014-08-19T21:28:42","date_gmt":"2014-08-19T19:28:42","guid":{"rendered":"http:\/\/www.carlosyconchita.net\/rutas\/?p=5928"},"modified":"2015-09-29T22:21:09","modified_gmt":"2015-09-29T21:21:09","slug":"19-08-2014-estanys-de-juclar","status":"publish","type":"post","link":"https:\/\/www.carlosyconchita.net\/rutas\/19-08-2014-estanys-de-juclar\/","title":{"rendered":"19-08-2014 \u2013 Estanys de Juclar"},"content":{"rendered":"<p style=\"text-align: justify;\">La excursi\u00f3n als Estanys de Juclar, empieza en la poblaci\u00f3n andorrana de Soldeu, en el mismo sitio que nuestra anterior excursi\u00f3n al lago de la <a title=\"04-08-2014 \u2013 Estany de La Cabana Sorda\" href=\"http:\/\/www.carlosyconchita.net\/rutas\/04-08-2014-cabana-sorda\/\">Cabana Sorda <\/a>.<\/p>\n<table border=\"1\" cellspacing=\"300\" cellpadding=\"1\">\n<tbody>\n<tr>\n<td style=\"width: 300px; height: 40px; text-align: left; vertical-align: top;\"><strong>Dificultad :\u00a0 Dificil<\/strong><\/td>\n<td><strong>Recorrido :\u00a0 15&#8217;690 km.<\/strong><\/td>\n<\/tr>\n<tr>\n<td><strong>Desnivel acum.\u00a0 :\u00a0\u00a0 643 m. \u00a0 \u00a0 \u00a0 <\/strong><\/td>\n<td><strong>Alturas m\u00edn.\/m\u00e1x. \u00a0 :\u00a0\u00a0 1.768 \/ 2.322 m.<\/strong><\/td>\n<\/tr>\n<tr>\n<td><strong>Tiempo total :\u00a0 6 h. 41 m. <\/strong><\/td>\n<td><strong>Velocidad media :\u00a0 2&#8217;3 km.\/hora<\/strong><\/td>\n<\/tr>\n<tr>\n<td><strong>Tiempo movimiento\u00a0 :\u00a0 4 h. 02 m. <\/strong><\/td>\n<td><strong> Velocidad media\u00a0 :\u00a0 3&#8217;9 km.\/hora<\/strong><\/td>\n<\/tr>\n<\/tbody>\n<\/table>\n<p style=\"text-align: justify;\">\u00a0<\/p>\n<p style=\"text-align: justify;\">Para llegar alli y ver donde dejamos el coche,\u00a0 podemos seguir estas indicaciones : <a href=\"http:\/\/www.carlosyconchita.net\/rutas\/valle-de-incles-andorra\/\" target=\"_blank\"><strong>Valle de Incles &#8211; Parking de la Baladosa<\/strong> <\/a><\/p>\n<p style=\"text-align: justify;\">Dado que la ruta de hoy era mas larga y dif\u00edcil que la anterior de la Cabana Sorda, nuestra idea inicial era coger el minubus electrico para llegar hasta la zona de parking del Pont de la Baladosa , pero al llegar habia ya bastante gente haciendo cola, por lo que teniamos que esperar unos 45 minutos, as\u00ed que decidimos recorrer esos 3 km caminando, al igual que el otro dia.<\/p>\n<p style=\"text-align: justify;\">[shashin type=\u00bbphoto\u00bb id=\u00bb9364&#8243; size=\u00bblarge\u00bb columns=\u00bbmax\u00bb order=\u00bbuser\u00bb caption=\u00bby\u00bb position=\u00bbcenter\u00bb]<\/p>\n<p style=\"text-align: justify;\">A la vuelta, desde esta zona de parking, si que hemos cogido el minibus para bajar hasta el coche , por lo que el recorrido total de la excursi\u00f3n de 17.8 km , corresponden a 14.8 km caminando m\u00e1s los 3 km de vuelta con el minibus.<\/p>\n<p style=\"text-align: justify;\">[shashin type=\u00bbphoto\u00bb id=\u00bb9263&#8243; size=\u00bblarge\u00bb columns=\u00bbmax\u00bb order=\u00bbuser\u00bb caption=\u00bby\u00bb position=\u00bbcenter\u00bb]<\/p>\n<p style=\"text-align: justify;\">Todo el camino es muy pedregoso, y con bastantes tramos en que m\u00e1s que por el camino, pasamos entre piedras y rocas, y adem\u00e1s, el tramo que nos encontraremos despues entre los 2 lagos es bastante dif\u00edcil, ya que hay que bajar entre grandes piedras , aparte de un peque\u00f1o tramo en que hemos de ayudarnos con una cuerda para bajar y subir despu\u00e9s, por lo que teniendo en cuenta estos detalles, el recorrido total, desnivel\u00a0 y la dificultad a\u00f1adida del camino pedregoso , clasificamos esta ruta como Dificil.<\/p>\n<p style=\"text-align: justify;\">Empezamos pues a caminar en la parada del minibus y al cabo de poco, llegamos a la zona de parking, y despu\u00e9s de cruzar un puente seguimos el camino que est\u00e1 indicado perfectamente, y que de momento, es facil y va subiendo ligeramente hacia el fondo del valle y siguiendo el rio Juclar.<\/p>\n<p style=\"text-align: justify;\">Al cabo de aproximadamente 1 km llegamos a un puente de piedra, con una zona de picnic, y poco despu\u00e9s , el camino empieza a subir ya de forma m\u00e1s fuerte, y se complica un poco por la gran cantidad de piedras que nos encontramos, y que tendremos durante todo el recorrido.<\/p>\n<p style=\"text-align: justify;\">[shashin type=\u00bbphoto\u00bb id=\u00bb9264,9268&#8243; size=\u00bblarge\u00bb columns=\u00bbmax\u00bb order=\u00bbuser\u00bb caption=\u00bby\u00bb position=\u00bbcenter\u00bb]<\/p>\n<p style=\"text-align: justify;\">Pasaremos despues por una bonita zona con bastante desnivel y varias cascadas, y rodeados de las altas monta\u00f1as de la zona.<\/p>\n<p style=\"text-align: justify;\">[shashin type=\u00bbphoto\u00bb id=\u00bb9273,9275,9279&#8243; size=\u00bblarge\u00bb columns=\u00bbmax\u00bb order=\u00bbuser\u00bb caption=\u00bby\u00bb position=\u00bbcenter\u00bb]<\/p>\n<p style=\"text-align: justify;\">Llegaremos a una zona algo mas plana (La Pleta de Juclar) , en donde hay se\u00f1alado un mirador, desde el que podremos ver todo el valle.<\/p>\n<p style=\"text-align: justify;\">[shashin type=\u00bbphoto\u00bb id=\u00bb9289,9294,9292&#8243; size=\u00bblarge\u00bb columns=\u00bbmax\u00bb order=\u00bbuser\u00bb caption=\u00bby\u00bb position=\u00bbcenter\u00bb]<\/p>\n<p style=\"text-align: justify;\">Poco despu\u00e9s, el camino empieza a subir de nuevo, y despu\u00e9s de ver una estacion meteorologica, podremos ver ya una pared que hace de presa del primer Estany de Juclar.<\/p>\n<p style=\"text-align: justify;\">[shashin type=\u00bbphoto\u00bb id=\u00bb9302&#8243; size=\u00bblarge\u00bb columns=\u00bbmax\u00bb order=\u00bbuser\u00bb caption=\u00bby\u00bb position=\u00bbcenter\u00bb]<\/p>\n<p style=\"text-align: justify;\">Una vez arriba, podemos ver ya el primer Estany, pero observamos que parece que estan trabajando alli, ya que aparte de alguna peque\u00f1a maquinaria y alguna persona trabajando al borde del agua, todo el borde del lago aparece con muchas rocas rotas, como si estuvieran haciendo voladuras, ya que desde luego, excavadoras o camiones alli arriba no hay.<\/p>\n<p style=\"text-align: justify;\">[shashin type=\u00bbphoto\u00bb id=\u00bb9303,9310&#8243; size=\u00bblarge\u00bb columns=\u00bbmax\u00bb order=\u00bbuser\u00bb caption=\u00bby\u00bb position=\u00bbcenter\u00bb]<\/p>\n<p style=\"text-align: justify;\">Realmente , la vista de este primer lago no es muy bonita, ya que aparte de que tiene muy poco agua, como decimos, todo el borde est\u00e1 como \u201croto\u201d, con barro y rocas, y no se puede seguir por alli, sino que para llegar al segundo lago, hemos de caminar por la parte m\u00e1s alta, en la que nos encontramos muchas rocas y poco camino.<\/p>\n<p style=\"text-align: justify;\">En una guia de excursiones que tenemos, hay una foto de este lago , en el que se observa el borde del mismo, con la vegetaci\u00f3n normal que suele haber, y con el camino perfectamente visible, lo que nos hace pensar lo que dec\u00edamos antes , de que se estan haciendo trabajos en el mismo.<\/p>\n<p style=\"text-align: justify;\">Seguimos pues hacia el segundo lago, pero debido a la gran cantidad de rocas que encontramos, cuesta encontrar el camino correcto, y aunque lo encontremos, continuamos pasando por entre rocas y piedras, hasta que ya vemos a lo lejos el segundo lago.<\/p>\n<p style=\"text-align: justify;\">Debido a que hemos estado caminando por la zona m\u00e1s alta y no por el borde del primer lago, ahora tenemos que descender para llegar al segundo, y en unos de los puntos, encontramos un estrecho paso o canal, en el que hemos de bajar ayudados por una cuerda que encontramos.<\/p>\n<p style=\"text-align: justify;\">[shashin type=\u00bbphoto\u00bb id=\u00bb9335&#8243; size=\u00bblarge\u00bb columns=\u00bbmax\u00bb order=\u00bbuser\u00bb caption=\u00bby\u00bb position=\u00bbcenter\u00bb]<\/p>\n<p style=\"text-align: justify;\">A partir de alli, nos queda el ultimo y mas dif\u00edcil tramo de bajada, con grandes rocas y que debemos cruzar para llegar a una zona mas plana, y desde donde llegamos ya al lago.<\/p>\n<p style=\"text-align: justify;\">[shashin type=\u00bbphoto\u00bb id=\u00bb9329&#8243; size=\u00bblarge\u00bb columns=\u00bbmax\u00bb order=\u00bbuser\u00bb caption=\u00bby\u00bb position=\u00bbcenter\u00bb]<\/p>\n<p style=\"text-align: justify;\">\u00a0Este segundo lago es mucho mas bonito que el primero, y queda encerrado entre los altos y bonitos picos que lo rodean.<\/p>\n<p style=\"text-align: justify;\">[shashin type=\u00bbphoto\u00bb id=\u00bb9322,9323&#8243; size=\u00bblarge\u00bb columns=\u00bbmax\u00bb order=\u00bbuser\u00bb caption=\u00bby\u00bb position=\u00bbcenter\u00bb]<\/p>\n<p style=\"text-align: justify;\">La vuelta es por el mismo sitio, pero con la diferencia de que poco antes de llegar a la presa del primer lago, nos desviamos un poco hacia nuestra izquierda para llegar al Refugi de Juclar, en cuyos alrededores nos encontraremos 2 peque\u00f1os lagos.<\/p>\n<p style=\"text-align: justify;\">[shashin type=\u00bbphoto\u00bb id=\u00bb9343,9342&#8243; size=\u00bblarge\u00bb columns=\u00bbmax\u00bb order=\u00bbuser\u00bb caption=\u00bby\u00bb position=\u00bbcenter\u00bb]<\/p>\n<p style=\"text-align: justify;\">Desde alli, seguimos el camino de bajada hasta la presa del primer lago, y descendemos por el mismo camino por el que hemos subido.<\/p>\n<p style=\"text-align: justify;\">Cuando llegamos a la zona de parking del Pont de la Baladosa, nos encontramos el minibus electrico, que esta vez s\u00ed que cogemos para recorrer los 3 ultimos kms., que nos quedan hasta llegar al coche.<\/p>\n<p style=\"text-align: justify;\">Nota : estos 3 kms estan incluidos en el track.<\/p>\n<hr \/>\n<h2>Track de la ruta<\/h2>\n<p>[map style=\u00bbwidth: auto; height:400px; margin:20px 0px 20px 0px; border: 1px solid black;\u00bb gpx=\u00bbhttp:\/\/www.carlosyconchita.net\/rutas\/wp-content\/uploads\/EstanysJuclar.gpx\u00bb]<\/p>\n<hr \/>\n<p>&nbsp;<\/p>\n<table border=\"2\" cellspacing=\"300\" cellpadding=\"2\">\n<tbody>\n<tr style=\"height: 40px;\">\n<td style=\"width: 300px; height: 40px; text-align: center; vertical-align: middle;\"><strong>Enlace album de fotos<\/strong><\/td>\n<td style=\"width: 300px; height: 40px; text-align: center; vertical-align: middle;\">[shashin type=\u00bbalbum\u00bb id=\u00bb169&#8243; size=\u00bbsmall\u00bb crop=\u00bbn\u00bb columns=\u00bbmax\u00bb caption=\u00bby\u00bb order=\u00bbdate\u00bb position=\u00bbcenter\u00bb]<\/td>\n<\/tr>\n<tr style=\"height: 100px;\">\n<td style=\"width: 300px; height: 100px; text-align: center; vertical-align: middle;\"><strong>Enlace\u00a0 Wikiloc <\/strong><\/td>\n<td style=\"width: 300px; height: 100px; text-align: center; vertical-align: middle;\"><a href=\"http:\/\/es.wikiloc.com\/wikiloc\/view.do?id=7868636\" target=\"_blank\"><img loading=\"lazy\" decoding=\"async\" class=\"aligncenter\" title=\"wikiloc\" src=\"http:\/\/www.carlosyconchita.net\/rutas\/wp-content\/uploads\/2020\/09\/wikiloc.jpg\" alt=\"\" width=\"117\" height=\"34\" \/><\/a><\/td>\n<\/tr>\n<\/tbody>\n<\/table>\n<p style=\"text-align: justify;\"><span style=\"color: #ff0000; background-color: #ffffff; font-size: 14pt;\"><strong>Si te ha gustado, comp\u00e1rtelo en tu red favorita,\u00a0 haz +1, o env\u00edanos tu comentario. <\/strong><\/span><\/p>\n<p><span style=\"font-size: 14pt;\"><strong><span style=\"color: #ff0000;\">Muchas gracias !<\/span><\/strong><\/span> \u00a0<\/p>\n","protected":false},"excerpt":{"rendered":"<p>La excursi\u00f3n als Estanys de Juclar, empieza en la poblaci\u00f3n andorrana de Soldeu, en el mismo sitio que nuestra anterior excursi\u00f3n al lago de la Cabana Sorda . Dificultad :\u00a0 Dificil Recorrido :\u00a0 15&#8217;690 km. Desnivel acum.\u00a0 :\u00a0\u00a0 643 m. \u00a0 \u00a0 \u00a0 Alturas m\u00edn.\/m\u00e1x. \u00a0 :\u00a0\u00a0 1.768 \/ 2.322 m. Tiempo total :\u00a0 6 [&hellip;]<\/p>\n","protected":false},"author":50,"featured_media":5940,"comment_status":"open","ping_status":"open","sticky":false,"template":"","format":"gallery","meta":{"footnotes":""},"categories":[12,27,66],"tags":[],"class_list":{"0":"post-5928","1":"post","2":"type-post","3":"status-publish","4":"format-gallery","5":"has-post-thumbnail","6":"hentry","7":"category-dificil","8":"category-4-de-15-a-20-km","9":"category-andorra","10":"post_format-post-format-gallery","12":"post-with-thumbnail","13":"post-with-thumbnail-icon"},"yoast_head":"<!-- This site is optimized with the Yoast SEO plugin v27.4 - https:\/\/yoast.com\/product\/yoast-seo-wordpress\/ -->\n<title>Estanys de Juclar<\/title>\n<meta name=\"description\" content=\"La excursi\u00f3n als Estanys de Juclar, empieza en la poblaci\u00f3n andorrana de Soldeu, en el mismo sitio que nuestra anterior excursi\u00f3n al lago de la Cabana Sorda .\" \/>\n<meta name=\"robots\" content=\"index, follow, max-snippet:-1, max-image-preview:large, max-video-preview:-1\" \/>\n<link rel=\"canonical\" href=\"https:\/\/www.carlosyconchita.net\/rutas\/19-08-2014-estanys-de-juclar\/\" \/>\n<meta property=\"og:locale\" content=\"es_ES\" \/>\n<meta property=\"og:type\" content=\"article\" \/>\n<meta property=\"og:title\" content=\"Estanys de Juclar\" \/>\n<meta property=\"og:description\" content=\"La excursi\u00f3n als Estanys de Juclar, empieza en la poblaci\u00f3n andorrana de Soldeu, en el mismo sitio que nuestra anterior excursi\u00f3n al lago de la Cabana Sorda .\" \/>\n<meta property=\"og:url\" content=\"https:\/\/www.carlosyconchita.net\/rutas\/19-08-2014-estanys-de-juclar\/\" \/>\n<meta property=\"og:site_name\" content=\"Las rutas de Carlos y Conchita\" \/>\n<meta property=\"article:published_time\" content=\"2014-08-19T19:28:42+00:00\" \/>\n<meta property=\"article:modified_time\" content=\"2015-09-29T21:21:09+00:00\" \/>\n<meta property=\"og:image\" content=\"https:\/\/www.carlosyconchita.net\/rutas\/wp-content\/uploads\/2014\/08\/P8198041.jpg\" \/>\n\t<meta property=\"og:image:width\" content=\"2048\" \/>\n\t<meta property=\"og:image:height\" content=\"1536\" \/>\n\t<meta property=\"og:image:type\" content=\"image\/jpeg\" \/>\n<meta name=\"author\" content=\"Carlos Conchita\" \/>\n<meta name=\"twitter:label1\" content=\"Escrito por\" \/>\n\t<meta name=\"twitter:data1\" content=\"Carlos Conchita\" \/>\n\t<meta name=\"twitter:label2\" content=\"Tiempo de lectura\" \/>\n\t<meta name=\"twitter:data2\" content=\"6 minutos\" \/>\n<script type=\"application\/ld+json\" class=\"yoast-schema-graph\">{\"@context\":\"https:\\\/\\\/schema.org\",\"@graph\":[{\"@type\":\"Article\",\"@id\":\"https:\\\/\\\/www.carlosyconchita.net\\\/rutas\\\/19-08-2014-estanys-de-juclar\\\/#article\",\"isPartOf\":{\"@id\":\"https:\\\/\\\/www.carlosyconchita.net\\\/rutas\\\/19-08-2014-estanys-de-juclar\\\/\"},\"author\":{\"name\":\"Carlos Conchita\",\"@id\":\"https:\\\/\\\/www.carlosyconchita.net\\\/rutas\\\/#\\\/schema\\\/person\\\/a9691f7258c28443fab2d3aa1479ea19\"},\"headline\":\"19-08-2014 \u2013 Estanys de Juclar\",\"datePublished\":\"2014-08-19T19:28:42+00:00\",\"dateModified\":\"2015-09-29T21:21:09+00:00\",\"mainEntityOfPage\":{\"@id\":\"https:\\\/\\\/www.carlosyconchita.net\\\/rutas\\\/19-08-2014-estanys-de-juclar\\\/\"},\"wordCount\":1142,\"commentCount\":0,\"image\":{\"@id\":\"https:\\\/\\\/www.carlosyconchita.net\\\/rutas\\\/19-08-2014-estanys-de-juclar\\\/#primaryimage\"},\"thumbnailUrl\":\"https:\\\/\\\/www.carlosyconchita.net\\\/rutas\\\/wp-content\\\/uploads\\\/2014\\\/08\\\/P8198041.jpg\",\"articleSection\":[\"3-Dif\u00edcil\",\"4 - De 15 a 20 km.\",\"Andorra\"],\"inLanguage\":\"es\",\"potentialAction\":[{\"@type\":\"CommentAction\",\"name\":\"Comment\",\"target\":[\"https:\\\/\\\/www.carlosyconchita.net\\\/rutas\\\/19-08-2014-estanys-de-juclar\\\/#respond\"]}]},{\"@type\":\"WebPage\",\"@id\":\"https:\\\/\\\/www.carlosyconchita.net\\\/rutas\\\/19-08-2014-estanys-de-juclar\\\/\",\"url\":\"https:\\\/\\\/www.carlosyconchita.net\\\/rutas\\\/19-08-2014-estanys-de-juclar\\\/\",\"name\":\"Estanys de Juclar\",\"isPartOf\":{\"@id\":\"https:\\\/\\\/www.carlosyconchita.net\\\/rutas\\\/#website\"},\"primaryImageOfPage\":{\"@id\":\"https:\\\/\\\/www.carlosyconchita.net\\\/rutas\\\/19-08-2014-estanys-de-juclar\\\/#primaryimage\"},\"image\":{\"@id\":\"https:\\\/\\\/www.carlosyconchita.net\\\/rutas\\\/19-08-2014-estanys-de-juclar\\\/#primaryimage\"},\"thumbnailUrl\":\"https:\\\/\\\/www.carlosyconchita.net\\\/rutas\\\/wp-content\\\/uploads\\\/2014\\\/08\\\/P8198041.jpg\",\"datePublished\":\"2014-08-19T19:28:42+00:00\",\"dateModified\":\"2015-09-29T21:21:09+00:00\",\"author\":{\"@id\":\"https:\\\/\\\/www.carlosyconchita.net\\\/rutas\\\/#\\\/schema\\\/person\\\/a9691f7258c28443fab2d3aa1479ea19\"},\"description\":\"La excursi\u00f3n als Estanys de Juclar, empieza en la poblaci\u00f3n andorrana de Soldeu, en el mismo sitio que nuestra anterior excursi\u00f3n al lago de la Cabana Sorda .\",\"breadcrumb\":{\"@id\":\"https:\\\/\\\/www.carlosyconchita.net\\\/rutas\\\/19-08-2014-estanys-de-juclar\\\/#breadcrumb\"},\"inLanguage\":\"es\",\"potentialAction\":[{\"@type\":\"ReadAction\",\"target\":[\"https:\\\/\\\/www.carlosyconchita.net\\\/rutas\\\/19-08-2014-estanys-de-juclar\\\/\"]}]},{\"@type\":\"ImageObject\",\"inLanguage\":\"es\",\"@id\":\"https:\\\/\\\/www.carlosyconchita.net\\\/rutas\\\/19-08-2014-estanys-de-juclar\\\/#primaryimage\",\"url\":\"https:\\\/\\\/www.carlosyconchita.net\\\/rutas\\\/wp-content\\\/uploads\\\/2014\\\/08\\\/P8198041.jpg\",\"contentUrl\":\"https:\\\/\\\/www.carlosyconchita.net\\\/rutas\\\/wp-content\\\/uploads\\\/2014\\\/08\\\/P8198041.jpg\",\"width\":2048,\"height\":1536},{\"@type\":\"BreadcrumbList\",\"@id\":\"https:\\\/\\\/www.carlosyconchita.net\\\/rutas\\\/19-08-2014-estanys-de-juclar\\\/#breadcrumb\",\"itemListElement\":[{\"@type\":\"ListItem\",\"position\":1,\"name\":\"Portada\",\"item\":\"https:\\\/\\\/www.carlosyconchita.net\\\/rutas\\\/\"},{\"@type\":\"ListItem\",\"position\":2,\"name\":\"19-08-2014 \u2013 Estanys de Juclar\"}]},{\"@type\":\"WebSite\",\"@id\":\"https:\\\/\\\/www.carlosyconchita.net\\\/rutas\\\/#website\",\"url\":\"https:\\\/\\\/www.carlosyconchita.net\\\/rutas\\\/\",\"name\":\"Las rutas de Carlos y Conchita\",\"description\":\"\",\"potentialAction\":[{\"@type\":\"SearchAction\",\"target\":{\"@type\":\"EntryPoint\",\"urlTemplate\":\"https:\\\/\\\/www.carlosyconchita.net\\\/rutas\\\/?s={search_term_string}\"},\"query-input\":{\"@type\":\"PropertyValueSpecification\",\"valueRequired\":true,\"valueName\":\"search_term_string\"}}],\"inLanguage\":\"es\"},{\"@type\":\"Person\",\"@id\":\"https:\\\/\\\/www.carlosyconchita.net\\\/rutas\\\/#\\\/schema\\\/person\\\/a9691f7258c28443fab2d3aa1479ea19\",\"name\":\"Carlos Conchita\",\"image\":{\"@type\":\"ImageObject\",\"inLanguage\":\"es\",\"@id\":\"https:\\\/\\\/secure.gravatar.com\\\/avatar\\\/3a4625b20c8da3de99da69bfe7a322774e291c3f90dce7e8778a30fe6748ed1a?s=96&d=mm&r=g\",\"url\":\"https:\\\/\\\/secure.gravatar.com\\\/avatar\\\/3a4625b20c8da3de99da69bfe7a322774e291c3f90dce7e8778a30fe6748ed1a?s=96&d=mm&r=g\",\"contentUrl\":\"https:\\\/\\\/secure.gravatar.com\\\/avatar\\\/3a4625b20c8da3de99da69bfe7a322774e291c3f90dce7e8778a30fe6748ed1a?s=96&d=mm&r=g\",\"caption\":\"Carlos Conchita\"}}]}<\/script>\n<!-- \/ Yoast SEO plugin. -->","yoast_head_json":{"title":"Estanys de Juclar","description":"La excursi\u00f3n als Estanys de Juclar, empieza en la poblaci\u00f3n andorrana de Soldeu, en el mismo sitio que nuestra anterior excursi\u00f3n al lago de la Cabana Sorda .","robots":{"index":"index","follow":"follow","max-snippet":"max-snippet:-1","max-image-preview":"max-image-preview:large","max-video-preview":"max-video-preview:-1"},"canonical":"https:\/\/www.carlosyconchita.net\/rutas\/19-08-2014-estanys-de-juclar\/","og_locale":"es_ES","og_type":"article","og_title":"Estanys de Juclar","og_description":"La excursi\u00f3n als Estanys de Juclar, empieza en la poblaci\u00f3n andorrana de Soldeu, en el mismo sitio que nuestra anterior excursi\u00f3n al lago de la Cabana Sorda .","og_url":"https:\/\/www.carlosyconchita.net\/rutas\/19-08-2014-estanys-de-juclar\/","og_site_name":"Las rutas de Carlos y Conchita","article_published_time":"2014-08-19T19:28:42+00:00","article_modified_time":"2015-09-29T21:21:09+00:00","og_image":[{"width":2048,"height":1536,"url":"https:\/\/www.carlosyconchita.net\/rutas\/wp-content\/uploads\/2014\/08\/P8198041.jpg","type":"image\/jpeg"}],"author":"Carlos Conchita","twitter_misc":{"Escrito por":"Carlos Conchita","Tiempo de lectura":"6 minutos"},"schema":{"@context":"https:\/\/schema.org","@graph":[{"@type":"Article","@id":"https:\/\/www.carlosyconchita.net\/rutas\/19-08-2014-estanys-de-juclar\/#article","isPartOf":{"@id":"https:\/\/www.carlosyconchita.net\/rutas\/19-08-2014-estanys-de-juclar\/"},"author":{"name":"Carlos Conchita","@id":"https:\/\/www.carlosyconchita.net\/rutas\/#\/schema\/person\/a9691f7258c28443fab2d3aa1479ea19"},"headline":"19-08-2014 \u2013 Estanys de Juclar","datePublished":"2014-08-19T19:28:42+00:00","dateModified":"2015-09-29T21:21:09+00:00","mainEntityOfPage":{"@id":"https:\/\/www.carlosyconchita.net\/rutas\/19-08-2014-estanys-de-juclar\/"},"wordCount":1142,"commentCount":0,"image":{"@id":"https:\/\/www.carlosyconchita.net\/rutas\/19-08-2014-estanys-de-juclar\/#primaryimage"},"thumbnailUrl":"https:\/\/www.carlosyconchita.net\/rutas\/wp-content\/uploads\/2014\/08\/P8198041.jpg","articleSection":["3-Dif\u00edcil","4 - De 15 a 20 km.","Andorra"],"inLanguage":"es","potentialAction":[{"@type":"CommentAction","name":"Comment","target":["https:\/\/www.carlosyconchita.net\/rutas\/19-08-2014-estanys-de-juclar\/#respond"]}]},{"@type":"WebPage","@id":"https:\/\/www.carlosyconchita.net\/rutas\/19-08-2014-estanys-de-juclar\/","url":"https:\/\/www.carlosyconchita.net\/rutas\/19-08-2014-estanys-de-juclar\/","name":"Estanys de Juclar","isPartOf":{"@id":"https:\/\/www.carlosyconchita.net\/rutas\/#website"},"primaryImageOfPage":{"@id":"https:\/\/www.carlosyconchita.net\/rutas\/19-08-2014-estanys-de-juclar\/#primaryimage"},"image":{"@id":"https:\/\/www.carlosyconchita.net\/rutas\/19-08-2014-estanys-de-juclar\/#primaryimage"},"thumbnailUrl":"https:\/\/www.carlosyconchita.net\/rutas\/wp-content\/uploads\/2014\/08\/P8198041.jpg","datePublished":"2014-08-19T19:28:42+00:00","dateModified":"2015-09-29T21:21:09+00:00","author":{"@id":"https:\/\/www.carlosyconchita.net\/rutas\/#\/schema\/person\/a9691f7258c28443fab2d3aa1479ea19"},"description":"La excursi\u00f3n als Estanys de Juclar, empieza en la poblaci\u00f3n andorrana de Soldeu, en el mismo sitio que nuestra anterior excursi\u00f3n al lago de la Cabana Sorda .","breadcrumb":{"@id":"https:\/\/www.carlosyconchita.net\/rutas\/19-08-2014-estanys-de-juclar\/#breadcrumb"},"inLanguage":"es","potentialAction":[{"@type":"ReadAction","target":["https:\/\/www.carlosyconchita.net\/rutas\/19-08-2014-estanys-de-juclar\/"]}]},{"@type":"ImageObject","inLanguage":"es","@id":"https:\/\/www.carlosyconchita.net\/rutas\/19-08-2014-estanys-de-juclar\/#primaryimage","url":"https:\/\/www.carlosyconchita.net\/rutas\/wp-content\/uploads\/2014\/08\/P8198041.jpg","contentUrl":"https:\/\/www.carlosyconchita.net\/rutas\/wp-content\/uploads\/2014\/08\/P8198041.jpg","width":2048,"height":1536},{"@type":"BreadcrumbList","@id":"https:\/\/www.carlosyconchita.net\/rutas\/19-08-2014-estanys-de-juclar\/#breadcrumb","itemListElement":[{"@type":"ListItem","position":1,"name":"Portada","item":"https:\/\/www.carlosyconchita.net\/rutas\/"},{"@type":"ListItem","position":2,"name":"19-08-2014 \u2013 Estanys de Juclar"}]},{"@type":"WebSite","@id":"https:\/\/www.carlosyconchita.net\/rutas\/#website","url":"https:\/\/www.carlosyconchita.net\/rutas\/","name":"Las rutas de Carlos y Conchita","description":"","potentialAction":[{"@type":"SearchAction","target":{"@type":"EntryPoint","urlTemplate":"https:\/\/www.carlosyconchita.net\/rutas\/?s={search_term_string}"},"query-input":{"@type":"PropertyValueSpecification","valueRequired":true,"valueName":"search_term_string"}}],"inLanguage":"es"},{"@type":"Person","@id":"https:\/\/www.carlosyconchita.net\/rutas\/#\/schema\/person\/a9691f7258c28443fab2d3aa1479ea19","name":"Carlos Conchita","image":{"@type":"ImageObject","inLanguage":"es","@id":"https:\/\/secure.gravatar.com\/avatar\/3a4625b20c8da3de99da69bfe7a322774e291c3f90dce7e8778a30fe6748ed1a?s=96&d=mm&r=g","url":"https:\/\/secure.gravatar.com\/avatar\/3a4625b20c8da3de99da69bfe7a322774e291c3f90dce7e8778a30fe6748ed1a?s=96&d=mm&r=g","contentUrl":"https:\/\/secure.gravatar.com\/avatar\/3a4625b20c8da3de99da69bfe7a322774e291c3f90dce7e8778a30fe6748ed1a?s=96&d=mm&r=g","caption":"Carlos Conchita"}}]}},"_links":{"self":[{"href":"https:\/\/www.carlosyconchita.net\/rutas\/wp-json\/wp\/v2\/posts\/5928","targetHints":{"allow":["GET"]}}],"collection":[{"href":"https:\/\/www.carlosyconchita.net\/rutas\/wp-json\/wp\/v2\/posts"}],"about":[{"href":"https:\/\/www.carlosyconchita.net\/rutas\/wp-json\/wp\/v2\/types\/post"}],"author":[{"embeddable":true,"href":"https:\/\/www.carlosyconchita.net\/rutas\/wp-json\/wp\/v2\/users\/50"}],"replies":[{"embeddable":true,"href":"https:\/\/www.carlosyconchita.net\/rutas\/wp-json\/wp\/v2\/comments?post=5928"}],"version-history":[{"count":0,"href":"https:\/\/www.carlosyconchita.net\/rutas\/wp-json\/wp\/v2\/posts\/5928\/revisions"}],"wp:featuredmedia":[{"embeddable":true,"href":"https:\/\/www.carlosyconchita.net\/rutas\/wp-json\/wp\/v2\/media\/5940"}],"wp:attachment":[{"href":"https:\/\/www.carlosyconchita.net\/rutas\/wp-json\/wp\/v2\/media?parent=5928"}],"wp:term":[{"taxonomy":"category","embeddable":true,"href":"https:\/\/www.carlosyconchita.net\/rutas\/wp-json\/wp\/v2\/categories?post=5928"},{"taxonomy":"post_tag","embeddable":true,"href":"https:\/\/www.carlosyconchita.net\/rutas\/wp-json\/wp\/v2\/tags?post=5928"}],"curies":[{"name":"wp","href":"https:\/\/api.w.org\/{rel}","templated":true}]}}