{"id":6198,"date":"2014-11-01T23:20:34","date_gmt":"2014-11-01T21:20:34","guid":{"rendered":"http:\/\/www.carlosyconchita.net\/rutas\/?p=6198"},"modified":"2014-11-08T00:05:37","modified_gmt":"2014-11-07T22:05:37","slug":"lago-de-naguille","status":"publish","type":"post","link":"https:\/\/www.carlosyconchita.net\/rutas\/lago-de-naguille\/","title":{"rendered":"01-11-2014 &#8211; Lago de Naguille"},"content":{"rendered":"<p style=\"text-align: justify;\">\u00a0La ruta de hoy al Lago de Naguille, empieza en el pueblo de Orl\u00fa, cerca de Ax-Les Thermes, y nos llevar\u00e1 hasta este lago, actualmente una presa de una central electrica, pasando por bosques de la Reserva Nacional de Fauna de Orl\u00fa.<\/p>\n<p style=\"text-align: justify;\">La ruta no es excesivamente larga, pero s\u00ed con un gran desnivel, que adem\u00e1s se salva en muy pocos kil\u00f3metros, ya que en aproximadamente 5 km de recorrido subimos casi 1.000 m. de desnivel, por lo que en estos momentos, esta ruta se ha puesto en primer lugar de nuestros \u201cmini-records\u201d , en cuanto a desnivel se refiere.<\/p>\n<p style=\"text-align: justify;\">Aparte del desnivel, en la mayor parte del recorrido hay bastantes piedras, y dada la epoca del a\u00f1o en que estamos, muchos tramos estaban completamente cubiertos de hojas caidas de los arboles, y aparte de algun que otro resbalon, en algun punto hemos tenido dificultad para ver el camino, aunque hay que decir que en los arboles estaba perfectamente se\u00f1alizado con las se\u00f1ales rojas-amarillas.<\/p>\n<p>&nbsp;<\/p>\n<table border=\"1\" cellspacing=\"300\" cellpadding=\"1\">\n<tbody>\n<tr>\n<td style=\"width: 300px; height: 40px; text-align: left; vertical-align: top;\"><strong>Dificultad :\u00a0 Dificil<br \/><\/strong><\/td>\n<td><strong>Recorrido :\u00a0 11&#8217;598 km.<\/strong><\/td>\n<\/tr>\n<tr>\n<td><strong>Desnivel acum.\u00a0 :\u00a0\u00a0 952 m. \u00a0 \u00a0 \u00a0 <\/strong><\/td>\n<td><strong>Alturas m\u00edn.\/m\u00e1x. \u00a0 :\u00a0\u00a0 908 \/ 1.895 m.<\/strong><\/td>\n<\/tr>\n<tr>\n<td><strong>Tiempo total :\u00a0 7 h. 15 m.<br \/> <\/strong><\/td>\n<td><strong>Velocidad media :\u00a0 1&#8217;51 km.\/hora<\/strong><\/td>\n<\/tr>\n<tr>\n<td><strong>Tiempo movimiento\u00a0 :\u00a0 2 h. 07 m.<br \/> <\/strong><\/td>\n<td><strong> Velocidad media\u00a0 :\u00a0 2&#8217;79 km.\/hora<\/strong><\/td>\n<\/tr>\n<\/tbody>\n<\/table>\n<p style=\"text-align: justify;\">\u00a0<\/p>\n<p style=\"text-align: justify;\">Para llegar alli desde Bourgmadame, seguimos las indicaciones para ir al Col de Puymorens (<a title=\"Parking del Col de Puymorens\" href=\"http:\/\/www.carlosyconchita.net\/rutas\/parking-del-col-de-puymorens\/\" target=\"_blank\">ver enlace<\/a> ) , y una vez arriba, seguimos la carretera en direccion a Ax-Les Termes.<\/p>\n<p style=\"text-align: justify;\">Justo a la entrada de esta poblaci\u00f3n veremos a nuestra derecha las indicaciones de Orl\u00fa, y unos pocos kil\u00f3metros despu\u00e9s de este pueblo, y justo detr\u00e1s de una central el\u00e9ctrica de la EDF (Electricit\u00e9 de France), se termina la carretera y a la derecha veremos una gran zona de parking, en donde dejaremos el coche.<\/p>\n<p style=\"text-align: justify;\">[shashin type=\u00bbphoto\u00bb id=\u00bb10749&#8243; size=\u00bblarge\u00bb columns=\u00bbmax\u00bb order=\u00bbuser\u00bb caption=\u00bby\u00bb position=\u00bbcenter\u00bb]<\/p>\n<p style=\"text-align: justify;\">Ya en el parking nos daremos cuenta de lo que ser\u00e1 una buena parte de nuestro recorrido, que es la gran humedad que hay, debido a los espesos y sombrios bosques de la zona.<\/p>\n<p style=\"text-align: justify;\">\u00a0Una vez dejado el coche, empezamos el camino por el fondo del parking, y despu\u00e9s de cruzar un puente sobre el rio Ori\u00e8ge, empezamos a subir entre arboles, primero de forma bastante suave.<\/p>\n<p style=\"text-align: justify;\">[shashin type=\u00bbphoto\u00bb id=\u00bb10750,10751&#8243; size=\u00bblarge\u00bb columns=\u00bbmax\u00bb order=\u00bbuser\u00bb caption=\u00bby\u00bb position=\u00bbcenter\u00bb]<\/p>\n<p style=\"text-align: justify;\">Llegaremos al lado de una gran tuberia que baja el agua desde el lago, 950 m. m\u00e1s arriba, y la conduce a la central que hemos visto antes del parking.<\/p>\n<p style=\"text-align: justify;\">[shashin type=\u00bbphoto\u00bb id=\u00bb10754&#8243; size=\u00bblarge\u00bb columns=\u00bbmax\u00bb order=\u00bbuser\u00bb caption=\u00bby\u00bb position=\u00bbcenter\u00bb]<\/p>\n<p style=\"text-align: justify;\">Alli encontraremos un letrero con algunas explicaciones sobre esta presa construida sobre un lago natural.<\/p>\n<p style=\"text-align: justify;\">[shashin type=\u00bbphoto\u00bb id=\u00bb10808&#8243; size=\u00bblarge\u00bb columns=\u00bbmax\u00bb order=\u00bbuser\u00bb caption=\u00bby\u00bb position=\u00bbcenter\u00bb]<\/p>\n<p style=\"text-align: justify;\">A partir de ese punto el camino empieza a subir de forma muy pronunciada, haciendo continuos zig-zags para salvar el desnivel y como podemos ver en las fotos, el suelo aparece totalmente cubierto de hojas, y con mucho musgo en las rocas y arboles debido a la poca luz del sol que entra entre los arboles.<\/p>\n<p style=\"text-align: justify;\">[shashin type=\u00bbphoto\u00bb id=\u00bb10757,10755,10752&#8243; size=\u00bblarge\u00bb columns=\u00bbmax\u00bb order=\u00bbuser\u00bb caption=\u00bby\u00bb position=\u00bbcenter\u00bb]<\/p>\n<p style=\"text-align: justify;\">En algun punto los arboles nos permiten ver la monta\u00f1a que hay al otro lado de la carretera donde esta el parking, que es el Pic de Braseil , llamado tambien \u201cDent d\u2019Orl\u00fa\u201d.<\/p>\n<p style=\"text-align: justify;\">[shashin type=\u00bbphoto\u00bb id=\u00bb10759&#8243; size=\u00bblarge\u00bb columns=\u00bbmax\u00bb order=\u00bbuser\u00bb caption=\u00bby\u00bb position=\u00bbcenter\u00bb]<\/p>\n<p style=\"text-align: justify;\">\u00a0Cruzaremos un puente sobre un riachuelo que baja de las monta\u00f1as, y continuamos subiendo por la fuerte pendiente y por el espeso y sombrio bosque durante unos 3 km. Y a partir de alli, el camino no sube de forma tan pronunciada y pasa por una zona algo m\u00e1s abierta.<\/p>\n<p style=\"text-align: justify;\">[shashin type=\u00bbphoto\u00bb id=\u00bb10763,10764,10769&#8243; size=\u00bblarge\u00bb columns=\u00bbmax\u00bb order=\u00bbuser\u00bb caption=\u00bby\u00bb position=\u00bbcenter\u00bb]<\/p>\n<p style=\"text-align: justify;\">En un punto determinado y a pesar de tener el sol de cara, vemos ya a lo lejos y a una gran altura la presa a donde nos dirigimos\u2026 asi que todav\u00eda nos queda un buen tramo de subida.<\/p>\n<p style=\"text-align: justify;\">[shashin type=\u00bbphoto\u00bb id=\u00bb10771&#8243; size=\u00bblarge\u00bb columns=\u00bbmax\u00bb order=\u00bbuser\u00bb caption=\u00bby\u00bb position=\u00bbcenter\u00bb]<\/p>\n<p style=\"text-align: justify;\">Caminamos un buen trecho sin subir demasiado, lo que nos hace suponer que al final tendremos que subir casi de golpe lo que nos queda para llegar al nivel de la presa y el agua, como asi ha sido : llegamos a una especie de explanada , en donde hay varias construcciones de la EDF, y con varios tuneles excavados en la roca, y alli en lo alto arriba de todo, tenemos la presa : nos quedan por subir unos 90 m. de desnivel, pero de forma casi vertical, porque la presa la tenemos ah\u00ed mismo&#8230;<\/p>\n<p style=\"text-align: justify;\">[shashin type=\u00bbphoto\u00bb id=\u00bb10773,10774&#8243; size=\u00bblarge\u00bb columns=\u00bbmax\u00bb order=\u00bbuser\u00bb caption=\u00bby\u00bb position=\u00bbcenter\u00bb]<\/p>\n<p style=\"text-align: justify;\">Vamos subiendo pues por un camino, por llamarlo de algun modo, entre rocas y haciendo zig-zag por donde podemos, y vamos ganado altura como podemos, hasta que finalmente conseguimos llegar arriba al nivel de la presa y del agua.<\/p>\n<p style=\"text-align: justify;\">[shashin type=\u00bbphoto\u00bb id=\u00bb10775,10779&#8243; size=\u00bblarge\u00bb columns=\u00bbmax\u00bb order=\u00bbuser\u00bb caption=\u00bby\u00bb position=\u00bbcenter\u00bb]<\/p>\n<p style=\"text-align: justify;\">Debido a la distancia del punto de inicio de la excursi\u00f3n desde nuestra casa, a la fuerte subida y sobre todo al cambio de horario de invierno, no tenemos demasiado tiempo para estar alli arriba, por lo que avanzamos unos pocos metros por la orilla del lago para comer el bocata y hacer unas fotos, y empezamos la bajada, que nos imaginamos que no va a ser muy facil, por la fuerte pendiente y piedras del camino, y que despu\u00e9s del cansancio de la subida, es lo que se suele llamar un \u201ctrenca-camas\u201d o \u201crompe-piernas\u201d.<\/p>\n<p style=\"text-align: justify;\">[shashin type=\u00bbphoto\u00bb id=\u00bb10782,10784,10787,10788&#8243; size=\u00bblarge\u00bb columns=\u00bbmax\u00bb order=\u00bbuser\u00bb caption=\u00bby\u00bb position=\u00bbcenter\u00bb]<\/p>\n<p style=\"text-align: justify;\">\u00a0<\/p>\n<p style=\"text-align: justify;\">A pesar de esto, el promedio de velocidad total en la subida fue de 1.1 km\/h y en el total de la excursi\u00f3n ha salido de 1.5 km\/h, lo que quiere decir que a pesar de todo, en la bajada hemos recuperado algo la media.<\/p>\n<p style=\"text-align: justify;\">Finalmente llegamos al coche ya muy avanzada la tarde, y cuando pasamos por Orl\u00fa ya era casi de noche, como podemos ver en estas fotos de la iglesia del pueblo, y en este especie de balneario o de hotel abandonado, con un aire mas bien t\u00e9trico y fantasmagorico al lado de un lago.<\/p>\n<p style=\"text-align: justify;\">[shashin type=\u00bbphoto\u00bb id=\u00bb10809,10810&#8243; size=\u00bblarge\u00bb columns=\u00bbmax\u00bb order=\u00bbuser\u00bb caption=\u00bby\u00bb position=\u00bbcenter\u00bb]<\/p>\n<p style=\"text-align: justify;\">\u00a0<span style=\"color: #ff0000;\">Notas :<\/span><\/p>\n<p style=\"text-align: justify;\"><span style=\"color: #ff0000;\">La presa original se construy\u00f3 sobre el lago natural entre los a\u00f1os 1903 y 1909, con una altura de 25 m.<\/span><\/p>\n<p style=\"text-align: justify;\"><span style=\"color: #ff0000;\">En los a\u00f1os 1912-1927 se elevo 2.5 m. m\u00e1s, y en los a\u00f1os 1955-1958 se reform\u00f3 hasta alcanzar la altura actual de 60 m.<\/span><\/p>\n<p style=\"text-align: justify;\"><span style=\"color: #ff0000;\">Tiene una capacidad de 43 millones de metros c\u00fabicos, y por las monta\u00f1as de los alrededores se han construido 10 km. de t\u00faneles subterraneos que llevan agua al embalse.<\/span><\/p>\n<hr \/>\n<p>\u00a0 <span style=\"text-align: justify; background-color: #c0c0c0;\"><strong>Track de la ruta<\/strong><\/span><\/p>\n<p>[sgpx gpx=\u00bb\/wp-content\/uploads\/gpx\/LagoNaguille.gpx\u00bb]<\/p>\n<p style=\"text-align: justify;\">\u00a0<\/p>\n<hr \/>\n<table border=\"2\" cellspacing=\"300\" cellpadding=\"2\">\n<tbody>\n<tr style=\"height: 40px;\">\n<td style=\"width: 300px; height: 40px; text-align: center; vertical-align: middle;\"><strong>Enlace album de fotos<\/strong><\/td>\n<td style=\"width: 300px; height: 40px; text-align: center; vertical-align: middle;\">[shashin type=\u00bbalbum\u00bb id=\u00bb178&#8243; size=\u00bbsmall\u00bb crop=\u00bbn\u00bb columns=\u00bbmax\u00bb caption=\u00bby\u00bb order=\u00bbdate\u00bb position=\u00bbcenter\u00bb]<\/td>\n<\/tr>\n<tr style=\"height: 100px;\">\n<td style=\"width: 300px; height: 100px; text-align: center; vertical-align: middle;\"><strong>Enlace\u00a0 Wikiloc<br \/> <\/strong><\/td>\n<td style=\"width: 300px; height: 100px; text-align: center; vertical-align: middle;\"><a href=\"http:\/\/es.wikiloc.com\/wikiloc\/view.do?id=8205643\" target=\"_blank\"><img loading=\"lazy\" decoding=\"async\" class=\"aligncenter\" title=\"wikiloc\" src=\"http:\/\/www.carlosyconchita.net\/rutas\/wp-content\/uploads\/2020\/09\/wikiloc.jpg\" alt=\"\" width=\"117\" height=\"34\" \/><\/a><\/td>\n<\/tr>\n<\/tbody>\n<\/table>\n<p style=\"text-align: justify;\">\u00a0<\/p>\n<p style=\"text-align: justify;\"><span style=\"color: #ff0000; background-color: #ffffff; font-size: 14pt;\"><strong>Si te ha gustado, comp\u00e1rtelo en tu red favorita,\u00a0 haz +1, o env\u00edanos tu comentario.<br \/> <\/strong><\/span><\/p>\n<p><span style=\"font-size: 14pt;\"><strong><span style=\"color: #ff0000;\">Muchas gracias !<\/span><\/strong><\/span><\/p>\n<p style=\"text-align: justify;\">\u00a0<\/p>\n","protected":false},"excerpt":{"rendered":"<p>\u00a0La ruta de hoy al Lago de Naguille, empieza en el pueblo de Orl\u00fa, cerca de Ax-Les Thermes, y nos llevar\u00e1 hasta este lago, actualmente una presa de una central electrica, pasando por bosques de la Reserva Nacional de Fauna de Orl\u00fa. La ruta no es excesivamente larga, pero s\u00ed con un gran desnivel, que [&hellip;]<\/p>\n","protected":false},"author":50,"featured_media":6213,"comment_status":"open","ping_status":"open","sticky":false,"template":"","format":"gallery","meta":{"footnotes":""},"categories":[23,12,47,61],"tags":[],"class_list":{"0":"post-6198","1":"post","2":"type-post","3":"status-publish","4":"format-gallery","5":"has-post-thumbnail","6":"hentry","7":"category-de-10-a-15-km","8":"category-dificil","9":"category-cerdanya-nord-sin-clasificar","10":"category-francia","11":"post_format-post-format-gallery","13":"post-with-thumbnail","14":"post-with-thumbnail-icon"},"yoast_head":"<!-- This site is optimized with the Yoast SEO plugin v27.5 - https:\/\/yoast.com\/product\/yoast-seo-wordpress\/ -->\n<title>Lago de Naguille<\/title>\n<meta name=\"description\" content=\"La ruta de hoy al Lago de Naguille, empieza en el pueblo de Orl\u00fa, cerca de Ax-Les Thermes, y nos llevar\u00e1 hasta este lago, actualmente una presa de una central electrica.\" \/>\n<meta name=\"robots\" content=\"index, follow, max-snippet:-1, max-image-preview:large, max-video-preview:-1\" \/>\n<link rel=\"canonical\" href=\"https:\/\/www.carlosyconchita.net\/rutas\/lago-de-naguille\/\" \/>\n<meta property=\"og:locale\" content=\"es_ES\" \/>\n<meta property=\"og:type\" content=\"article\" \/>\n<meta property=\"og:title\" content=\"Lago de Naguille\" \/>\n<meta property=\"og:description\" content=\"La ruta de hoy al Lago de Naguille, empieza en el pueblo de Orl\u00fa, cerca de Ax-Les Thermes, y nos llevar\u00e1 hasta este lago, actualmente una presa de una central electrica.\" \/>\n<meta property=\"og:url\" content=\"https:\/\/www.carlosyconchita.net\/rutas\/lago-de-naguille\/\" \/>\n<meta property=\"og:site_name\" content=\"Las rutas de Carlos y Conchita\" \/>\n<meta property=\"article:published_time\" content=\"2014-11-01T21:20:34+00:00\" \/>\n<meta property=\"article:modified_time\" content=\"2014-11-07T22:05:37+00:00\" \/>\n<meta property=\"og:image\" content=\"https:\/\/www.carlosyconchita.net\/rutas\/wp-content\/uploads\/2014\/11\/PB018624a.jpg\" \/>\n\t<meta property=\"og:image:width\" content=\"1024\" \/>\n\t<meta property=\"og:image:height\" content=\"411\" \/>\n\t<meta property=\"og:image:type\" content=\"image\/jpeg\" \/>\n<meta name=\"author\" content=\"Carlos Conchita\" \/>\n<meta name=\"twitter:label1\" content=\"Escrito por\" \/>\n\t<meta name=\"twitter:data1\" content=\"Carlos Conchita\" \/>\n\t<meta name=\"twitter:label2\" content=\"Tiempo de lectura\" \/>\n\t<meta name=\"twitter:data2\" content=\"6 minutos\" \/>\n<script type=\"application\/ld+json\" class=\"yoast-schema-graph\">{\"@context\":\"https:\\\/\\\/schema.org\",\"@graph\":[{\"@type\":\"Article\",\"@id\":\"https:\\\/\\\/www.carlosyconchita.net\\\/rutas\\\/lago-de-naguille\\\/#article\",\"isPartOf\":{\"@id\":\"https:\\\/\\\/www.carlosyconchita.net\\\/rutas\\\/lago-de-naguille\\\/\"},\"author\":{\"name\":\"Carlos Conchita\",\"@id\":\"https:\\\/\\\/www.carlosyconchita.net\\\/rutas\\\/#\\\/schema\\\/person\\\/a9691f7258c28443fab2d3aa1479ea19\"},\"headline\":\"01-11-2014 &#8211; Lago de Naguille\",\"datePublished\":\"2014-11-01T21:20:34+00:00\",\"dateModified\":\"2014-11-07T22:05:37+00:00\",\"mainEntityOfPage\":{\"@id\":\"https:\\\/\\\/www.carlosyconchita.net\\\/rutas\\\/lago-de-naguille\\\/\"},\"wordCount\":1207,\"commentCount\":0,\"image\":{\"@id\":\"https:\\\/\\\/www.carlosyconchita.net\\\/rutas\\\/lago-de-naguille\\\/#primaryimage\"},\"thumbnailUrl\":\"https:\\\/\\\/www.carlosyconchita.net\\\/rutas\\\/wp-content\\\/uploads\\\/2014\\\/11\\\/PB018624a.jpg\",\"articleSection\":[\"3 - De 10 a 15 km.\",\"3-Dif\u00edcil\",\"Catalunya Nord - sin clasificar\",\"Francia\"],\"inLanguage\":\"es\",\"potentialAction\":[{\"@type\":\"CommentAction\",\"name\":\"Comment\",\"target\":[\"https:\\\/\\\/www.carlosyconchita.net\\\/rutas\\\/lago-de-naguille\\\/#respond\"]}]},{\"@type\":\"WebPage\",\"@id\":\"https:\\\/\\\/www.carlosyconchita.net\\\/rutas\\\/lago-de-naguille\\\/\",\"url\":\"https:\\\/\\\/www.carlosyconchita.net\\\/rutas\\\/lago-de-naguille\\\/\",\"name\":\"Lago de Naguille\",\"isPartOf\":{\"@id\":\"https:\\\/\\\/www.carlosyconchita.net\\\/rutas\\\/#website\"},\"primaryImageOfPage\":{\"@id\":\"https:\\\/\\\/www.carlosyconchita.net\\\/rutas\\\/lago-de-naguille\\\/#primaryimage\"},\"image\":{\"@id\":\"https:\\\/\\\/www.carlosyconchita.net\\\/rutas\\\/lago-de-naguille\\\/#primaryimage\"},\"thumbnailUrl\":\"https:\\\/\\\/www.carlosyconchita.net\\\/rutas\\\/wp-content\\\/uploads\\\/2014\\\/11\\\/PB018624a.jpg\",\"datePublished\":\"2014-11-01T21:20:34+00:00\",\"dateModified\":\"2014-11-07T22:05:37+00:00\",\"author\":{\"@id\":\"https:\\\/\\\/www.carlosyconchita.net\\\/rutas\\\/#\\\/schema\\\/person\\\/a9691f7258c28443fab2d3aa1479ea19\"},\"description\":\"La ruta de hoy al Lago de Naguille, empieza en el pueblo de Orl\u00fa, cerca de Ax-Les Thermes, y nos llevar\u00e1 hasta este lago, actualmente una presa de una central electrica.\",\"breadcrumb\":{\"@id\":\"https:\\\/\\\/www.carlosyconchita.net\\\/rutas\\\/lago-de-naguille\\\/#breadcrumb\"},\"inLanguage\":\"es\",\"potentialAction\":[{\"@type\":\"ReadAction\",\"target\":[\"https:\\\/\\\/www.carlosyconchita.net\\\/rutas\\\/lago-de-naguille\\\/\"]}]},{\"@type\":\"ImageObject\",\"inLanguage\":\"es\",\"@id\":\"https:\\\/\\\/www.carlosyconchita.net\\\/rutas\\\/lago-de-naguille\\\/#primaryimage\",\"url\":\"https:\\\/\\\/www.carlosyconchita.net\\\/rutas\\\/wp-content\\\/uploads\\\/2014\\\/11\\\/PB018624a.jpg\",\"contentUrl\":\"https:\\\/\\\/www.carlosyconchita.net\\\/rutas\\\/wp-content\\\/uploads\\\/2014\\\/11\\\/PB018624a.jpg\",\"width\":1024,\"height\":411},{\"@type\":\"BreadcrumbList\",\"@id\":\"https:\\\/\\\/www.carlosyconchita.net\\\/rutas\\\/lago-de-naguille\\\/#breadcrumb\",\"itemListElement\":[{\"@type\":\"ListItem\",\"position\":1,\"name\":\"Portada\",\"item\":\"https:\\\/\\\/www.carlosyconchita.net\\\/rutas\\\/\"},{\"@type\":\"ListItem\",\"position\":2,\"name\":\"01-11-2014 &#8211; Lago de Naguille\"}]},{\"@type\":\"WebSite\",\"@id\":\"https:\\\/\\\/www.carlosyconchita.net\\\/rutas\\\/#website\",\"url\":\"https:\\\/\\\/www.carlosyconchita.net\\\/rutas\\\/\",\"name\":\"Las rutas de Carlos y Conchita\",\"description\":\"\",\"potentialAction\":[{\"@type\":\"SearchAction\",\"target\":{\"@type\":\"EntryPoint\",\"urlTemplate\":\"https:\\\/\\\/www.carlosyconchita.net\\\/rutas\\\/?s={search_term_string}\"},\"query-input\":{\"@type\":\"PropertyValueSpecification\",\"valueRequired\":true,\"valueName\":\"search_term_string\"}}],\"inLanguage\":\"es\"},{\"@type\":\"Person\",\"@id\":\"https:\\\/\\\/www.carlosyconchita.net\\\/rutas\\\/#\\\/schema\\\/person\\\/a9691f7258c28443fab2d3aa1479ea19\",\"name\":\"Carlos Conchita\",\"image\":{\"@type\":\"ImageObject\",\"inLanguage\":\"es\",\"@id\":\"https:\\\/\\\/secure.gravatar.com\\\/avatar\\\/3a4625b20c8da3de99da69bfe7a322774e291c3f90dce7e8778a30fe6748ed1a?s=96&d=mm&r=g\",\"url\":\"https:\\\/\\\/secure.gravatar.com\\\/avatar\\\/3a4625b20c8da3de99da69bfe7a322774e291c3f90dce7e8778a30fe6748ed1a?s=96&d=mm&r=g\",\"contentUrl\":\"https:\\\/\\\/secure.gravatar.com\\\/avatar\\\/3a4625b20c8da3de99da69bfe7a322774e291c3f90dce7e8778a30fe6748ed1a?s=96&d=mm&r=g\",\"caption\":\"Carlos Conchita\"}}]}<\/script>\n<!-- \/ Yoast SEO plugin. -->","yoast_head_json":{"title":"Lago de Naguille","description":"La ruta de hoy al Lago de Naguille, empieza en el pueblo de Orl\u00fa, cerca de Ax-Les Thermes, y nos llevar\u00e1 hasta este lago, actualmente una presa de una central electrica.","robots":{"index":"index","follow":"follow","max-snippet":"max-snippet:-1","max-image-preview":"max-image-preview:large","max-video-preview":"max-video-preview:-1"},"canonical":"https:\/\/www.carlosyconchita.net\/rutas\/lago-de-naguille\/","og_locale":"es_ES","og_type":"article","og_title":"Lago de Naguille","og_description":"La ruta de hoy al Lago de Naguille, empieza en el pueblo de Orl\u00fa, cerca de Ax-Les Thermes, y nos llevar\u00e1 hasta este lago, actualmente una presa de una central electrica.","og_url":"https:\/\/www.carlosyconchita.net\/rutas\/lago-de-naguille\/","og_site_name":"Las rutas de Carlos y Conchita","article_published_time":"2014-11-01T21:20:34+00:00","article_modified_time":"2014-11-07T22:05:37+00:00","og_image":[{"width":1024,"height":411,"url":"https:\/\/www.carlosyconchita.net\/rutas\/wp-content\/uploads\/2014\/11\/PB018624a.jpg","type":"image\/jpeg"}],"author":"Carlos Conchita","twitter_misc":{"Escrito por":"Carlos Conchita","Tiempo de lectura":"6 minutos"},"schema":{"@context":"https:\/\/schema.org","@graph":[{"@type":"Article","@id":"https:\/\/www.carlosyconchita.net\/rutas\/lago-de-naguille\/#article","isPartOf":{"@id":"https:\/\/www.carlosyconchita.net\/rutas\/lago-de-naguille\/"},"author":{"name":"Carlos Conchita","@id":"https:\/\/www.carlosyconchita.net\/rutas\/#\/schema\/person\/a9691f7258c28443fab2d3aa1479ea19"},"headline":"01-11-2014 &#8211; Lago de Naguille","datePublished":"2014-11-01T21:20:34+00:00","dateModified":"2014-11-07T22:05:37+00:00","mainEntityOfPage":{"@id":"https:\/\/www.carlosyconchita.net\/rutas\/lago-de-naguille\/"},"wordCount":1207,"commentCount":0,"image":{"@id":"https:\/\/www.carlosyconchita.net\/rutas\/lago-de-naguille\/#primaryimage"},"thumbnailUrl":"https:\/\/www.carlosyconchita.net\/rutas\/wp-content\/uploads\/2014\/11\/PB018624a.jpg","articleSection":["3 - De 10 a 15 km.","3-Dif\u00edcil","Catalunya Nord - sin clasificar","Francia"],"inLanguage":"es","potentialAction":[{"@type":"CommentAction","name":"Comment","target":["https:\/\/www.carlosyconchita.net\/rutas\/lago-de-naguille\/#respond"]}]},{"@type":"WebPage","@id":"https:\/\/www.carlosyconchita.net\/rutas\/lago-de-naguille\/","url":"https:\/\/www.carlosyconchita.net\/rutas\/lago-de-naguille\/","name":"Lago de Naguille","isPartOf":{"@id":"https:\/\/www.carlosyconchita.net\/rutas\/#website"},"primaryImageOfPage":{"@id":"https:\/\/www.carlosyconchita.net\/rutas\/lago-de-naguille\/#primaryimage"},"image":{"@id":"https:\/\/www.carlosyconchita.net\/rutas\/lago-de-naguille\/#primaryimage"},"thumbnailUrl":"https:\/\/www.carlosyconchita.net\/rutas\/wp-content\/uploads\/2014\/11\/PB018624a.jpg","datePublished":"2014-11-01T21:20:34+00:00","dateModified":"2014-11-07T22:05:37+00:00","author":{"@id":"https:\/\/www.carlosyconchita.net\/rutas\/#\/schema\/person\/a9691f7258c28443fab2d3aa1479ea19"},"description":"La ruta de hoy al Lago de Naguille, empieza en el pueblo de Orl\u00fa, cerca de Ax-Les Thermes, y nos llevar\u00e1 hasta este lago, actualmente una presa de una central electrica.","breadcrumb":{"@id":"https:\/\/www.carlosyconchita.net\/rutas\/lago-de-naguille\/#breadcrumb"},"inLanguage":"es","potentialAction":[{"@type":"ReadAction","target":["https:\/\/www.carlosyconchita.net\/rutas\/lago-de-naguille\/"]}]},{"@type":"ImageObject","inLanguage":"es","@id":"https:\/\/www.carlosyconchita.net\/rutas\/lago-de-naguille\/#primaryimage","url":"https:\/\/www.carlosyconchita.net\/rutas\/wp-content\/uploads\/2014\/11\/PB018624a.jpg","contentUrl":"https:\/\/www.carlosyconchita.net\/rutas\/wp-content\/uploads\/2014\/11\/PB018624a.jpg","width":1024,"height":411},{"@type":"BreadcrumbList","@id":"https:\/\/www.carlosyconchita.net\/rutas\/lago-de-naguille\/#breadcrumb","itemListElement":[{"@type":"ListItem","position":1,"name":"Portada","item":"https:\/\/www.carlosyconchita.net\/rutas\/"},{"@type":"ListItem","position":2,"name":"01-11-2014 &#8211; Lago de Naguille"}]},{"@type":"WebSite","@id":"https:\/\/www.carlosyconchita.net\/rutas\/#website","url":"https:\/\/www.carlosyconchita.net\/rutas\/","name":"Las rutas de Carlos y Conchita","description":"","potentialAction":[{"@type":"SearchAction","target":{"@type":"EntryPoint","urlTemplate":"https:\/\/www.carlosyconchita.net\/rutas\/?s={search_term_string}"},"query-input":{"@type":"PropertyValueSpecification","valueRequired":true,"valueName":"search_term_string"}}],"inLanguage":"es"},{"@type":"Person","@id":"https:\/\/www.carlosyconchita.net\/rutas\/#\/schema\/person\/a9691f7258c28443fab2d3aa1479ea19","name":"Carlos Conchita","image":{"@type":"ImageObject","inLanguage":"es","@id":"https:\/\/secure.gravatar.com\/avatar\/3a4625b20c8da3de99da69bfe7a322774e291c3f90dce7e8778a30fe6748ed1a?s=96&d=mm&r=g","url":"https:\/\/secure.gravatar.com\/avatar\/3a4625b20c8da3de99da69bfe7a322774e291c3f90dce7e8778a30fe6748ed1a?s=96&d=mm&r=g","contentUrl":"https:\/\/secure.gravatar.com\/avatar\/3a4625b20c8da3de99da69bfe7a322774e291c3f90dce7e8778a30fe6748ed1a?s=96&d=mm&r=g","caption":"Carlos Conchita"}}]}},"_links":{"self":[{"href":"https:\/\/www.carlosyconchita.net\/rutas\/wp-json\/wp\/v2\/posts\/6198","targetHints":{"allow":["GET"]}}],"collection":[{"href":"https:\/\/www.carlosyconchita.net\/rutas\/wp-json\/wp\/v2\/posts"}],"about":[{"href":"https:\/\/www.carlosyconchita.net\/rutas\/wp-json\/wp\/v2\/types\/post"}],"author":[{"embeddable":true,"href":"https:\/\/www.carlosyconchita.net\/rutas\/wp-json\/wp\/v2\/users\/50"}],"replies":[{"embeddable":true,"href":"https:\/\/www.carlosyconchita.net\/rutas\/wp-json\/wp\/v2\/comments?post=6198"}],"version-history":[{"count":0,"href":"https:\/\/www.carlosyconchita.net\/rutas\/wp-json\/wp\/v2\/posts\/6198\/revisions"}],"wp:featuredmedia":[{"embeddable":true,"href":"https:\/\/www.carlosyconchita.net\/rutas\/wp-json\/wp\/v2\/media\/6213"}],"wp:attachment":[{"href":"https:\/\/www.carlosyconchita.net\/rutas\/wp-json\/wp\/v2\/media?parent=6198"}],"wp:term":[{"taxonomy":"category","embeddable":true,"href":"https:\/\/www.carlosyconchita.net\/rutas\/wp-json\/wp\/v2\/categories?post=6198"},{"taxonomy":"post_tag","embeddable":true,"href":"https:\/\/www.carlosyconchita.net\/rutas\/wp-json\/wp\/v2\/tags?post=6198"}],"curies":[{"name":"wp","href":"https:\/\/api.w.org\/{rel}","templated":true}]}}