{"id":6351,"date":"2014-12-05T21:09:17","date_gmt":"2014-12-05T19:09:17","guid":{"rendered":"http:\/\/www.carlosyconchita.net\/rutas\/?p=6351"},"modified":"2014-12-21T22:01:33","modified_gmt":"2014-12-21T20:01:33","slug":"05-12-2014-vall-de-la-llosa-y-cabana-dels-esparvers","status":"publish","type":"post","link":"https:\/\/www.carlosyconchita.net\/rutas\/05-12-2014-vall-de-la-llosa-y-cabana-dels-esparvers\/","title":{"rendered":"05-12-2014 &#8211; Vall de la Llosa y Caba\u00f1a dels Esparvers"},"content":{"rendered":"<p style=\"text-align: justify;\">La excursi\u00f3n de hoy al Vall de la Llosa y Caba\u00f1a dels Esparvers empieza en Cal Jan de la Llosa, y nos premitir\u00e1 recorrer este valle y acercarnos a la Portella Blanca de Andorra.<\/p>\n<table border=\"1\" cellspacing=\"300\" cellpadding=\"1\">\n<tbody>\n<tr>\n<td style=\"width: 300px; height: 40px; text-align: left; vertical-align: top;\"><strong>Dificultad :\u00a0 Moderada<\/strong><\/td>\n<td><strong>Recorrido :\u00a0 15&#8217;181 km.<\/strong><\/td>\n<\/tr>\n<tr>\n<td><strong>Desnivel acum.\u00a0 :\u00a0\u00a0 697 m. \u00a0 \u00a0 \u00a0 <\/strong><\/td>\n<td><strong>Alturas m\u00edn.\/m\u00e1x. \u00a0 :\u00a0\u00a0 1.592 \/ 2.147m.<\/strong><\/td>\n<\/tr>\n<tr>\n<td><strong>Tiempo total :\u00a0 6 h. 03 m.<br \/> <\/strong><\/td>\n<td><strong>Velocidad media :\u00a0 2&#8217;47 km.\/hora<\/strong><\/td>\n<\/tr>\n<tr>\n<td><strong>Tiempo movimiento\u00a0 :\u00a0 3 h. 59 m.<br \/> <\/strong><\/td>\n<td><strong> Velocidad media\u00a0 :\u00a0 3&#8217;7 km.\/hora<\/strong><\/td>\n<\/tr>\n<\/tbody>\n<\/table>\n<p style=\"text-align: justify;\">Para llegar alli, debemos ir a Martinet, en la carretera N-260 que va de Puigcerd\u00e1 a La Seu d\u2019Urgell.<\/p>\n<p style=\"text-align: justify;\">En Martinet encontraremos un desvio hacia Lles (aprox. 10 km.) y desde Lles nos dirigiremos hacia Viliella. ( 5 km\u00a0 aprox.)<\/p>\n<p style=\"text-align: justify;\">Aqui tenemos unas bonitas vistas de las monta\u00f1as del Cad\u00ed<\/p>\n<p style=\"text-align: justify;\">[shashin type=\u00bbphoto\u00bb id=\u00bb11411&#8243; size=\u00bblarge\u00bb columns=\u00bbmax\u00bb order=\u00bbuser\u00bb caption=\u00bby\u00bb position=\u00bbcenter\u00bb]<\/p>\n<p style=\"text-align: justify;\">Una vez en Viliella, seguiremos las indicaciones hacia Cal Jan de la Llosa, adonde llegaremos despu\u00e9s de unos 3 kms de camino de tierra, en donde encontraremos un parking en el que hay que pagar 2 \u20ac.<\/p>\n<p style=\"text-align: justify;\">El camino empieza al lado de la casa de Cal Jan de la Llosa, y unos metros despu\u00e9s cruzaremos un puente sobre el torrente que baja de las monta\u00f1as y seguiremos el camino hacia nuestra izquierda , que va subiendo todo el camino.<\/p>\n<p style=\"text-align: justify;\">[shashin type=\u00bbphoto\u00bb id=\u00bb11414,11416&#8243; size=\u00bblarge\u00bb columns=\u00bbmax\u00bb order=\u00bbuser\u00bb caption=\u00bby\u00bb position=\u00bbcenter\u00bb]<\/p>\n<p style=\"text-align: justify;\">Hay un tramo del camino que est\u00e1 cementado, hasta llegar a una valla metalica que cierra el paso a los vehiculos.<\/p>\n<p style=\"text-align: justify;\">Seg\u00fan nos ha comentado el propietario de Caln Jan, en verano se puede pasar con 4&#215;4 y pidiendo permiso, ya que solo permiten el paso a 6 coches por dia.<\/p>\n<p style=\"text-align: justify;\">Poco despu\u00e9s el camino ya es de tierra, vemos a nuestra izquierda las ruinas del Castell de la Llosa, y despu\u00e9s pasamos entre un tupido bosque.<\/p>\n<p style=\"text-align: justify;\">[shashin type=\u00bbphoto\u00bb id=\u00bb11418,11421&#8243; size=\u00bblarge\u00bb columns=\u00bbmax\u00bb order=\u00bbuser\u00bb caption=\u00bby\u00bb position=\u00bbcenter\u00bb]<\/p>\n<p style=\"text-align: justify;\">Hoy hace un bonito dia de sol, pero con mucho frio, ya que al coger el coche esta ma\u00f1ana estaba a 0 \u00ba, y durante el recorrido hasta Cal Jan ha estado entre 0 y 2\u00ba, por lo que en este sombrio tramo del bosque, hace que se note bastante frio.<\/p>\n<p style=\"text-align: justify;\">Conforme vamos subiendo podemos ver a lo lejos el peque\u00f1o pueblo de Viliella y la sierra del Cad\u00ed al fondo<\/p>\n<p style=\"text-align: justify;\">[shashin type=\u00bbphoto\u00bb id=\u00bb11420&#8243; size=\u00bblarge\u00bb columns=\u00bbmax\u00bb order=\u00bbuser\u00bb caption=\u00bby\u00bb position=\u00bbcenter\u00bb]<\/p>\n<p style=\"text-align: justify;\">El camino es muy ancho y c\u00f3modo, y va subiendo siempre, y vamos entrando en el Vall de la Llosa, llegando despu\u00e9s a una amplia esplanada, cruzada por el Torrente de Calm Colomer, que baja desde el lago del mismo nombre.<\/p>\n<p style=\"text-align: justify;\">[shashin type=\u00bbphoto\u00bb id=\u00bb11435,11436,11438&#8243; size=\u00bblarge\u00bb columns=\u00bbmax\u00bb order=\u00bbuser\u00bb caption=\u00bby\u00bb position=\u00bbcenter\u00bb]<\/p>\n<p style=\"text-align: justify;\">Dadas las fuertes lluvias de la pasada semana, hay agua por todas partes, tanto en el camino entre el bosque como en las varias explanadas de pastos que nos iremos encontrando, que estan llenas de peque\u00f1os y no tan peque\u00f1os riachuelos que las cruzan.<\/p>\n<p style=\"text-align: justify;\">\u00a0[shashin type=\u00bbphoto\u00bb id=\u00bb11443,11428&#8243; size=\u00bblarge\u00bb columns=\u00bbmax\u00bb order=\u00bbuser\u00bb caption=\u00bby\u00bb position=\u00bbcenter\u00bb]<\/p>\n<p style=\"text-align: justify;\">Cuando llevemos aproximadamente unos 6 km. llegaremos al Prado Xiuxir\u00e1, una zona muy bonita y plana.<\/p>\n<p style=\"text-align: justify;\">A la derecha, cerca del bosque veremos el rio de La Llosa, y a la izquierda las ruinas de una construccion o refugio, y una capillita de la Virgen de la Llosa.<\/p>\n<p style=\"text-align: justify;\">[shashin type=\u00bbphoto\u00bb id=\u00bb11448,11450,11457,11460&#8243; size=\u00bblarge\u00bb columns=\u00bbmax\u00bb order=\u00bbuser\u00bb caption=\u00bby\u00bb position=\u00bbcenter\u00bb]<\/p>\n<p style=\"text-align: justify;\">Seguimos adelante siguiendo el GR-107, pero a partir de aqu\u00ed el camino se convierte en estrecho sendero con piedras , ya que caminamos por una estrecha torrentera por la que baja tambien agua, pero que no nos impide pasar , hasta que llegamos a la parte de arriba de un peque\u00f1o monticulo, y vemos enfrente nuestro la explanada y la barraca o caba\u00f1a dels Esparvers.<\/p>\n<p style=\"text-align: justify;\">Para llegar a ella, debemos bajar unos pocos metros y cruzar el puente de madera sobre el rio Vallcivera.<\/p>\n<p style=\"text-align: justify;\">[shashin type=\u00bbphoto\u00bb id=\u00bb11466,11471&#8243; size=\u00bblarge\u00bb columns=\u00bbmax\u00bb order=\u00bbuser\u00bb caption=\u00bby\u00bb position=\u00bbcenter\u00bb]<\/p>\n<p style=\"text-align: justify;\">Como que el recorrido hasta aqu\u00ed no ha sido nada del otro mundo, decidimos continuar un rato m\u00e1s en direccion a la Portella Blanca de Andorra que tenemos enfrente.<\/p>\n<p style=\"text-align: justify;\">[shashin type=\u00bbphoto\u00bb id=\u00bb11479&#8243; size=\u00bblarge\u00bb columns=\u00bbmax\u00bb order=\u00bbuser\u00bb caption=\u00bby\u00bb position=\u00bbcenter\u00bb]<\/p>\n<p style=\"text-align: justify;\">A pesar de que solo hay unos 4.5 km hasta la Portella, tenemos claro que no vamos a llegar, tanto por la nieve que empezamos a ver , como por el tiempo disponible, ya que en esta epoca, a partir de las 4 de la tarde empieza a oscurecer ya muy r\u00e1pido, pero queremos acercarnos un poco para intentar verla desde mas cerca.<\/p>\n<p style=\"text-align: justify;\">Seguimos pues el camino que hay a la derecha de la caba\u00f1a dels Esparvers (tal como la hemos visto antes de llegar a ella) , y que continua siendo el GR.<\/p>\n<p style=\"text-align: justify;\">Inicialmente hemos subido un peque\u00f1o monticulo sin problemas, y al llegar a la cima, de nuevo nos hemos encontrado abajo con una bonita esplanada, ya con restos de nieve y de hielo, y con varias se\u00f1ales indicadoras, entre ellas una que nos decia que el <strong>Cap de Creus estaba a 230 km<\/strong>\u2026. bien \u00a1!! , lo dejaremos para otro dia.<\/p>\n<p style=\"text-align: justify;\">[shashin type=\u00bbphoto\u00bb id=\u00bb11478,11482&#8243; size=\u00bblarge\u00bb columns=\u00bbmax\u00bb order=\u00bbuser\u00bb caption=\u00bby\u00bb position=\u00bbcenter\u00bb]<\/p>\n<p style=\"text-align: justify;\">Cruzamos esta esplanada, rodeada de bonitas monta\u00f1as, y sorteando los numerosos riachuelos que encontramos, y entonces el camino empieza a subir un poco m\u00e1s en serio, y ademas con nieve y con hielo.<\/p>\n<p style=\"text-align: justify;\">\u00a0<\/p>\n<p style=\"text-align: justify;\">[shashin type=\u00bbphoto\u00bb id=\u00bb11490,11486&#8243; size=\u00bblarge\u00bb columns=\u00bbmax\u00bb order=\u00bbuser\u00bb caption=\u00bby\u00bb position=\u00bbcenter\u00bb]<\/p>\n<p style=\"text-align: justify;\">Seguimos un rato m\u00e1s, hasta que ya el camino esta totalmente helado , por lo que despu\u00e9s de hacer las fotos a la Portella Blanca, decidimos dar media vuelta y volver.<\/p>\n<p style=\"text-align: justify;\">Teniendo en cuenta que nuestro destino inicial era la caba\u00f1a dels Esparvers, nos damos por muy contentos ya que la hemos pasado de largo unos\u00a0 1.000\u00a0 m.\u00a0 y ademas hemos podido ver estos bonitos paisajes en direccion a la Portella.<\/p>\n<p style=\"text-align: justify;\">Aqui podemos ver una pan\u00f3ramica de la zona<\/p>\n<p style=\"text-align: justify;\">[shashin type=\u00bbphoto\u00bb id=\u00bb11506&#8243; size=\u00bblarge\u00bb columns=\u00bbmax\u00bb order=\u00bbuser\u00bb caption=\u00bby\u00bb position=\u00bbcenter\u00bb]<\/p>\n<p style=\"text-align: justify;\">Cuando empezamos a bajar, vemos que arriba en la Portella esta ya nevando, y durante un buen rato, el viento nos ha ido trayendo peque\u00f1os copos de nieve.<\/p>\n<p style=\"text-align: justify;\">Cuando llegamos a la esplanada que hemos comentado antes, nos paramos a comer el bocata y despu\u00e9s seguimos camino hacia el coche.<\/p>\n<p style=\"text-align: justify;\">[shashin type=\u00bbphoto\u00bb id=\u00bb11493,11497,11507&#8243; size=\u00bblarge\u00bb columns=\u00bbmax\u00bb order=\u00bbuser\u00bb caption=\u00bby\u00bb position=\u00bbcenter\u00bb]<\/p>\n<p style=\"text-align: justify;\">Cuando llegamos alli, la temperatura era de 1\u00ba , y a las 16.15 horas , ya casi era oscuro, ya que este valle queda bastante cerrado.<\/p>\n<p style=\"text-align: justify;\">Aqui podemos ver las se\u00f1ales del frio&#8230;<\/p>\n<p style=\"text-align: justify;\">[shashin type=\u00bbphoto\u00bb id=\u00bb11484,11480,11433,11500&#8243; size=\u00bbmedium\u00bb columns=\u00bb2&#8243; order=\u00bbuser\u00bb caption=\u00bby\u00bb position=\u00bbcenter\u00bb]<\/p>\n<p style=\"text-align: justify;\">\u00a0<\/p>\n<p style=\"text-align: justify;\">Y aqui unas imagenes del peque\u00f1o pueblo de Viliella y de la Sierra del Cad\u00ed a la bajada.<\/p>\n<p style=\"text-align: justify;\">[shashin type=\u00bbphoto\u00bb id=\u00bb11522,11520,11511,11513&#8243; size=\u00bbmedium\u00bb columns=\u00bb2&#8243; order=\u00bbuser\u00bb caption=\u00bby\u00bb position=\u00bbcenter\u00bb]<\/p>\n<p style=\"text-align: justify;\">\u00a0<\/p>\n<p style=\"text-align: justify;\"><span style=\"color: #ff0000;\">Nota<\/span> : <em><span style=\"color: #008000;\">vale la pena comentar la peque\u00f1a anecdota de la perra que nos ha acompa\u00f1ado en toda la excursion y que hemos visto anteriormente en las fotos. <\/span><\/em><\/p>\n<p style=\"text-align: justify;\"><em><span style=\"color: #008000;\">En realidad, deberiamos decir que no nos ha acompa\u00f1ado, sino que nos ha <strong>guiado<\/strong>\u2026 <\/span><\/em><\/p>\n<p style=\"text-align: justify;\"><em><span style=\"color: #008000;\">Cuando hemos entrado en Viliella, esta perra se nos ha puesto a correr <strong>delante<\/strong> del coche y ha cogido el camino hacia Can Jan de la Llosa, corriendo delante nuestro durante los 3 km del camino de tierra. <\/span><\/em><\/p>\n<p style=\"text-align: justify;\"><em><span style=\"color: #008000;\">Cuando hemos llegado al parking, ha estado esperando por ah\u00ed mientras nos poniamos las botas y nos preparabamos, y en cuanto nos hemos movido nos ha indicado el camino para empezar, siempre <strong>corriendo<\/strong> delante nuestro. <\/span><\/em><\/p>\n<p style=\"text-align: justify;\"><em><span style=\"color: #008000;\">Ha recorrido con nosotros los 15 km de la excursi\u00f3n, pero siempre delante, como indicandonos el camino. <\/span><\/em><\/p>\n<p style=\"text-align: justify;\"><em><span style=\"color: #008000;\">Cualquier persona que haya caminado por la monta\u00f1a con un perro, sabe que va y viene continuamente, por lo que si nosotros hemos caminado 15 km , creemos que ella por lo menos habr\u00e1 hecho 20 \u00f3 25 ya que ademas en varias ocasi\u00f3nes , cruzaba el rio y se iba monta\u00f1a arriba, y luego aparecia por detr\u00e1s nuestro <strong>corriendo a todo trapo<\/strong> , nos adelantaba y continuaba con su papel de \u201cguia\u201d. <\/span><\/em><\/p>\n<p style=\"text-align: justify;\"><em><span style=\"color: #008000;\">Asimismo, cuando nos parabamos a hacer una foto, o descansar, o se esperaba mas adelante o volvia atr\u00e1s hacia donde estabamos parados\u2026 <\/span><\/em><\/p>\n<p style=\"text-align: justify;\"><em><span style=\"color: #008000;\">A la vuelta, una vez hemos cogido el coche en Cal Jan, ha vuelto a hacer los 3 km hasta Viliella, siempre corriendo delante del coche\u2026 o sea que aparte de los 20-25 km de nuestra excursi\u00f3n, ha hecho los 6 km del camino de tierra. <\/span><\/em><\/p>\n<p style=\"text-align: justify;\"><em><span style=\"color: #008000;\">Cuando lo hemos comentado con el propietario de Cal Jan, nos ha dicho que siempre lo hace, y que en alguna ocasi\u00f3n ha aparecido nada menos que en la poblaci\u00f3n francesa de Porta, donde empezamos la excursi\u00f3n del Valle del Campcard\u00f3s, desde el que tambien se puede llegar a la Portella Blanca de Andorra. <\/span><\/em><\/p>\n<p style=\"text-align: justify;\"><em><span style=\"color: #008000;\">Por ultimo, cuando hemos llegado a Cal Jan, como si no hubiera corrido bastante, se ha dedicado a perseguir a las vacas que habia por alli, pero realmente lo que ha hecho es reunirlas todas en un mismo punto. <\/span><\/em><\/p>\n<p style=\"text-align: justify;\"><em><span style=\"color: #008000;\">Podeis ver aqu\u00ed un mini-video de esta simpatica perra, que seg\u00fan el propietario de Cal Jan, est\u00e1 un poco vieja \u00a1!! <br \/><\/span><\/em><\/p>\n<hr \/>\n<p style=\"text-align: justify;\">\u00a0<\/p>\n<h2 style=\"text-align: justify;\">\u00a0<strong>Mini video con la perrita que nos ha guiado en la excursi\u00f3n.<\/strong><\/h2>\n<p><a href=\"http:\/\/youtu.be\/Un2nQLzGgaQ\" target=\"_blank\"><img loading=\"lazy\" decoding=\"async\" class=\"aligncenter wp-image-5132 size-full\" src=\"http:\/\/www.carlosyconchita.net\/rutas\/wp-content\/uploads\/2020\/09\/video-e1403106298404.jpg\" alt=\"video\" width=\"75\" height=\"73\" \/><\/a><\/p>\n<hr \/>\n<p>&nbsp;<\/p>\n<h2>Track de la ruta<\/h2>\n<p>[sgpx gpx=\u00bb\/wp-content\/uploads\/gpx\/ValleDeLaLlosa.gpx\u00bb]<\/p>\n<hr \/>\n<p>&nbsp;<\/p>\n<table border=\"2\" cellspacing=\"300\" cellpadding=\"2\">\n<tbody>\n<tr style=\"height: 40px;\">\n<td style=\"width: 300px; height: 40px; text-align: center; vertical-align: middle;\"><strong>Enlace album de fotos<\/strong><\/td>\n<td style=\"width: 300px; height: 40px; text-align: center; vertical-align: middle;\">[shashin type=\u00bbalbum\u00bb id=\u00bb182&#8243; size=\u00bbsmall\u00bb crop=\u00bbn\u00bb columns=\u00bbmax\u00bb caption=\u00bby\u00bb order=\u00bbdate\u00bb position=\u00bbcenter\u00bb]<\/td>\n<\/tr>\n<tr style=\"height: 100px;\">\n<td style=\"width: 300px; height: 100px; text-align: center; vertical-align: middle;\"><strong>Enlace\u00a0 Wikiloc<br \/> <\/strong><\/td>\n<td style=\"width: 300px; height: 100px; text-align: center; vertical-align: middle;\"><a title=\"Enlace a Wikiloc\" href=\"http:\/\/es.wikiloc.com\/wikiloc\/view.do?id=8440052\" target=\"_blank\"><img loading=\"lazy\" decoding=\"async\" class=\"aligncenter\" title=\"wikiloc\" src=\"http:\/\/www.carlosyconchita.net\/rutas\/wp-content\/uploads\/2020\/09\/wikiloc.jpg\" alt=\"\" width=\"117\" height=\"34\" \/><\/a><\/td>\n<\/tr>\n<\/tbody>\n<\/table>\n<p style=\"text-align: justify;\">\u00a0<\/p>\n<p style=\"text-align: justify;\"><span style=\"color: #ff0000; background-color: #ffffff; font-size: 14pt;\"><strong>Si te ha gustado, comp\u00e1rtelo en tu red favorita,\u00a0 haz +1, o env\u00edanos tu comentario.<br \/> <\/strong><\/span><\/p>\n<p style=\"text-align: justify;\"><span style=\"font-size: 14pt;\"><strong><span style=\"color: #ff0000;\">Muchas gracias !<\/span><\/strong><\/span><\/p>\n<hr \/>\n<p style=\"text-align: justify;\"><strong><span style=\"color: #008000;\">Suscribete si quieres recibir un mail cuando publiquemos nuevas rutas : no enviamos publicidad y como m\u00e1ximo enviamos 2 mails al mes<\/span><\/strong><\/p>\n<p>[wysija_form id=\u00bb1&#8243;]<\/p>\n<hr \/>\n<p style=\"text-align: justify;\">\u00a0<\/p>\n","protected":false},"excerpt":{"rendered":"<p>La excursi\u00f3n de hoy al Vall de la Llosa y Caba\u00f1a dels Esparvers empieza en Cal Jan de la Llosa, y nos premitir\u00e1 recorrer este valle y acercarnos a la Portella Blanca de Andorra. Dificultad :\u00a0 Moderada Recorrido :\u00a0 15&#8217;181 km. Desnivel acum.\u00a0 :\u00a0\u00a0 697 m. \u00a0 \u00a0 \u00a0 Alturas m\u00edn.\/m\u00e1x. \u00a0 :\u00a0\u00a0 1.592 \/ [&hellip;]<\/p>\n","protected":false},"author":50,"featured_media":6370,"comment_status":"open","ping_status":"open","sticky":false,"template":"","format":"gallery","meta":{"footnotes":""},"categories":[11,27,41],"tags":[],"class_list":{"0":"post-6351","1":"post","2":"type-post","3":"status-publish","4":"format-gallery","5":"has-post-thumbnail","6":"hentry","7":"category-moderada","8":"category-4-de-15-a-20-km","9":"category-cerdanya-sur","10":"post_format-post-format-gallery","12":"post-with-thumbnail","13":"post-with-thumbnail-icon"},"yoast_head":"<!-- This site is optimized with the Yoast SEO plugin v27.4 - https:\/\/yoast.com\/product\/yoast-seo-wordpress\/ -->\n<title>Vall de la Llosa y Caba\u00f1a dels Esparvers<\/title>\n<meta name=\"description\" content=\"La excursi\u00f3n al Vall de la Llosa y Caba\u00f1a dels Esparvers empieza en Cal Jan de la Llosa, y nos premitir\u00e1 recorrer este valle y acercarnos a la Portella Blanca de Andorra.\" \/>\n<meta name=\"robots\" content=\"index, follow, max-snippet:-1, max-image-preview:large, max-video-preview:-1\" \/>\n<link rel=\"canonical\" href=\"https:\/\/www.carlosyconchita.net\/rutas\/05-12-2014-vall-de-la-llosa-y-cabana-dels-esparvers\/\" \/>\n<meta property=\"og:locale\" content=\"es_ES\" \/>\n<meta property=\"og:type\" content=\"article\" \/>\n<meta property=\"og:title\" content=\"Vall de la Llosa y Caba\u00f1a dels Esparvers\" \/>\n<meta property=\"og:description\" content=\"La excursi\u00f3n al Vall de la Llosa y Caba\u00f1a dels Esparvers empieza en Cal Jan de la Llosa, y nos premitir\u00e1 recorrer este valle y acercarnos a la Portella Blanca de Andorra.\" \/>\n<meta property=\"og:url\" content=\"https:\/\/www.carlosyconchita.net\/rutas\/05-12-2014-vall-de-la-llosa-y-cabana-dels-esparvers\/\" \/>\n<meta property=\"og:site_name\" content=\"Las rutas de Carlos y Conchita\" \/>\n<meta property=\"article:published_time\" content=\"2014-12-05T19:09:17+00:00\" \/>\n<meta property=\"article:modified_time\" content=\"2014-12-21T20:01:33+00:00\" \/>\n<meta property=\"og:image\" content=\"https:\/\/www.carlosyconchita.net\/rutas\/wp-content\/uploads\/2014\/12\/PC059032a.jpg\" \/>\n\t<meta property=\"og:image:width\" content=\"1024\" \/>\n\t<meta property=\"og:image:height\" content=\"321\" \/>\n\t<meta property=\"og:image:type\" content=\"image\/jpeg\" \/>\n<meta name=\"author\" content=\"Carlos Conchita\" \/>\n<meta name=\"twitter:label1\" content=\"Escrito por\" \/>\n\t<meta name=\"twitter:data1\" content=\"Carlos Conchita\" \/>\n\t<meta name=\"twitter:label2\" content=\"Tiempo de lectura\" \/>\n\t<meta name=\"twitter:data2\" content=\"8 minutos\" \/>\n<script type=\"application\/ld+json\" class=\"yoast-schema-graph\">{\"@context\":\"https:\\\/\\\/schema.org\",\"@graph\":[{\"@type\":\"Article\",\"@id\":\"https:\\\/\\\/www.carlosyconchita.net\\\/rutas\\\/05-12-2014-vall-de-la-llosa-y-cabana-dels-esparvers\\\/#article\",\"isPartOf\":{\"@id\":\"https:\\\/\\\/www.carlosyconchita.net\\\/rutas\\\/05-12-2014-vall-de-la-llosa-y-cabana-dels-esparvers\\\/\"},\"author\":{\"name\":\"Carlos Conchita\",\"@id\":\"https:\\\/\\\/www.carlosyconchita.net\\\/rutas\\\/#\\\/schema\\\/person\\\/a9691f7258c28443fab2d3aa1479ea19\"},\"headline\":\"05-12-2014 &#8211; Vall de la Llosa y Caba\u00f1a dels Esparvers\",\"datePublished\":\"2014-12-05T19:09:17+00:00\",\"dateModified\":\"2014-12-21T20:01:33+00:00\",\"mainEntityOfPage\":{\"@id\":\"https:\\\/\\\/www.carlosyconchita.net\\\/rutas\\\/05-12-2014-vall-de-la-llosa-y-cabana-dels-esparvers\\\/\"},\"wordCount\":1658,\"commentCount\":0,\"image\":{\"@id\":\"https:\\\/\\\/www.carlosyconchita.net\\\/rutas\\\/05-12-2014-vall-de-la-llosa-y-cabana-dels-esparvers\\\/#primaryimage\"},\"thumbnailUrl\":\"https:\\\/\\\/www.carlosyconchita.net\\\/rutas\\\/wp-content\\\/uploads\\\/2014\\\/12\\\/PC059032a.jpg\",\"articleSection\":[\"2-Moderada\",\"4 - De 15 a 20 km.\",\"Cerdanya Sur-Cad\u00ed-Moixer\u00f3\"],\"inLanguage\":\"es\",\"potentialAction\":[{\"@type\":\"CommentAction\",\"name\":\"Comment\",\"target\":[\"https:\\\/\\\/www.carlosyconchita.net\\\/rutas\\\/05-12-2014-vall-de-la-llosa-y-cabana-dels-esparvers\\\/#respond\"]}]},{\"@type\":\"WebPage\",\"@id\":\"https:\\\/\\\/www.carlosyconchita.net\\\/rutas\\\/05-12-2014-vall-de-la-llosa-y-cabana-dels-esparvers\\\/\",\"url\":\"https:\\\/\\\/www.carlosyconchita.net\\\/rutas\\\/05-12-2014-vall-de-la-llosa-y-cabana-dels-esparvers\\\/\",\"name\":\"Vall de la Llosa y Caba\u00f1a dels Esparvers\",\"isPartOf\":{\"@id\":\"https:\\\/\\\/www.carlosyconchita.net\\\/rutas\\\/#website\"},\"primaryImageOfPage\":{\"@id\":\"https:\\\/\\\/www.carlosyconchita.net\\\/rutas\\\/05-12-2014-vall-de-la-llosa-y-cabana-dels-esparvers\\\/#primaryimage\"},\"image\":{\"@id\":\"https:\\\/\\\/www.carlosyconchita.net\\\/rutas\\\/05-12-2014-vall-de-la-llosa-y-cabana-dels-esparvers\\\/#primaryimage\"},\"thumbnailUrl\":\"https:\\\/\\\/www.carlosyconchita.net\\\/rutas\\\/wp-content\\\/uploads\\\/2014\\\/12\\\/PC059032a.jpg\",\"datePublished\":\"2014-12-05T19:09:17+00:00\",\"dateModified\":\"2014-12-21T20:01:33+00:00\",\"author\":{\"@id\":\"https:\\\/\\\/www.carlosyconchita.net\\\/rutas\\\/#\\\/schema\\\/person\\\/a9691f7258c28443fab2d3aa1479ea19\"},\"description\":\"La excursi\u00f3n al Vall de la Llosa y Caba\u00f1a dels Esparvers empieza en Cal Jan de la Llosa, y nos premitir\u00e1 recorrer este valle y acercarnos a la Portella Blanca de Andorra.\",\"breadcrumb\":{\"@id\":\"https:\\\/\\\/www.carlosyconchita.net\\\/rutas\\\/05-12-2014-vall-de-la-llosa-y-cabana-dels-esparvers\\\/#breadcrumb\"},\"inLanguage\":\"es\",\"potentialAction\":[{\"@type\":\"ReadAction\",\"target\":[\"https:\\\/\\\/www.carlosyconchita.net\\\/rutas\\\/05-12-2014-vall-de-la-llosa-y-cabana-dels-esparvers\\\/\"]}]},{\"@type\":\"ImageObject\",\"inLanguage\":\"es\",\"@id\":\"https:\\\/\\\/www.carlosyconchita.net\\\/rutas\\\/05-12-2014-vall-de-la-llosa-y-cabana-dels-esparvers\\\/#primaryimage\",\"url\":\"https:\\\/\\\/www.carlosyconchita.net\\\/rutas\\\/wp-content\\\/uploads\\\/2014\\\/12\\\/PC059032a.jpg\",\"contentUrl\":\"https:\\\/\\\/www.carlosyconchita.net\\\/rutas\\\/wp-content\\\/uploads\\\/2014\\\/12\\\/PC059032a.jpg\",\"width\":1024,\"height\":321},{\"@type\":\"BreadcrumbList\",\"@id\":\"https:\\\/\\\/www.carlosyconchita.net\\\/rutas\\\/05-12-2014-vall-de-la-llosa-y-cabana-dels-esparvers\\\/#breadcrumb\",\"itemListElement\":[{\"@type\":\"ListItem\",\"position\":1,\"name\":\"Portada\",\"item\":\"https:\\\/\\\/www.carlosyconchita.net\\\/rutas\\\/\"},{\"@type\":\"ListItem\",\"position\":2,\"name\":\"05-12-2014 &#8211; Vall de la Llosa y Caba\u00f1a dels Esparvers\"}]},{\"@type\":\"WebSite\",\"@id\":\"https:\\\/\\\/www.carlosyconchita.net\\\/rutas\\\/#website\",\"url\":\"https:\\\/\\\/www.carlosyconchita.net\\\/rutas\\\/\",\"name\":\"Las rutas de Carlos y Conchita\",\"description\":\"\",\"potentialAction\":[{\"@type\":\"SearchAction\",\"target\":{\"@type\":\"EntryPoint\",\"urlTemplate\":\"https:\\\/\\\/www.carlosyconchita.net\\\/rutas\\\/?s={search_term_string}\"},\"query-input\":{\"@type\":\"PropertyValueSpecification\",\"valueRequired\":true,\"valueName\":\"search_term_string\"}}],\"inLanguage\":\"es\"},{\"@type\":\"Person\",\"@id\":\"https:\\\/\\\/www.carlosyconchita.net\\\/rutas\\\/#\\\/schema\\\/person\\\/a9691f7258c28443fab2d3aa1479ea19\",\"name\":\"Carlos Conchita\",\"image\":{\"@type\":\"ImageObject\",\"inLanguage\":\"es\",\"@id\":\"https:\\\/\\\/secure.gravatar.com\\\/avatar\\\/3a4625b20c8da3de99da69bfe7a322774e291c3f90dce7e8778a30fe6748ed1a?s=96&d=mm&r=g\",\"url\":\"https:\\\/\\\/secure.gravatar.com\\\/avatar\\\/3a4625b20c8da3de99da69bfe7a322774e291c3f90dce7e8778a30fe6748ed1a?s=96&d=mm&r=g\",\"contentUrl\":\"https:\\\/\\\/secure.gravatar.com\\\/avatar\\\/3a4625b20c8da3de99da69bfe7a322774e291c3f90dce7e8778a30fe6748ed1a?s=96&d=mm&r=g\",\"caption\":\"Carlos Conchita\"}}]}<\/script>\n<!-- \/ Yoast SEO plugin. -->","yoast_head_json":{"title":"Vall de la Llosa y Caba\u00f1a dels Esparvers","description":"La excursi\u00f3n al Vall de la Llosa y Caba\u00f1a dels Esparvers empieza en Cal Jan de la Llosa, y nos premitir\u00e1 recorrer este valle y acercarnos a la Portella Blanca de Andorra.","robots":{"index":"index","follow":"follow","max-snippet":"max-snippet:-1","max-image-preview":"max-image-preview:large","max-video-preview":"max-video-preview:-1"},"canonical":"https:\/\/www.carlosyconchita.net\/rutas\/05-12-2014-vall-de-la-llosa-y-cabana-dels-esparvers\/","og_locale":"es_ES","og_type":"article","og_title":"Vall de la Llosa y Caba\u00f1a dels Esparvers","og_description":"La excursi\u00f3n al Vall de la Llosa y Caba\u00f1a dels Esparvers empieza en Cal Jan de la Llosa, y nos premitir\u00e1 recorrer este valle y acercarnos a la Portella Blanca de Andorra.","og_url":"https:\/\/www.carlosyconchita.net\/rutas\/05-12-2014-vall-de-la-llosa-y-cabana-dels-esparvers\/","og_site_name":"Las rutas de Carlos y Conchita","article_published_time":"2014-12-05T19:09:17+00:00","article_modified_time":"2014-12-21T20:01:33+00:00","og_image":[{"width":1024,"height":321,"url":"https:\/\/www.carlosyconchita.net\/rutas\/wp-content\/uploads\/2014\/12\/PC059032a.jpg","type":"image\/jpeg"}],"author":"Carlos Conchita","twitter_misc":{"Escrito por":"Carlos Conchita","Tiempo de lectura":"8 minutos"},"schema":{"@context":"https:\/\/schema.org","@graph":[{"@type":"Article","@id":"https:\/\/www.carlosyconchita.net\/rutas\/05-12-2014-vall-de-la-llosa-y-cabana-dels-esparvers\/#article","isPartOf":{"@id":"https:\/\/www.carlosyconchita.net\/rutas\/05-12-2014-vall-de-la-llosa-y-cabana-dels-esparvers\/"},"author":{"name":"Carlos Conchita","@id":"https:\/\/www.carlosyconchita.net\/rutas\/#\/schema\/person\/a9691f7258c28443fab2d3aa1479ea19"},"headline":"05-12-2014 &#8211; Vall de la Llosa y Caba\u00f1a dels Esparvers","datePublished":"2014-12-05T19:09:17+00:00","dateModified":"2014-12-21T20:01:33+00:00","mainEntityOfPage":{"@id":"https:\/\/www.carlosyconchita.net\/rutas\/05-12-2014-vall-de-la-llosa-y-cabana-dels-esparvers\/"},"wordCount":1658,"commentCount":0,"image":{"@id":"https:\/\/www.carlosyconchita.net\/rutas\/05-12-2014-vall-de-la-llosa-y-cabana-dels-esparvers\/#primaryimage"},"thumbnailUrl":"https:\/\/www.carlosyconchita.net\/rutas\/wp-content\/uploads\/2014\/12\/PC059032a.jpg","articleSection":["2-Moderada","4 - De 15 a 20 km.","Cerdanya Sur-Cad\u00ed-Moixer\u00f3"],"inLanguage":"es","potentialAction":[{"@type":"CommentAction","name":"Comment","target":["https:\/\/www.carlosyconchita.net\/rutas\/05-12-2014-vall-de-la-llosa-y-cabana-dels-esparvers\/#respond"]}]},{"@type":"WebPage","@id":"https:\/\/www.carlosyconchita.net\/rutas\/05-12-2014-vall-de-la-llosa-y-cabana-dels-esparvers\/","url":"https:\/\/www.carlosyconchita.net\/rutas\/05-12-2014-vall-de-la-llosa-y-cabana-dels-esparvers\/","name":"Vall de la Llosa y Caba\u00f1a dels Esparvers","isPartOf":{"@id":"https:\/\/www.carlosyconchita.net\/rutas\/#website"},"primaryImageOfPage":{"@id":"https:\/\/www.carlosyconchita.net\/rutas\/05-12-2014-vall-de-la-llosa-y-cabana-dels-esparvers\/#primaryimage"},"image":{"@id":"https:\/\/www.carlosyconchita.net\/rutas\/05-12-2014-vall-de-la-llosa-y-cabana-dels-esparvers\/#primaryimage"},"thumbnailUrl":"https:\/\/www.carlosyconchita.net\/rutas\/wp-content\/uploads\/2014\/12\/PC059032a.jpg","datePublished":"2014-12-05T19:09:17+00:00","dateModified":"2014-12-21T20:01:33+00:00","author":{"@id":"https:\/\/www.carlosyconchita.net\/rutas\/#\/schema\/person\/a9691f7258c28443fab2d3aa1479ea19"},"description":"La excursi\u00f3n al Vall de la Llosa y Caba\u00f1a dels Esparvers empieza en Cal Jan de la Llosa, y nos premitir\u00e1 recorrer este valle y acercarnos a la Portella Blanca de Andorra.","breadcrumb":{"@id":"https:\/\/www.carlosyconchita.net\/rutas\/05-12-2014-vall-de-la-llosa-y-cabana-dels-esparvers\/#breadcrumb"},"inLanguage":"es","potentialAction":[{"@type":"ReadAction","target":["https:\/\/www.carlosyconchita.net\/rutas\/05-12-2014-vall-de-la-llosa-y-cabana-dels-esparvers\/"]}]},{"@type":"ImageObject","inLanguage":"es","@id":"https:\/\/www.carlosyconchita.net\/rutas\/05-12-2014-vall-de-la-llosa-y-cabana-dels-esparvers\/#primaryimage","url":"https:\/\/www.carlosyconchita.net\/rutas\/wp-content\/uploads\/2014\/12\/PC059032a.jpg","contentUrl":"https:\/\/www.carlosyconchita.net\/rutas\/wp-content\/uploads\/2014\/12\/PC059032a.jpg","width":1024,"height":321},{"@type":"BreadcrumbList","@id":"https:\/\/www.carlosyconchita.net\/rutas\/05-12-2014-vall-de-la-llosa-y-cabana-dels-esparvers\/#breadcrumb","itemListElement":[{"@type":"ListItem","position":1,"name":"Portada","item":"https:\/\/www.carlosyconchita.net\/rutas\/"},{"@type":"ListItem","position":2,"name":"05-12-2014 &#8211; Vall de la Llosa y Caba\u00f1a dels Esparvers"}]},{"@type":"WebSite","@id":"https:\/\/www.carlosyconchita.net\/rutas\/#website","url":"https:\/\/www.carlosyconchita.net\/rutas\/","name":"Las rutas de Carlos y Conchita","description":"","potentialAction":[{"@type":"SearchAction","target":{"@type":"EntryPoint","urlTemplate":"https:\/\/www.carlosyconchita.net\/rutas\/?s={search_term_string}"},"query-input":{"@type":"PropertyValueSpecification","valueRequired":true,"valueName":"search_term_string"}}],"inLanguage":"es"},{"@type":"Person","@id":"https:\/\/www.carlosyconchita.net\/rutas\/#\/schema\/person\/a9691f7258c28443fab2d3aa1479ea19","name":"Carlos Conchita","image":{"@type":"ImageObject","inLanguage":"es","@id":"https:\/\/secure.gravatar.com\/avatar\/3a4625b20c8da3de99da69bfe7a322774e291c3f90dce7e8778a30fe6748ed1a?s=96&d=mm&r=g","url":"https:\/\/secure.gravatar.com\/avatar\/3a4625b20c8da3de99da69bfe7a322774e291c3f90dce7e8778a30fe6748ed1a?s=96&d=mm&r=g","contentUrl":"https:\/\/secure.gravatar.com\/avatar\/3a4625b20c8da3de99da69bfe7a322774e291c3f90dce7e8778a30fe6748ed1a?s=96&d=mm&r=g","caption":"Carlos Conchita"}}]}},"_links":{"self":[{"href":"https:\/\/www.carlosyconchita.net\/rutas\/wp-json\/wp\/v2\/posts\/6351","targetHints":{"allow":["GET"]}}],"collection":[{"href":"https:\/\/www.carlosyconchita.net\/rutas\/wp-json\/wp\/v2\/posts"}],"about":[{"href":"https:\/\/www.carlosyconchita.net\/rutas\/wp-json\/wp\/v2\/types\/post"}],"author":[{"embeddable":true,"href":"https:\/\/www.carlosyconchita.net\/rutas\/wp-json\/wp\/v2\/users\/50"}],"replies":[{"embeddable":true,"href":"https:\/\/www.carlosyconchita.net\/rutas\/wp-json\/wp\/v2\/comments?post=6351"}],"version-history":[{"count":0,"href":"https:\/\/www.carlosyconchita.net\/rutas\/wp-json\/wp\/v2\/posts\/6351\/revisions"}],"wp:featuredmedia":[{"embeddable":true,"href":"https:\/\/www.carlosyconchita.net\/rutas\/wp-json\/wp\/v2\/media\/6370"}],"wp:attachment":[{"href":"https:\/\/www.carlosyconchita.net\/rutas\/wp-json\/wp\/v2\/media?parent=6351"}],"wp:term":[{"taxonomy":"category","embeddable":true,"href":"https:\/\/www.carlosyconchita.net\/rutas\/wp-json\/wp\/v2\/categories?post=6351"},{"taxonomy":"post_tag","embeddable":true,"href":"https:\/\/www.carlosyconchita.net\/rutas\/wp-json\/wp\/v2\/tags?post=6351"}],"curies":[{"name":"wp","href":"https:\/\/api.w.org\/{rel}","templated":true}]}}