{"id":6380,"date":"2014-12-07T18:16:52","date_gmt":"2014-12-07T16:16:52","guid":{"rendered":"http:\/\/www.carlosyconchita.net\/rutas\/?p=6380"},"modified":"2014-12-21T21:56:47","modified_gmt":"2014-12-21T19:56:47","slug":"07-12-2014-bosques-de-formigueres","status":"publish","type":"post","link":"https:\/\/www.carlosyconchita.net\/rutas\/07-12-2014-bosques-de-formigueres\/","title":{"rendered":"07-12-2014 &#8211; Bosques de Formigueres"},"content":{"rendered":"<p style=\"text-align: justify;\">Despues de la considerable nevada de esta pasada noche, no podemos hacer la excursi\u00f3n que habiamos previsto hoy , por lo que decidimos estrenar la temporada de raquetas y nos vamos a la zona de bosques de Formigueres, en la zona conocida como La Lladure, en donde tenemos una zona de parking y donde empiezan y pasan bastantes rutas que discurren entre los bosques.<\/p>\n<table border=\"1\" cellspacing=\"300\" cellpadding=\"1\">\n<tbody>\n<tr>\n<td style=\"width: 300px; height: 40px; text-align: left; vertical-align: top;\"><strong>Dificultad :\u00a0 F\u00e1cil<\/strong><\/td>\n<td><strong>Recorrido :\u00a0 6&#8217;805 km.<\/strong><\/td>\n<\/tr>\n<tr>\n<td><strong>Desnivel acum.\u00a0 :\u00a0\u00a0 162 m. \u00a0 \u00a0 \u00a0 <\/strong><\/td>\n<td><strong>Alturas m\u00edn.\/m\u00e1x. \u00a0 :\u00a0\u00a0 1.549 \/ 1.636 m.<\/strong><\/td>\n<\/tr>\n<tr>\n<td><strong>Tiempo total :\u00a0 3 h. 03 m.<br \/> <\/strong><\/td>\n<td><strong>Velocidad media :\u00a0 1&#8217;89 km.\/hora<\/strong><\/td>\n<\/tr>\n<tr>\n<td><strong>Tiempo movimiento\u00a0 :\u00a0 2 h. 04 m.<br \/> <\/strong><\/td>\n<td><strong> Velocidad media\u00a0 :\u00a0 3&#8217;26 km.\/hora<\/strong><\/td>\n<\/tr>\n<\/tbody>\n<\/table>\n<p style=\"text-align: justify;\">Para llegar alli, saliendo de Saillagosa seguimos la carretera en direccion a Les Angles, y antes de llegar all\u00ed, ya veremos las indicaciones para llegar a Formigueres.<\/p>\n<p style=\"text-align: justify;\">La carretera est\u00e1 ya limpia de nieve, y durante el recorrido vemos varios camiones quitanieves que van acabando de limpiarla, por lo que no hay ningun problema.<\/p>\n<p style=\"text-align: justify;\">[shashin type=\u00bbphoto\u00bb id=\u00bb11536,11538,11539,11542&#8243; size=\u00bbmedium\u00bb columns=\u00bb2&#8243; order=\u00bbuser\u00bb caption=\u00bby\u00bb position=\u00bbcenter\u00bb]<\/p>\n<p style=\"text-align: justify;\">Sin embargo, una vez pasado el desvio de Les Angles y el lago de Matemale, conforme nos acercamos a Formigueres la carretera no est\u00e1 tan limpia, por lo que decidimos entrar en la poblaci\u00f3n para ver como est\u00e1 de nieve.<\/p>\n<p style=\"text-align: justify;\">[shashin type=\u00bbphoto\u00bb id=\u00bb11546,11547,11548,11551&#8243; size=\u00bbmedium\u00bb columns=\u00bb2&#8243; order=\u00bbuser\u00bb caption=\u00bby\u00bb position=\u00bbcenter\u00bb]<\/p>\n<p style=\"text-align: justify;\">Despues de dar una vuelta por este pueblo , volvemos atr\u00e1s y salimos de Fomigueres , y justo a la salida veremos a la derecha una carretera que indica las pistas de ski, que seguimos, y poco despu\u00e9s a la izquierda una se\u00f1al que nos indica Les Angles.<\/p>\n<p style=\"text-align: justify;\">Seguimos esa carretera y entramos ya en los bosques, y poco despu\u00e9s veremos una zona donde hay una especie de parking para dejar el coche, aunque hoy debido a la nevada de esta noche esta cubierto de nieve.<\/p>\n<p style=\"text-align: justify;\">Como vemos que hay un par de coches alli parados, nos atrevemos a entrar con el coche, ya que no vemos el grueso de nieve\u2026 esperemos que no tengamos problema luego para salir, ya que esa zona hace un poco de pendiente\u2026<\/p>\n<p style=\"text-align: justify;\">[shashin type=\u00bbphoto\u00bb id=\u00bb11555,11553&#8243; size=\u00bbmedium\u00bb columns=\u00bb2&#8243; order=\u00bbuser\u00bb caption=\u00bby\u00bb position=\u00bbcenter\u00bb]<\/p>\n<p style=\"text-align: justify;\">Cruzamos la carretera para iniciar la caminata de hoy que transcurre por un ancho camino totalmente cubierto de nieve , y con una temperatura muy baja.<\/p>\n<p style=\"text-align: justify;\">[shashin type=\u00bbphoto\u00bb id=\u00bb11558,11556&#8243; size=\u00bblarge\u00bb columns=\u00bb2&#8243; order=\u00bbuser\u00bb caption=\u00bby\u00bb position=\u00bbcenter\u00bb]<\/p>\n<p style=\"text-align: justify;\">Durante el recorrido seguimos durante un buen rato una especie de canal que esta completamente congelado.<\/p>\n<p style=\"text-align: justify;\">[shashin type=\u00bbphoto\u00bb id=\u00bb11563,11561&#8243; size=\u00bblarge\u00bb columns=\u00bb2&#8243; order=\u00bbuser\u00bb caption=\u00bby\u00bb position=\u00bbcenter\u00bb]<\/p>\n<p style=\"text-align: justify;\">En algun momento podemos ver enfrente nuestro algunas de las pistas de ski de Les Angles, y parece que por alli asoma un poco mas el sol, aunque si miramos atr\u00e1s, las nubes son bastante feas.<\/p>\n<p style=\"text-align: justify;\">[shashin type=\u00bbphoto\u00bb id=\u00bb11564,11565&#8243; size=\u00bblarge\u00bb columns=\u00bbmax\u00bb order=\u00bbuser\u00bb caption=\u00bby\u00bb position=\u00bbcenter\u00bb]<\/p>\n<p style=\"text-align: justify;\">Pasaremos por una bonita zona al lado del rio Lladure, que podemos ver entre los arboles, y todav\u00eda con las se\u00f1ales de la nevada de esta noche.<\/p>\n<p style=\"text-align: justify;\">[shashin type=\u00bbphoto\u00bb id=\u00bb11572,11575&#8243; size=\u00bblarge\u00bb columns=\u00bbmax\u00bb order=\u00bbuser\u00bb caption=\u00bby\u00bb position=\u00bbcenter\u00bb]<\/p>\n<p style=\"text-align: justify;\">En el punto se\u00f1alado en el track como Desvio 1, y para animar un poco la cosa, dejamos el camino principal y cogemos un peque\u00f1o sendero a nuestra izquierda entre el bosque, que realmente no vemos por la nieve y que seguimos unicamente por el GPS entre los arboles, pero cuando llegamos de nuevo a uno de los caminos principales (Desvio 2)\u00a0\u00a0 lo volvemos a coger, ya que el paso entre el bosque es bastante lento debido a las muchas ramas y piedras que no vemos y que encontramos debajo de la nieve y que hace que se nos enganchen las raquetas.<\/p>\n<p style=\"text-align: justify;\">[shashin type=\u00bbphoto\u00bb id=\u00bb11578&#8243; size=\u00bblarge\u00bb columns=\u00bbmax\u00bb order=\u00bbuser\u00bb caption=\u00bby\u00bb position=\u00bbcenter\u00bb]<\/p>\n<p style=\"text-align: justify;\">Siguiendo pues este camino mas ancho, y despu\u00e9s de hacer un recorrido mas o menos circular, llegamos al mismo camino de la ida, que seguimos hasta el coche.<\/p>\n<p style=\"text-align: justify;\">[shashin type=\u00bbphoto\u00bb id=\u00bb11580,11581&#8243; size=\u00bblarge\u00bb columns=\u00bbmax\u00bb order=\u00bbuser\u00bb caption=\u00bby\u00bb position=\u00bbcenter\u00bb]<\/p>\n<p style=\"text-align: justify;\">A esa hora ya se ha despejado el cielo, y ahora podemos apreciar los paisajes con luz.<\/p>\n<p style=\"text-align: justify;\">[shashin type=\u00bbphoto\u00bb id=\u00bb11588&#8243; size=\u00bblarge\u00bb columns=\u00bbmax\u00bb order=\u00bbuser\u00bb caption=\u00bby\u00bb position=\u00bbcenter\u00bb]<\/p>\n<p style=\"text-align: justify;\"><span style=\"color: #008000;\">Nota : esta excursi\u00f3n no sigue ninguna ruta concreta de las indicadas en los mapas o guias de la zona o en los carteles que hay en el parking, sino que la hemos elegido un poco a voleo mirando los caminos que veiamos en el mapa y en el GPS.<\/span><\/p>\n<p style=\"text-align: justify;\">\u00a0<\/p>\n<hr \/>\n<h2>\u00a0Track de la ruta<\/h2>\n<p>&nbsp;<\/p>\n<p>[sgpx gpx=\u00bb\/wp-content\/uploads\/gpx\/Formigueres-Bosque.gpx\u00bb]<\/p>\n<p style=\"text-align: justify;\">\u00a0<\/p>\n<hr \/>\n<table border=\"2\" cellspacing=\"300\" cellpadding=\"2\">\n<tbody>\n<tr style=\"height: 40px;\">\n<td style=\"width: 300px; height: 40px; text-align: center; vertical-align: middle;\"><strong>Enlace album de fotos<\/strong><\/td>\n<td style=\"width: 300px; height: 40px; text-align: center; vertical-align: middle;\">[shashin type=\u00bbalbum\u00bb id=\u00bb184&#8243; size=\u00bbsmall\u00bb crop=\u00bbn\u00bb columns=\u00bbmax\u00bb caption=\u00bby\u00bb order=\u00bbdate\u00bb position=\u00bbcenter\u00bb]<\/td>\n<\/tr>\n<tr style=\"height: 100px;\">\n<td style=\"width: 300px; height: 100px; text-align: center; vertical-align: middle;\"><strong>Enlace\u00a0 Wikiloc<br \/> <\/strong><\/td>\n<td style=\"width: 300px; height: 100px; text-align: center; vertical-align: middle;\"><a href=\"http:\/\/es.wikiloc.com\/wikiloc\/view.do?id=8445609\" target=\"_blank\"><img loading=\"lazy\" decoding=\"async\" class=\"aligncenter\" title=\"wikiloc\" src=\"http:\/\/www.carlosyconchita.net\/rutas\/wp-content\/uploads\/2020\/09\/wikiloc.jpg\" alt=\"\" width=\"117\" height=\"34\" \/><\/a><\/td>\n<\/tr>\n<\/tbody>\n<\/table>\n<p style=\"text-align: justify;\">\u00a0<\/p>\n<p style=\"text-align: justify;\"><span style=\"color: #ff0000; background-color: #ffffff; font-size: 14pt;\"><strong>Si te ha gustado, comp\u00e1rtelo en tu red favorita,\u00a0 haz +1, o env\u00edanos tu comentario.<br \/> <\/strong><\/span><\/p>\n<p style=\"text-align: justify;\"><span style=\"font-size: 14pt;\"><strong><span style=\"color: #ff0000;\">Muchas gracias !<\/span><\/strong><\/span><\/p>\n<hr \/>\n<p style=\"text-align: justify;\">\u00a0<\/p>\n<p style=\"text-align: justify;\"><strong><span style=\"color: #008000;\">Suscribete si quieres recibir un mail cuando publiquemos nuevas rutas : no enviamos publicidad y como m\u00e1ximo enviamos 2 mails al mes<\/span><\/strong><\/p>\n<p>[wysija_form id=\u00bb1&#8243;]<\/p>\n<p style=\"text-align: justify;\">\u00a0<\/p>\n","protected":false},"excerpt":{"rendered":"<p>Despues de la considerable nevada de esta pasada noche, no podemos hacer la excursi\u00f3n que habiamos previsto hoy , por lo que decidimos estrenar la temporada de raquetas y nos vamos a la zona de bosques de Formigueres, en la zona conocida como La Lladure, en donde tenemos una zona de parking y donde empiezan [&hellip;]<\/p>\n","protected":false},"author":50,"featured_media":6396,"comment_status":"open","ping_status":"open","sticky":false,"template":"","format":"gallery","meta":{"footnotes":""},"categories":[14,22,7],"tags":[],"class_list":{"0":"post-6380","1":"post","2":"type-post","3":"status-publish","4":"format-gallery","5":"has-post-thumbnail","6":"hentry","7":"category-muy-facil","8":"category-de-05-a-10-km","9":"category-formigueres","10":"post_format-post-format-gallery","12":"post-with-thumbnail","13":"post-with-thumbnail-icon"},"yoast_head":"<!-- This site is optimized with the Yoast SEO plugin v27.4 - https:\/\/yoast.com\/product\/yoast-seo-wordpress\/ -->\n<title>Bosques de Formigueres<\/title>\n<meta name=\"description\" content=\"Despues de la considerable nevada de esta pasada noche, no podemos hacer la excursi\u00f3n prevista, por lo que decidimos ir a los Bosques de Formigueres y estrenar la temporada de raquetas.\" \/>\n<meta name=\"robots\" content=\"index, follow, max-snippet:-1, max-image-preview:large, max-video-preview:-1\" \/>\n<link rel=\"canonical\" href=\"https:\/\/www.carlosyconchita.net\/rutas\/07-12-2014-bosques-de-formigueres\/\" \/>\n<meta property=\"og:locale\" content=\"es_ES\" \/>\n<meta property=\"og:type\" content=\"article\" \/>\n<meta property=\"og:title\" content=\"Bosques de Formigueres\" \/>\n<meta property=\"og:description\" content=\"Despues de la considerable nevada de esta pasada noche, no podemos hacer la excursi\u00f3n prevista, por lo que decidimos ir a los Bosques de Formigueres y estrenar la temporada de raquetas.\" \/>\n<meta property=\"og:url\" content=\"https:\/\/www.carlosyconchita.net\/rutas\/07-12-2014-bosques-de-formigueres\/\" \/>\n<meta property=\"og:site_name\" content=\"Las rutas de Carlos y Conchita\" \/>\n<meta property=\"article:published_time\" content=\"2014-12-07T16:16:52+00:00\" \/>\n<meta property=\"article:modified_time\" content=\"2014-12-21T19:56:47+00:00\" \/>\n<meta property=\"og:image\" content=\"https:\/\/www.carlosyconchita.net\/rutas\/wp-content\/uploads\/2014\/12\/PC079221.jpg\" \/>\n\t<meta property=\"og:image:width\" content=\"1024\" \/>\n\t<meta property=\"og:image:height\" content=\"768\" \/>\n\t<meta property=\"og:image:type\" content=\"image\/jpeg\" \/>\n<meta name=\"author\" content=\"Carlos Conchita\" \/>\n<meta name=\"twitter:label1\" content=\"Escrito por\" \/>\n\t<meta name=\"twitter:data1\" content=\"Carlos Conchita\" \/>\n\t<meta name=\"twitter:label2\" content=\"Tiempo de lectura\" \/>\n\t<meta name=\"twitter:data2\" content=\"4 minutos\" \/>\n<script type=\"application\/ld+json\" class=\"yoast-schema-graph\">{\"@context\":\"https:\\\/\\\/schema.org\",\"@graph\":[{\"@type\":\"Article\",\"@id\":\"https:\\\/\\\/www.carlosyconchita.net\\\/rutas\\\/07-12-2014-bosques-de-formigueres\\\/#article\",\"isPartOf\":{\"@id\":\"https:\\\/\\\/www.carlosyconchita.net\\\/rutas\\\/07-12-2014-bosques-de-formigueres\\\/\"},\"author\":{\"name\":\"Carlos Conchita\",\"@id\":\"https:\\\/\\\/www.carlosyconchita.net\\\/rutas\\\/#\\\/schema\\\/person\\\/a9691f7258c28443fab2d3aa1479ea19\"},\"headline\":\"07-12-2014 &#8211; Bosques de Formigueres\",\"datePublished\":\"2014-12-07T16:16:52+00:00\",\"dateModified\":\"2014-12-21T19:56:47+00:00\",\"mainEntityOfPage\":{\"@id\":\"https:\\\/\\\/www.carlosyconchita.net\\\/rutas\\\/07-12-2014-bosques-de-formigueres\\\/\"},\"wordCount\":841,\"commentCount\":0,\"image\":{\"@id\":\"https:\\\/\\\/www.carlosyconchita.net\\\/rutas\\\/07-12-2014-bosques-de-formigueres\\\/#primaryimage\"},\"thumbnailUrl\":\"https:\\\/\\\/www.carlosyconchita.net\\\/rutas\\\/wp-content\\\/uploads\\\/2014\\\/12\\\/PC079221.jpg\",\"articleSection\":[\"0-Muy f\u00e1cil\",\"2 - De 5 a 10 km.\",\"Formigueres \\\/ Puyvalador\"],\"inLanguage\":\"es\",\"potentialAction\":[{\"@type\":\"CommentAction\",\"name\":\"Comment\",\"target\":[\"https:\\\/\\\/www.carlosyconchita.net\\\/rutas\\\/07-12-2014-bosques-de-formigueres\\\/#respond\"]}]},{\"@type\":\"WebPage\",\"@id\":\"https:\\\/\\\/www.carlosyconchita.net\\\/rutas\\\/07-12-2014-bosques-de-formigueres\\\/\",\"url\":\"https:\\\/\\\/www.carlosyconchita.net\\\/rutas\\\/07-12-2014-bosques-de-formigueres\\\/\",\"name\":\"Bosques de Formigueres\",\"isPartOf\":{\"@id\":\"https:\\\/\\\/www.carlosyconchita.net\\\/rutas\\\/#website\"},\"primaryImageOfPage\":{\"@id\":\"https:\\\/\\\/www.carlosyconchita.net\\\/rutas\\\/07-12-2014-bosques-de-formigueres\\\/#primaryimage\"},\"image\":{\"@id\":\"https:\\\/\\\/www.carlosyconchita.net\\\/rutas\\\/07-12-2014-bosques-de-formigueres\\\/#primaryimage\"},\"thumbnailUrl\":\"https:\\\/\\\/www.carlosyconchita.net\\\/rutas\\\/wp-content\\\/uploads\\\/2014\\\/12\\\/PC079221.jpg\",\"datePublished\":\"2014-12-07T16:16:52+00:00\",\"dateModified\":\"2014-12-21T19:56:47+00:00\",\"author\":{\"@id\":\"https:\\\/\\\/www.carlosyconchita.net\\\/rutas\\\/#\\\/schema\\\/person\\\/a9691f7258c28443fab2d3aa1479ea19\"},\"description\":\"Despues de la considerable nevada de esta pasada noche, no podemos hacer la excursi\u00f3n prevista, por lo que decidimos ir a los Bosques de Formigueres y estrenar la temporada de raquetas.\",\"breadcrumb\":{\"@id\":\"https:\\\/\\\/www.carlosyconchita.net\\\/rutas\\\/07-12-2014-bosques-de-formigueres\\\/#breadcrumb\"},\"inLanguage\":\"es\",\"potentialAction\":[{\"@type\":\"ReadAction\",\"target\":[\"https:\\\/\\\/www.carlosyconchita.net\\\/rutas\\\/07-12-2014-bosques-de-formigueres\\\/\"]}]},{\"@type\":\"ImageObject\",\"inLanguage\":\"es\",\"@id\":\"https:\\\/\\\/www.carlosyconchita.net\\\/rutas\\\/07-12-2014-bosques-de-formigueres\\\/#primaryimage\",\"url\":\"https:\\\/\\\/www.carlosyconchita.net\\\/rutas\\\/wp-content\\\/uploads\\\/2014\\\/12\\\/PC079221.jpg\",\"contentUrl\":\"https:\\\/\\\/www.carlosyconchita.net\\\/rutas\\\/wp-content\\\/uploads\\\/2014\\\/12\\\/PC079221.jpg\",\"width\":1024,\"height\":768},{\"@type\":\"BreadcrumbList\",\"@id\":\"https:\\\/\\\/www.carlosyconchita.net\\\/rutas\\\/07-12-2014-bosques-de-formigueres\\\/#breadcrumb\",\"itemListElement\":[{\"@type\":\"ListItem\",\"position\":1,\"name\":\"Portada\",\"item\":\"https:\\\/\\\/www.carlosyconchita.net\\\/rutas\\\/\"},{\"@type\":\"ListItem\",\"position\":2,\"name\":\"07-12-2014 &#8211; Bosques de Formigueres\"}]},{\"@type\":\"WebSite\",\"@id\":\"https:\\\/\\\/www.carlosyconchita.net\\\/rutas\\\/#website\",\"url\":\"https:\\\/\\\/www.carlosyconchita.net\\\/rutas\\\/\",\"name\":\"Las rutas de Carlos y Conchita\",\"description\":\"\",\"potentialAction\":[{\"@type\":\"SearchAction\",\"target\":{\"@type\":\"EntryPoint\",\"urlTemplate\":\"https:\\\/\\\/www.carlosyconchita.net\\\/rutas\\\/?s={search_term_string}\"},\"query-input\":{\"@type\":\"PropertyValueSpecification\",\"valueRequired\":true,\"valueName\":\"search_term_string\"}}],\"inLanguage\":\"es\"},{\"@type\":\"Person\",\"@id\":\"https:\\\/\\\/www.carlosyconchita.net\\\/rutas\\\/#\\\/schema\\\/person\\\/a9691f7258c28443fab2d3aa1479ea19\",\"name\":\"Carlos Conchita\",\"image\":{\"@type\":\"ImageObject\",\"inLanguage\":\"es\",\"@id\":\"https:\\\/\\\/secure.gravatar.com\\\/avatar\\\/3a4625b20c8da3de99da69bfe7a322774e291c3f90dce7e8778a30fe6748ed1a?s=96&d=mm&r=g\",\"url\":\"https:\\\/\\\/secure.gravatar.com\\\/avatar\\\/3a4625b20c8da3de99da69bfe7a322774e291c3f90dce7e8778a30fe6748ed1a?s=96&d=mm&r=g\",\"contentUrl\":\"https:\\\/\\\/secure.gravatar.com\\\/avatar\\\/3a4625b20c8da3de99da69bfe7a322774e291c3f90dce7e8778a30fe6748ed1a?s=96&d=mm&r=g\",\"caption\":\"Carlos Conchita\"}}]}<\/script>\n<!-- \/ Yoast SEO plugin. -->","yoast_head_json":{"title":"Bosques de Formigueres","description":"Despues de la considerable nevada de esta pasada noche, no podemos hacer la excursi\u00f3n prevista, por lo que decidimos ir a los Bosques de Formigueres y estrenar la temporada de raquetas.","robots":{"index":"index","follow":"follow","max-snippet":"max-snippet:-1","max-image-preview":"max-image-preview:large","max-video-preview":"max-video-preview:-1"},"canonical":"https:\/\/www.carlosyconchita.net\/rutas\/07-12-2014-bosques-de-formigueres\/","og_locale":"es_ES","og_type":"article","og_title":"Bosques de Formigueres","og_description":"Despues de la considerable nevada de esta pasada noche, no podemos hacer la excursi\u00f3n prevista, por lo que decidimos ir a los Bosques de Formigueres y estrenar la temporada de raquetas.","og_url":"https:\/\/www.carlosyconchita.net\/rutas\/07-12-2014-bosques-de-formigueres\/","og_site_name":"Las rutas de Carlos y Conchita","article_published_time":"2014-12-07T16:16:52+00:00","article_modified_time":"2014-12-21T19:56:47+00:00","og_image":[{"width":1024,"height":768,"url":"https:\/\/www.carlosyconchita.net\/rutas\/wp-content\/uploads\/2014\/12\/PC079221.jpg","type":"image\/jpeg"}],"author":"Carlos Conchita","twitter_misc":{"Escrito por":"Carlos Conchita","Tiempo de lectura":"4 minutos"},"schema":{"@context":"https:\/\/schema.org","@graph":[{"@type":"Article","@id":"https:\/\/www.carlosyconchita.net\/rutas\/07-12-2014-bosques-de-formigueres\/#article","isPartOf":{"@id":"https:\/\/www.carlosyconchita.net\/rutas\/07-12-2014-bosques-de-formigueres\/"},"author":{"name":"Carlos Conchita","@id":"https:\/\/www.carlosyconchita.net\/rutas\/#\/schema\/person\/a9691f7258c28443fab2d3aa1479ea19"},"headline":"07-12-2014 &#8211; Bosques de Formigueres","datePublished":"2014-12-07T16:16:52+00:00","dateModified":"2014-12-21T19:56:47+00:00","mainEntityOfPage":{"@id":"https:\/\/www.carlosyconchita.net\/rutas\/07-12-2014-bosques-de-formigueres\/"},"wordCount":841,"commentCount":0,"image":{"@id":"https:\/\/www.carlosyconchita.net\/rutas\/07-12-2014-bosques-de-formigueres\/#primaryimage"},"thumbnailUrl":"https:\/\/www.carlosyconchita.net\/rutas\/wp-content\/uploads\/2014\/12\/PC079221.jpg","articleSection":["0-Muy f\u00e1cil","2 - De 5 a 10 km.","Formigueres \/ Puyvalador"],"inLanguage":"es","potentialAction":[{"@type":"CommentAction","name":"Comment","target":["https:\/\/www.carlosyconchita.net\/rutas\/07-12-2014-bosques-de-formigueres\/#respond"]}]},{"@type":"WebPage","@id":"https:\/\/www.carlosyconchita.net\/rutas\/07-12-2014-bosques-de-formigueres\/","url":"https:\/\/www.carlosyconchita.net\/rutas\/07-12-2014-bosques-de-formigueres\/","name":"Bosques de Formigueres","isPartOf":{"@id":"https:\/\/www.carlosyconchita.net\/rutas\/#website"},"primaryImageOfPage":{"@id":"https:\/\/www.carlosyconchita.net\/rutas\/07-12-2014-bosques-de-formigueres\/#primaryimage"},"image":{"@id":"https:\/\/www.carlosyconchita.net\/rutas\/07-12-2014-bosques-de-formigueres\/#primaryimage"},"thumbnailUrl":"https:\/\/www.carlosyconchita.net\/rutas\/wp-content\/uploads\/2014\/12\/PC079221.jpg","datePublished":"2014-12-07T16:16:52+00:00","dateModified":"2014-12-21T19:56:47+00:00","author":{"@id":"https:\/\/www.carlosyconchita.net\/rutas\/#\/schema\/person\/a9691f7258c28443fab2d3aa1479ea19"},"description":"Despues de la considerable nevada de esta pasada noche, no podemos hacer la excursi\u00f3n prevista, por lo que decidimos ir a los Bosques de Formigueres y estrenar la temporada de raquetas.","breadcrumb":{"@id":"https:\/\/www.carlosyconchita.net\/rutas\/07-12-2014-bosques-de-formigueres\/#breadcrumb"},"inLanguage":"es","potentialAction":[{"@type":"ReadAction","target":["https:\/\/www.carlosyconchita.net\/rutas\/07-12-2014-bosques-de-formigueres\/"]}]},{"@type":"ImageObject","inLanguage":"es","@id":"https:\/\/www.carlosyconchita.net\/rutas\/07-12-2014-bosques-de-formigueres\/#primaryimage","url":"https:\/\/www.carlosyconchita.net\/rutas\/wp-content\/uploads\/2014\/12\/PC079221.jpg","contentUrl":"https:\/\/www.carlosyconchita.net\/rutas\/wp-content\/uploads\/2014\/12\/PC079221.jpg","width":1024,"height":768},{"@type":"BreadcrumbList","@id":"https:\/\/www.carlosyconchita.net\/rutas\/07-12-2014-bosques-de-formigueres\/#breadcrumb","itemListElement":[{"@type":"ListItem","position":1,"name":"Portada","item":"https:\/\/www.carlosyconchita.net\/rutas\/"},{"@type":"ListItem","position":2,"name":"07-12-2014 &#8211; Bosques de Formigueres"}]},{"@type":"WebSite","@id":"https:\/\/www.carlosyconchita.net\/rutas\/#website","url":"https:\/\/www.carlosyconchita.net\/rutas\/","name":"Las rutas de Carlos y Conchita","description":"","potentialAction":[{"@type":"SearchAction","target":{"@type":"EntryPoint","urlTemplate":"https:\/\/www.carlosyconchita.net\/rutas\/?s={search_term_string}"},"query-input":{"@type":"PropertyValueSpecification","valueRequired":true,"valueName":"search_term_string"}}],"inLanguage":"es"},{"@type":"Person","@id":"https:\/\/www.carlosyconchita.net\/rutas\/#\/schema\/person\/a9691f7258c28443fab2d3aa1479ea19","name":"Carlos Conchita","image":{"@type":"ImageObject","inLanguage":"es","@id":"https:\/\/secure.gravatar.com\/avatar\/3a4625b20c8da3de99da69bfe7a322774e291c3f90dce7e8778a30fe6748ed1a?s=96&d=mm&r=g","url":"https:\/\/secure.gravatar.com\/avatar\/3a4625b20c8da3de99da69bfe7a322774e291c3f90dce7e8778a30fe6748ed1a?s=96&d=mm&r=g","contentUrl":"https:\/\/secure.gravatar.com\/avatar\/3a4625b20c8da3de99da69bfe7a322774e291c3f90dce7e8778a30fe6748ed1a?s=96&d=mm&r=g","caption":"Carlos Conchita"}}]}},"_links":{"self":[{"href":"https:\/\/www.carlosyconchita.net\/rutas\/wp-json\/wp\/v2\/posts\/6380","targetHints":{"allow":["GET"]}}],"collection":[{"href":"https:\/\/www.carlosyconchita.net\/rutas\/wp-json\/wp\/v2\/posts"}],"about":[{"href":"https:\/\/www.carlosyconchita.net\/rutas\/wp-json\/wp\/v2\/types\/post"}],"author":[{"embeddable":true,"href":"https:\/\/www.carlosyconchita.net\/rutas\/wp-json\/wp\/v2\/users\/50"}],"replies":[{"embeddable":true,"href":"https:\/\/www.carlosyconchita.net\/rutas\/wp-json\/wp\/v2\/comments?post=6380"}],"version-history":[{"count":0,"href":"https:\/\/www.carlosyconchita.net\/rutas\/wp-json\/wp\/v2\/posts\/6380\/revisions"}],"wp:featuredmedia":[{"embeddable":true,"href":"https:\/\/www.carlosyconchita.net\/rutas\/wp-json\/wp\/v2\/media\/6396"}],"wp:attachment":[{"href":"https:\/\/www.carlosyconchita.net\/rutas\/wp-json\/wp\/v2\/media?parent=6380"}],"wp:term":[{"taxonomy":"category","embeddable":true,"href":"https:\/\/www.carlosyconchita.net\/rutas\/wp-json\/wp\/v2\/categories?post=6380"},{"taxonomy":"post_tag","embeddable":true,"href":"https:\/\/www.carlosyconchita.net\/rutas\/wp-json\/wp\/v2\/tags?post=6380"}],"curies":[{"name":"wp","href":"https:\/\/api.w.org\/{rel}","templated":true}]}}