{"id":6564,"date":"2015-02-07T22:32:18","date_gmt":"2015-02-07T21:32:18","guid":{"rendered":"http:\/\/www.carlosyconchita.net\/rutas\/?p=6564"},"modified":"2015-03-01T22:55:09","modified_gmt":"2015-03-01T21:55:09","slug":"07-02-2015-valle-del-galba-raquetas","status":"publish","type":"post","link":"https:\/\/www.carlosyconchita.net\/rutas\/07-02-2015-valle-del-galba-raquetas\/","title":{"rendered":"07-02-2015 &#8211; Valle del Galba (raquetas)"},"content":{"rendered":"<p>Hoy hemos hecho una bonita excursi\u00f3n con raquetas por la zona del valle del Galba, por la que habiamos pasado ya en un par de ocasiones anteriores, pero no con raquetas.<\/p>\n<p>Ver enlaces\u00a0 :\u00a0\u00a0<\/p>\n<p><strong><a href=\"http:\/\/www.carlosyconchita.net\/rutas\/22-06-2014-estany-del-diable\/\" rel=\"bookmark\">03-04-2010 \u2013 Valle del Galba<\/a><\/strong><\/p>\n<p><strong><a href=\"http:\/\/www.carlosyconchita.net\/rutas\/22-06-2014-estany-del-diable\/\" rel=\"bookmark\">22-06-2014 \u2013 Estany del Diable<\/a><\/strong><\/p>\n<p>Esta ruta de hoy empieza en el peque\u00f1o pueblo de Espousouille, en donde tambi\u00e9n habiamos pasado en esta ocasi\u00f3n.<\/p>\n<p><strong><a href=\"http:\/\/www.carlosyconchita.net\/rutas\/26-08-2012-formigueres-espousouille-fontrabiouse\/\" rel=\"bookmark\">26-08-2012 \u2013 Formigueres-Espousouille-Fontrabiouse<\/a><\/strong><\/p>\n<p>&nbsp;<\/p>\n<table border=\"1\" cellspacing=\"300\" cellpadding=\"1\">\n<tbody>\n<tr>\n<td style=\"width: 300px; height: 40px; text-align: left; vertical-align: top;\"><strong>Dificultad :\u00a0 Moderada<br \/><\/strong><\/td>\n<td><strong>Recorrido :\u00a0 9&#8217;420 km.<\/strong><\/td>\n<\/tr>\n<tr>\n<td><strong>Desnivel acum.\u00a0 :\u00a0\u00a0 366 m. \u00a0 \u00a0 \u00a0 <\/strong><\/td>\n<td><strong>Alturas m\u00edn.\/m\u00e1x. \u00a0 :\u00a0\u00a0 1.507 \/ 1.628 m.<\/strong><\/td>\n<\/tr>\n<tr>\n<td><strong>Tiempo total :\u00a0 4 h. 36 m.<br \/> <\/strong><\/td>\n<td><strong>Velocidad media :\u00a0 2&#8217;0 km.\/hora<\/strong><\/td>\n<\/tr>\n<tr>\n<td><strong>Tiempo movimiento\u00a0 :\u00a0 2 h. 53 m.<br \/> <\/strong><\/td>\n<td><strong> Velocidad media\u00a0 :\u00a0 3&#8217;19 km.\/hora<\/strong><\/td>\n<\/tr>\n<\/tbody>\n<\/table>\n<p style=\"text-align: justify;\">Hoy hace bastante frio, y podemos ver aqui la temperatura que ha habido estos dias y por la noche con esta foto de un gran desague de agua al lado de nuestro apartamento en Saillagosa, completamente congelado.<\/p>\n<p style=\"text-align: justify;\">[shashin type=\u00bbphoto\u00bb id=\u00bb12669&#8243; size=\u00bblarge\u00bb columns=\u00bbmax\u00bb order=\u00bbuser\u00bb position=\u00bbcenter\u00bb]<\/p>\n<p style=\"text-align: justify;\">Para llegar al punto de partida, desde Saillagosa seguiremos la carretera en direcci\u00f3n a Les Angles, y antes de llegar all\u00ed,\u00a0 seguiremos despu\u00e9s las indicaciones hacia Formigueres.<\/p>\n<p style=\"text-align: justify;\">Cruzaremos este pueblo, y siguiendo la carretera, veremos a unos pocos kms. la indicacion de Espousouille a nuestra izquierda.<\/p>\n<p style=\"text-align: justify;\">En el centro de este peque\u00f1o pueblo, veremos a la izquierda la iglesia, y al lado una gran zona plana de parking donde podremos dejar el coche.<\/p>\n<p style=\"text-align: justify;\">[shashin type=\u00bbphoto\u00bb id=\u00bb12670,12671&#8243; size=\u00bblarge\u00bb columns=\u00bbmax\u00bb order=\u00bbuser\u00bb position=\u00bbcenter\u00bb]<\/p>\n<p style=\"text-align: justify;\">Empezamos a caminar por el lado contrario por donde hemos llegado y cruzaremos un peque\u00f1o puente sobre el rio Galba, que casi no se v\u00e9 por la nieve.<\/p>\n<p style=\"text-align: justify;\">[shashin type=\u00bbphoto\u00bb id=\u00bb12675,12674&#8243; size=\u00bblarge\u00bb columns=\u00bbmax\u00bb order=\u00bbuser\u00bb position=\u00bbcenter\u00bb]<\/p>\n<p style=\"text-align: justify;\">El camino que tenemos que seguir sigue hacia la derecha, pasa entre los arboles y es bastante ancho y plano, ya que de hecho en verano es el camino para llegar en coche a un parking para dejar el coche, unos kms. m\u00e1s arriba ( ver <a href=\"http:\/\/www.carlosyconchita.net\/rutas\/22-06-2014-estany-del-diable\/\" rel=\"bookmark\">22-06-2014 \u2013 Estany del Diable<\/a>)<\/p>\n<p style=\"text-align: justify;\">Observamos que hay bastantes ramas y arboles caidos, por el peso de la gran cantidad de nieve en las ramas y por el fuerte viento de estos \u00faltimos dias.<\/p>\n<p style=\"text-align: justify;\">[shashin type=\u00bbphoto\u00bb id=\u00bb12677,12683&#8243; size=\u00bblarge\u00bb columns=\u00bbmax\u00bb order=\u00bbuser\u00bb position=\u00bbcenter\u00bb]<\/p>\n<p style=\"text-align: justify;\">\u00a0<\/p>\n<p style=\"text-align: justify;\">Hacemos notar que a pesar de que en invierno este camino solo es accesible con raquetas y no con coches, las ramas que impedian el paso a pi\u00e9 han sido cortadas, aunque evidentemente los arboles los quitar\u00e1n cuando no haya nieve.<\/p>\n<p style=\"text-align: justify;\">El recorrido es muy bonito por la gran cantidad de nieve, y en algun punto podemos ver el rio que baja, que est\u00e1 casi oculto por la nieve.<\/p>\n<p style=\"text-align: justify;\">[shashin type=\u00bbphoto\u00bb id=\u00bb12680,12679,12685&#8243; size=\u00bblarge\u00bb columns=\u00bbmax\u00bb order=\u00bbuser\u00bb position=\u00bbcenter\u00bb]<\/p>\n<p style=\"text-align: justify;\">El grueso de nieve es considerable, y si hacemos un agujero en la nieve con el palo, veremos el tipico color azul del hielo cuanto tiene suficiente grueso.<\/p>\n<p style=\"text-align: justify;\">[shashin type=\u00bbphoto\u00bb id=\u00bb12681&#8243; size=\u00bblarge\u00bb columns=\u00bbmax\u00bb order=\u00bbuser\u00bb position=\u00bbcenter\u00bb]<\/p>\n<p style=\"text-align: justify;\">Por fin en el punto se\u00f1alado como Font de la Cascada, podemos ver la cascada completamente congelada y un poco mejor el rio cubierto de nieve.<\/p>\n<p style=\"text-align: justify;\">[shashin type=\u00bbphoto\u00bb id=\u00bb12690,12689,12692,12695&#8243; size=\u00bblarge\u00bb columns=\u00bbmax\u00bb order=\u00bbuser\u00bb position=\u00bbcenter\u00bb]<\/p>\n<p style=\"text-align: justify;\">Mirando hacia atr\u00e1s podemos ver todo el valle hasta Espousouille.<\/p>\n<p style=\"text-align: justify;\">[shashin type=\u00bbphoto\u00bb id=\u00bb12686&#8243; size=\u00bblarge\u00bb columns=\u00bbmax\u00bb order=\u00bbuser\u00bb position=\u00bbcenter\u00bb]<\/p>\n<p style=\"text-align: justify;\">Tambi\u00e9n podemos ver en la nieve, huellas de diversos animales.<\/p>\n<p style=\"text-align: justify;\">[shashin type=\u00bbphoto\u00bb id=\u00bb12688&#8243; size=\u00bblarge\u00bb columns=\u00bbmax\u00bb order=\u00bbuser\u00bb position=\u00bbcenter\u00bb]<\/p>\n<p style=\"text-align: justify;\">\u00a0<\/p>\n<p style=\"text-align: justify;\">Finalmente llegamos a un puente, que realmente no se v\u00e9, y que nos lleva a la zona de parking que hemos comentado antes, en donde podremos ver un bonito tramo del rio.<\/p>\n<p>[shashin type=\u00bbphoto\u00bb id=\u00bb12700,12701,12706&#8243; size=\u00bblarge\u00bb columns=\u00bbmax\u00bb order=\u00bbuser\u00bb position=\u00bbcenter\u00bb]<\/p>\n<p>&nbsp;<\/p>\n<p>En esta zona es donde en verano dejamos el coche para empezar la ruta hacia el Estany del Diable, aunque el aspecto con nieve es totalmente distinto.<\/p>\n<p style=\"text-align: justify;\">Si cogemos los arboles como referencia, podremos ver que las 2 fotos estan hechas practicmente desde el mismo punto.<\/p>\n<p>[shashin type=\u00bbphoto\u00bb id=\u00bb12704&#8243; size=\u00bblarge\u00bb columns=\u00bbmax\u00bb order=\u00bbuser\u00bb position=\u00bbcenter\u00bb]<\/p>\n<p>[shashin type=\u00bbphoto\u00bb id=\u00bb10504&#8243; size=\u00bblarge\u00bb columns=\u00bbmax\u00bb order=\u00bbuser\u00bb caption=\u00bby\u00bb position=\u00bbcenter\u00bb]<\/p>\n<p>&nbsp;<\/p>\n<p>Nuestra idea era volver al punto de inicio por el otro lado del rio, pero en vista de la gran cantidad de nieve y a que el camino no estaba pisado y hubieramos sido los primeros, decidimos volver por el mismo camino.<\/p>\n<p>[shashin type=\u00bbphoto\u00bb id=\u00bb12711&#8243; size=\u00bblarge\u00bb columns=\u00bbmax\u00bb order=\u00bbuser\u00bb caption=\u00bby\u00bb position=\u00bbcenter\u00bb]<\/p>\n<p>&nbsp;<\/p>\n<p>Poco antes de llegar al coche, tenemos una bonita vista del pueblo de Espousouille.<\/p>\n<p>[shashin type=\u00bbphoto\u00bb id=\u00bb12718&#8243; size=\u00bblarge\u00bb columns=\u00bbmax\u00bb order=\u00bbuser\u00bb caption=\u00bby\u00bb position=\u00bbcenter\u00bb]<\/p>\n<p>&nbsp;<\/p>\n<p>En el camino de vuelta a casa, paramos un momento en la carretera para hacer unas fotos al helado lago de Puyvalador y el pueblo de Real :<\/p>\n<p>[shashin type=\u00bbphoto\u00bb id=\u00bb12721&#8243; size=\u00bblarge\u00bb columns=\u00bbmax\u00bb order=\u00bbuser\u00bb caption=\u00bby\u00bb position=\u00bbcenter\u00bb]<\/p>\n<p>&nbsp;<\/p>\n<p>Y despues en el lago de Matemale, en donde vemos a varias personas cruzando el lago helado.<\/p>\n<p>[shashin type=\u00bbphoto\u00bb id=\u00bb12723,12724&#8243; size=\u00bblarge\u00bb columns=\u00bbmax\u00bb order=\u00bbuser\u00bb caption=\u00bby\u00bb position=\u00bbcenter\u00bb]<\/p>\n<hr \/>\n<p><strong>\u00a0Track de la ruta<\/strong><\/p>\n<p>[sgpx gpx=\u00bb\/wp-content\/uploads\/gpx\/ValldeGalba-raquetas.gpx\u00bb]<\/p>\n<p>&nbsp;<\/p>\n<hr \/>\n<table border=\"2\" cellspacing=\"300\" cellpadding=\"2\">\n<tbody>\n<tr style=\"height: 40px;\">\n<td style=\"width: 300px; height: 40px; text-align: center; vertical-align: middle;\"><strong>Enlace album de fotos<\/strong><\/td>\n<td style=\"width: 300px; height: 40px; text-align: center; vertical-align: middle;\">[shashin type=\u00bbalbum\u00bb id=\u00bb192&#8243; size=\u00bbsmall\u00bb crop=\u00bbn\u00bb columns=\u00bbmax\u00bb caption=\u00bby\u00bb order=\u00bbdate\u00bb position=\u00bbcenter\u00bb]<\/td>\n<\/tr>\n<tr style=\"height: 100px;\">\n<td style=\"width: 300px; height: 100px; text-align: center; vertical-align: middle;\"><strong>Enlace\u00a0 Wikiloc<br \/> <\/strong><\/td>\n<td style=\"width: 300px; height: 100px; text-align: center; vertical-align: middle;\"><a href=\"http:\/\/es.wikiloc.com\/wikiloc\/view.do?id=8978739\" target=\"_blank\"><img loading=\"lazy\" decoding=\"async\" class=\"aligncenter\" title=\"wikiloc\" src=\"http:\/\/www.carlosyconchita.net\/rutas\/wp-content\/uploads\/2020\/09\/wikiloc.jpg\" alt=\"\" width=\"117\" height=\"34\" \/><\/a><\/td>\n<\/tr>\n<\/tbody>\n<\/table>\n<p style=\"text-align: justify;\"><span style=\"color: #ff0000; background-color: #ffffff; font-size: 14pt;\"><strong>Si te ha gustado, comp\u00e1rtelo en tu red favorita,\u00a0 haz +1, o env\u00edanos tu comentario.<br \/> <\/strong><\/span><\/p>\n<p><span style=\"font-size: 14pt;\"><strong><span style=\"color: #ff0000;\">Muchas gracias !<\/span><\/strong><\/span><\/p>\n<hr \/>\n<p style=\"text-align: justify;\"><strong><span style=\"color: #008000;\">Suscribete si quieres recibir un mail cuando publiquemos nuevas rutas : no enviamos publicidad y como m\u00e1ximo enviamos 2 mails al mes<\/span><\/strong><\/p>\n<p>[wysija_form id=\u00bb1&#8243;]<\/p>\n<hr \/>\n<p>&nbsp;<\/p>\n<p>&nbsp;<\/p>\n","protected":false},"excerpt":{"rendered":"<p>Hoy hemos hecho una bonita excursi\u00f3n con raquetas por la zona del valle del Galba, por la que habiamos pasado ya en un par de ocasiones anteriores, pero no con raquetas. Ver enlaces\u00a0 :\u00a0\u00a0 03-04-2010 \u2013 Valle del Galba 22-06-2014 \u2013 Estany del Diable Esta ruta de hoy empieza en el peque\u00f1o pueblo de Espousouille, [&hellip;]<\/p>\n","protected":false},"author":50,"featured_media":6566,"comment_status":"open","ping_status":"open","sticky":false,"template":"","format":"gallery","meta":{"footnotes":""},"categories":[22,11,7],"tags":[],"class_list":{"0":"post-6564","1":"post","2":"type-post","3":"status-publish","4":"format-gallery","5":"has-post-thumbnail","6":"hentry","7":"category-de-05-a-10-km","8":"category-moderada","9":"category-formigueres","10":"post_format-post-format-gallery","12":"post-with-thumbnail","13":"post-with-thumbnail-icon"},"yoast_head":"<!-- This site is optimized with the Yoast SEO plugin v27.4 - https:\/\/yoast.com\/product\/yoast-seo-wordpress\/ -->\n<title>Valle del Galba<\/title>\n<meta name=\"description\" content=\"Hoy hemos hecho una bonita excursi\u00f3n con raquetas por la zona del valle del Galba, por la que habiamos pasado ya en un par de ocasiones anteriores, pero no con raquetas.\" \/>\n<meta name=\"robots\" content=\"index, follow, max-snippet:-1, max-image-preview:large, max-video-preview:-1\" \/>\n<link rel=\"canonical\" href=\"https:\/\/www.carlosyconchita.net\/rutas\/07-02-2015-valle-del-galba-raquetas\/\" \/>\n<meta property=\"og:locale\" content=\"es_ES\" \/>\n<meta property=\"og:type\" content=\"article\" \/>\n<meta property=\"og:title\" content=\"Valle del Galba\" \/>\n<meta property=\"og:description\" content=\"Hoy hemos hecho una bonita excursi\u00f3n con raquetas por la zona del valle del Galba, por la que habiamos pasado ya en un par de ocasiones anteriores, pero no con raquetas.\" \/>\n<meta property=\"og:url\" content=\"https:\/\/www.carlosyconchita.net\/rutas\/07-02-2015-valle-del-galba-raquetas\/\" \/>\n<meta property=\"og:site_name\" content=\"Las rutas de Carlos y Conchita\" \/>\n<meta property=\"article:published_time\" content=\"2015-02-07T21:32:18+00:00\" \/>\n<meta property=\"article:modified_time\" content=\"2015-03-01T21:55:09+00:00\" \/>\n<meta property=\"og:image\" content=\"https:\/\/www.carlosyconchita.net\/rutas\/wp-content\/uploads\/2015\/02\/P2079796.jpg\" \/>\n\t<meta property=\"og:image:width\" content=\"1024\" \/>\n\t<meta property=\"og:image:height\" content=\"768\" \/>\n\t<meta property=\"og:image:type\" content=\"image\/jpeg\" \/>\n<meta name=\"author\" content=\"Carlos Conchita\" \/>\n<meta name=\"twitter:label1\" content=\"Escrito por\" \/>\n\t<meta name=\"twitter:data1\" content=\"Carlos Conchita\" \/>\n\t<meta name=\"twitter:label2\" content=\"Tiempo de lectura\" \/>\n\t<meta name=\"twitter:data2\" content=\"5 minutos\" \/>\n<script type=\"application\/ld+json\" class=\"yoast-schema-graph\">{\"@context\":\"https:\\\/\\\/schema.org\",\"@graph\":[{\"@type\":\"Article\",\"@id\":\"https:\\\/\\\/www.carlosyconchita.net\\\/rutas\\\/07-02-2015-valle-del-galba-raquetas\\\/#article\",\"isPartOf\":{\"@id\":\"https:\\\/\\\/www.carlosyconchita.net\\\/rutas\\\/07-02-2015-valle-del-galba-raquetas\\\/\"},\"author\":{\"name\":\"Carlos Conchita\",\"@id\":\"https:\\\/\\\/www.carlosyconchita.net\\\/rutas\\\/#\\\/schema\\\/person\\\/a9691f7258c28443fab2d3aa1479ea19\"},\"headline\":\"07-02-2015 &#8211; Valle del Galba (raquetas)\",\"datePublished\":\"2015-02-07T21:32:18+00:00\",\"dateModified\":\"2015-03-01T21:55:09+00:00\",\"mainEntityOfPage\":{\"@id\":\"https:\\\/\\\/www.carlosyconchita.net\\\/rutas\\\/07-02-2015-valle-del-galba-raquetas\\\/\"},\"wordCount\":937,\"commentCount\":0,\"image\":{\"@id\":\"https:\\\/\\\/www.carlosyconchita.net\\\/rutas\\\/07-02-2015-valle-del-galba-raquetas\\\/#primaryimage\"},\"thumbnailUrl\":\"https:\\\/\\\/www.carlosyconchita.net\\\/rutas\\\/wp-content\\\/uploads\\\/2015\\\/02\\\/P2079796.jpg\",\"articleSection\":[\"2 - De 5 a 10 km.\",\"2-Moderada\",\"Formigueres \\\/ Puyvalador\"],\"inLanguage\":\"es\",\"potentialAction\":[{\"@type\":\"CommentAction\",\"name\":\"Comment\",\"target\":[\"https:\\\/\\\/www.carlosyconchita.net\\\/rutas\\\/07-02-2015-valle-del-galba-raquetas\\\/#respond\"]}]},{\"@type\":\"WebPage\",\"@id\":\"https:\\\/\\\/www.carlosyconchita.net\\\/rutas\\\/07-02-2015-valle-del-galba-raquetas\\\/\",\"url\":\"https:\\\/\\\/www.carlosyconchita.net\\\/rutas\\\/07-02-2015-valle-del-galba-raquetas\\\/\",\"name\":\"Valle del Galba\",\"isPartOf\":{\"@id\":\"https:\\\/\\\/www.carlosyconchita.net\\\/rutas\\\/#website\"},\"primaryImageOfPage\":{\"@id\":\"https:\\\/\\\/www.carlosyconchita.net\\\/rutas\\\/07-02-2015-valle-del-galba-raquetas\\\/#primaryimage\"},\"image\":{\"@id\":\"https:\\\/\\\/www.carlosyconchita.net\\\/rutas\\\/07-02-2015-valle-del-galba-raquetas\\\/#primaryimage\"},\"thumbnailUrl\":\"https:\\\/\\\/www.carlosyconchita.net\\\/rutas\\\/wp-content\\\/uploads\\\/2015\\\/02\\\/P2079796.jpg\",\"datePublished\":\"2015-02-07T21:32:18+00:00\",\"dateModified\":\"2015-03-01T21:55:09+00:00\",\"author\":{\"@id\":\"https:\\\/\\\/www.carlosyconchita.net\\\/rutas\\\/#\\\/schema\\\/person\\\/a9691f7258c28443fab2d3aa1479ea19\"},\"description\":\"Hoy hemos hecho una bonita excursi\u00f3n con raquetas por la zona del valle del Galba, por la que habiamos pasado ya en un par de ocasiones anteriores, pero no con raquetas.\",\"breadcrumb\":{\"@id\":\"https:\\\/\\\/www.carlosyconchita.net\\\/rutas\\\/07-02-2015-valle-del-galba-raquetas\\\/#breadcrumb\"},\"inLanguage\":\"es\",\"potentialAction\":[{\"@type\":\"ReadAction\",\"target\":[\"https:\\\/\\\/www.carlosyconchita.net\\\/rutas\\\/07-02-2015-valle-del-galba-raquetas\\\/\"]}]},{\"@type\":\"ImageObject\",\"inLanguage\":\"es\",\"@id\":\"https:\\\/\\\/www.carlosyconchita.net\\\/rutas\\\/07-02-2015-valle-del-galba-raquetas\\\/#primaryimage\",\"url\":\"https:\\\/\\\/www.carlosyconchita.net\\\/rutas\\\/wp-content\\\/uploads\\\/2015\\\/02\\\/P2079796.jpg\",\"contentUrl\":\"https:\\\/\\\/www.carlosyconchita.net\\\/rutas\\\/wp-content\\\/uploads\\\/2015\\\/02\\\/P2079796.jpg\",\"width\":1024,\"height\":768},{\"@type\":\"BreadcrumbList\",\"@id\":\"https:\\\/\\\/www.carlosyconchita.net\\\/rutas\\\/07-02-2015-valle-del-galba-raquetas\\\/#breadcrumb\",\"itemListElement\":[{\"@type\":\"ListItem\",\"position\":1,\"name\":\"Portada\",\"item\":\"https:\\\/\\\/www.carlosyconchita.net\\\/rutas\\\/\"},{\"@type\":\"ListItem\",\"position\":2,\"name\":\"07-02-2015 &#8211; Valle del Galba (raquetas)\"}]},{\"@type\":\"WebSite\",\"@id\":\"https:\\\/\\\/www.carlosyconchita.net\\\/rutas\\\/#website\",\"url\":\"https:\\\/\\\/www.carlosyconchita.net\\\/rutas\\\/\",\"name\":\"Las rutas de Carlos y Conchita\",\"description\":\"\",\"potentialAction\":[{\"@type\":\"SearchAction\",\"target\":{\"@type\":\"EntryPoint\",\"urlTemplate\":\"https:\\\/\\\/www.carlosyconchita.net\\\/rutas\\\/?s={search_term_string}\"},\"query-input\":{\"@type\":\"PropertyValueSpecification\",\"valueRequired\":true,\"valueName\":\"search_term_string\"}}],\"inLanguage\":\"es\"},{\"@type\":\"Person\",\"@id\":\"https:\\\/\\\/www.carlosyconchita.net\\\/rutas\\\/#\\\/schema\\\/person\\\/a9691f7258c28443fab2d3aa1479ea19\",\"name\":\"Carlos Conchita\",\"image\":{\"@type\":\"ImageObject\",\"inLanguage\":\"es\",\"@id\":\"https:\\\/\\\/secure.gravatar.com\\\/avatar\\\/3a4625b20c8da3de99da69bfe7a322774e291c3f90dce7e8778a30fe6748ed1a?s=96&d=mm&r=g\",\"url\":\"https:\\\/\\\/secure.gravatar.com\\\/avatar\\\/3a4625b20c8da3de99da69bfe7a322774e291c3f90dce7e8778a30fe6748ed1a?s=96&d=mm&r=g\",\"contentUrl\":\"https:\\\/\\\/secure.gravatar.com\\\/avatar\\\/3a4625b20c8da3de99da69bfe7a322774e291c3f90dce7e8778a30fe6748ed1a?s=96&d=mm&r=g\",\"caption\":\"Carlos Conchita\"}}]}<\/script>\n<!-- \/ Yoast SEO plugin. -->","yoast_head_json":{"title":"Valle del Galba","description":"Hoy hemos hecho una bonita excursi\u00f3n con raquetas por la zona del valle del Galba, por la que habiamos pasado ya en un par de ocasiones anteriores, pero no con raquetas.","robots":{"index":"index","follow":"follow","max-snippet":"max-snippet:-1","max-image-preview":"max-image-preview:large","max-video-preview":"max-video-preview:-1"},"canonical":"https:\/\/www.carlosyconchita.net\/rutas\/07-02-2015-valle-del-galba-raquetas\/","og_locale":"es_ES","og_type":"article","og_title":"Valle del Galba","og_description":"Hoy hemos hecho una bonita excursi\u00f3n con raquetas por la zona del valle del Galba, por la que habiamos pasado ya en un par de ocasiones anteriores, pero no con raquetas.","og_url":"https:\/\/www.carlosyconchita.net\/rutas\/07-02-2015-valle-del-galba-raquetas\/","og_site_name":"Las rutas de Carlos y Conchita","article_published_time":"2015-02-07T21:32:18+00:00","article_modified_time":"2015-03-01T21:55:09+00:00","og_image":[{"width":1024,"height":768,"url":"https:\/\/www.carlosyconchita.net\/rutas\/wp-content\/uploads\/2015\/02\/P2079796.jpg","type":"image\/jpeg"}],"author":"Carlos Conchita","twitter_misc":{"Escrito por":"Carlos Conchita","Tiempo de lectura":"5 minutos"},"schema":{"@context":"https:\/\/schema.org","@graph":[{"@type":"Article","@id":"https:\/\/www.carlosyconchita.net\/rutas\/07-02-2015-valle-del-galba-raquetas\/#article","isPartOf":{"@id":"https:\/\/www.carlosyconchita.net\/rutas\/07-02-2015-valle-del-galba-raquetas\/"},"author":{"name":"Carlos Conchita","@id":"https:\/\/www.carlosyconchita.net\/rutas\/#\/schema\/person\/a9691f7258c28443fab2d3aa1479ea19"},"headline":"07-02-2015 &#8211; Valle del Galba (raquetas)","datePublished":"2015-02-07T21:32:18+00:00","dateModified":"2015-03-01T21:55:09+00:00","mainEntityOfPage":{"@id":"https:\/\/www.carlosyconchita.net\/rutas\/07-02-2015-valle-del-galba-raquetas\/"},"wordCount":937,"commentCount":0,"image":{"@id":"https:\/\/www.carlosyconchita.net\/rutas\/07-02-2015-valle-del-galba-raquetas\/#primaryimage"},"thumbnailUrl":"https:\/\/www.carlosyconchita.net\/rutas\/wp-content\/uploads\/2015\/02\/P2079796.jpg","articleSection":["2 - De 5 a 10 km.","2-Moderada","Formigueres \/ Puyvalador"],"inLanguage":"es","potentialAction":[{"@type":"CommentAction","name":"Comment","target":["https:\/\/www.carlosyconchita.net\/rutas\/07-02-2015-valle-del-galba-raquetas\/#respond"]}]},{"@type":"WebPage","@id":"https:\/\/www.carlosyconchita.net\/rutas\/07-02-2015-valle-del-galba-raquetas\/","url":"https:\/\/www.carlosyconchita.net\/rutas\/07-02-2015-valle-del-galba-raquetas\/","name":"Valle del Galba","isPartOf":{"@id":"https:\/\/www.carlosyconchita.net\/rutas\/#website"},"primaryImageOfPage":{"@id":"https:\/\/www.carlosyconchita.net\/rutas\/07-02-2015-valle-del-galba-raquetas\/#primaryimage"},"image":{"@id":"https:\/\/www.carlosyconchita.net\/rutas\/07-02-2015-valle-del-galba-raquetas\/#primaryimage"},"thumbnailUrl":"https:\/\/www.carlosyconchita.net\/rutas\/wp-content\/uploads\/2015\/02\/P2079796.jpg","datePublished":"2015-02-07T21:32:18+00:00","dateModified":"2015-03-01T21:55:09+00:00","author":{"@id":"https:\/\/www.carlosyconchita.net\/rutas\/#\/schema\/person\/a9691f7258c28443fab2d3aa1479ea19"},"description":"Hoy hemos hecho una bonita excursi\u00f3n con raquetas por la zona del valle del Galba, por la que habiamos pasado ya en un par de ocasiones anteriores, pero no con raquetas.","breadcrumb":{"@id":"https:\/\/www.carlosyconchita.net\/rutas\/07-02-2015-valle-del-galba-raquetas\/#breadcrumb"},"inLanguage":"es","potentialAction":[{"@type":"ReadAction","target":["https:\/\/www.carlosyconchita.net\/rutas\/07-02-2015-valle-del-galba-raquetas\/"]}]},{"@type":"ImageObject","inLanguage":"es","@id":"https:\/\/www.carlosyconchita.net\/rutas\/07-02-2015-valle-del-galba-raquetas\/#primaryimage","url":"https:\/\/www.carlosyconchita.net\/rutas\/wp-content\/uploads\/2015\/02\/P2079796.jpg","contentUrl":"https:\/\/www.carlosyconchita.net\/rutas\/wp-content\/uploads\/2015\/02\/P2079796.jpg","width":1024,"height":768},{"@type":"BreadcrumbList","@id":"https:\/\/www.carlosyconchita.net\/rutas\/07-02-2015-valle-del-galba-raquetas\/#breadcrumb","itemListElement":[{"@type":"ListItem","position":1,"name":"Portada","item":"https:\/\/www.carlosyconchita.net\/rutas\/"},{"@type":"ListItem","position":2,"name":"07-02-2015 &#8211; Valle del Galba (raquetas)"}]},{"@type":"WebSite","@id":"https:\/\/www.carlosyconchita.net\/rutas\/#website","url":"https:\/\/www.carlosyconchita.net\/rutas\/","name":"Las rutas de Carlos y Conchita","description":"","potentialAction":[{"@type":"SearchAction","target":{"@type":"EntryPoint","urlTemplate":"https:\/\/www.carlosyconchita.net\/rutas\/?s={search_term_string}"},"query-input":{"@type":"PropertyValueSpecification","valueRequired":true,"valueName":"search_term_string"}}],"inLanguage":"es"},{"@type":"Person","@id":"https:\/\/www.carlosyconchita.net\/rutas\/#\/schema\/person\/a9691f7258c28443fab2d3aa1479ea19","name":"Carlos Conchita","image":{"@type":"ImageObject","inLanguage":"es","@id":"https:\/\/secure.gravatar.com\/avatar\/3a4625b20c8da3de99da69bfe7a322774e291c3f90dce7e8778a30fe6748ed1a?s=96&d=mm&r=g","url":"https:\/\/secure.gravatar.com\/avatar\/3a4625b20c8da3de99da69bfe7a322774e291c3f90dce7e8778a30fe6748ed1a?s=96&d=mm&r=g","contentUrl":"https:\/\/secure.gravatar.com\/avatar\/3a4625b20c8da3de99da69bfe7a322774e291c3f90dce7e8778a30fe6748ed1a?s=96&d=mm&r=g","caption":"Carlos Conchita"}}]}},"_links":{"self":[{"href":"https:\/\/www.carlosyconchita.net\/rutas\/wp-json\/wp\/v2\/posts\/6564","targetHints":{"allow":["GET"]}}],"collection":[{"href":"https:\/\/www.carlosyconchita.net\/rutas\/wp-json\/wp\/v2\/posts"}],"about":[{"href":"https:\/\/www.carlosyconchita.net\/rutas\/wp-json\/wp\/v2\/types\/post"}],"author":[{"embeddable":true,"href":"https:\/\/www.carlosyconchita.net\/rutas\/wp-json\/wp\/v2\/users\/50"}],"replies":[{"embeddable":true,"href":"https:\/\/www.carlosyconchita.net\/rutas\/wp-json\/wp\/v2\/comments?post=6564"}],"version-history":[{"count":0,"href":"https:\/\/www.carlosyconchita.net\/rutas\/wp-json\/wp\/v2\/posts\/6564\/revisions"}],"wp:featuredmedia":[{"embeddable":true,"href":"https:\/\/www.carlosyconchita.net\/rutas\/wp-json\/wp\/v2\/media\/6566"}],"wp:attachment":[{"href":"https:\/\/www.carlosyconchita.net\/rutas\/wp-json\/wp\/v2\/media?parent=6564"}],"wp:term":[{"taxonomy":"category","embeddable":true,"href":"https:\/\/www.carlosyconchita.net\/rutas\/wp-json\/wp\/v2\/categories?post=6564"},{"taxonomy":"post_tag","embeddable":true,"href":"https:\/\/www.carlosyconchita.net\/rutas\/wp-json\/wp\/v2\/tags?post=6564"}],"curies":[{"name":"wp","href":"https:\/\/api.w.org\/{rel}","templated":true}]}}