{"id":6643,"date":"2015-03-08T21:45:21","date_gmt":"2015-03-08T20:45:21","guid":{"rendered":"http:\/\/www.carlosyconchita.net\/rutas\/?p=6643"},"modified":"2015-03-18T22:20:29","modified_gmt":"2015-03-18T21:20:29","slug":"08-03-2015-formigueres-rouquet","status":"publish","type":"post","link":"https:\/\/www.carlosyconchita.net\/rutas\/08-03-2015-formigueres-rouquet\/","title":{"rendered":"08-03-2015 \u2013 Formigueres \u2013 Rouquet"},"content":{"rendered":"<p style=\"text-align: justify;\">Hoy hemos elegido una caminata cortita y f\u00e1cil por la zona de Formigueres, debido que yo tenia una peque\u00f1a herida en el pi\u00e9, y Conchita estaba algo resfrirada.<\/p>\n<table border=\"1\" cellspacing=\"300\" cellpadding=\"1\">\n<tbody>\n<tr>\n<td style=\"width: 300px; height: 40px; text-align: left; vertical-align: top;\"><strong>Dificultad :\u00a0 Muy f\u00e1cil<\/strong><\/td>\n<td><strong>Recorrido :\u00a0 4&#8217;207 km.<\/strong><\/td>\n<\/tr>\n<tr>\n<td><strong>Desnivel acum.\u00a0 :\u00a0\u00a0 133 m. \u00a0 \u00a0 \u00a0 <\/strong><\/td>\n<td><strong>Alturas m\u00edn.\/m\u00e1x. \u00a0 :\u00a0\u00a0 1.730 \/ 1.805 m.<\/strong><\/td>\n<\/tr>\n<tr>\n<td><strong>Tiempo total :\u00a0 2 h. 16 m.<br \/> <\/strong><\/td>\n<td><strong>Velocidad media :\u00a0 1&#8217;83 km.\/hora<\/strong><\/td>\n<\/tr>\n<tr>\n<td><strong>Tiempo movimiento\u00a0 :\u00a0 1 h. 21 m.<br \/> <\/strong><\/td>\n<td><strong> Velocidad media\u00a0 :\u00a0 3&#8217;09 km.\/hora<\/strong><\/td>\n<\/tr>\n<\/tbody>\n<\/table>\n<p style=\"text-align: justify;\">La ruta de hoy empieza en la estacion de ski de Formigueres, en el parking que encontraremos subiendo por la carretera hacia la estacion, a la derecha.<\/p>\n<p style=\"text-align: justify;\">[shashin type=\u00bbphoto\u00bb id=\u00bb13651&#8243; size=\u00bblarge\u00bb columns=\u00bbmax\u00bb order=\u00bbuser\u00bb caption=\u00bby\u00bb position=\u00bbcenter\u00bb]<\/p>\n<p style=\"text-align: justify;\">Alli veremos un panel con varios letreros , en el que empieza nuestra ruta de hoy (hacia la izquierda , en direccion a las monta\u00f1as), y la que va hacia abajo a la derecha, al pueblo de Formigueres.<\/p>\n<p style=\"text-align: justify;\">[shashin type=\u00bbphoto\u00bb id=\u00bb13650&#8243; size=\u00bblarge\u00bb columns=\u00bbmax\u00bb order=\u00bbuser\u00bb caption=\u00bby\u00bb position=\u00bbcenter\u00bb]<\/p>\n<p style=\"text-align: justify;\">Seguimos el camino, que pasa entre los arboles y que es pr\u00e1cticamente plano y sin problemas, teniendo a nuestra derecha y abajo el valle del Galba, por donde fuimos hace unas semanas\u00a0 (<a title=\"07-02-2015 \u2013 Valle del Galba (raquetas)\" href=\"http:\/\/www.carlosyconchita.net\/rutas\/07-02-2015-valle-del-galba-raquetas\/\">ver enlace)<\/a>, ya que pasamos por un camino pr\u00e1cticamente paralelo al del otro dia, pero por arriba en vez de por el fondo del valle.<\/p>\n<p style=\"text-align: justify;\">[shashin type=\u00bbphoto\u00bb id=\u00bb13653&#8243; size=\u00bblarge\u00bb columns=\u00bbmax\u00bb order=\u00bbuser\u00bb caption=\u00bby\u00bb position=\u00bbcenter\u00bb]<\/p>\n<p style=\"text-align: justify;\">A lo lejos y al fondo del valle, vemos el pueblo de Esposouille.<\/p>\n<p style=\"text-align: justify;\">[shashin type=\u00bbphoto\u00bb id=\u00bb13654&#8243; size=\u00bblarge\u00bb columns=\u00bbmax\u00bb order=\u00bbuser\u00bb caption=\u00bby\u00bb position=\u00bbcenter\u00bb]<\/p>\n<p style=\"text-align: justify;\">Seg\u00fan el letrero que hemos visto al principio, la ruta era de 3 km ida y vuelta, por lo que cuando llevemos mas o menos 1.5 km , llegaremos a una zona amplia y veremos esta se\u00f1al<\/p>\n<p style=\"text-align: justify;\">[shashin type=\u00bbphoto\u00bb id=\u00bb13661,13662&#8243; size=\u00bblarge\u00bb columns=\u00bbmax\u00bb order=\u00bbuser\u00bb caption=\u00bby\u00bb position=\u00bbcenter\u00bb]<\/p>\n<p style=\"text-align: justify;\">\u00a0Como que realmente la caminata ha sido muy cortita, avanzamos un poco m\u00e1s, y seguimos el camino que va por la derecha, al final de la explanada y que baja hacia el Valle del Galba, donde estuvimos la semana pasada,\u00a0\u00a0 para intentar ver en que punto llegariamos si bajamos por alli.<\/p>\n<p style=\"text-align: justify;\">Una vez visto que bajando por alli no llegariamos al puente sobre el Galba del final de la ruta antes citada , sino a mitad del recorrido, retrocedemos y volvemos a la explanada donde estabamos y cogemos el camino de la izquierda que sube ligeramente.<\/p>\n<p style=\"text-align: justify;\">[shashin type=\u00bbphoto\u00bb id=\u00bb13663,13657&#8243; size=\u00bblarge\u00bb columns=\u00bbmax\u00bb order=\u00bbuser\u00bb caption=\u00bby\u00bb position=\u00bbcenter\u00bb]<\/p>\n<p style=\"text-align: justify;\">Una vez en casa y con el mapa delante, vemos que si en vez de bajar directamente hacia el valle, seguimos por ese camino en linea mas o menos recta, llegariamos hasta un punto en donde se cruzan varios riachuelos y que vimos cuando fuimos al Estany del Diable, por lo que anotamos esta posible ruta en nuestra lista.<\/p>\n<p style=\"text-align: justify;\">A partir de este punto, el camino ya no est\u00e1 marcado ni pisado y nos hundimos bastante en la nieve, hasta que se complica un poco m\u00e1s, debido tambien a la inclinaci\u00f3n hacia nuestra derecha, por lo que en vista de que hoy no estamos en plena forma, decidimos parar un momento para comer algo de fruta y volver atr\u00e1s.<\/p>\n<p style=\"text-align: justify;\">[shashin type=\u00bbphoto\u00bb id=\u00bb13659,13658&#8243; size=\u00bblarge\u00bb columns=\u00bbmax\u00bb order=\u00bbuser\u00bb caption=\u00bby\u00bb position=\u00bbcenter\u00bb]<\/p>\n<p style=\"text-align: justify;\">De todas formas, tomamos nota de que partir de este punto, y subiendo en \u201cvertical\u201d por nuestra izquierda hacia arriba a la monta\u00f1a, llegariamos a una de las pistas de ski de Formigueres, por lo que anotamos tambien esta posible ruta en nuestra lista.<\/p>\n<p style=\"text-align: justify;\">Volvemos pues atr\u00e1s para volver al coche, pero en el punto indicado en el track como Desvio, cogemos un camino que sube hacia nuestra derecha, en vez de repetir el mismo camino de la ida.<\/p>\n<p style=\"text-align: justify;\">Ese tramo va subiendo hasta que llegamos a la cima de esa colina, justo al lado de una de las pistas de ski de Formigueres.<\/p>\n<p style=\"text-align: justify;\">[shashin type=\u00bbphoto\u00bb id=\u00bb13667,13669&#8243; size=\u00bblarge\u00bb columns=\u00bbmax\u00bb order=\u00bbuser\u00bb caption=\u00bby\u00bb position=\u00bbcenter\u00bb]<\/p>\n<p style=\"text-align: justify;\">Nosotros vamos bajando hacia el parking de la estacion donde hemos dejado el coche, por un camino que va por la izquierda de la pista, y que en teoria va haciendo varios zig-zags, pero debido a la gran cantidad de nieve no se ve el camino, y bajamos mas o menos en linea recta hacia abajo, hasta llegar al coche<\/p>\n<p style=\"text-align: justify;\">[shashin type=\u00bbphoto\u00bb id=\u00bb13671,13674&#8243; size=\u00bblarge\u00bb columns=\u00bbmax\u00bb order=\u00bbuser\u00bb caption=\u00bby\u00bb position=\u00bbcenter\u00bb]<\/p>\n<p style=\"text-align: justify;\">En el camino de vuelta a casa, paramos un momento en el lago de Matemale para hacer alguna foto, en las que como se puede observar si las comparamos con las de la semana pasada, la nieve de encima del hielo ya ha desaparecido y el hielo ya no parece tan consistente.<\/p>\n<p style=\"text-align: justify;\">[shashin type=\u00bbphoto\u00bb id=\u00bb13677,13678&#8243; size=\u00bblarge\u00bb columns=\u00bbmax\u00bb order=\u00bbuser\u00bb caption=\u00bby\u00bb position=\u00bbcenter\u00bb]<\/p>\n<p style=\"text-align: justify;\">Excursi\u00f3n facil y cortita, pero que nos ha permitido ver en directo y sobre el terreno 2 nuevas posibles caminatas por esta zona<\/p>\n<hr \/>\n<p><strong>Track de la ruta<\/strong><\/p>\n<p>[sgpx gpx=\u00bb\/wp-content\/uploads\/gpx\/Formigueres-Rouquet.gpx\u00bb]<\/p>\n<hr \/>\n<table border=\"2\" cellspacing=\"300\" cellpadding=\"2\">\n<tbody>\n<tr style=\"height: 40px;\">\n<td style=\"width: 300px; height: 40px; text-align: center; vertical-align: middle;\"><strong>Enlace album de fotos<\/strong><\/td>\n<td style=\"width: 300px; height: 40px; text-align: center; vertical-align: middle;\">[shashin type=\u00bbalbum\u00bb id=\u00bb196&#8243; size=\u00bbsmall\u00bb crop=\u00bbn\u00bb columns=\u00bbmax\u00bb caption=\u00bby\u00bb order=\u00bbdate\u00bb position=\u00bbcenter\u00bb]<\/td>\n<\/tr>\n<tr style=\"height: 100px;\">\n<td style=\"width: 300px; height: 100px; text-align: center; vertical-align: middle;\"><strong>Enlace\u00a0 Wikiloc<br \/> <\/strong><\/td>\n<td style=\"width: 300px; height: 100px; text-align: center; vertical-align: middle;\"><a href=\"http:\/\/es.wikiloc.com\/wikiloc\/view.do?id=9118960\" target=\"_blank\"><img loading=\"lazy\" decoding=\"async\" class=\"aligncenter\" title=\"wikiloc\" src=\"http:\/\/www.carlosyconchita.net\/rutas\/wp-content\/uploads\/2020\/09\/wikiloc.jpg\" alt=\"\" width=\"117\" height=\"34\" \/><\/a><\/td>\n<\/tr>\n<\/tbody>\n<\/table>\n<p style=\"text-align: justify;\">\u00a0<\/p>\n<hr \/>\n<p style=\"text-align: justify;\"><span style=\"color: #ff0000; background-color: #ffffff; font-size: 14pt;\"><strong>Si te ha gustado, comp\u00e1rtelo en tu red favorita,\u00a0 haz +1, o env\u00edanos tu comentario.<br \/> <\/strong><\/span><\/p>\n<p><span style=\"font-size: 14pt;\"><strong><span style=\"color: #ff0000;\">Muchas gracias !<\/span><\/strong><\/span><\/p>\n<hr \/>\n<p style=\"text-align: justify;\"><strong><span style=\"color: #008000;\">Suscribete si quieres recibir un mail cuando publiquemos nuevas rutas : no enviamos publicidad y como m\u00e1ximo enviamos 2 mails al mes<\/span><\/strong><\/p>\n<p>[wysija_form id=\u00bb1&#8243;]<\/p>\n<p style=\"text-align: justify;\">\u00a0<\/p>\n<p style=\"text-align: justify;\">\u00a0<\/p>\n<p style=\"text-align: justify;\">\u00a0<\/p>\n<p style=\"text-align: justify;\">\u00a0<\/p>\n","protected":false},"excerpt":{"rendered":"<p>Hoy hemos elegido una caminata cortita y f\u00e1cil por la zona de Formigueres, debido que yo tenia una peque\u00f1a herida en el pi\u00e9, y Conchita estaba algo resfrirada. Dificultad :\u00a0 Muy f\u00e1cil Recorrido :\u00a0 4&#8217;207 km. Desnivel acum.\u00a0 :\u00a0\u00a0 133 m. \u00a0 \u00a0 \u00a0 Alturas m\u00edn.\/m\u00e1x. \u00a0 :\u00a0\u00a0 1.730 \/ 1.805 m. Tiempo total :\u00a0 [&hellip;]<\/p>\n","protected":false},"author":50,"featured_media":6655,"comment_status":"open","ping_status":"open","sticky":false,"template":"","format":"gallery","meta":{"footnotes":""},"categories":[14,21,7],"tags":[],"class_list":{"0":"post-6643","1":"post","2":"type-post","3":"status-publish","4":"format-gallery","5":"has-post-thumbnail","6":"hentry","7":"category-muy-facil","8":"category-hasta-5-km","9":"category-formigueres","10":"post_format-post-format-gallery","12":"post-with-thumbnail","13":"post-with-thumbnail-icon"},"yoast_head":"<!-- This site is optimized with the Yoast SEO plugin v27.5 - https:\/\/yoast.com\/product\/yoast-seo-wordpress\/ -->\n<title>Formigueres-Rouquet<\/title>\n<meta name=\"description\" content=\"Facil excursi\u00f3n desde la estaci\u00f3n de ski de Formigueres, en la zona conocida como Rouquet.\" \/>\n<meta name=\"robots\" content=\"index, follow, max-snippet:-1, max-image-preview:large, max-video-preview:-1\" \/>\n<link rel=\"canonical\" href=\"https:\/\/www.carlosyconchita.net\/rutas\/08-03-2015-formigueres-rouquet\/\" \/>\n<meta property=\"og:locale\" content=\"es_ES\" \/>\n<meta property=\"og:type\" content=\"article\" \/>\n<meta property=\"og:title\" content=\"Formigueres-Rouquet\" \/>\n<meta property=\"og:description\" content=\"Facil excursi\u00f3n desde la estaci\u00f3n de ski de Formigueres, en la zona conocida como Rouquet.\" \/>\n<meta property=\"og:url\" content=\"https:\/\/www.carlosyconchita.net\/rutas\/08-03-2015-formigueres-rouquet\/\" \/>\n<meta property=\"og:site_name\" content=\"Las rutas de Carlos y Conchita\" \/>\n<meta property=\"article:published_time\" content=\"2015-03-08T20:45:21+00:00\" \/>\n<meta property=\"article:modified_time\" content=\"2015-03-18T21:20:29+00:00\" \/>\n<meta property=\"og:image\" content=\"https:\/\/www.carlosyconchita.net\/rutas\/wp-content\/uploads\/2015\/03\/P3080127.jpg\" \/>\n\t<meta property=\"og:image:width\" content=\"1024\" \/>\n\t<meta property=\"og:image:height\" content=\"768\" \/>\n\t<meta property=\"og:image:type\" content=\"image\/jpeg\" \/>\n<meta name=\"author\" content=\"Carlos Conchita\" \/>\n<meta name=\"twitter:label1\" content=\"Escrito por\" \/>\n\t<meta name=\"twitter:data1\" content=\"Carlos Conchita\" \/>\n\t<meta name=\"twitter:label2\" content=\"Tiempo de lectura\" \/>\n\t<meta name=\"twitter:data2\" content=\"5 minutos\" \/>\n<script type=\"application\/ld+json\" class=\"yoast-schema-graph\">{\"@context\":\"https:\\\/\\\/schema.org\",\"@graph\":[{\"@type\":\"Article\",\"@id\":\"https:\\\/\\\/www.carlosyconchita.net\\\/rutas\\\/08-03-2015-formigueres-rouquet\\\/#article\",\"isPartOf\":{\"@id\":\"https:\\\/\\\/www.carlosyconchita.net\\\/rutas\\\/08-03-2015-formigueres-rouquet\\\/\"},\"author\":{\"name\":\"Carlos Conchita\",\"@id\":\"https:\\\/\\\/www.carlosyconchita.net\\\/rutas\\\/#\\\/schema\\\/person\\\/a9691f7258c28443fab2d3aa1479ea19\"},\"headline\":\"08-03-2015 \u2013 Formigueres \u2013 Rouquet\",\"datePublished\":\"2015-03-08T20:45:21+00:00\",\"dateModified\":\"2015-03-18T21:20:29+00:00\",\"mainEntityOfPage\":{\"@id\":\"https:\\\/\\\/www.carlosyconchita.net\\\/rutas\\\/08-03-2015-formigueres-rouquet\\\/\"},\"wordCount\":911,\"commentCount\":0,\"image\":{\"@id\":\"https:\\\/\\\/www.carlosyconchita.net\\\/rutas\\\/08-03-2015-formigueres-rouquet\\\/#primaryimage\"},\"thumbnailUrl\":\"https:\\\/\\\/www.carlosyconchita.net\\\/rutas\\\/wp-content\\\/uploads\\\/2015\\\/03\\\/P3080127.jpg\",\"articleSection\":[\"0-Muy f\u00e1cil\",\"1 - Hasta 5 km.\",\"Formigueres \\\/ Puyvalador\"],\"inLanguage\":\"es\",\"potentialAction\":[{\"@type\":\"CommentAction\",\"name\":\"Comment\",\"target\":[\"https:\\\/\\\/www.carlosyconchita.net\\\/rutas\\\/08-03-2015-formigueres-rouquet\\\/#respond\"]}]},{\"@type\":\"WebPage\",\"@id\":\"https:\\\/\\\/www.carlosyconchita.net\\\/rutas\\\/08-03-2015-formigueres-rouquet\\\/\",\"url\":\"https:\\\/\\\/www.carlosyconchita.net\\\/rutas\\\/08-03-2015-formigueres-rouquet\\\/\",\"name\":\"Formigueres-Rouquet\",\"isPartOf\":{\"@id\":\"https:\\\/\\\/www.carlosyconchita.net\\\/rutas\\\/#website\"},\"primaryImageOfPage\":{\"@id\":\"https:\\\/\\\/www.carlosyconchita.net\\\/rutas\\\/08-03-2015-formigueres-rouquet\\\/#primaryimage\"},\"image\":{\"@id\":\"https:\\\/\\\/www.carlosyconchita.net\\\/rutas\\\/08-03-2015-formigueres-rouquet\\\/#primaryimage\"},\"thumbnailUrl\":\"https:\\\/\\\/www.carlosyconchita.net\\\/rutas\\\/wp-content\\\/uploads\\\/2015\\\/03\\\/P3080127.jpg\",\"datePublished\":\"2015-03-08T20:45:21+00:00\",\"dateModified\":\"2015-03-18T21:20:29+00:00\",\"author\":{\"@id\":\"https:\\\/\\\/www.carlosyconchita.net\\\/rutas\\\/#\\\/schema\\\/person\\\/a9691f7258c28443fab2d3aa1479ea19\"},\"description\":\"Facil excursi\u00f3n desde la estaci\u00f3n de ski de Formigueres, en la zona conocida como Rouquet.\",\"breadcrumb\":{\"@id\":\"https:\\\/\\\/www.carlosyconchita.net\\\/rutas\\\/08-03-2015-formigueres-rouquet\\\/#breadcrumb\"},\"inLanguage\":\"es\",\"potentialAction\":[{\"@type\":\"ReadAction\",\"target\":[\"https:\\\/\\\/www.carlosyconchita.net\\\/rutas\\\/08-03-2015-formigueres-rouquet\\\/\"]}]},{\"@type\":\"ImageObject\",\"inLanguage\":\"es\",\"@id\":\"https:\\\/\\\/www.carlosyconchita.net\\\/rutas\\\/08-03-2015-formigueres-rouquet\\\/#primaryimage\",\"url\":\"https:\\\/\\\/www.carlosyconchita.net\\\/rutas\\\/wp-content\\\/uploads\\\/2015\\\/03\\\/P3080127.jpg\",\"contentUrl\":\"https:\\\/\\\/www.carlosyconchita.net\\\/rutas\\\/wp-content\\\/uploads\\\/2015\\\/03\\\/P3080127.jpg\",\"width\":1024,\"height\":768},{\"@type\":\"BreadcrumbList\",\"@id\":\"https:\\\/\\\/www.carlosyconchita.net\\\/rutas\\\/08-03-2015-formigueres-rouquet\\\/#breadcrumb\",\"itemListElement\":[{\"@type\":\"ListItem\",\"position\":1,\"name\":\"Portada\",\"item\":\"https:\\\/\\\/www.carlosyconchita.net\\\/rutas\\\/\"},{\"@type\":\"ListItem\",\"position\":2,\"name\":\"08-03-2015 \u2013 Formigueres \u2013 Rouquet\"}]},{\"@type\":\"WebSite\",\"@id\":\"https:\\\/\\\/www.carlosyconchita.net\\\/rutas\\\/#website\",\"url\":\"https:\\\/\\\/www.carlosyconchita.net\\\/rutas\\\/\",\"name\":\"Las rutas de Carlos y Conchita\",\"description\":\"\",\"potentialAction\":[{\"@type\":\"SearchAction\",\"target\":{\"@type\":\"EntryPoint\",\"urlTemplate\":\"https:\\\/\\\/www.carlosyconchita.net\\\/rutas\\\/?s={search_term_string}\"},\"query-input\":{\"@type\":\"PropertyValueSpecification\",\"valueRequired\":true,\"valueName\":\"search_term_string\"}}],\"inLanguage\":\"es\"},{\"@type\":\"Person\",\"@id\":\"https:\\\/\\\/www.carlosyconchita.net\\\/rutas\\\/#\\\/schema\\\/person\\\/a9691f7258c28443fab2d3aa1479ea19\",\"name\":\"Carlos Conchita\",\"image\":{\"@type\":\"ImageObject\",\"inLanguage\":\"es\",\"@id\":\"https:\\\/\\\/secure.gravatar.com\\\/avatar\\\/3a4625b20c8da3de99da69bfe7a322774e291c3f90dce7e8778a30fe6748ed1a?s=96&d=mm&r=g\",\"url\":\"https:\\\/\\\/secure.gravatar.com\\\/avatar\\\/3a4625b20c8da3de99da69bfe7a322774e291c3f90dce7e8778a30fe6748ed1a?s=96&d=mm&r=g\",\"contentUrl\":\"https:\\\/\\\/secure.gravatar.com\\\/avatar\\\/3a4625b20c8da3de99da69bfe7a322774e291c3f90dce7e8778a30fe6748ed1a?s=96&d=mm&r=g\",\"caption\":\"Carlos Conchita\"}}]}<\/script>\n<!-- \/ Yoast SEO plugin. -->","yoast_head_json":{"title":"Formigueres-Rouquet","description":"Facil excursi\u00f3n desde la estaci\u00f3n de ski de Formigueres, en la zona conocida como Rouquet.","robots":{"index":"index","follow":"follow","max-snippet":"max-snippet:-1","max-image-preview":"max-image-preview:large","max-video-preview":"max-video-preview:-1"},"canonical":"https:\/\/www.carlosyconchita.net\/rutas\/08-03-2015-formigueres-rouquet\/","og_locale":"es_ES","og_type":"article","og_title":"Formigueres-Rouquet","og_description":"Facil excursi\u00f3n desde la estaci\u00f3n de ski de Formigueres, en la zona conocida como Rouquet.","og_url":"https:\/\/www.carlosyconchita.net\/rutas\/08-03-2015-formigueres-rouquet\/","og_site_name":"Las rutas de Carlos y Conchita","article_published_time":"2015-03-08T20:45:21+00:00","article_modified_time":"2015-03-18T21:20:29+00:00","og_image":[{"width":1024,"height":768,"url":"https:\/\/www.carlosyconchita.net\/rutas\/wp-content\/uploads\/2015\/03\/P3080127.jpg","type":"image\/jpeg"}],"author":"Carlos Conchita","twitter_misc":{"Escrito por":"Carlos Conchita","Tiempo de lectura":"5 minutos"},"schema":{"@context":"https:\/\/schema.org","@graph":[{"@type":"Article","@id":"https:\/\/www.carlosyconchita.net\/rutas\/08-03-2015-formigueres-rouquet\/#article","isPartOf":{"@id":"https:\/\/www.carlosyconchita.net\/rutas\/08-03-2015-formigueres-rouquet\/"},"author":{"name":"Carlos Conchita","@id":"https:\/\/www.carlosyconchita.net\/rutas\/#\/schema\/person\/a9691f7258c28443fab2d3aa1479ea19"},"headline":"08-03-2015 \u2013 Formigueres \u2013 Rouquet","datePublished":"2015-03-08T20:45:21+00:00","dateModified":"2015-03-18T21:20:29+00:00","mainEntityOfPage":{"@id":"https:\/\/www.carlosyconchita.net\/rutas\/08-03-2015-formigueres-rouquet\/"},"wordCount":911,"commentCount":0,"image":{"@id":"https:\/\/www.carlosyconchita.net\/rutas\/08-03-2015-formigueres-rouquet\/#primaryimage"},"thumbnailUrl":"https:\/\/www.carlosyconchita.net\/rutas\/wp-content\/uploads\/2015\/03\/P3080127.jpg","articleSection":["0-Muy f\u00e1cil","1 - Hasta 5 km.","Formigueres \/ Puyvalador"],"inLanguage":"es","potentialAction":[{"@type":"CommentAction","name":"Comment","target":["https:\/\/www.carlosyconchita.net\/rutas\/08-03-2015-formigueres-rouquet\/#respond"]}]},{"@type":"WebPage","@id":"https:\/\/www.carlosyconchita.net\/rutas\/08-03-2015-formigueres-rouquet\/","url":"https:\/\/www.carlosyconchita.net\/rutas\/08-03-2015-formigueres-rouquet\/","name":"Formigueres-Rouquet","isPartOf":{"@id":"https:\/\/www.carlosyconchita.net\/rutas\/#website"},"primaryImageOfPage":{"@id":"https:\/\/www.carlosyconchita.net\/rutas\/08-03-2015-formigueres-rouquet\/#primaryimage"},"image":{"@id":"https:\/\/www.carlosyconchita.net\/rutas\/08-03-2015-formigueres-rouquet\/#primaryimage"},"thumbnailUrl":"https:\/\/www.carlosyconchita.net\/rutas\/wp-content\/uploads\/2015\/03\/P3080127.jpg","datePublished":"2015-03-08T20:45:21+00:00","dateModified":"2015-03-18T21:20:29+00:00","author":{"@id":"https:\/\/www.carlosyconchita.net\/rutas\/#\/schema\/person\/a9691f7258c28443fab2d3aa1479ea19"},"description":"Facil excursi\u00f3n desde la estaci\u00f3n de ski de Formigueres, en la zona conocida como Rouquet.","breadcrumb":{"@id":"https:\/\/www.carlosyconchita.net\/rutas\/08-03-2015-formigueres-rouquet\/#breadcrumb"},"inLanguage":"es","potentialAction":[{"@type":"ReadAction","target":["https:\/\/www.carlosyconchita.net\/rutas\/08-03-2015-formigueres-rouquet\/"]}]},{"@type":"ImageObject","inLanguage":"es","@id":"https:\/\/www.carlosyconchita.net\/rutas\/08-03-2015-formigueres-rouquet\/#primaryimage","url":"https:\/\/www.carlosyconchita.net\/rutas\/wp-content\/uploads\/2015\/03\/P3080127.jpg","contentUrl":"https:\/\/www.carlosyconchita.net\/rutas\/wp-content\/uploads\/2015\/03\/P3080127.jpg","width":1024,"height":768},{"@type":"BreadcrumbList","@id":"https:\/\/www.carlosyconchita.net\/rutas\/08-03-2015-formigueres-rouquet\/#breadcrumb","itemListElement":[{"@type":"ListItem","position":1,"name":"Portada","item":"https:\/\/www.carlosyconchita.net\/rutas\/"},{"@type":"ListItem","position":2,"name":"08-03-2015 \u2013 Formigueres \u2013 Rouquet"}]},{"@type":"WebSite","@id":"https:\/\/www.carlosyconchita.net\/rutas\/#website","url":"https:\/\/www.carlosyconchita.net\/rutas\/","name":"Las rutas de Carlos y Conchita","description":"","potentialAction":[{"@type":"SearchAction","target":{"@type":"EntryPoint","urlTemplate":"https:\/\/www.carlosyconchita.net\/rutas\/?s={search_term_string}"},"query-input":{"@type":"PropertyValueSpecification","valueRequired":true,"valueName":"search_term_string"}}],"inLanguage":"es"},{"@type":"Person","@id":"https:\/\/www.carlosyconchita.net\/rutas\/#\/schema\/person\/a9691f7258c28443fab2d3aa1479ea19","name":"Carlos Conchita","image":{"@type":"ImageObject","inLanguage":"es","@id":"https:\/\/secure.gravatar.com\/avatar\/3a4625b20c8da3de99da69bfe7a322774e291c3f90dce7e8778a30fe6748ed1a?s=96&d=mm&r=g","url":"https:\/\/secure.gravatar.com\/avatar\/3a4625b20c8da3de99da69bfe7a322774e291c3f90dce7e8778a30fe6748ed1a?s=96&d=mm&r=g","contentUrl":"https:\/\/secure.gravatar.com\/avatar\/3a4625b20c8da3de99da69bfe7a322774e291c3f90dce7e8778a30fe6748ed1a?s=96&d=mm&r=g","caption":"Carlos Conchita"}}]}},"_links":{"self":[{"href":"https:\/\/www.carlosyconchita.net\/rutas\/wp-json\/wp\/v2\/posts\/6643","targetHints":{"allow":["GET"]}}],"collection":[{"href":"https:\/\/www.carlosyconchita.net\/rutas\/wp-json\/wp\/v2\/posts"}],"about":[{"href":"https:\/\/www.carlosyconchita.net\/rutas\/wp-json\/wp\/v2\/types\/post"}],"author":[{"embeddable":true,"href":"https:\/\/www.carlosyconchita.net\/rutas\/wp-json\/wp\/v2\/users\/50"}],"replies":[{"embeddable":true,"href":"https:\/\/www.carlosyconchita.net\/rutas\/wp-json\/wp\/v2\/comments?post=6643"}],"version-history":[{"count":0,"href":"https:\/\/www.carlosyconchita.net\/rutas\/wp-json\/wp\/v2\/posts\/6643\/revisions"}],"wp:featuredmedia":[{"embeddable":true,"href":"https:\/\/www.carlosyconchita.net\/rutas\/wp-json\/wp\/v2\/media\/6655"}],"wp:attachment":[{"href":"https:\/\/www.carlosyconchita.net\/rutas\/wp-json\/wp\/v2\/media?parent=6643"}],"wp:term":[{"taxonomy":"category","embeddable":true,"href":"https:\/\/www.carlosyconchita.net\/rutas\/wp-json\/wp\/v2\/categories?post=6643"},{"taxonomy":"post_tag","embeddable":true,"href":"https:\/\/www.carlosyconchita.net\/rutas\/wp-json\/wp\/v2\/tags?post=6643"}],"curies":[{"name":"wp","href":"https:\/\/api.w.org\/{rel}","templated":true}]}}