{"id":6803,"date":"2015-04-04T19:11:28","date_gmt":"2015-04-04T18:11:28","guid":{"rendered":"http:\/\/www.carlosyconchita.net\/rutas\/?p=6803"},"modified":"2015-06-08T22:03:15","modified_gmt":"2015-06-08T21:03:15","slug":"04-04-2015-gorges-de-la-fou","status":"publish","type":"post","link":"https:\/\/www.carlosyconchita.net\/rutas\/04-04-2015-gorges-de-la-fou\/","title":{"rendered":"04-04-2015 &#8211; Gorges de la Fou"},"content":{"rendered":"<p style=\"text-align: justify;\">Las Gorges de la Fou est\u00e1n cerca de la poblaci\u00f3n francesa de Arles-sur-Tech, en la carretera D-115 que va a Prats de Moll\u00f3.<\/p>\n<p style=\"text-align: justify;\">Nosotros hemos llegado alli desde Perpignan por la carretera D-115, porque esos dias est\u00e1bamos por esa zona, aunque evidentemente si se va desde Barcelona, la ruta seria pasando por La Junquera.<\/p>\n<table border=\"1\" cellspacing=\"300\" cellpadding=\"1\">\n<tbody>\n<tr>\n<td style=\"width: 300px; height: 40px; text-align: left; vertical-align: top;\"><strong>Dificultad :\u00a0 Muy f\u00e1cil<\/strong><\/td>\n<td><strong>Recorrido :\u00a0 3&#8217;257 km.<\/strong><\/td>\n<\/tr>\n<tr>\n<td><strong>Desnivel acum.\u00a0 :\u00a0\u00a0 134\u00a0 m. \u00a0 \u00a0 \u00a0 <\/strong><\/td>\n<td><strong>Alturas m\u00edn.\/m\u00e1x. \u00a0 :\u00a0\u00a0\u00a0 326 \/\u00a0\u00a0 458 m.<\/strong><\/td>\n<\/tr>\n<\/tbody>\n<\/table>\n<p style=\"text-align: justify;\">\u00a0<\/p>\n<p style=\"text-align: justify;\">El acceso a las Gorges est\u00e1 fuera del pueblo, y perfectamente indicado, y al final de la carretera de acceso llegaremos a un parking para dejar el coche.<\/p>\n<p style=\"text-align: justify;\">Una vez pagada la entrada , caminamos unos pocos metros al lado del torrente ( el Fou)\u00a0 y llegamos al principio del recorrido, que es muy estrecho, y pr\u00e1cticamente todo lo hacemos por encima\u00a0 de unas pasarelas metalicas, ya que no hay espacio para caminar al lado del curso del agua, sino solo por encima.<\/p>\n<p style=\"text-align: justify;\">Esta es una diferencia considerable con las Gorges de Carran\u00e7\u00e1, (<a href=\"http:\/\/www.carlosyconchita.net\/rutas\/21-06-2014-gorges-de-caranca\/\">ver enlace<\/a> ) , en las que a ratos vamos caminando por pasarelas por encima del agua, y a ratos por el suelo.<\/p>\n<p style=\"text-align: justify;\">El recorrido es de unos 1.800 m. , y las pasarelas metalicas tienen una longitud de unos 1.500 m., por lo que el paseo ser\u00e1 de algo m\u00e1s de\u00a0 3 km., y en algun tramo la anchura del paso es realmente muy estrecho, de solo 1 metro.<\/p>\n<p style=\"text-align: justify;\">La altura del \u00abcorte\u00bb vertical del ca\u00f1on abierto por el agua a fuerza de siglos, es de 200 m.<\/p>\n<p style=\"text-align: justify;\">\u00a0La zona de la entrada a las Gorges :<\/p>\n<p style=\"text-align: justify;\">[shashin type=\u00bbphoto\u00bb id=\u00bb13797,13800,13802&#8243; size=\u00bblarge\u00bb columns=\u00bbmax\u00bb order=\u00bbuser\u00bb caption=\u00bby\u00bb position=\u00bbcenter\u00bb]<\/p>\n<p style=\"text-align: justify;\">\u00a0El recorrido es muy estrecho en muchos puntos.<\/p>\n<p style=\"text-align: justify;\">[shashin type=\u00bbphoto\u00bb id=\u00bb13804,13805&#8243; size=\u00bblarge\u00bb columns=\u00bbmax\u00bb order=\u00bbuser\u00bb caption=\u00bby\u00bb position=\u00bbcenter\u00bb]<\/p>\n<p style=\"text-align: justify;\">\u00a0<\/p>\n<p style=\"text-align: justify;\">Nos encontraremos con un par de \u00abcapillas\u00bb en los agujeros excavados en la roca por el agua.<\/p>\n<p style=\"text-align: justify;\">[shashin type=\u00bbphoto\u00bb id=\u00bb13811,13821&#8243; size=\u00bblarge\u00bb columns=\u00bbmax\u00bb order=\u00bbuser\u00bb caption=\u00bby\u00bb position=\u00bbcenter\u00bb]<\/p>\n<p style=\"text-align: justify;\">\u00a0<\/p>\n<p style=\"text-align: justify;\">Y tambien con unas extra\u00f1as formaciones rocosas creadas por el agua.<\/p>\n<p style=\"text-align: justify;\">[shashin type=\u00bbphoto\u00bb id=\u00bb13819,13820&#8243; size=\u00bblarge\u00bb columns=\u00bbmax\u00bb order=\u00bbuser\u00bb caption=\u00bby\u00bb position=\u00bbcenter\u00bb]<\/p>\n<p style=\"text-align: justify;\">En algunos tramos podemos \u00abrespirar\u00bb un poco y tenemos algo m\u00e1s de amplitud en el recorrido.<\/p>\n<p style=\"text-align: justify;\">[shashin type=\u00bbphoto\u00bb id=\u00bb13816,13826&#8243; size=\u00bblarge\u00bb columns=\u00bbmax\u00bb order=\u00bbuser\u00bb caption=\u00bby\u00bb position=\u00bbcenter\u00bb]<\/p>\n<p style=\"text-align: justify;\">Y finalmente llegamos al final del recorrido.<\/p>\n<p style=\"text-align: justify;\">[shashin type=\u00bbphoto\u00bb id=\u00bb13836,13837,13840,13843&#8243; size=\u00bblarge\u00bb columns=\u00bbmax\u00bb order=\u00bbuser\u00bb caption=\u00bby\u00bb position=\u00bbcenter\u00bb]<\/p>\n<p style=\"text-align: justify;\">Observamos que la instalacion est\u00e1 perfectamente cuidada, con rejas por debajo de la barandilla para evitar cualquier accidente con los ni\u00f1os, y con las soldaduras de las pasarelas perfectamente revisadas y pintadas.<\/p>\n<p style=\"text-align: justify;\">[shashin type=\u00bbphoto\u00bb id=\u00bb13845&#8243; size=\u00bblarge\u00bb columns=\u00bbmax\u00bb order=\u00bbuser\u00bb caption=\u00bby\u00bb position=\u00bbcenter\u00bb]<\/p>\n<hr \/>\n<p style=\"text-align: justify;\"><strong>Track de la ruta<\/strong><\/p>\n<p style=\"text-align: justify;\">Nota : debido a la estrechez del paso y su profundidad, hay muchos rebotes de la se\u00f1al del GPS, por lo que el track tiene algunos fallos.<\/p>\n<p style=\"text-align: justify;\">[sgpx gpx=\u00bb\/wp-content\/uploads\/gpx\/GorgesDeLaFou.gpx\u00bb]<\/p>\n<hr \/>\n<table border=\"2\" cellspacing=\"300\" cellpadding=\"2\">\n<tbody>\n<tr style=\"height: 40px;\">\n<td style=\"width: 300px; height: 40px; text-align: center; vertical-align: middle;\"><strong>Enlace album de fotos<\/strong><\/td>\n<td style=\"width: 300px; height: 40px; text-align: center; vertical-align: middle;\">[shashin type=\u00bbalbum\u00bb id=\u00bb200&#8243; size=\u00bbsmall\u00bb crop=\u00bbn\u00bb columns=\u00bbmax\u00bb caption=\u00bby\u00bb order=\u00bbdate\u00bb position=\u00bbcenter\u00bb]<\/td>\n<\/tr>\n<tr style=\"height: 100px;\">\n<td style=\"width: 300px; height: 100px; text-align: center; vertical-align: middle;\"><strong>Enlace\u00a0 Wikiloc<br \/> <\/strong><\/td>\n<td style=\"width: 300px; height: 100px; text-align: center; vertical-align: middle;\"><a href=\"http:\/\/es.wikiloc.com\/wikiloc\/view.do?id=9789426\" target=\"_blank\"><img loading=\"lazy\" decoding=\"async\" class=\"aligncenter\" title=\"wikiloc\" src=\"http:\/\/www.carlosyconchita.net\/rutas\/wp-content\/uploads\/2020\/09\/wikiloc.jpg\" alt=\"\" width=\"117\" height=\"34\" \/><\/a><\/td>\n<\/tr>\n<\/tbody>\n<\/table>\n<p style=\"text-align: justify;\">\u00a0<\/p>\n<p style=\"text-align: justify;\"><span style=\"color: #ff0000; background-color: #ffffff; font-size: 14pt;\"><strong>Si te ha gustado, comp\u00e1rtelo en tu red favorita,\u00a0 haz +1, o env\u00edanos tu comentario.<br \/> <\/strong><\/span><\/p>\n<p><span style=\"font-size: 14pt;\"><strong><span style=\"color: #ff0000;\">Muchas gracias !<\/span><\/strong><\/span><\/p>\n<hr \/>\n<p style=\"text-align: justify;\"><strong><span style=\"color: #008000;\">Suscribete si quieres recibir un mail cuando publiquemos nuevas rutas : no enviamos publicidad y como m\u00e1ximo enviamos 2 mails al mes<\/span><\/strong><\/p>\n<p>[wysija_form id=\u00bb1&#8243;]<\/p>\n<hr \/>\n<p style=\"text-align: justify;\">\u00a0<\/p>\n<p style=\"text-align: justify;\">\u00a0<\/p>\n","protected":false},"excerpt":{"rendered":"<p>Las Gorges de la Fou est\u00e1n cerca de la poblaci\u00f3n francesa de Arles-sur-Tech, en la carretera D-115 que va a Prats de Moll\u00f3. Nosotros hemos llegado alli desde Perpignan por la carretera D-115, porque esos dias est\u00e1bamos por esa zona, aunque evidentemente si se va desde Barcelona, la ruta seria pasando por La Junquera. Dificultad [&hellip;]<\/p>\n","protected":false},"author":50,"featured_media":6813,"comment_status":"open","ping_status":"open","sticky":false,"template":"","format":"gallery","meta":{"footnotes":""},"categories":[14,1,21,47],"tags":[],"class_list":{"0":"post-6803","1":"post","2":"type-post","3":"status-publish","4":"format-gallery","5":"has-post-thumbnail","6":"hentry","7":"category-muy-facil","8":"category-uncategorized","9":"category-hasta-5-km","10":"category-cerdanya-nord-sin-clasificar","11":"post_format-post-format-gallery","13":"post-with-thumbnail","14":"post-with-thumbnail-icon"},"yoast_head":"<!-- This site is optimized with the Yoast SEO plugin v27.5 - https:\/\/yoast.com\/product\/yoast-seo-wordpress\/ -->\n<title>Gorges de la Fou<\/title>\n<meta name=\"description\" content=\"Las Gorges de la Fou est\u00e1n cerca de la poblaci\u00f3n francesa de Arles-sur-Tech, en la carretera D-115 que va a Prats de Moll\u00f3.\" \/>\n<meta name=\"robots\" content=\"index, follow, max-snippet:-1, max-image-preview:large, max-video-preview:-1\" \/>\n<link rel=\"canonical\" href=\"https:\/\/www.carlosyconchita.net\/rutas\/04-04-2015-gorges-de-la-fou\/\" \/>\n<meta property=\"og:locale\" content=\"es_ES\" \/>\n<meta property=\"og:type\" content=\"article\" \/>\n<meta property=\"og:title\" content=\"Gorges de la Fou\" \/>\n<meta property=\"og:description\" content=\"Las Gorges de la Fou est\u00e1n cerca de la poblaci\u00f3n francesa de Arles-sur-Tech, en la carretera D-115 que va a Prats de Moll\u00f3.\" \/>\n<meta property=\"og:url\" content=\"https:\/\/www.carlosyconchita.net\/rutas\/04-04-2015-gorges-de-la-fou\/\" \/>\n<meta property=\"og:site_name\" content=\"Las rutas de Carlos y Conchita\" \/>\n<meta property=\"article:published_time\" content=\"2015-04-04T18:11:28+00:00\" \/>\n<meta property=\"article:modified_time\" content=\"2015-06-08T21:03:15+00:00\" \/>\n<meta property=\"og:image\" content=\"https:\/\/www.carlosyconchita.net\/rutas\/wp-content\/uploads\/2015\/05\/P4040472.jpg\" \/>\n\t<meta property=\"og:image:width\" content=\"1024\" \/>\n\t<meta property=\"og:image:height\" content=\"768\" \/>\n\t<meta property=\"og:image:type\" content=\"image\/jpeg\" \/>\n<meta name=\"author\" content=\"Carlos Conchita\" \/>\n<meta name=\"twitter:label1\" content=\"Escrito por\" \/>\n\t<meta name=\"twitter:data1\" content=\"Carlos Conchita\" \/>\n\t<meta name=\"twitter:label2\" content=\"Tiempo de lectura\" \/>\n\t<meta name=\"twitter:data2\" content=\"3 minutos\" \/>\n<script type=\"application\/ld+json\" class=\"yoast-schema-graph\">{\"@context\":\"https:\\\/\\\/schema.org\",\"@graph\":[{\"@type\":\"Article\",\"@id\":\"https:\\\/\\\/www.carlosyconchita.net\\\/rutas\\\/04-04-2015-gorges-de-la-fou\\\/#article\",\"isPartOf\":{\"@id\":\"https:\\\/\\\/www.carlosyconchita.net\\\/rutas\\\/04-04-2015-gorges-de-la-fou\\\/\"},\"author\":{\"name\":\"Carlos Conchita\",\"@id\":\"https:\\\/\\\/www.carlosyconchita.net\\\/rutas\\\/#\\\/schema\\\/person\\\/a9691f7258c28443fab2d3aa1479ea19\"},\"headline\":\"04-04-2015 &#8211; Gorges de la Fou\",\"datePublished\":\"2015-04-04T18:11:28+00:00\",\"dateModified\":\"2015-06-08T21:03:15+00:00\",\"mainEntityOfPage\":{\"@id\":\"https:\\\/\\\/www.carlosyconchita.net\\\/rutas\\\/04-04-2015-gorges-de-la-fou\\\/\"},\"wordCount\":556,\"commentCount\":0,\"image\":{\"@id\":\"https:\\\/\\\/www.carlosyconchita.net\\\/rutas\\\/04-04-2015-gorges-de-la-fou\\\/#primaryimage\"},\"thumbnailUrl\":\"https:\\\/\\\/www.carlosyconchita.net\\\/rutas\\\/wp-content\\\/uploads\\\/2015\\\/05\\\/P4040472.jpg\",\"articleSection\":[\"0-Muy f\u00e1cil\",\"0-Sin clasificar\",\"1 - Hasta 5 km.\",\"Catalunya Nord - sin clasificar\"],\"inLanguage\":\"es\",\"potentialAction\":[{\"@type\":\"CommentAction\",\"name\":\"Comment\",\"target\":[\"https:\\\/\\\/www.carlosyconchita.net\\\/rutas\\\/04-04-2015-gorges-de-la-fou\\\/#respond\"]}]},{\"@type\":\"WebPage\",\"@id\":\"https:\\\/\\\/www.carlosyconchita.net\\\/rutas\\\/04-04-2015-gorges-de-la-fou\\\/\",\"url\":\"https:\\\/\\\/www.carlosyconchita.net\\\/rutas\\\/04-04-2015-gorges-de-la-fou\\\/\",\"name\":\"Gorges de la Fou\",\"isPartOf\":{\"@id\":\"https:\\\/\\\/www.carlosyconchita.net\\\/rutas\\\/#website\"},\"primaryImageOfPage\":{\"@id\":\"https:\\\/\\\/www.carlosyconchita.net\\\/rutas\\\/04-04-2015-gorges-de-la-fou\\\/#primaryimage\"},\"image\":{\"@id\":\"https:\\\/\\\/www.carlosyconchita.net\\\/rutas\\\/04-04-2015-gorges-de-la-fou\\\/#primaryimage\"},\"thumbnailUrl\":\"https:\\\/\\\/www.carlosyconchita.net\\\/rutas\\\/wp-content\\\/uploads\\\/2015\\\/05\\\/P4040472.jpg\",\"datePublished\":\"2015-04-04T18:11:28+00:00\",\"dateModified\":\"2015-06-08T21:03:15+00:00\",\"author\":{\"@id\":\"https:\\\/\\\/www.carlosyconchita.net\\\/rutas\\\/#\\\/schema\\\/person\\\/a9691f7258c28443fab2d3aa1479ea19\"},\"description\":\"Las Gorges de la Fou est\u00e1n cerca de la poblaci\u00f3n francesa de Arles-sur-Tech, en la carretera D-115 que va a Prats de Moll\u00f3.\",\"breadcrumb\":{\"@id\":\"https:\\\/\\\/www.carlosyconchita.net\\\/rutas\\\/04-04-2015-gorges-de-la-fou\\\/#breadcrumb\"},\"inLanguage\":\"es\",\"potentialAction\":[{\"@type\":\"ReadAction\",\"target\":[\"https:\\\/\\\/www.carlosyconchita.net\\\/rutas\\\/04-04-2015-gorges-de-la-fou\\\/\"]}]},{\"@type\":\"ImageObject\",\"inLanguage\":\"es\",\"@id\":\"https:\\\/\\\/www.carlosyconchita.net\\\/rutas\\\/04-04-2015-gorges-de-la-fou\\\/#primaryimage\",\"url\":\"https:\\\/\\\/www.carlosyconchita.net\\\/rutas\\\/wp-content\\\/uploads\\\/2015\\\/05\\\/P4040472.jpg\",\"contentUrl\":\"https:\\\/\\\/www.carlosyconchita.net\\\/rutas\\\/wp-content\\\/uploads\\\/2015\\\/05\\\/P4040472.jpg\",\"width\":1024,\"height\":768},{\"@type\":\"BreadcrumbList\",\"@id\":\"https:\\\/\\\/www.carlosyconchita.net\\\/rutas\\\/04-04-2015-gorges-de-la-fou\\\/#breadcrumb\",\"itemListElement\":[{\"@type\":\"ListItem\",\"position\":1,\"name\":\"Portada\",\"item\":\"https:\\\/\\\/www.carlosyconchita.net\\\/rutas\\\/\"},{\"@type\":\"ListItem\",\"position\":2,\"name\":\"04-04-2015 &#8211; Gorges de la Fou\"}]},{\"@type\":\"WebSite\",\"@id\":\"https:\\\/\\\/www.carlosyconchita.net\\\/rutas\\\/#website\",\"url\":\"https:\\\/\\\/www.carlosyconchita.net\\\/rutas\\\/\",\"name\":\"Las rutas de Carlos y Conchita\",\"description\":\"\",\"potentialAction\":[{\"@type\":\"SearchAction\",\"target\":{\"@type\":\"EntryPoint\",\"urlTemplate\":\"https:\\\/\\\/www.carlosyconchita.net\\\/rutas\\\/?s={search_term_string}\"},\"query-input\":{\"@type\":\"PropertyValueSpecification\",\"valueRequired\":true,\"valueName\":\"search_term_string\"}}],\"inLanguage\":\"es\"},{\"@type\":\"Person\",\"@id\":\"https:\\\/\\\/www.carlosyconchita.net\\\/rutas\\\/#\\\/schema\\\/person\\\/a9691f7258c28443fab2d3aa1479ea19\",\"name\":\"Carlos Conchita\",\"image\":{\"@type\":\"ImageObject\",\"inLanguage\":\"es\",\"@id\":\"https:\\\/\\\/secure.gravatar.com\\\/avatar\\\/3a4625b20c8da3de99da69bfe7a322774e291c3f90dce7e8778a30fe6748ed1a?s=96&d=mm&r=g\",\"url\":\"https:\\\/\\\/secure.gravatar.com\\\/avatar\\\/3a4625b20c8da3de99da69bfe7a322774e291c3f90dce7e8778a30fe6748ed1a?s=96&d=mm&r=g\",\"contentUrl\":\"https:\\\/\\\/secure.gravatar.com\\\/avatar\\\/3a4625b20c8da3de99da69bfe7a322774e291c3f90dce7e8778a30fe6748ed1a?s=96&d=mm&r=g\",\"caption\":\"Carlos Conchita\"}}]}<\/script>\n<!-- \/ Yoast SEO plugin. -->","yoast_head_json":{"title":"Gorges de la Fou","description":"Las Gorges de la Fou est\u00e1n cerca de la poblaci\u00f3n francesa de Arles-sur-Tech, en la carretera D-115 que va a Prats de Moll\u00f3.","robots":{"index":"index","follow":"follow","max-snippet":"max-snippet:-1","max-image-preview":"max-image-preview:large","max-video-preview":"max-video-preview:-1"},"canonical":"https:\/\/www.carlosyconchita.net\/rutas\/04-04-2015-gorges-de-la-fou\/","og_locale":"es_ES","og_type":"article","og_title":"Gorges de la Fou","og_description":"Las Gorges de la Fou est\u00e1n cerca de la poblaci\u00f3n francesa de Arles-sur-Tech, en la carretera D-115 que va a Prats de Moll\u00f3.","og_url":"https:\/\/www.carlosyconchita.net\/rutas\/04-04-2015-gorges-de-la-fou\/","og_site_name":"Las rutas de Carlos y Conchita","article_published_time":"2015-04-04T18:11:28+00:00","article_modified_time":"2015-06-08T21:03:15+00:00","og_image":[{"width":1024,"height":768,"url":"https:\/\/www.carlosyconchita.net\/rutas\/wp-content\/uploads\/2015\/05\/P4040472.jpg","type":"image\/jpeg"}],"author":"Carlos Conchita","twitter_misc":{"Escrito por":"Carlos Conchita","Tiempo de lectura":"3 minutos"},"schema":{"@context":"https:\/\/schema.org","@graph":[{"@type":"Article","@id":"https:\/\/www.carlosyconchita.net\/rutas\/04-04-2015-gorges-de-la-fou\/#article","isPartOf":{"@id":"https:\/\/www.carlosyconchita.net\/rutas\/04-04-2015-gorges-de-la-fou\/"},"author":{"name":"Carlos Conchita","@id":"https:\/\/www.carlosyconchita.net\/rutas\/#\/schema\/person\/a9691f7258c28443fab2d3aa1479ea19"},"headline":"04-04-2015 &#8211; Gorges de la Fou","datePublished":"2015-04-04T18:11:28+00:00","dateModified":"2015-06-08T21:03:15+00:00","mainEntityOfPage":{"@id":"https:\/\/www.carlosyconchita.net\/rutas\/04-04-2015-gorges-de-la-fou\/"},"wordCount":556,"commentCount":0,"image":{"@id":"https:\/\/www.carlosyconchita.net\/rutas\/04-04-2015-gorges-de-la-fou\/#primaryimage"},"thumbnailUrl":"https:\/\/www.carlosyconchita.net\/rutas\/wp-content\/uploads\/2015\/05\/P4040472.jpg","articleSection":["0-Muy f\u00e1cil","0-Sin clasificar","1 - Hasta 5 km.","Catalunya Nord - sin clasificar"],"inLanguage":"es","potentialAction":[{"@type":"CommentAction","name":"Comment","target":["https:\/\/www.carlosyconchita.net\/rutas\/04-04-2015-gorges-de-la-fou\/#respond"]}]},{"@type":"WebPage","@id":"https:\/\/www.carlosyconchita.net\/rutas\/04-04-2015-gorges-de-la-fou\/","url":"https:\/\/www.carlosyconchita.net\/rutas\/04-04-2015-gorges-de-la-fou\/","name":"Gorges de la Fou","isPartOf":{"@id":"https:\/\/www.carlosyconchita.net\/rutas\/#website"},"primaryImageOfPage":{"@id":"https:\/\/www.carlosyconchita.net\/rutas\/04-04-2015-gorges-de-la-fou\/#primaryimage"},"image":{"@id":"https:\/\/www.carlosyconchita.net\/rutas\/04-04-2015-gorges-de-la-fou\/#primaryimage"},"thumbnailUrl":"https:\/\/www.carlosyconchita.net\/rutas\/wp-content\/uploads\/2015\/05\/P4040472.jpg","datePublished":"2015-04-04T18:11:28+00:00","dateModified":"2015-06-08T21:03:15+00:00","author":{"@id":"https:\/\/www.carlosyconchita.net\/rutas\/#\/schema\/person\/a9691f7258c28443fab2d3aa1479ea19"},"description":"Las Gorges de la Fou est\u00e1n cerca de la poblaci\u00f3n francesa de Arles-sur-Tech, en la carretera D-115 que va a Prats de Moll\u00f3.","breadcrumb":{"@id":"https:\/\/www.carlosyconchita.net\/rutas\/04-04-2015-gorges-de-la-fou\/#breadcrumb"},"inLanguage":"es","potentialAction":[{"@type":"ReadAction","target":["https:\/\/www.carlosyconchita.net\/rutas\/04-04-2015-gorges-de-la-fou\/"]}]},{"@type":"ImageObject","inLanguage":"es","@id":"https:\/\/www.carlosyconchita.net\/rutas\/04-04-2015-gorges-de-la-fou\/#primaryimage","url":"https:\/\/www.carlosyconchita.net\/rutas\/wp-content\/uploads\/2015\/05\/P4040472.jpg","contentUrl":"https:\/\/www.carlosyconchita.net\/rutas\/wp-content\/uploads\/2015\/05\/P4040472.jpg","width":1024,"height":768},{"@type":"BreadcrumbList","@id":"https:\/\/www.carlosyconchita.net\/rutas\/04-04-2015-gorges-de-la-fou\/#breadcrumb","itemListElement":[{"@type":"ListItem","position":1,"name":"Portada","item":"https:\/\/www.carlosyconchita.net\/rutas\/"},{"@type":"ListItem","position":2,"name":"04-04-2015 &#8211; Gorges de la Fou"}]},{"@type":"WebSite","@id":"https:\/\/www.carlosyconchita.net\/rutas\/#website","url":"https:\/\/www.carlosyconchita.net\/rutas\/","name":"Las rutas de Carlos y Conchita","description":"","potentialAction":[{"@type":"SearchAction","target":{"@type":"EntryPoint","urlTemplate":"https:\/\/www.carlosyconchita.net\/rutas\/?s={search_term_string}"},"query-input":{"@type":"PropertyValueSpecification","valueRequired":true,"valueName":"search_term_string"}}],"inLanguage":"es"},{"@type":"Person","@id":"https:\/\/www.carlosyconchita.net\/rutas\/#\/schema\/person\/a9691f7258c28443fab2d3aa1479ea19","name":"Carlos Conchita","image":{"@type":"ImageObject","inLanguage":"es","@id":"https:\/\/secure.gravatar.com\/avatar\/3a4625b20c8da3de99da69bfe7a322774e291c3f90dce7e8778a30fe6748ed1a?s=96&d=mm&r=g","url":"https:\/\/secure.gravatar.com\/avatar\/3a4625b20c8da3de99da69bfe7a322774e291c3f90dce7e8778a30fe6748ed1a?s=96&d=mm&r=g","contentUrl":"https:\/\/secure.gravatar.com\/avatar\/3a4625b20c8da3de99da69bfe7a322774e291c3f90dce7e8778a30fe6748ed1a?s=96&d=mm&r=g","caption":"Carlos Conchita"}}]}},"_links":{"self":[{"href":"https:\/\/www.carlosyconchita.net\/rutas\/wp-json\/wp\/v2\/posts\/6803","targetHints":{"allow":["GET"]}}],"collection":[{"href":"https:\/\/www.carlosyconchita.net\/rutas\/wp-json\/wp\/v2\/posts"}],"about":[{"href":"https:\/\/www.carlosyconchita.net\/rutas\/wp-json\/wp\/v2\/types\/post"}],"author":[{"embeddable":true,"href":"https:\/\/www.carlosyconchita.net\/rutas\/wp-json\/wp\/v2\/users\/50"}],"replies":[{"embeddable":true,"href":"https:\/\/www.carlosyconchita.net\/rutas\/wp-json\/wp\/v2\/comments?post=6803"}],"version-history":[{"count":0,"href":"https:\/\/www.carlosyconchita.net\/rutas\/wp-json\/wp\/v2\/posts\/6803\/revisions"}],"wp:featuredmedia":[{"embeddable":true,"href":"https:\/\/www.carlosyconchita.net\/rutas\/wp-json\/wp\/v2\/media\/6813"}],"wp:attachment":[{"href":"https:\/\/www.carlosyconchita.net\/rutas\/wp-json\/wp\/v2\/media?parent=6803"}],"wp:term":[{"taxonomy":"category","embeddable":true,"href":"https:\/\/www.carlosyconchita.net\/rutas\/wp-json\/wp\/v2\/categories?post=6803"},{"taxonomy":"post_tag","embeddable":true,"href":"https:\/\/www.carlosyconchita.net\/rutas\/wp-json\/wp\/v2\/tags?post=6803"}],"curies":[{"name":"wp","href":"https:\/\/api.w.org\/{rel}","templated":true}]}}