{"id":6842,"date":"2015-05-31T21:32:17","date_gmt":"2015-05-31T20:32:17","guid":{"rendered":"http:\/\/www.carlosyconchita.net\/rutas\/?p=6842"},"modified":"2015-06-18T10:47:50","modified_gmt":"2015-06-18T09:47:50","slug":"31-05-2015-las-fuentes-de-la-ribera-de-err","status":"publish","type":"post","link":"https:\/\/www.carlosyconchita.net\/rutas\/31-05-2015-las-fuentes-de-la-ribera-de-err\/","title":{"rendered":"31-05-2015 &#8211; Las fuentes de la Ribera de Err"},"content":{"rendered":"<p style=\"text-align: justify;\">Hoy quer\u00edamos hacer una excursi\u00f3n m\u00e1s cortita y f\u00e1cil que la de ayer, y para ello nos dirigimos inicialmente a nuestro querido y vecino pueblo de Err (estuvimos en un camping de ese pueblo bastantes inviernos en una caravana cuando subiamos a esquiar) .<\/p>\n<p style=\"text-align: justify;\">Dado que este fin de semana tenemos en casa a nuestro hijo David, al igual que ayer nos acompa\u00f1a en la ruta.<\/p>\n<p style=\"text-align: justify;\">Cruzamos el pueblo en direccion al valle y monta\u00f1as, para ver hasta donde llegabamos en coche y hacer alguna excursion despues, pero la cosa se nos complico un poco, como podemos ver en la foto.<\/p>\n<p style=\"text-align: justify;\">[shashin type=\u00bbphoto\u00bb id=\u00bb14187&#8243; size=\u00bblarge\u00bb columns=\u00bbmax\u00bb order=\u00bbuser\u00bb caption=\u00bby\u00bb position=\u00bbcenter\u00bb]<\/p>\n<p style=\"text-align: justify;\">Despu\u00e9s de un buen rato detr\u00e1s de las vacas, y temiendonos que quisieran llegar hasta el final de la carretera (es que iban solas, sin pastor&#8230;)\u00a0 , en un cruce cogimos una carretera que subia hacia la monta\u00f1a en vez de seguir el valle, y desde la que veiamos el riachuelo que corre por el fondo del valle.<\/p>\n<p style=\"text-align: justify;\">[shashin type=\u00bbphoto\u00bb id=\u00bb14190&#8243; size=\u00bblarge\u00bb columns=\u00bbmax\u00bb order=\u00bbuser\u00bb caption=\u00bby\u00bb position=\u00bbcenter\u00bb]<\/p>\n<p style=\"text-align: justify;\">Si miramos atras, vemos toda la zona de Err, y al fondo , antes de las monta\u00f1as, vemos la torre de la central solar de Th\u00e9mis.<\/p>\n<p style=\"text-align: justify;\">[shashin type=\u00bbphoto\u00bb id=\u00bb14188,14189&#8243; size=\u00bblarge\u00bb columns=\u00bbmax\u00bb order=\u00bbuser\u00bb caption=\u00bby\u00bb position=\u00bbcenter\u00bb]<\/p>\n<p style=\"text-align: justify;\">\u00a0<\/p>\n<p style=\"text-align: justify;\">Siguiendo pues por ese desvio, vamos a parar a la carretera que lleva a la estacion de ski de Puigmal, por lo que entonces decidimos ir hasta el final de la carretera.<\/p>\n<p style=\"text-align: justify;\">Alli nos encontramos con una valla que cierra el paso, y por lo tanto dejamos ahi el coche.<\/p>\n<p style=\"text-align: justify;\">[shashin type=\u00bbphoto\u00bb id=\u00bb14192&#8243; size=\u00bblarge\u00bb columns=\u00bbmax\u00bb order=\u00bbuser\u00bb caption=\u00bby\u00bb position=\u00bbcenter\u00bb]<\/p>\n<table border=\"1\" cellspacing=\"300\" cellpadding=\"1\">\n<tbody>\n<tr>\n<td style=\"width: 300px; height: 40px; text-align: left; vertical-align: top;\"><strong>Dificultad :\u00a0 F\u00e1cil<\/strong><\/td>\n<td><strong>Recorrido :\u00a0 6&#8217;924 km.<\/strong><\/td>\n<\/tr>\n<tr>\n<td><strong>Desnivel acum.\u00a0 :\u00a0\u00a0 406 m. \u00a0 \u00a0 \u00a0 <\/strong><\/td>\n<td><strong>Alturas m\u00edn.\/m\u00e1x. \u00a0 :\u00a0\u00a0 2.037 \/ 2.392 m.<\/strong><\/td>\n<\/tr>\n<tr>\n<td><strong>Tiempo total :\u00a0 2 h. 44 m.<br \/> <\/strong><\/td>\n<td><strong>Velocidad media :\u00a0 2&#8217;47 km.\/hora<\/strong><\/td>\n<\/tr>\n<tr>\n<td><strong>Tiempo movimiento\u00a0 :\u00a0 1 h. 53 m.<br \/> <\/strong><\/td>\n<td><strong> Velocidad media\u00a0 :\u00a0 3&#8217;59 km.\/hora<\/strong><\/td>\n<\/tr>\n<\/tbody>\n<\/table>\n<p style=\"text-align: justify;\">Como que hoy no tenemos intenci\u00f3n de subir al Puigmal, miramos el mapa y decidimos ir subiendo hasta el punto donde nace el riachuelo que vemos a nuestro lado , la\u00a0 \u00abRibera de Err\u00bb.<\/p>\n<p style=\"text-align: justify;\">Despues de la valla, caminamos unos metros por la carretera hasta la primera curva, en donde hay una caseta al lado del riachuelo.<\/p>\n<p style=\"text-align: justify;\">Alli dejamos la carretera y seguimos recto por el camino que tenemos enfrente, siempre siguiendo el riachuelo.<\/p>\n<p style=\"text-align: justify;\">[shashin type=\u00bbphoto\u00bb id=\u00bb14194,14196&#8243; size=\u00bblarge\u00bb columns=\u00bbmax\u00bb order=\u00bbuser\u00bb position=\u00bbcenter\u00bb]<\/p>\n<p style=\"text-align: justify;\">Conforme avanzamos, el valle se va abriendo y vemos mejor las monta\u00f1as del Puigmal que tenemos enfrente.<\/p>\n<p style=\"text-align: justify;\">[shashin type=\u00bbphoto\u00bb id=\u00bb14197&#8243; size=\u00bblarge\u00bb columns=\u00bbmax\u00bb order=\u00bbuser\u00bb position=\u00bbcenter\u00bb]<\/p>\n<p style=\"text-align: justify;\">Pasaremos por una peque\u00f1a \u00abminipresa\u00bb, y cruzaremos un par de veces la Ribera de Err, encontrandonos todavia restos de nieve.<\/p>\n<p style=\"text-align: justify;\">[shashin type=\u00bbphoto\u00bb id=\u00bb14200,14204,14205&#8243; size=\u00bblarge\u00bb columns=\u00bbmax\u00bb order=\u00bbuser\u00bb position=\u00bbcenter\u00bb]<\/p>\n<p style=\"text-align: justify;\">\u00a0Conforme avanzamos , la pendiente va aumentando ya que vamos subiendo por el camino que lleva al Puigmal, hasta que encontramos un grupo de piedras de donde sale al agua que forma la Ribera de Err, y que decidimos bautizar con el nombre de las Fuentes de la Ribera de Err.<\/p>\n<p style=\"text-align: justify;\">[shashin type=\u00bbphoto\u00bb id=\u00bb14208,14209&#8243; size=\u00bblarge\u00bb columns=\u00bbmax\u00bb order=\u00bbuser\u00bb position=\u00bbcenter\u00bb]<\/p>\n<p style=\"text-align: justify;\">Si continuaramos subiendo , llegariamos al Puigmal, aunque se suelen citar 3 (Puigmal de Err, Puigmal de Llo y Puigmal de\u00a0 Segre\u00a0 )<\/p>\n<p style=\"text-align: justify;\">[shashin type=\u00bbphoto\u00bb id=\u00bb14214&#8243; size=\u00bblarge\u00bb columns=\u00bbmax\u00bb order=\u00bbuser\u00bb caption=\u00bby\u00bb position=\u00bbcenter\u00bb]<\/p>\n<p style=\"text-align: justify;\">El camino de vuelta es casi por el mismo sitio de la subida, y nos permite ver el paisaje que teniamos antes a nuestra espalda.<\/p>\n<p style=\"text-align: justify;\">[shashin type=\u00bbphoto\u00bb id=\u00bb14210&#8243; size=\u00bblarge\u00bb columns=\u00bbmax\u00bb order=\u00bbuser\u00bb position=\u00bbcenter\u00bb]<\/p>\n<p style=\"text-align: justify;\">Cuando llegamos a la minipresa que hemos comentado antes, en vez de seguir el mismo camino de la subida, cogemos un camino que sale a nuestra izquierda y que nos lleva a la estacion de ski.<\/p>\n<p style=\"text-align: justify;\">[shashin type=\u00bbphoto\u00bb id=\u00bb14222&#8243; size=\u00bblarge\u00bb columns=\u00bbmax\u00bb order=\u00bbuser\u00bb caption=\u00bby\u00bb position=\u00bbcenter\u00bb]<\/p>\n<p style=\"text-align: justify;\">Desde alli,\u00a0 bajaremos por la carretera asfaltada que desciende haciendo varios zig-zags , hasta que llegamos al punto donde hemos dejado el coche.<\/p>\n<p style=\"text-align: justify;\">[shashin type=\u00bbphoto\u00bb id=\u00bb14217,14225&#8243; size=\u00bblarge\u00bb columns=\u00bbmax\u00bb order=\u00bbuser\u00bb caption=\u00bby\u00bb position=\u00bbcenter\u00bb]<\/p>\n<hr \/>\n<p style=\"text-align: justify;\">\u00a0<\/p>\n<p><strong>\u00a0Track de la ruta<\/strong><\/p>\n<p>[sgpx gpx=\u00bb\/wp-content\/uploads\/gpx\/Err-RiberaErr.gpx\u00bb]<\/p>\n<hr \/>\n<p>&nbsp;<\/p>\n<table border=\"2\" cellspacing=\"300\" cellpadding=\"2\">\n<tbody>\n<tr style=\"height: 40px;\">\n<td style=\"width: 300px; height: 40px; text-align: center; vertical-align: middle;\"><strong>Enlace album de fotos<\/strong><\/td>\n<td style=\"width: 300px; height: 40px; text-align: center; vertical-align: middle;\">[shashin type=\u00bbalbum\u00bb id=\u00bb209&#8243; size=\u00bbsmall\u00bb crop=\u00bbn\u00bb columns=\u00bbmax\u00bb caption=\u00bby\u00bb order=\u00bbdate\u00bb position=\u00bbcenter\u00bb]<\/td>\n<\/tr>\n<tr style=\"height: 100px;\">\n<td style=\"width: 300px; height: 100px; text-align: center; vertical-align: middle;\"><strong>Enlace\u00a0 Wikiloc<br \/> <\/strong><\/td>\n<td style=\"width: 300px; height: 100px; text-align: center; vertical-align: middle;\"><a href=\"http:\/\/es.wikiloc.com\/wikiloc\/view.do?id=9927202\" target=\"_blank\"><img loading=\"lazy\" decoding=\"async\" class=\"aligncenter\" title=\"wikiloc\" src=\"http:\/\/www.carlosyconchita.net\/rutas\/wp-content\/uploads\/2020\/09\/wikiloc.jpg\" alt=\"\" width=\"117\" height=\"34\" \/><\/a><\/td>\n<\/tr>\n<\/tbody>\n<\/table>\n<p>&nbsp;<\/p>\n<p style=\"text-align: justify;\"><span style=\"color: #ff0000; background-color: #ffffff; font-size: 14pt;\"><strong>Si te ha gustado, comp\u00e1rtelo en tu red favorita,\u00a0 haz +1, o env\u00edanos tu comentario.<br \/> <\/strong><\/span><\/p>\n<p><span style=\"font-size: 14pt;\"><strong><span style=\"color: #ff0000;\">Muchas gracias !<\/span><\/strong><\/span><\/p>\n<hr \/>\n<p style=\"text-align: justify;\"><strong><span style=\"color: #008000;\">Suscribete si quieres recibir un mail cuando publiquemos nuevas rutas : no enviamos publicidad y como m\u00e1ximo enviamos 2 mails al mes<\/span><\/strong><\/p>\n<p>[wysija_form id=\u00bb1&#8243;]<\/p>\n","protected":false},"excerpt":{"rendered":"<p>Hoy quer\u00edamos hacer una excursi\u00f3n m\u00e1s cortita y f\u00e1cil que la de ayer, y para ello nos dirigimos inicialmente a nuestro querido y vecino pueblo de Err (estuvimos en un camping de ese pueblo bastantes inviernos en una caravana cuando subiamos a esquiar) . Dado que este fin de semana tenemos en casa a nuestro [&hellip;]<\/p>\n","protected":false},"author":50,"featured_media":6857,"comment_status":"open","ping_status":"open","sticky":false,"template":"","format":"gallery","meta":{"footnotes":""},"categories":[10,6],"tags":[],"class_list":{"0":"post-6842","1":"post","2":"type-post","3":"status-publish","4":"format-gallery","5":"has-post-thumbnail","6":"hentry","7":"category-facil","8":"category-saillagosa","9":"post_format-post-format-gallery","11":"post-with-thumbnail","12":"post-with-thumbnail-icon"},"yoast_head":"<!-- This site is optimized with the Yoast SEO plugin v27.4 - https:\/\/yoast.com\/product\/yoast-seo-wordpress\/ -->\n<title>Ribera de Err<\/title>\n<meta name=\"description\" content=\"Excursion desde la estacion de esqui de Puigmal, hasta el nacimiento de la Ribera de Err, en el camino de subida al Puigmal.\" \/>\n<meta name=\"robots\" content=\"index, follow, max-snippet:-1, max-image-preview:large, max-video-preview:-1\" \/>\n<link rel=\"canonical\" href=\"https:\/\/www.carlosyconchita.net\/rutas\/31-05-2015-las-fuentes-de-la-ribera-de-err\/\" \/>\n<meta property=\"og:locale\" content=\"es_ES\" \/>\n<meta property=\"og:type\" content=\"article\" \/>\n<meta property=\"og:title\" content=\"Ribera de Err\" \/>\n<meta property=\"og:description\" content=\"Excursion desde la estacion de esqui de Puigmal, hasta el nacimiento de la Ribera de Err, en el camino de subida al Puigmal.\" \/>\n<meta property=\"og:url\" content=\"https:\/\/www.carlosyconchita.net\/rutas\/31-05-2015-las-fuentes-de-la-ribera-de-err\/\" \/>\n<meta property=\"og:site_name\" content=\"Las rutas de Carlos y Conchita\" \/>\n<meta property=\"article:published_time\" content=\"2015-05-31T20:32:17+00:00\" \/>\n<meta property=\"article:modified_time\" content=\"2015-06-18T09:47:50+00:00\" \/>\n<meta property=\"og:image\" content=\"https:\/\/www.carlosyconchita.net\/rutas\/wp-content\/uploads\/2015\/05\/P5311024.jpg\" \/>\n\t<meta property=\"og:image:width\" content=\"1024\" \/>\n\t<meta property=\"og:image:height\" content=\"768\" \/>\n\t<meta property=\"og:image:type\" content=\"image\/jpeg\" \/>\n<meta name=\"author\" content=\"Carlos Conchita\" \/>\n<meta name=\"twitter:label1\" content=\"Escrito por\" \/>\n\t<meta name=\"twitter:data1\" content=\"Carlos Conchita\" \/>\n\t<meta name=\"twitter:label2\" content=\"Tiempo de lectura\" \/>\n\t<meta name=\"twitter:data2\" content=\"4 minutos\" \/>\n<script type=\"application\/ld+json\" class=\"yoast-schema-graph\">{\"@context\":\"https:\\\/\\\/schema.org\",\"@graph\":[{\"@type\":\"Article\",\"@id\":\"https:\\\/\\\/www.carlosyconchita.net\\\/rutas\\\/31-05-2015-las-fuentes-de-la-ribera-de-err\\\/#article\",\"isPartOf\":{\"@id\":\"https:\\\/\\\/www.carlosyconchita.net\\\/rutas\\\/31-05-2015-las-fuentes-de-la-ribera-de-err\\\/\"},\"author\":{\"name\":\"Carlos Conchita\",\"@id\":\"https:\\\/\\\/www.carlosyconchita.net\\\/rutas\\\/#\\\/schema\\\/person\\\/a9691f7258c28443fab2d3aa1479ea19\"},\"headline\":\"31-05-2015 &#8211; Las fuentes de la Ribera de Err\",\"datePublished\":\"2015-05-31T20:32:17+00:00\",\"dateModified\":\"2015-06-18T09:47:50+00:00\",\"mainEntityOfPage\":{\"@id\":\"https:\\\/\\\/www.carlosyconchita.net\\\/rutas\\\/31-05-2015-las-fuentes-de-la-ribera-de-err\\\/\"},\"wordCount\":784,\"commentCount\":0,\"image\":{\"@id\":\"https:\\\/\\\/www.carlosyconchita.net\\\/rutas\\\/31-05-2015-las-fuentes-de-la-ribera-de-err\\\/#primaryimage\"},\"thumbnailUrl\":\"https:\\\/\\\/www.carlosyconchita.net\\\/rutas\\\/wp-content\\\/uploads\\\/2015\\\/05\\\/P5311024.jpg\",\"articleSection\":[\"1-F\u00e1cil\",\"Saillagosa\"],\"inLanguage\":\"es\",\"potentialAction\":[{\"@type\":\"CommentAction\",\"name\":\"Comment\",\"target\":[\"https:\\\/\\\/www.carlosyconchita.net\\\/rutas\\\/31-05-2015-las-fuentes-de-la-ribera-de-err\\\/#respond\"]}]},{\"@type\":\"WebPage\",\"@id\":\"https:\\\/\\\/www.carlosyconchita.net\\\/rutas\\\/31-05-2015-las-fuentes-de-la-ribera-de-err\\\/\",\"url\":\"https:\\\/\\\/www.carlosyconchita.net\\\/rutas\\\/31-05-2015-las-fuentes-de-la-ribera-de-err\\\/\",\"name\":\"Ribera de Err\",\"isPartOf\":{\"@id\":\"https:\\\/\\\/www.carlosyconchita.net\\\/rutas\\\/#website\"},\"primaryImageOfPage\":{\"@id\":\"https:\\\/\\\/www.carlosyconchita.net\\\/rutas\\\/31-05-2015-las-fuentes-de-la-ribera-de-err\\\/#primaryimage\"},\"image\":{\"@id\":\"https:\\\/\\\/www.carlosyconchita.net\\\/rutas\\\/31-05-2015-las-fuentes-de-la-ribera-de-err\\\/#primaryimage\"},\"thumbnailUrl\":\"https:\\\/\\\/www.carlosyconchita.net\\\/rutas\\\/wp-content\\\/uploads\\\/2015\\\/05\\\/P5311024.jpg\",\"datePublished\":\"2015-05-31T20:32:17+00:00\",\"dateModified\":\"2015-06-18T09:47:50+00:00\",\"author\":{\"@id\":\"https:\\\/\\\/www.carlosyconchita.net\\\/rutas\\\/#\\\/schema\\\/person\\\/a9691f7258c28443fab2d3aa1479ea19\"},\"description\":\"Excursion desde la estacion de esqui de Puigmal, hasta el nacimiento de la Ribera de Err, en el camino de subida al Puigmal.\",\"breadcrumb\":{\"@id\":\"https:\\\/\\\/www.carlosyconchita.net\\\/rutas\\\/31-05-2015-las-fuentes-de-la-ribera-de-err\\\/#breadcrumb\"},\"inLanguage\":\"es\",\"potentialAction\":[{\"@type\":\"ReadAction\",\"target\":[\"https:\\\/\\\/www.carlosyconchita.net\\\/rutas\\\/31-05-2015-las-fuentes-de-la-ribera-de-err\\\/\"]}]},{\"@type\":\"ImageObject\",\"inLanguage\":\"es\",\"@id\":\"https:\\\/\\\/www.carlosyconchita.net\\\/rutas\\\/31-05-2015-las-fuentes-de-la-ribera-de-err\\\/#primaryimage\",\"url\":\"https:\\\/\\\/www.carlosyconchita.net\\\/rutas\\\/wp-content\\\/uploads\\\/2015\\\/05\\\/P5311024.jpg\",\"contentUrl\":\"https:\\\/\\\/www.carlosyconchita.net\\\/rutas\\\/wp-content\\\/uploads\\\/2015\\\/05\\\/P5311024.jpg\",\"width\":1024,\"height\":768},{\"@type\":\"BreadcrumbList\",\"@id\":\"https:\\\/\\\/www.carlosyconchita.net\\\/rutas\\\/31-05-2015-las-fuentes-de-la-ribera-de-err\\\/#breadcrumb\",\"itemListElement\":[{\"@type\":\"ListItem\",\"position\":1,\"name\":\"Portada\",\"item\":\"https:\\\/\\\/www.carlosyconchita.net\\\/rutas\\\/\"},{\"@type\":\"ListItem\",\"position\":2,\"name\":\"31-05-2015 &#8211; Las fuentes de la Ribera de Err\"}]},{\"@type\":\"WebSite\",\"@id\":\"https:\\\/\\\/www.carlosyconchita.net\\\/rutas\\\/#website\",\"url\":\"https:\\\/\\\/www.carlosyconchita.net\\\/rutas\\\/\",\"name\":\"Las rutas de Carlos y Conchita\",\"description\":\"\",\"potentialAction\":[{\"@type\":\"SearchAction\",\"target\":{\"@type\":\"EntryPoint\",\"urlTemplate\":\"https:\\\/\\\/www.carlosyconchita.net\\\/rutas\\\/?s={search_term_string}\"},\"query-input\":{\"@type\":\"PropertyValueSpecification\",\"valueRequired\":true,\"valueName\":\"search_term_string\"}}],\"inLanguage\":\"es\"},{\"@type\":\"Person\",\"@id\":\"https:\\\/\\\/www.carlosyconchita.net\\\/rutas\\\/#\\\/schema\\\/person\\\/a9691f7258c28443fab2d3aa1479ea19\",\"name\":\"Carlos Conchita\",\"image\":{\"@type\":\"ImageObject\",\"inLanguage\":\"es\",\"@id\":\"https:\\\/\\\/secure.gravatar.com\\\/avatar\\\/3a4625b20c8da3de99da69bfe7a322774e291c3f90dce7e8778a30fe6748ed1a?s=96&d=mm&r=g\",\"url\":\"https:\\\/\\\/secure.gravatar.com\\\/avatar\\\/3a4625b20c8da3de99da69bfe7a322774e291c3f90dce7e8778a30fe6748ed1a?s=96&d=mm&r=g\",\"contentUrl\":\"https:\\\/\\\/secure.gravatar.com\\\/avatar\\\/3a4625b20c8da3de99da69bfe7a322774e291c3f90dce7e8778a30fe6748ed1a?s=96&d=mm&r=g\",\"caption\":\"Carlos Conchita\"}}]}<\/script>\n<!-- \/ Yoast SEO plugin. -->","yoast_head_json":{"title":"Ribera de Err","description":"Excursion desde la estacion de esqui de Puigmal, hasta el nacimiento de la Ribera de Err, en el camino de subida al Puigmal.","robots":{"index":"index","follow":"follow","max-snippet":"max-snippet:-1","max-image-preview":"max-image-preview:large","max-video-preview":"max-video-preview:-1"},"canonical":"https:\/\/www.carlosyconchita.net\/rutas\/31-05-2015-las-fuentes-de-la-ribera-de-err\/","og_locale":"es_ES","og_type":"article","og_title":"Ribera de Err","og_description":"Excursion desde la estacion de esqui de Puigmal, hasta el nacimiento de la Ribera de Err, en el camino de subida al Puigmal.","og_url":"https:\/\/www.carlosyconchita.net\/rutas\/31-05-2015-las-fuentes-de-la-ribera-de-err\/","og_site_name":"Las rutas de Carlos y Conchita","article_published_time":"2015-05-31T20:32:17+00:00","article_modified_time":"2015-06-18T09:47:50+00:00","og_image":[{"width":1024,"height":768,"url":"https:\/\/www.carlosyconchita.net\/rutas\/wp-content\/uploads\/2015\/05\/P5311024.jpg","type":"image\/jpeg"}],"author":"Carlos Conchita","twitter_misc":{"Escrito por":"Carlos Conchita","Tiempo de lectura":"4 minutos"},"schema":{"@context":"https:\/\/schema.org","@graph":[{"@type":"Article","@id":"https:\/\/www.carlosyconchita.net\/rutas\/31-05-2015-las-fuentes-de-la-ribera-de-err\/#article","isPartOf":{"@id":"https:\/\/www.carlosyconchita.net\/rutas\/31-05-2015-las-fuentes-de-la-ribera-de-err\/"},"author":{"name":"Carlos Conchita","@id":"https:\/\/www.carlosyconchita.net\/rutas\/#\/schema\/person\/a9691f7258c28443fab2d3aa1479ea19"},"headline":"31-05-2015 &#8211; Las fuentes de la Ribera de Err","datePublished":"2015-05-31T20:32:17+00:00","dateModified":"2015-06-18T09:47:50+00:00","mainEntityOfPage":{"@id":"https:\/\/www.carlosyconchita.net\/rutas\/31-05-2015-las-fuentes-de-la-ribera-de-err\/"},"wordCount":784,"commentCount":0,"image":{"@id":"https:\/\/www.carlosyconchita.net\/rutas\/31-05-2015-las-fuentes-de-la-ribera-de-err\/#primaryimage"},"thumbnailUrl":"https:\/\/www.carlosyconchita.net\/rutas\/wp-content\/uploads\/2015\/05\/P5311024.jpg","articleSection":["1-F\u00e1cil","Saillagosa"],"inLanguage":"es","potentialAction":[{"@type":"CommentAction","name":"Comment","target":["https:\/\/www.carlosyconchita.net\/rutas\/31-05-2015-las-fuentes-de-la-ribera-de-err\/#respond"]}]},{"@type":"WebPage","@id":"https:\/\/www.carlosyconchita.net\/rutas\/31-05-2015-las-fuentes-de-la-ribera-de-err\/","url":"https:\/\/www.carlosyconchita.net\/rutas\/31-05-2015-las-fuentes-de-la-ribera-de-err\/","name":"Ribera de Err","isPartOf":{"@id":"https:\/\/www.carlosyconchita.net\/rutas\/#website"},"primaryImageOfPage":{"@id":"https:\/\/www.carlosyconchita.net\/rutas\/31-05-2015-las-fuentes-de-la-ribera-de-err\/#primaryimage"},"image":{"@id":"https:\/\/www.carlosyconchita.net\/rutas\/31-05-2015-las-fuentes-de-la-ribera-de-err\/#primaryimage"},"thumbnailUrl":"https:\/\/www.carlosyconchita.net\/rutas\/wp-content\/uploads\/2015\/05\/P5311024.jpg","datePublished":"2015-05-31T20:32:17+00:00","dateModified":"2015-06-18T09:47:50+00:00","author":{"@id":"https:\/\/www.carlosyconchita.net\/rutas\/#\/schema\/person\/a9691f7258c28443fab2d3aa1479ea19"},"description":"Excursion desde la estacion de esqui de Puigmal, hasta el nacimiento de la Ribera de Err, en el camino de subida al Puigmal.","breadcrumb":{"@id":"https:\/\/www.carlosyconchita.net\/rutas\/31-05-2015-las-fuentes-de-la-ribera-de-err\/#breadcrumb"},"inLanguage":"es","potentialAction":[{"@type":"ReadAction","target":["https:\/\/www.carlosyconchita.net\/rutas\/31-05-2015-las-fuentes-de-la-ribera-de-err\/"]}]},{"@type":"ImageObject","inLanguage":"es","@id":"https:\/\/www.carlosyconchita.net\/rutas\/31-05-2015-las-fuentes-de-la-ribera-de-err\/#primaryimage","url":"https:\/\/www.carlosyconchita.net\/rutas\/wp-content\/uploads\/2015\/05\/P5311024.jpg","contentUrl":"https:\/\/www.carlosyconchita.net\/rutas\/wp-content\/uploads\/2015\/05\/P5311024.jpg","width":1024,"height":768},{"@type":"BreadcrumbList","@id":"https:\/\/www.carlosyconchita.net\/rutas\/31-05-2015-las-fuentes-de-la-ribera-de-err\/#breadcrumb","itemListElement":[{"@type":"ListItem","position":1,"name":"Portada","item":"https:\/\/www.carlosyconchita.net\/rutas\/"},{"@type":"ListItem","position":2,"name":"31-05-2015 &#8211; Las fuentes de la Ribera de Err"}]},{"@type":"WebSite","@id":"https:\/\/www.carlosyconchita.net\/rutas\/#website","url":"https:\/\/www.carlosyconchita.net\/rutas\/","name":"Las rutas de Carlos y Conchita","description":"","potentialAction":[{"@type":"SearchAction","target":{"@type":"EntryPoint","urlTemplate":"https:\/\/www.carlosyconchita.net\/rutas\/?s={search_term_string}"},"query-input":{"@type":"PropertyValueSpecification","valueRequired":true,"valueName":"search_term_string"}}],"inLanguage":"es"},{"@type":"Person","@id":"https:\/\/www.carlosyconchita.net\/rutas\/#\/schema\/person\/a9691f7258c28443fab2d3aa1479ea19","name":"Carlos Conchita","image":{"@type":"ImageObject","inLanguage":"es","@id":"https:\/\/secure.gravatar.com\/avatar\/3a4625b20c8da3de99da69bfe7a322774e291c3f90dce7e8778a30fe6748ed1a?s=96&d=mm&r=g","url":"https:\/\/secure.gravatar.com\/avatar\/3a4625b20c8da3de99da69bfe7a322774e291c3f90dce7e8778a30fe6748ed1a?s=96&d=mm&r=g","contentUrl":"https:\/\/secure.gravatar.com\/avatar\/3a4625b20c8da3de99da69bfe7a322774e291c3f90dce7e8778a30fe6748ed1a?s=96&d=mm&r=g","caption":"Carlos Conchita"}}]}},"_links":{"self":[{"href":"https:\/\/www.carlosyconchita.net\/rutas\/wp-json\/wp\/v2\/posts\/6842","targetHints":{"allow":["GET"]}}],"collection":[{"href":"https:\/\/www.carlosyconchita.net\/rutas\/wp-json\/wp\/v2\/posts"}],"about":[{"href":"https:\/\/www.carlosyconchita.net\/rutas\/wp-json\/wp\/v2\/types\/post"}],"author":[{"embeddable":true,"href":"https:\/\/www.carlosyconchita.net\/rutas\/wp-json\/wp\/v2\/users\/50"}],"replies":[{"embeddable":true,"href":"https:\/\/www.carlosyconchita.net\/rutas\/wp-json\/wp\/v2\/comments?post=6842"}],"version-history":[{"count":0,"href":"https:\/\/www.carlosyconchita.net\/rutas\/wp-json\/wp\/v2\/posts\/6842\/revisions"}],"wp:featuredmedia":[{"embeddable":true,"href":"https:\/\/www.carlosyconchita.net\/rutas\/wp-json\/wp\/v2\/media\/6857"}],"wp:attachment":[{"href":"https:\/\/www.carlosyconchita.net\/rutas\/wp-json\/wp\/v2\/media?parent=6842"}],"wp:term":[{"taxonomy":"category","embeddable":true,"href":"https:\/\/www.carlosyconchita.net\/rutas\/wp-json\/wp\/v2\/categories?post=6842"},{"taxonomy":"post_tag","embeddable":true,"href":"https:\/\/www.carlosyconchita.net\/rutas\/wp-json\/wp\/v2\/tags?post=6842"}],"curies":[{"name":"wp","href":"https:\/\/api.w.org\/{rel}","templated":true}]}}