{"id":6864,"date":"2015-06-01T21:17:14","date_gmt":"2015-06-01T20:17:14","guid":{"rendered":"http:\/\/www.carlosyconchita.net\/rutas\/?p=6864"},"modified":"2021-02-27T21:23:32","modified_gmt":"2021-02-27T20:23:32","slug":"01-06-2015-coll-de-sansa-a-la-sierra-de-madres","status":"publish","type":"post","link":"https:\/\/www.carlosyconchita.net\/rutas\/01-06-2015-coll-de-sansa-a-la-sierra-de-madres\/","title":{"rendered":"01-06-2015 &#8211; Coll de Sansa a la Sierra Madres"},"content":{"rendered":"<p style=\"text-align: justify;\">La excursi\u00f3n de hoy desde el Coll de Sansa a la Sierra de Madres la hemos hecho siguiendo un track que hemos descargado de Wikiloc, y que empieza en el conocido Coll de Sansa, punto de partida de varias de nuestras excursiones.<\/p>\n<p>&nbsp;<\/p>\n<table border=\"1\" cellspacing=\"300\" cellpadding=\"1\">\n<tbody>\n<tr>\n<td style=\"width: 300px; height: 40px; text-align: left; vertical-align: top;\"><strong>Dificultad :\u00a0 Moderada<br \/>\n<\/strong><\/td>\n<td><strong><strong>Recorrido :\u00a0 9&#8217;423 km.<\/strong><\/strong><\/td>\n<\/tr>\n<tr>\n<td><strong><strong>Desnivel acum.\u00a0 :\u00a0\u00a0 639 m. \u00a0 \u00a0 \u00a0 <\/strong><\/strong><\/td>\n<td><strong><strong>Alturas m\u00edn.\/m\u00e1x. \u00a0 :\u00a0\u00a0 1.735 \/ 2.284 m.<\/strong><\/strong><\/td>\n<\/tr>\n<tr>\n<td><strong>Tiempo total :\u00a0 5 h. 02 m.<br \/>\n<\/strong><\/td>\n<td><strong>Velocidad media<strong> :\u00a0 1&#8217;82 km.\/hora<\/strong><\/strong><\/td>\n<\/tr>\n<tr>\n<td><strong>Tiempo movimiento\u00a0 :\u00a0 2 h. 49 m.<br \/>\n<\/strong><\/td>\n<td><strong> Velocidad media\u00a0<strong><strong> :\u00a0 3&#8217;26 km.\/hora<\/strong><\/strong><\/strong><\/td>\n<\/tr>\n<\/tbody>\n<\/table>\n<p style=\"text-align: justify;\">\u00a0<\/p>\n<p style=\"text-align: justify;\">Hace ya tiempo que quer\u00edamos llegar hasta la Sierra o el Pico de Madres, pero hemos de decir que esta ruta de hoy no nos ha gustado demasiado, porque el camino de subida ha sido bastante \u00ababurrido\u00bb , por decirlo as\u00ed, ya que subia entre arboles, con bastante pendiente y sin ver pr\u00e1cticamente nada de paisaje, pasando adem\u00e1s por zonas con muchos arboles caidos, que aparte de no ser un paisaje bonito, complica un poco la caminata.<\/p>\n<p style=\"text-align: justify;\">Por eso, en la vuelta, hemos variado un poco y en vez de pasar exactamente por el mismo camino de la ida, hemos descendido muy en vertical hacia nuestra izquierda, hasta llegar al camino \u00abprincipal\u00bb que va desde el Coll de Sansa a los Estagnols, y que ya conociamos de otras excursiones, aunque tampoco hemos ganado mucho, pero al menos no hemos tenido que repetir el mismo recorrido.<\/p>\n<p style=\"text-align: justify;\">Como hemos dicho, empezamos en la explanada del Coll de Sansa, donde dejaremos el coche, y a donde llegamos cogiendo un camino que sube desde la caretera entre Real y Villeneuve de Formigueres.\u00a0 (<a href=\"http:\/\/www.carlosyconchita.net\/rutas\/13-06-2013-coll-de-sansa-acceso-en-coche\/\" target=\"_blank\" rel=\"noopener\">ver enlace a la ruta en coche<\/a>)<\/p>\n<p style=\"text-align: justify;\">[shashin type=\u00bbphoto\u00bb id=\u00bb14228&#8243; size=\u00bblarge\u00bb columns=\u00bbmax\u00bb order=\u00bbuser\u00bb caption=\u00bby\u00bb position=\u00bbcenter\u00bb]<\/p>\n<p style=\"text-align: justify;\">Desde alli, empezamos a caminar los 3, ya que tambi\u00e9n viene con nosotros nuestro hijo David, y\u00a0 cogemos el primer camino que hemos visto a nuestra izquierda cuando hemos llegado con el coche a la explanada, que de momento es f\u00e1cil y ancho.<\/p>\n<p style=\"text-align: justify;\">[shashin type=\u00bbphoto\u00bb id=\u00bb14230&#8243; size=\u00bblarge\u00bb columns=\u00bbmax\u00bb order=\u00bbuser\u00bb caption=\u00bby\u00bb position=\u00bbcenter\u00bb]<\/p>\n<p style=\"text-align: justify;\">\u00a0Cuando llevemos aproximadamente unos 1.000 m., (ver track) ,\u00a0 dejaremos el camino y entraremos en el bosque de nuestra derecha, iniciando el recorrido que deciamos al principio, sin ver practicamente nada, y con muchos arboles caidos.<\/p>\n<p style=\"text-align: justify;\">[shashin type=\u00bbphoto\u00bb id=\u00bb14232,14234&#8243; size=\u00bblarge\u00bb columns=\u00bbmax\u00bb order=\u00bbuser\u00bb caption=\u00bby\u00bb position=\u00bbcenter\u00bb]<\/p>\n<p style=\"text-align: justify;\">Si miramos atr\u00e1s, en algun punto podremos ver a lo lejos el pueblo de Formigueres.<\/p>\n<p>[shashin type=\u00bbphoto\u00bb id=\u00bb14231&#8243; size=\u00bblarge\u00bb columns=\u00bbmax\u00bb order=\u00bbuser\u00bb caption=\u00bby\u00bb position=\u00bbcenter\u00bb]\u00a0<\/p>\n<p>Despues de un tramo de bastante subida, llegaremos a la parte alta de lo que podriamos llamar la cresta o carena de la sierra, y el panorama se despeja algo mas, y podemos ver a lo lejos la monta\u00f1a de Madres y detras nuestro el lago de Matemale.<\/p>\n<p>[shashin type=\u00bbphoto\u00bb id=\u00bb14236,14241&#8243; size=\u00bblarge\u00bb columns=\u00bbmax\u00bb order=\u00bbuser\u00bb caption=\u00bby\u00bb position=\u00bbcenter\u00bb]<\/p>\n<p>Conforme avanzamos, va apareciendo alguna zona todavia con nieve.<\/p>\n<p>[shashin type=\u00bbphoto\u00bb id=\u00bb14249,14243&#8243; size=\u00bblarge\u00bb columns=\u00bbmax\u00bb order=\u00bbuser\u00bb caption=\u00bby\u00bb position=\u00bbcenter\u00bb]<\/p>\n<p>Mirando atras, veremos el camino que hemos recorrido por la \u00abcresta\u00bb<\/p>\n<p>[shashin type=\u00bbphoto\u00bb id=\u00bb14242&#8243; size=\u00bblarge\u00bb columns=\u00bbmax\u00bb order=\u00bbuser\u00bb caption=\u00bby\u00bb position=\u00bbcenter\u00bb]<\/p>\n<p>Dado que el tiempo se estaba poniendo un poco feo, decidimos comer algo, y no llegar hasta el Pico de Madres, a pesar de que no quedaba mucho.<\/p>\n<p>El punto concreto hasta donde hemos llegado, es el llamado Serrat del Ours<\/p>\n<p>[shashin type=\u00bbphoto\u00bb id=\u00bb14251&#8243; size=\u00bblarge\u00bb columns=\u00bbmax\u00bb order=\u00bbuser\u00bb caption=\u00bby\u00bb position=\u00bbcenter\u00bb]<\/p>\n<p style=\"text-align: justify;\">La vuelta la hacemos de momento mas o menos por el mismo camino de la ida (decimos mas o menos porque no hay marcado ningun camino entre los arboles), pero en cuanto podemos, nos vamos desviando a nuestra izquierda, y bajando hacia el camino que lleva al Coll de Sansa (ver track de la ruta)<\/p>\n<p style=\"text-align: justify;\">La bajada por esa zona no es nada f\u00e1cil, porque hay bastante pendiente y arboles, pero finalmente llegamos al camino \u00abprincipal\u00bb y despues de unos 1.500 m . llegamos a donde hemos dejado el coche.<\/p>\n<p style=\"text-align: justify;\">[shashin type=\u00bbphoto\u00bb id=\u00bb14253,14254&#8243; size=\u00bblarge\u00bb columns=\u00bbmax\u00bb order=\u00bbuser\u00bb caption=\u00bby\u00bb position=\u00bbcenter\u00bb]<\/p>\n<p style=\"text-align: justify;\">\u00a0<\/p>\n<hr \/>\n<p style=\"text-align: justify;\"><strong>Track de la ruta<\/strong><\/p>\n<p style=\"text-align: justify;\">[sgpx gpx=\u00bb\/wp-content\/uploads\/gpx\/ColldeSansa-Madres.gpx\u00bb]<\/p>\n<p style=\"text-align: justify;\">\u00a0<\/p>\n<table border=\"2\" cellspacing=\"300\" cellpadding=\"2\">\n<tbody>\n<tr style=\"height: 40px;\">\n<td style=\"width: 300px; height: 40px; text-align: center; vertical-align: middle;\"><strong>Enlace album de fotos<\/strong><\/td>\n<td style=\"width: 300px; height: 40px; text-align: center; vertical-align: middle;\">[shashin type=\u00bbalbum\u00bb id=\u00bb210&#8243; size=\u00bbsmall\u00bb crop=\u00bbn\u00bb columns=\u00bbmax\u00bb caption=\u00bby\u00bb order=\u00bbdate\u00bb position=\u00bbcenter\u00bb]<\/td>\n<\/tr>\n<tr style=\"height: 100px;\">\n<td style=\"width: 300px; height: 100px; text-align: center; vertical-align: middle;\"><strong>Enlace\u00a0 Wikiloc<br \/>\n<\/strong><\/td>\n<td style=\"width: 300px; height: 100px; text-align: center; vertical-align: middle;\"><a href=\"http:\/\/es.wikiloc.com\/wikiloc\/view.do?id=9987042\" target=\"_blank\" rel=\"noopener\"><img loading=\"lazy\" decoding=\"async\" class=\"aligncenter\" title=\"wikiloc\" src=\"http:\/\/www.carlosyconchita.net\/rutas\/wp-content\/uploads\/2020\/09\/wikiloc.jpg\" alt=\"\" width=\"117\" height=\"34\" \/><\/a><\/td>\n<\/tr>\n<\/tbody>\n<\/table>\n<p style=\"text-align: justify;\"><span style=\"color: #ff0000; background-color: #ffffff; font-size: 14pt;\"><strong>Si te ha gustado, comp\u00e1rtelo en tu red favorita,\u00a0 haz +1, o env\u00edanos tu comentario.<br \/>\n<\/strong><\/span><\/p>\n<p><span style=\"font-size: 14pt;\"><strong><span style=\"color: #ff0000;\">Muchas gracias !<\/span><\/strong><\/span><\/p>\n<hr \/>\n<p style=\"text-align: justify;\"><strong><span style=\"color: #008000;\">Suscribete si quieres recibir un mail cuando publiquemos nuevas rutas : no enviamos publicidad y como m\u00e1ximo envia<\/span><\/strong><\/p>\n","protected":false},"excerpt":{"rendered":"<p>La excursi\u00f3n de hoy desde el Coll de Sansa a la Sierra de Madres la hemos hecho siguiendo un track que hemos descargado de Wikiloc, y que empieza en el conocido Coll de Sansa, punto de partida de varias de nuestras excursiones. &nbsp; Dificultad :\u00a0 Moderada Recorrido :\u00a0 9&#8217;423 km. Desnivel acum.\u00a0 :\u00a0\u00a0 639 m. [&hellip;]<\/p>\n","protected":false},"author":50,"featured_media":6869,"comment_status":"open","ping_status":"open","sticky":false,"template":"","format":"standard","meta":{"footnotes":""},"categories":[22,11,24],"tags":[],"class_list":{"0":"post-6864","1":"post","2":"type-post","3":"status-publish","4":"format-standard","5":"has-post-thumbnail","6":"hentry","7":"category-de-05-a-10-km","8":"category-moderada","9":"category-sansa","11":"post-with-thumbnail","12":"post-with-thumbnail-icon"},"yoast_head":"<!-- This site is optimized with the Yoast SEO plugin v27.4 - https:\/\/yoast.com\/product\/yoast-seo-wordpress\/ -->\n<title>Sierra de Madres<\/title>\n<meta name=\"description\" content=\"La excursi\u00f3n de hoy desde el Coll de Sansa a la Sierra de Madres empieza en el conocido Coll de Sansa, punto de partida de varias de nuestras excursiones.\" \/>\n<meta name=\"robots\" content=\"index, follow, max-snippet:-1, max-image-preview:large, max-video-preview:-1\" \/>\n<link rel=\"canonical\" href=\"https:\/\/www.carlosyconchita.net\/rutas\/01-06-2015-coll-de-sansa-a-la-sierra-de-madres\/\" \/>\n<meta property=\"og:locale\" content=\"es_ES\" \/>\n<meta property=\"og:type\" content=\"article\" \/>\n<meta property=\"og:title\" content=\"Sierra de Madres\" \/>\n<meta property=\"og:description\" content=\"La excursi\u00f3n de hoy desde el Coll de Sansa a la Sierra de Madres empieza en el conocido Coll de Sansa, punto de partida de varias de nuestras excursiones.\" \/>\n<meta property=\"og:url\" content=\"https:\/\/www.carlosyconchita.net\/rutas\/01-06-2015-coll-de-sansa-a-la-sierra-de-madres\/\" \/>\n<meta property=\"og:site_name\" content=\"Las rutas de Carlos y Conchita\" \/>\n<meta property=\"article:published_time\" content=\"2015-06-01T20:17:14+00:00\" \/>\n<meta property=\"article:modified_time\" content=\"2021-02-27T20:23:32+00:00\" \/>\n<meta property=\"og:image\" content=\"https:\/\/www.carlosyconchita.net\/rutas\/wp-content\/uploads\/2015\/06\/P6011067.jpg\" \/>\n\t<meta property=\"og:image:width\" content=\"1024\" \/>\n\t<meta property=\"og:image:height\" content=\"768\" \/>\n\t<meta property=\"og:image:type\" content=\"image\/jpeg\" \/>\n<meta name=\"author\" content=\"Carlos Conchita\" \/>\n<meta name=\"twitter:label1\" content=\"Escrito por\" \/>\n\t<meta name=\"twitter:data1\" content=\"Carlos Conchita\" \/>\n\t<meta name=\"twitter:label2\" content=\"Tiempo de lectura\" \/>\n\t<meta name=\"twitter:data2\" content=\"4 minutos\" \/>\n<script type=\"application\/ld+json\" class=\"yoast-schema-graph\">{\"@context\":\"https:\\\/\\\/schema.org\",\"@graph\":[{\"@type\":\"Article\",\"@id\":\"https:\\\/\\\/www.carlosyconchita.net\\\/rutas\\\/01-06-2015-coll-de-sansa-a-la-sierra-de-madres\\\/#article\",\"isPartOf\":{\"@id\":\"https:\\\/\\\/www.carlosyconchita.net\\\/rutas\\\/01-06-2015-coll-de-sansa-a-la-sierra-de-madres\\\/\"},\"author\":{\"name\":\"Carlos Conchita\",\"@id\":\"https:\\\/\\\/www.carlosyconchita.net\\\/rutas\\\/#\\\/schema\\\/person\\\/a9691f7258c28443fab2d3aa1479ea19\"},\"headline\":\"01-06-2015 &#8211; Coll de Sansa a la Sierra Madres\",\"datePublished\":\"2015-06-01T20:17:14+00:00\",\"dateModified\":\"2021-02-27T20:23:32+00:00\",\"mainEntityOfPage\":{\"@id\":\"https:\\\/\\\/www.carlosyconchita.net\\\/rutas\\\/01-06-2015-coll-de-sansa-a-la-sierra-de-madres\\\/\"},\"wordCount\":758,\"commentCount\":0,\"image\":{\"@id\":\"https:\\\/\\\/www.carlosyconchita.net\\\/rutas\\\/01-06-2015-coll-de-sansa-a-la-sierra-de-madres\\\/#primaryimage\"},\"thumbnailUrl\":\"https:\\\/\\\/www.carlosyconchita.net\\\/rutas\\\/wp-content\\\/uploads\\\/2015\\\/06\\\/P6011067.jpg\",\"articleSection\":[\"2 - De 5 a 10 km.\",\"2-Moderada\",\"Sansa - Ayguatebia\"],\"inLanguage\":\"es\",\"potentialAction\":[{\"@type\":\"CommentAction\",\"name\":\"Comment\",\"target\":[\"https:\\\/\\\/www.carlosyconchita.net\\\/rutas\\\/01-06-2015-coll-de-sansa-a-la-sierra-de-madres\\\/#respond\"]}]},{\"@type\":\"WebPage\",\"@id\":\"https:\\\/\\\/www.carlosyconchita.net\\\/rutas\\\/01-06-2015-coll-de-sansa-a-la-sierra-de-madres\\\/\",\"url\":\"https:\\\/\\\/www.carlosyconchita.net\\\/rutas\\\/01-06-2015-coll-de-sansa-a-la-sierra-de-madres\\\/\",\"name\":\"Sierra de Madres\",\"isPartOf\":{\"@id\":\"https:\\\/\\\/www.carlosyconchita.net\\\/rutas\\\/#website\"},\"primaryImageOfPage\":{\"@id\":\"https:\\\/\\\/www.carlosyconchita.net\\\/rutas\\\/01-06-2015-coll-de-sansa-a-la-sierra-de-madres\\\/#primaryimage\"},\"image\":{\"@id\":\"https:\\\/\\\/www.carlosyconchita.net\\\/rutas\\\/01-06-2015-coll-de-sansa-a-la-sierra-de-madres\\\/#primaryimage\"},\"thumbnailUrl\":\"https:\\\/\\\/www.carlosyconchita.net\\\/rutas\\\/wp-content\\\/uploads\\\/2015\\\/06\\\/P6011067.jpg\",\"datePublished\":\"2015-06-01T20:17:14+00:00\",\"dateModified\":\"2021-02-27T20:23:32+00:00\",\"author\":{\"@id\":\"https:\\\/\\\/www.carlosyconchita.net\\\/rutas\\\/#\\\/schema\\\/person\\\/a9691f7258c28443fab2d3aa1479ea19\"},\"description\":\"La excursi\u00f3n de hoy desde el Coll de Sansa a la Sierra de Madres empieza en el conocido Coll de Sansa, punto de partida de varias de nuestras excursiones.\",\"breadcrumb\":{\"@id\":\"https:\\\/\\\/www.carlosyconchita.net\\\/rutas\\\/01-06-2015-coll-de-sansa-a-la-sierra-de-madres\\\/#breadcrumb\"},\"inLanguage\":\"es\",\"potentialAction\":[{\"@type\":\"ReadAction\",\"target\":[\"https:\\\/\\\/www.carlosyconchita.net\\\/rutas\\\/01-06-2015-coll-de-sansa-a-la-sierra-de-madres\\\/\"]}]},{\"@type\":\"ImageObject\",\"inLanguage\":\"es\",\"@id\":\"https:\\\/\\\/www.carlosyconchita.net\\\/rutas\\\/01-06-2015-coll-de-sansa-a-la-sierra-de-madres\\\/#primaryimage\",\"url\":\"https:\\\/\\\/www.carlosyconchita.net\\\/rutas\\\/wp-content\\\/uploads\\\/2015\\\/06\\\/P6011067.jpg\",\"contentUrl\":\"https:\\\/\\\/www.carlosyconchita.net\\\/rutas\\\/wp-content\\\/uploads\\\/2015\\\/06\\\/P6011067.jpg\",\"width\":1024,\"height\":768},{\"@type\":\"BreadcrumbList\",\"@id\":\"https:\\\/\\\/www.carlosyconchita.net\\\/rutas\\\/01-06-2015-coll-de-sansa-a-la-sierra-de-madres\\\/#breadcrumb\",\"itemListElement\":[{\"@type\":\"ListItem\",\"position\":1,\"name\":\"Portada\",\"item\":\"https:\\\/\\\/www.carlosyconchita.net\\\/rutas\\\/\"},{\"@type\":\"ListItem\",\"position\":2,\"name\":\"01-06-2015 &#8211; Coll de Sansa a la Sierra Madres\"}]},{\"@type\":\"WebSite\",\"@id\":\"https:\\\/\\\/www.carlosyconchita.net\\\/rutas\\\/#website\",\"url\":\"https:\\\/\\\/www.carlosyconchita.net\\\/rutas\\\/\",\"name\":\"Las rutas de Carlos y Conchita\",\"description\":\"\",\"potentialAction\":[{\"@type\":\"SearchAction\",\"target\":{\"@type\":\"EntryPoint\",\"urlTemplate\":\"https:\\\/\\\/www.carlosyconchita.net\\\/rutas\\\/?s={search_term_string}\"},\"query-input\":{\"@type\":\"PropertyValueSpecification\",\"valueRequired\":true,\"valueName\":\"search_term_string\"}}],\"inLanguage\":\"es\"},{\"@type\":\"Person\",\"@id\":\"https:\\\/\\\/www.carlosyconchita.net\\\/rutas\\\/#\\\/schema\\\/person\\\/a9691f7258c28443fab2d3aa1479ea19\",\"name\":\"Carlos Conchita\",\"image\":{\"@type\":\"ImageObject\",\"inLanguage\":\"es\",\"@id\":\"https:\\\/\\\/secure.gravatar.com\\\/avatar\\\/3a4625b20c8da3de99da69bfe7a322774e291c3f90dce7e8778a30fe6748ed1a?s=96&d=mm&r=g\",\"url\":\"https:\\\/\\\/secure.gravatar.com\\\/avatar\\\/3a4625b20c8da3de99da69bfe7a322774e291c3f90dce7e8778a30fe6748ed1a?s=96&d=mm&r=g\",\"contentUrl\":\"https:\\\/\\\/secure.gravatar.com\\\/avatar\\\/3a4625b20c8da3de99da69bfe7a322774e291c3f90dce7e8778a30fe6748ed1a?s=96&d=mm&r=g\",\"caption\":\"Carlos Conchita\"}}]}<\/script>\n<!-- \/ Yoast SEO plugin. -->","yoast_head_json":{"title":"Sierra de Madres","description":"La excursi\u00f3n de hoy desde el Coll de Sansa a la Sierra de Madres empieza en el conocido Coll de Sansa, punto de partida de varias de nuestras excursiones.","robots":{"index":"index","follow":"follow","max-snippet":"max-snippet:-1","max-image-preview":"max-image-preview:large","max-video-preview":"max-video-preview:-1"},"canonical":"https:\/\/www.carlosyconchita.net\/rutas\/01-06-2015-coll-de-sansa-a-la-sierra-de-madres\/","og_locale":"es_ES","og_type":"article","og_title":"Sierra de Madres","og_description":"La excursi\u00f3n de hoy desde el Coll de Sansa a la Sierra de Madres empieza en el conocido Coll de Sansa, punto de partida de varias de nuestras excursiones.","og_url":"https:\/\/www.carlosyconchita.net\/rutas\/01-06-2015-coll-de-sansa-a-la-sierra-de-madres\/","og_site_name":"Las rutas de Carlos y Conchita","article_published_time":"2015-06-01T20:17:14+00:00","article_modified_time":"2021-02-27T20:23:32+00:00","og_image":[{"width":1024,"height":768,"url":"https:\/\/www.carlosyconchita.net\/rutas\/wp-content\/uploads\/2015\/06\/P6011067.jpg","type":"image\/jpeg"}],"author":"Carlos Conchita","twitter_misc":{"Escrito por":"Carlos Conchita","Tiempo de lectura":"4 minutos"},"schema":{"@context":"https:\/\/schema.org","@graph":[{"@type":"Article","@id":"https:\/\/www.carlosyconchita.net\/rutas\/01-06-2015-coll-de-sansa-a-la-sierra-de-madres\/#article","isPartOf":{"@id":"https:\/\/www.carlosyconchita.net\/rutas\/01-06-2015-coll-de-sansa-a-la-sierra-de-madres\/"},"author":{"name":"Carlos Conchita","@id":"https:\/\/www.carlosyconchita.net\/rutas\/#\/schema\/person\/a9691f7258c28443fab2d3aa1479ea19"},"headline":"01-06-2015 &#8211; Coll de Sansa a la Sierra Madres","datePublished":"2015-06-01T20:17:14+00:00","dateModified":"2021-02-27T20:23:32+00:00","mainEntityOfPage":{"@id":"https:\/\/www.carlosyconchita.net\/rutas\/01-06-2015-coll-de-sansa-a-la-sierra-de-madres\/"},"wordCount":758,"commentCount":0,"image":{"@id":"https:\/\/www.carlosyconchita.net\/rutas\/01-06-2015-coll-de-sansa-a-la-sierra-de-madres\/#primaryimage"},"thumbnailUrl":"https:\/\/www.carlosyconchita.net\/rutas\/wp-content\/uploads\/2015\/06\/P6011067.jpg","articleSection":["2 - De 5 a 10 km.","2-Moderada","Sansa - Ayguatebia"],"inLanguage":"es","potentialAction":[{"@type":"CommentAction","name":"Comment","target":["https:\/\/www.carlosyconchita.net\/rutas\/01-06-2015-coll-de-sansa-a-la-sierra-de-madres\/#respond"]}]},{"@type":"WebPage","@id":"https:\/\/www.carlosyconchita.net\/rutas\/01-06-2015-coll-de-sansa-a-la-sierra-de-madres\/","url":"https:\/\/www.carlosyconchita.net\/rutas\/01-06-2015-coll-de-sansa-a-la-sierra-de-madres\/","name":"Sierra de Madres","isPartOf":{"@id":"https:\/\/www.carlosyconchita.net\/rutas\/#website"},"primaryImageOfPage":{"@id":"https:\/\/www.carlosyconchita.net\/rutas\/01-06-2015-coll-de-sansa-a-la-sierra-de-madres\/#primaryimage"},"image":{"@id":"https:\/\/www.carlosyconchita.net\/rutas\/01-06-2015-coll-de-sansa-a-la-sierra-de-madres\/#primaryimage"},"thumbnailUrl":"https:\/\/www.carlosyconchita.net\/rutas\/wp-content\/uploads\/2015\/06\/P6011067.jpg","datePublished":"2015-06-01T20:17:14+00:00","dateModified":"2021-02-27T20:23:32+00:00","author":{"@id":"https:\/\/www.carlosyconchita.net\/rutas\/#\/schema\/person\/a9691f7258c28443fab2d3aa1479ea19"},"description":"La excursi\u00f3n de hoy desde el Coll de Sansa a la Sierra de Madres empieza en el conocido Coll de Sansa, punto de partida de varias de nuestras excursiones.","breadcrumb":{"@id":"https:\/\/www.carlosyconchita.net\/rutas\/01-06-2015-coll-de-sansa-a-la-sierra-de-madres\/#breadcrumb"},"inLanguage":"es","potentialAction":[{"@type":"ReadAction","target":["https:\/\/www.carlosyconchita.net\/rutas\/01-06-2015-coll-de-sansa-a-la-sierra-de-madres\/"]}]},{"@type":"ImageObject","inLanguage":"es","@id":"https:\/\/www.carlosyconchita.net\/rutas\/01-06-2015-coll-de-sansa-a-la-sierra-de-madres\/#primaryimage","url":"https:\/\/www.carlosyconchita.net\/rutas\/wp-content\/uploads\/2015\/06\/P6011067.jpg","contentUrl":"https:\/\/www.carlosyconchita.net\/rutas\/wp-content\/uploads\/2015\/06\/P6011067.jpg","width":1024,"height":768},{"@type":"BreadcrumbList","@id":"https:\/\/www.carlosyconchita.net\/rutas\/01-06-2015-coll-de-sansa-a-la-sierra-de-madres\/#breadcrumb","itemListElement":[{"@type":"ListItem","position":1,"name":"Portada","item":"https:\/\/www.carlosyconchita.net\/rutas\/"},{"@type":"ListItem","position":2,"name":"01-06-2015 &#8211; Coll de Sansa a la Sierra Madres"}]},{"@type":"WebSite","@id":"https:\/\/www.carlosyconchita.net\/rutas\/#website","url":"https:\/\/www.carlosyconchita.net\/rutas\/","name":"Las rutas de Carlos y Conchita","description":"","potentialAction":[{"@type":"SearchAction","target":{"@type":"EntryPoint","urlTemplate":"https:\/\/www.carlosyconchita.net\/rutas\/?s={search_term_string}"},"query-input":{"@type":"PropertyValueSpecification","valueRequired":true,"valueName":"search_term_string"}}],"inLanguage":"es"},{"@type":"Person","@id":"https:\/\/www.carlosyconchita.net\/rutas\/#\/schema\/person\/a9691f7258c28443fab2d3aa1479ea19","name":"Carlos Conchita","image":{"@type":"ImageObject","inLanguage":"es","@id":"https:\/\/secure.gravatar.com\/avatar\/3a4625b20c8da3de99da69bfe7a322774e291c3f90dce7e8778a30fe6748ed1a?s=96&d=mm&r=g","url":"https:\/\/secure.gravatar.com\/avatar\/3a4625b20c8da3de99da69bfe7a322774e291c3f90dce7e8778a30fe6748ed1a?s=96&d=mm&r=g","contentUrl":"https:\/\/secure.gravatar.com\/avatar\/3a4625b20c8da3de99da69bfe7a322774e291c3f90dce7e8778a30fe6748ed1a?s=96&d=mm&r=g","caption":"Carlos Conchita"}}]}},"_links":{"self":[{"href":"https:\/\/www.carlosyconchita.net\/rutas\/wp-json\/wp\/v2\/posts\/6864","targetHints":{"allow":["GET"]}}],"collection":[{"href":"https:\/\/www.carlosyconchita.net\/rutas\/wp-json\/wp\/v2\/posts"}],"about":[{"href":"https:\/\/www.carlosyconchita.net\/rutas\/wp-json\/wp\/v2\/types\/post"}],"author":[{"embeddable":true,"href":"https:\/\/www.carlosyconchita.net\/rutas\/wp-json\/wp\/v2\/users\/50"}],"replies":[{"embeddable":true,"href":"https:\/\/www.carlosyconchita.net\/rutas\/wp-json\/wp\/v2\/comments?post=6864"}],"version-history":[{"count":0,"href":"https:\/\/www.carlosyconchita.net\/rutas\/wp-json\/wp\/v2\/posts\/6864\/revisions"}],"wp:featuredmedia":[{"embeddable":true,"href":"https:\/\/www.carlosyconchita.net\/rutas\/wp-json\/wp\/v2\/media\/6869"}],"wp:attachment":[{"href":"https:\/\/www.carlosyconchita.net\/rutas\/wp-json\/wp\/v2\/media?parent=6864"}],"wp:term":[{"taxonomy":"category","embeddable":true,"href":"https:\/\/www.carlosyconchita.net\/rutas\/wp-json\/wp\/v2\/categories?post=6864"},{"taxonomy":"post_tag","embeddable":true,"href":"https:\/\/www.carlosyconchita.net\/rutas\/wp-json\/wp\/v2\/tags?post=6864"}],"curies":[{"name":"wp","href":"https:\/\/api.w.org\/{rel}","templated":true}]}}