{"id":6901,"date":"2015-06-27T21:18:40","date_gmt":"2015-06-27T20:18:40","guid":{"rendered":"http:\/\/www.carlosyconchita.net\/rutas\/?p=6901"},"modified":"2021-11-20T19:18:58","modified_gmt":"2021-11-20T18:18:58","slug":"27-06-2015-pic-del-canigo","status":"publish","type":"post","link":"https:\/\/www.carlosyconchita.net\/rutas\/27-06-2015-pic-del-canigo\/","title":{"rendered":"27-06-2015 &#8211; Pic del Canig\u00f3 (100 Cims)"},"content":{"rendered":"<p style=\"text-align: justify;\">\u00a0Finalmente nos hemos \u00abatrevido\u00bb a hacer esta excursi\u00f3n para subir al Pic del Canig\u00f3, ya que esta vez no \u00edbamos solos, sino con nuestros amigos Rafel , Nuria, Miquel y Carme, con quienes ya habiamos hecho esta otra ruta :\u00a0\u00a0 <a href=\"http:\/\/www.carlosyconchita.net\/rutas\/21-06-2014-gorges-de-caranca\/\" target=\"_blank\" rel=\"noopener\">Gorges del Caran\u00e7\u00e1 .<\/a><\/p>\n<p style=\"text-align: justify;\">Nos daba mucho miedo esta ruta, aunque realmente no habiamos mirado el desnivel ni nada, pero finalmente no ha sido tan complicada, y menos yendo con gente que ya la habia hecho.<\/p>\n<table border=\"1\" cellspacing=\"300\" cellpadding=\"1\">\n<tbody>\n<tr>\n<td><strong>Dificultad :\u00a0\u00a0 Moderada<br \/>\n<\/strong><\/td>\n<td><strong>Recorrido :\u00a0 8&#8217;891 km<\/strong><\/td>\n<\/tr>\n<tr>\n<td><strong>Desnivel acum.\u00a0 :\u00a0 719 m. \u00a0 \u00a0 \u00a0 <\/strong><\/td>\n<td><strong>Alturas m\u00edn.\/m\u00e1x. \u00a0 :\u00a0\u00a0 2.104 \/ 2.782 m.<\/strong><\/td>\n<\/tr>\n<tr>\n<td><strong>Tiempo total :\u00a0 5 h. 42 m.<br \/>\n<\/strong><\/td>\n<td><strong>Velocidad media :\u00a0 1&#8217;51 km.\/hora<\/strong><\/td>\n<\/tr>\n<tr>\n<td><strong>Tiempo movimiento\u00a0 :\u00a0 2 h. 56 m.<br \/>\n<\/strong><\/td>\n<td><strong> Velocidad media\u00a0 :\u00a0 2&#8217;94 km.\/hora<\/strong><\/td>\n<\/tr>\n<\/tbody>\n<\/table>\n<p style=\"text-align: justify;\">\u00a0<\/p>\n<p style=\"text-align: justify;\">Despu\u00e9s de algun problemilla con el 4&#215;4 contratado para que nos subiera al Refugio de Cortalets, que sin previo aviso nos \u00ababandon\u00f3\u00bb en Prades y no nos recogi\u00f3 como se habia acordado, nuestros amigos contactaron con todos los telefonos que ten\u00edan, y finalmente encontraron otro \u00abtaxi-4&#215;4\u00bb que nos podia subir, pero desde Vernet Les Bains.<\/p>\n<p style=\"text-align: justify;\">Una vez all\u00ed, dejamos pues nuestros coches y nos montamos en el 4&#215;4 (el camino para subir al Refugio de Cortalets est\u00e1 cerrado al tr\u00e1fico particular) , y despu\u00e9s de unos 14 kms. de camino infernal, por no decir otra cosa, llegamos al punto donde nos dejan, que est\u00e1 a unos 500 m. del citado refugio.<\/p>\n<p style=\"text-align: justify;\">[shashin type=\u00bbphoto\u00bb id=\u00bb14779,14780&#8243; size=\u00bblarge\u00bb columns=\u00bbmax\u00bb order=\u00bbuser\u00bb caption=\u00bby\u00bb position=\u00bbcenter\u00bb]<\/p>\n<p style=\"text-align: justify;\">All\u00ed\u00a0 vemos una fila de 4&#215;4 que habian llegado antes que nosotros, y que estan alli parados hasta las 5 \u00f3 5,30 de la tarde, en que recoger\u00e1n a sus pasajeros, para volver a Bernet.<\/p>\n<p style=\"text-align: justify;\">[shashin type=\u00bbphoto\u00bb id=\u00bb14781&#8243; size=\u00bblarge\u00bb columns=\u00bbmax\u00bb order=\u00bbuser\u00bb caption=\u00bby\u00bb position=\u00bbcenter\u00bb]<\/p>\n<p style=\"text-align: justify;\">Despu\u00e9s de quedar en que nos recoger\u00e1n sobre las 17.30 h. , que de momento , al menos a m\u00ed, me pareci\u00f3 muy pronto, empezamos a caminar en direcci\u00f3n al Refugio , al que llegamos poco despu\u00e9s.<\/p>\n<p style=\"text-align: justify;\">Hay que tener en cuenta, que debido al lio con el primer taxi contratado, y a la b\u00fasqueda de otro, llegamos arriba muy tarde, y empezamos a caminar cuando eran mas de las 11 de la ma\u00f1ana.<\/p>\n<p style=\"text-align: justify;\">[shashin type=\u00bbphoto\u00bb id=\u00bb14782,14785,14786&#8243; size=\u00bblarge\u00bb columns=\u00bbmax\u00bb order=\u00bbuser\u00bb caption=\u00bby\u00bb position=\u00bbcenter\u00bb]<\/p>\n<p style=\"text-align: justify;\">Una vez pasado el refugio, nos hacemos un foto de grupo, y empezamos a seguir el camino indicado hacia el Pic del Canig\u00f3, que vemos se\u00f1alado en la foto, y que para los \u00abnovatos\u00bb del grupo (Conchita y yo), nos parece muy lejos y muy alto.<\/p>\n<p style=\"text-align: justify;\">El camino no va en linea recta al Canig\u00f3 que tenemos enfrente, sino que gira a nuestra derecha, para subir por la colina hasta la cresta, y desde alli, hacia la izquierda, ya en direccion al Canig\u00f3 casi en linea recta.<\/p>\n<p style=\"text-align: justify;\">[shashin type=\u00bbphoto\u00bb id=\u00bb14787,14788&#8243; size=\u00bblarge\u00bb columns=\u00bbmax\u00bb order=\u00bbuser\u00bb caption=\u00bby\u00bb position=\u00bbcenter\u00bb]<\/p>\n<p style=\"text-align: justify;\">\u00a0El camino de monento es amplio y va subiendo ligeramente y poco despues llegamos a un peque\u00f1o lago que bordeamos para continuar subiendo, y desde el que vemos perfectamente el Canig\u00f3.<\/p>\n<p style=\"text-align: justify;\">[shashin type=\u00bbphoto\u00bb id=\u00bb14794,14975&#8243; size=\u00bblarge\u00bb columns=\u00bbmax\u00bb order=\u00bbuser\u00bb caption=\u00bby\u00bb position=\u00bbcenter\u00bb]<\/p>\n<p style=\"text-align: justify;\">A partir de alli el camino sube de forma m\u00e1s decidida, aunque no excesiva, y pasamos por una ladera con mucha vegetaci\u00f3n y bonitos colores.<\/p>\n<p style=\"text-align: justify;\">[shashin type=\u00bbphoto\u00bb id=\u00bb14798&#8243; size=\u00bblarge\u00bb columns=\u00bbmax\u00bb order=\u00bbuser\u00bb caption=\u00bby\u00bb position=\u00bbcenter\u00bb]<\/p>\n<p style=\"text-align: justify;\">Llegamos a una peque\u00f1a fuente, y continuamos el camino por la ladera.<\/p>\n<p style=\"text-align: justify;\">[shashin type=\u00bbphoto\u00bb id=\u00bb14803,14804,14805&#8243; size=\u00bblarge\u00bb columns=\u00bbmax\u00bb order=\u00bbuser\u00bb caption=\u00bby\u00bb position=\u00bbcenter\u00bb]<\/p>\n<p style=\"text-align: justify;\">Cuando llegamos a la parte superior de esta ladera por la que vamos subiendo, vemos abajo el refugio y la fila de 4&#215;4 aparcados que hemos visto al principio.<\/p>\n<p style=\"text-align: justify;\">[shashin type=\u00bbphoto\u00bb id=\u00bb14808&#8243; size=\u00bblarge\u00bb columns=\u00bbmax\u00bb order=\u00bbuser\u00bb caption=\u00bby\u00bb position=\u00bbcenter\u00bb]<\/p>\n<p style=\"text-align: justify;\">A partir de ese punto, la vegetaci\u00f3n disminuye mucho, el camino gira a nuestra izquierda, y vamos caminando por la \u00abcresta\u00bb, siempre en direcci\u00f3n al Canig\u00f3 que tenemos delante nuestro.<\/p>\n<p style=\"text-align: justify;\">[shashin type=\u00bbphoto\u00bb id=\u00bb14811&#8243; size=\u00bblarge\u00bb columns=\u00bbmax\u00bb order=\u00bbuser\u00bb caption=\u00bby\u00bb position=\u00bbcenter\u00bb]<\/p>\n<p style=\"text-align: justify;\">A pesar de la poca vegetaci\u00f3n , el camino y el paisaje es muy bonito, y si miramos atras, vemos la zona de Bernet y alrededores.<\/p>\n<p style=\"text-align: justify;\">[shashin type=\u00bbphoto\u00bb id=\u00bb14812,14815&#8243; size=\u00bblarge\u00bb columns=\u00bbmax\u00bb order=\u00bbuser\u00bb caption=\u00bby\u00bb position=\u00bbcenter\u00bb]<\/p>\n<p style=\"text-align: justify;\">De tanto en tanto vamos viendo unos postes con la altura, y en el caso de Conchita y mio, que somos \u00abnovatos\u00bb en eso de los picos en comparaci\u00f3n con nuestros expertos\u00a0 compa\u00f1eros de viaje, al poco batimos nuestro \u00abmini-record\u00bb de altura que era hasta entonces de 2.534 m., y que hoy dejaremos en casi 2.800 m.<\/p>\n<p style=\"text-align: justify;\">[shashin type=\u00bbphoto\u00bb id=\u00bb14818&#8243; size=\u00bblarge\u00bb columns=\u00bbmax\u00bb order=\u00bbuser\u00bb caption=\u00bby\u00bb position=\u00bbcenter\u00bb]<\/p>\n<p style=\"text-align: justify;\">A partir de alli, el camino transcurre entre piedras, y con mucha pendiente, y nos vamos aproximando a nuestro objetivo, que continuamos viendo muy alto&#8230;<\/p>\n<p style=\"text-align: justify;\">[shashin type=\u00bbphoto\u00bb id=\u00bb14819&#8243; size=\u00bblarge\u00bb columns=\u00bbmax\u00bb order=\u00bbuser\u00bb caption=\u00bby\u00bb position=\u00bbcenter\u00bb]<\/p>\n<p style=\"text-align: justify;\">[shashin type=\u00bbphoto\u00bb id=\u00bb14822&#8243; size=\u00bblarge\u00bb columns=\u00bbmax\u00bb order=\u00bbuser\u00bb caption=\u00bby\u00bb position=\u00bbcenter\u00bb]<\/p>\n<p style=\"text-align: justify;\">El camino casi va en linea recta, pero va subiendo sin parar, y si miramos atras, podremos ver por donde hemos venido.<\/p>\n<p style=\"text-align: justify;\">[shashin type=\u00bbphoto\u00bb id=\u00bb14829&#8243; size=\u00bblarge\u00bb columns=\u00bbmax\u00bb order=\u00bbuser\u00bb caption=\u00bby\u00bb position=\u00bbcenter\u00bb]<\/p>\n<p style=\"text-align: justify;\">En el tramo final el camino pasa entre las numerosas piedras, y con mas pendiente, de forma que mirando hacia arriba solo vemos a la gente que parece situada entre piedras.<\/p>\n<p style=\"text-align: justify;\">[shashin type=\u00bbphoto\u00bb id=\u00bb14839,14840,14841,14842&#8243; size=\u00bblarge\u00bb columns=\u00bbmax\u00bb order=\u00bbuser\u00bb caption=\u00bby\u00bb position=\u00bbcenter\u00bb]<\/p>\n<p style=\"text-align: justify;\">[shashin type=\u00bbphoto\u00bb id=\u00bb14855&#8243; size=\u00bblarge\u00bb columns=\u00bbmax\u00bb order=\u00bbuser\u00bb caption=\u00bby\u00bb position=\u00bbcenter\u00bb]<\/p>\n<p style=\"text-align: justify;\">Finalmente llegamos al punto final, enmedio de un mont\u00f3n de gente, de forma que nos cuesta encontrar sitio para pasar y hacernos la tipica foto, y no digamos para sentarnos y comer algo.<\/p>\n<p style=\"text-align: justify;\">[shashin type=\u00bbphoto\u00bb id=\u00bb14846,14848,14850&#8243; size=\u00bblarge\u00bb columns=\u00bbmax\u00bb order=\u00bbuser\u00bb caption=\u00bby\u00bb position=\u00bbcenter\u00bb]<\/p>\n<p style=\"text-align: justify;\">Desde la cima, tenemos unas magnificas vistas, con la cresta de Barbet a nuestra izquierda, todavia con nieve en la parte baja.<\/p>\n<p style=\"text-align: justify;\">[shashin type=\u00bbphoto\u00bb id=\u00bb14847,14852,14853&#8243; size=\u00bblarge\u00bb columns=\u00bbmax\u00bb order=\u00bbuser\u00bb caption=\u00bby\u00bb position=\u00bbcenter\u00bb]<\/p>\n<p style=\"text-align: justify;\">Despues de descansar un poco, iniciamos el descenso que ser\u00e1 por el mismo sitio, y finalmente llegamos al refugio sobre las 17 horas, es decir , media hora antes de lo previsto, pero al llegar a la zona de parking de los 4&#215;4, no vemos ningun coche esper\u00e1ndonos.<\/p>\n<p style=\"text-align: justify;\">Despues de un ratito, nos decidimos a llamar por telefono para ver donde est\u00e1 nuestro transportista, pero casi no tenemos cobertura, con lo cual nos empezamos\u00a0 a poner un poco nerviosillos, pensando que nos han dejado abandonados alli arriba.<\/p>\n<p style=\"text-align: justify;\">Afortunadamente, poco despues oimos el ruido de un 4&#215;4 que finalmente llega arriba con un nuevo \u00abcargamento\u00bb de gente que iba a pasar la noche en el refugio&#8230;. el susto que nos ha dado, por aprovechar el tiempo y hacer otra subida&#8230;!!!<\/p>\n<hr \/>\n<p><strong>\u00a0Track de la ruta<\/strong><\/p>\n<p>[sgpx gpx=\u00bb\/wp-content\/uploads\/gpx\/Canigo.gpx\u00bb]<\/p>\n<hr \/>\n<p>&nbsp;<\/p>\n<table border=\"2\" cellspacing=\"300\" cellpadding=\"2\">\n<tbody>\n<tr style=\"height: 40px;\">\n<td style=\"width: 300px; height: 40px; text-align: center; vertical-align: middle;\"><strong>Enlace album de fotos<\/strong><\/td>\n<td style=\"width: 300px; height: 40px; text-align: center; vertical-align: middle;\">[shashin type=\u00bbalbum\u00bb id=\u00bb212&#8243; size=\u00bbsmall\u00bb crop=\u00bbn\u00bb columns=\u00bbmax\u00bb caption=\u00bby\u00bb order=\u00bbdate\u00bb position=\u00bbcenter\u00bb]<\/td>\n<\/tr>\n<tr style=\"height: 100px;\">\n<td style=\"width: 300px; height: 100px; text-align: center; vertical-align: middle;\"><strong>Enlace\u00a0 Wikiloc<br \/>\n<\/strong><\/td>\n<td style=\"width: 300px; height: 100px; text-align: center; vertical-align: middle;\"><a href=\"http:\/\/es.wikiloc.com\/wikiloc\/view.do?id=10117376\" target=\"_blank\" rel=\"noopener\"><img loading=\"lazy\" decoding=\"async\" class=\"aligncenter\" title=\"wikiloc\" src=\"http:\/\/www.carlosyconchita.net\/rutas\/wp-content\/uploads\/2020\/09\/wikiloc.jpg\" alt=\"\" width=\"117\" height=\"34\" \/><\/a><\/td>\n<\/tr>\n<\/tbody>\n<\/table>\n<p style=\"text-align: justify;\">\u00a0<\/p>\n<p style=\"text-align: justify;\"><span style=\"color: #ff0000; background-color: #ffffff; font-size: 14pt;\"><strong>Si te ha gustado, comp\u00e1rtelo en tu red favorita,\u00a0 haz +1, o env\u00edanos tu comentario.<br \/>\n<\/strong><\/span><\/p>\n<p><span style=\"font-size: 14pt;\"><strong><span style=\"color: #ff0000;\">Muchas gracias !<\/span><\/strong><\/span><\/p>\n<hr \/>\n<p style=\"text-align: justify;\"><strong><span style=\"color: #008000;\">Suscribete si quieres recibir un mail cuando publiquemos nuevas rutas : no enviamos publicidad y como m\u00e1ximo enviamos 2 mails al mes<\/span><\/strong><\/p>\n<p>[wysija_form id=\u00bb1&#8243;]<\/p>\n<hr \/>\n<p style=\"text-align: justify;\">\u00a0<\/p>\n","protected":false},"excerpt":{"rendered":"<p>\u00a0Finalmente nos hemos \u00abatrevido\u00bb a hacer esta excursi\u00f3n para subir al Pic del Canig\u00f3, ya que esta vez no \u00edbamos solos, sino con nuestros amigos Rafel , Nuria, Miquel y Carme, con quienes ya habiamos hecho esta otra ruta :\u00a0\u00a0 Gorges del Caran\u00e7\u00e1 . Nos daba mucho miedo esta ruta, aunque realmente no habiamos mirado [&hellip;]<\/p>\n","protected":false},"author":50,"featured_media":6909,"comment_status":"open","ping_status":"open","sticky":false,"template":"","format":"standard","meta":{"footnotes":""},"categories":[106,105,22,11,67],"tags":[],"class_list":{"0":"post-6901","1":"post","2":"type-post","3":"status-publish","4":"format-standard","5":"has-post-thumbnail","6":"hentry","7":"category-nuestros-100-cims","8":"category-100-cims-feec","9":"category-de-05-a-10-km","10":"category-moderada","11":"category-conflent","13":"post-with-thumbnail","14":"post-with-thumbnail-icon"},"yoast_head":"<!-- This site is optimized with the Yoast SEO plugin v27.4 - https:\/\/yoast.com\/product\/yoast-seo-wordpress\/ -->\n<title>Pic del Canig\u00f3<\/title>\n<meta name=\"description\" content=\"Finalmente nos hemos &quot;atrevido&quot; a hacer esta bonita excursi\u00f3n para subir al Pic del Canig\u00f3, que finalmente no ha sido tan complicada como creiamos.\" \/>\n<meta name=\"robots\" content=\"index, follow, max-snippet:-1, max-image-preview:large, max-video-preview:-1\" \/>\n<link rel=\"canonical\" href=\"https:\/\/www.carlosyconchita.net\/rutas\/27-06-2015-pic-del-canigo\/\" \/>\n<meta property=\"og:locale\" content=\"es_ES\" \/>\n<meta property=\"og:type\" content=\"article\" \/>\n<meta property=\"og:title\" content=\"Pic del Canig\u00f3\" \/>\n<meta property=\"og:description\" content=\"Finalmente nos hemos &quot;atrevido&quot; a hacer esta bonita excursi\u00f3n para subir al Pic del Canig\u00f3, que finalmente no ha sido tan complicada como creiamos.\" \/>\n<meta property=\"og:url\" content=\"https:\/\/www.carlosyconchita.net\/rutas\/27-06-2015-pic-del-canigo\/\" \/>\n<meta property=\"og:site_name\" content=\"Las rutas de Carlos y Conchita\" \/>\n<meta property=\"article:published_time\" content=\"2015-06-27T20:18:40+00:00\" \/>\n<meta property=\"article:modified_time\" content=\"2021-11-20T18:18:58+00:00\" \/>\n<meta property=\"og:image\" content=\"https:\/\/www.carlosyconchita.net\/rutas\/wp-content\/uploads\/2015\/07\/P6271168-copia.jpg\" \/>\n\t<meta property=\"og:image:width\" content=\"1024\" \/>\n\t<meta property=\"og:image:height\" content=\"470\" \/>\n\t<meta property=\"og:image:type\" content=\"image\/jpeg\" \/>\n<meta name=\"author\" content=\"Carlos Conchita\" \/>\n<meta name=\"twitter:label1\" content=\"Escrito por\" \/>\n\t<meta name=\"twitter:data1\" content=\"Carlos Conchita\" \/>\n\t<meta name=\"twitter:label2\" content=\"Tiempo de lectura\" \/>\n\t<meta name=\"twitter:data2\" content=\"6 minutos\" \/>\n<script type=\"application\/ld+json\" class=\"yoast-schema-graph\">{\"@context\":\"https:\\\/\\\/schema.org\",\"@graph\":[{\"@type\":\"Article\",\"@id\":\"https:\\\/\\\/www.carlosyconchita.net\\\/rutas\\\/27-06-2015-pic-del-canigo\\\/#article\",\"isPartOf\":{\"@id\":\"https:\\\/\\\/www.carlosyconchita.net\\\/rutas\\\/27-06-2015-pic-del-canigo\\\/\"},\"author\":{\"name\":\"Carlos Conchita\",\"@id\":\"https:\\\/\\\/www.carlosyconchita.net\\\/rutas\\\/#\\\/schema\\\/person\\\/a9691f7258c28443fab2d3aa1479ea19\"},\"headline\":\"27-06-2015 &#8211; Pic del Canig\u00f3 (100 Cims)\",\"datePublished\":\"2015-06-27T20:18:40+00:00\",\"dateModified\":\"2021-11-20T18:18:58+00:00\",\"mainEntityOfPage\":{\"@id\":\"https:\\\/\\\/www.carlosyconchita.net\\\/rutas\\\/27-06-2015-pic-del-canigo\\\/\"},\"wordCount\":1225,\"commentCount\":0,\"image\":{\"@id\":\"https:\\\/\\\/www.carlosyconchita.net\\\/rutas\\\/27-06-2015-pic-del-canigo\\\/#primaryimage\"},\"thumbnailUrl\":\"https:\\\/\\\/www.carlosyconchita.net\\\/rutas\\\/wp-content\\\/uploads\\\/2015\\\/07\\\/P6271168-copia.jpg\",\"articleSection\":[\"100 Cims Carlos y Conchita\",\"100 Cims FEEC\",\"2 - De 5 a 10 km.\",\"2-Moderada\",\"Conflent\"],\"inLanguage\":\"es\",\"potentialAction\":[{\"@type\":\"CommentAction\",\"name\":\"Comment\",\"target\":[\"https:\\\/\\\/www.carlosyconchita.net\\\/rutas\\\/27-06-2015-pic-del-canigo\\\/#respond\"]}]},{\"@type\":\"WebPage\",\"@id\":\"https:\\\/\\\/www.carlosyconchita.net\\\/rutas\\\/27-06-2015-pic-del-canigo\\\/\",\"url\":\"https:\\\/\\\/www.carlosyconchita.net\\\/rutas\\\/27-06-2015-pic-del-canigo\\\/\",\"name\":\"Pic del Canig\u00f3\",\"isPartOf\":{\"@id\":\"https:\\\/\\\/www.carlosyconchita.net\\\/rutas\\\/#website\"},\"primaryImageOfPage\":{\"@id\":\"https:\\\/\\\/www.carlosyconchita.net\\\/rutas\\\/27-06-2015-pic-del-canigo\\\/#primaryimage\"},\"image\":{\"@id\":\"https:\\\/\\\/www.carlosyconchita.net\\\/rutas\\\/27-06-2015-pic-del-canigo\\\/#primaryimage\"},\"thumbnailUrl\":\"https:\\\/\\\/www.carlosyconchita.net\\\/rutas\\\/wp-content\\\/uploads\\\/2015\\\/07\\\/P6271168-copia.jpg\",\"datePublished\":\"2015-06-27T20:18:40+00:00\",\"dateModified\":\"2021-11-20T18:18:58+00:00\",\"author\":{\"@id\":\"https:\\\/\\\/www.carlosyconchita.net\\\/rutas\\\/#\\\/schema\\\/person\\\/a9691f7258c28443fab2d3aa1479ea19\"},\"description\":\"Finalmente nos hemos \\\"atrevido\\\" a hacer esta bonita excursi\u00f3n para subir al Pic del Canig\u00f3, que finalmente no ha sido tan complicada como creiamos.\",\"breadcrumb\":{\"@id\":\"https:\\\/\\\/www.carlosyconchita.net\\\/rutas\\\/27-06-2015-pic-del-canigo\\\/#breadcrumb\"},\"inLanguage\":\"es\",\"potentialAction\":[{\"@type\":\"ReadAction\",\"target\":[\"https:\\\/\\\/www.carlosyconchita.net\\\/rutas\\\/27-06-2015-pic-del-canigo\\\/\"]}]},{\"@type\":\"ImageObject\",\"inLanguage\":\"es\",\"@id\":\"https:\\\/\\\/www.carlosyconchita.net\\\/rutas\\\/27-06-2015-pic-del-canigo\\\/#primaryimage\",\"url\":\"https:\\\/\\\/www.carlosyconchita.net\\\/rutas\\\/wp-content\\\/uploads\\\/2015\\\/07\\\/P6271168-copia.jpg\",\"contentUrl\":\"https:\\\/\\\/www.carlosyconchita.net\\\/rutas\\\/wp-content\\\/uploads\\\/2015\\\/07\\\/P6271168-copia.jpg\",\"width\":1024,\"height\":470},{\"@type\":\"BreadcrumbList\",\"@id\":\"https:\\\/\\\/www.carlosyconchita.net\\\/rutas\\\/27-06-2015-pic-del-canigo\\\/#breadcrumb\",\"itemListElement\":[{\"@type\":\"ListItem\",\"position\":1,\"name\":\"Portada\",\"item\":\"https:\\\/\\\/www.carlosyconchita.net\\\/rutas\\\/\"},{\"@type\":\"ListItem\",\"position\":2,\"name\":\"27-06-2015 &#8211; Pic del Canig\u00f3 (100 Cims)\"}]},{\"@type\":\"WebSite\",\"@id\":\"https:\\\/\\\/www.carlosyconchita.net\\\/rutas\\\/#website\",\"url\":\"https:\\\/\\\/www.carlosyconchita.net\\\/rutas\\\/\",\"name\":\"Las rutas de Carlos y Conchita\",\"description\":\"\",\"potentialAction\":[{\"@type\":\"SearchAction\",\"target\":{\"@type\":\"EntryPoint\",\"urlTemplate\":\"https:\\\/\\\/www.carlosyconchita.net\\\/rutas\\\/?s={search_term_string}\"},\"query-input\":{\"@type\":\"PropertyValueSpecification\",\"valueRequired\":true,\"valueName\":\"search_term_string\"}}],\"inLanguage\":\"es\"},{\"@type\":\"Person\",\"@id\":\"https:\\\/\\\/www.carlosyconchita.net\\\/rutas\\\/#\\\/schema\\\/person\\\/a9691f7258c28443fab2d3aa1479ea19\",\"name\":\"Carlos Conchita\",\"image\":{\"@type\":\"ImageObject\",\"inLanguage\":\"es\",\"@id\":\"https:\\\/\\\/secure.gravatar.com\\\/avatar\\\/3a4625b20c8da3de99da69bfe7a322774e291c3f90dce7e8778a30fe6748ed1a?s=96&d=mm&r=g\",\"url\":\"https:\\\/\\\/secure.gravatar.com\\\/avatar\\\/3a4625b20c8da3de99da69bfe7a322774e291c3f90dce7e8778a30fe6748ed1a?s=96&d=mm&r=g\",\"contentUrl\":\"https:\\\/\\\/secure.gravatar.com\\\/avatar\\\/3a4625b20c8da3de99da69bfe7a322774e291c3f90dce7e8778a30fe6748ed1a?s=96&d=mm&r=g\",\"caption\":\"Carlos Conchita\"}}]}<\/script>\n<!-- \/ Yoast SEO plugin. -->","yoast_head_json":{"title":"Pic del Canig\u00f3","description":"Finalmente nos hemos \"atrevido\" a hacer esta bonita excursi\u00f3n para subir al Pic del Canig\u00f3, que finalmente no ha sido tan complicada como creiamos.","robots":{"index":"index","follow":"follow","max-snippet":"max-snippet:-1","max-image-preview":"max-image-preview:large","max-video-preview":"max-video-preview:-1"},"canonical":"https:\/\/www.carlosyconchita.net\/rutas\/27-06-2015-pic-del-canigo\/","og_locale":"es_ES","og_type":"article","og_title":"Pic del Canig\u00f3","og_description":"Finalmente nos hemos \"atrevido\" a hacer esta bonita excursi\u00f3n para subir al Pic del Canig\u00f3, que finalmente no ha sido tan complicada como creiamos.","og_url":"https:\/\/www.carlosyconchita.net\/rutas\/27-06-2015-pic-del-canigo\/","og_site_name":"Las rutas de Carlos y Conchita","article_published_time":"2015-06-27T20:18:40+00:00","article_modified_time":"2021-11-20T18:18:58+00:00","og_image":[{"width":1024,"height":470,"url":"https:\/\/www.carlosyconchita.net\/rutas\/wp-content\/uploads\/2015\/07\/P6271168-copia.jpg","type":"image\/jpeg"}],"author":"Carlos Conchita","twitter_misc":{"Escrito por":"Carlos Conchita","Tiempo de lectura":"6 minutos"},"schema":{"@context":"https:\/\/schema.org","@graph":[{"@type":"Article","@id":"https:\/\/www.carlosyconchita.net\/rutas\/27-06-2015-pic-del-canigo\/#article","isPartOf":{"@id":"https:\/\/www.carlosyconchita.net\/rutas\/27-06-2015-pic-del-canigo\/"},"author":{"name":"Carlos Conchita","@id":"https:\/\/www.carlosyconchita.net\/rutas\/#\/schema\/person\/a9691f7258c28443fab2d3aa1479ea19"},"headline":"27-06-2015 &#8211; Pic del Canig\u00f3 (100 Cims)","datePublished":"2015-06-27T20:18:40+00:00","dateModified":"2021-11-20T18:18:58+00:00","mainEntityOfPage":{"@id":"https:\/\/www.carlosyconchita.net\/rutas\/27-06-2015-pic-del-canigo\/"},"wordCount":1225,"commentCount":0,"image":{"@id":"https:\/\/www.carlosyconchita.net\/rutas\/27-06-2015-pic-del-canigo\/#primaryimage"},"thumbnailUrl":"https:\/\/www.carlosyconchita.net\/rutas\/wp-content\/uploads\/2015\/07\/P6271168-copia.jpg","articleSection":["100 Cims Carlos y Conchita","100 Cims FEEC","2 - De 5 a 10 km.","2-Moderada","Conflent"],"inLanguage":"es","potentialAction":[{"@type":"CommentAction","name":"Comment","target":["https:\/\/www.carlosyconchita.net\/rutas\/27-06-2015-pic-del-canigo\/#respond"]}]},{"@type":"WebPage","@id":"https:\/\/www.carlosyconchita.net\/rutas\/27-06-2015-pic-del-canigo\/","url":"https:\/\/www.carlosyconchita.net\/rutas\/27-06-2015-pic-del-canigo\/","name":"Pic del Canig\u00f3","isPartOf":{"@id":"https:\/\/www.carlosyconchita.net\/rutas\/#website"},"primaryImageOfPage":{"@id":"https:\/\/www.carlosyconchita.net\/rutas\/27-06-2015-pic-del-canigo\/#primaryimage"},"image":{"@id":"https:\/\/www.carlosyconchita.net\/rutas\/27-06-2015-pic-del-canigo\/#primaryimage"},"thumbnailUrl":"https:\/\/www.carlosyconchita.net\/rutas\/wp-content\/uploads\/2015\/07\/P6271168-copia.jpg","datePublished":"2015-06-27T20:18:40+00:00","dateModified":"2021-11-20T18:18:58+00:00","author":{"@id":"https:\/\/www.carlosyconchita.net\/rutas\/#\/schema\/person\/a9691f7258c28443fab2d3aa1479ea19"},"description":"Finalmente nos hemos \"atrevido\" a hacer esta bonita excursi\u00f3n para subir al Pic del Canig\u00f3, que finalmente no ha sido tan complicada como creiamos.","breadcrumb":{"@id":"https:\/\/www.carlosyconchita.net\/rutas\/27-06-2015-pic-del-canigo\/#breadcrumb"},"inLanguage":"es","potentialAction":[{"@type":"ReadAction","target":["https:\/\/www.carlosyconchita.net\/rutas\/27-06-2015-pic-del-canigo\/"]}]},{"@type":"ImageObject","inLanguage":"es","@id":"https:\/\/www.carlosyconchita.net\/rutas\/27-06-2015-pic-del-canigo\/#primaryimage","url":"https:\/\/www.carlosyconchita.net\/rutas\/wp-content\/uploads\/2015\/07\/P6271168-copia.jpg","contentUrl":"https:\/\/www.carlosyconchita.net\/rutas\/wp-content\/uploads\/2015\/07\/P6271168-copia.jpg","width":1024,"height":470},{"@type":"BreadcrumbList","@id":"https:\/\/www.carlosyconchita.net\/rutas\/27-06-2015-pic-del-canigo\/#breadcrumb","itemListElement":[{"@type":"ListItem","position":1,"name":"Portada","item":"https:\/\/www.carlosyconchita.net\/rutas\/"},{"@type":"ListItem","position":2,"name":"27-06-2015 &#8211; Pic del Canig\u00f3 (100 Cims)"}]},{"@type":"WebSite","@id":"https:\/\/www.carlosyconchita.net\/rutas\/#website","url":"https:\/\/www.carlosyconchita.net\/rutas\/","name":"Las rutas de Carlos y Conchita","description":"","potentialAction":[{"@type":"SearchAction","target":{"@type":"EntryPoint","urlTemplate":"https:\/\/www.carlosyconchita.net\/rutas\/?s={search_term_string}"},"query-input":{"@type":"PropertyValueSpecification","valueRequired":true,"valueName":"search_term_string"}}],"inLanguage":"es"},{"@type":"Person","@id":"https:\/\/www.carlosyconchita.net\/rutas\/#\/schema\/person\/a9691f7258c28443fab2d3aa1479ea19","name":"Carlos Conchita","image":{"@type":"ImageObject","inLanguage":"es","@id":"https:\/\/secure.gravatar.com\/avatar\/3a4625b20c8da3de99da69bfe7a322774e291c3f90dce7e8778a30fe6748ed1a?s=96&d=mm&r=g","url":"https:\/\/secure.gravatar.com\/avatar\/3a4625b20c8da3de99da69bfe7a322774e291c3f90dce7e8778a30fe6748ed1a?s=96&d=mm&r=g","contentUrl":"https:\/\/secure.gravatar.com\/avatar\/3a4625b20c8da3de99da69bfe7a322774e291c3f90dce7e8778a30fe6748ed1a?s=96&d=mm&r=g","caption":"Carlos Conchita"}}]}},"_links":{"self":[{"href":"https:\/\/www.carlosyconchita.net\/rutas\/wp-json\/wp\/v2\/posts\/6901","targetHints":{"allow":["GET"]}}],"collection":[{"href":"https:\/\/www.carlosyconchita.net\/rutas\/wp-json\/wp\/v2\/posts"}],"about":[{"href":"https:\/\/www.carlosyconchita.net\/rutas\/wp-json\/wp\/v2\/types\/post"}],"author":[{"embeddable":true,"href":"https:\/\/www.carlosyconchita.net\/rutas\/wp-json\/wp\/v2\/users\/50"}],"replies":[{"embeddable":true,"href":"https:\/\/www.carlosyconchita.net\/rutas\/wp-json\/wp\/v2\/comments?post=6901"}],"version-history":[{"count":0,"href":"https:\/\/www.carlosyconchita.net\/rutas\/wp-json\/wp\/v2\/posts\/6901\/revisions"}],"wp:featuredmedia":[{"embeddable":true,"href":"https:\/\/www.carlosyconchita.net\/rutas\/wp-json\/wp\/v2\/media\/6909"}],"wp:attachment":[{"href":"https:\/\/www.carlosyconchita.net\/rutas\/wp-json\/wp\/v2\/media?parent=6901"}],"wp:term":[{"taxonomy":"category","embeddable":true,"href":"https:\/\/www.carlosyconchita.net\/rutas\/wp-json\/wp\/v2\/categories?post=6901"},{"taxonomy":"post_tag","embeddable":true,"href":"https:\/\/www.carlosyconchita.net\/rutas\/wp-json\/wp\/v2\/tags?post=6901"}],"curies":[{"name":"wp","href":"https:\/\/api.w.org\/{rel}","templated":true}]}}