{"id":6944,"date":"2015-07-11T18:53:32","date_gmt":"2015-07-11T17:53:32","guid":{"rendered":"http:\/\/www.carlosyconchita.net\/rutas\/?p=6944"},"modified":"2017-06-25T11:24:36","modified_gmt":"2017-06-25T10:24:36","slug":"11-07-2015-valle-de-campcardos","status":"publish","type":"post","link":"https:\/\/www.carlosyconchita.net\/rutas\/11-07-2015-valle-de-campcardos\/","title":{"rendered":"11-07-2015 &#8211; Valle de Campcard\u00f3s"},"content":{"rendered":"<p style=\"text-align: justify;\">Hab\u00edamos recorrido este valle anteriormente en octubre de 2014, pero como deciamos en su d\u00eda, los lagos estaban practicamente secos. (ver <strong><a href=\"http:\/\/www.carlosyconchita.net\/rutas\/10-10-2014-valle-de-campcardos\/\">10-10-2014 \u2013 Valle de Campcard\u00f3s<\/a><\/strong>)<\/p>\n<p style=\"text-align: justify;\">Hace unos d\u00edas, nuestros amigos Juan y Carmen lo visitaron y nos enviaron unas magnificas fotos con los lagos llenos de agua, por lo que decidimos repetir la excursi\u00f3n.<\/p>\n<p style=\"text-align: justify;\">Aqui podemos ver como estaban los lagos, el fin de semana del 27 y 28 de junio, en una foto de Juan Renato.<\/p>\n<p style=\"text-align: justify;\"><a href=\"http:\/\/www.carlosyconchita.net\/rutas\/wp-content\/uploads\/2015\/07\/DSC0204.jpg\"><img loading=\"lazy\" decoding=\"async\" class=\" size-medium wp-image-6945 aligncenter\" src=\"http:\/\/www.carlosyconchita.net\/rutas\/wp-content\/uploads\/2015\/07\/DSC0204-300x200.jpg\" alt=\"_DSC0204\" width=\"300\" height=\"200\" srcset=\"https:\/\/www.carlosyconchita.net\/rutas\/wp-content\/uploads\/2015\/07\/DSC0204-300x200.jpg 300w, https:\/\/www.carlosyconchita.net\/rutas\/wp-content\/uploads\/2015\/07\/DSC0204-600x399.jpg 600w, https:\/\/www.carlosyconchita.net\/rutas\/wp-content\/uploads\/2015\/07\/DSC0204-768x511.jpg 768w, https:\/\/www.carlosyconchita.net\/rutas\/wp-content\/uploads\/2015\/07\/DSC0204-272x182.jpg 272w, https:\/\/www.carlosyconchita.net\/rutas\/wp-content\/uploads\/2015\/07\/DSC0204.jpg 1024w, https:\/\/www.carlosyconchita.net\/rutas\/wp-content\/uploads\/2015\/07\/DSC0204-451x300.jpg 451w\" sizes=\"auto, (max-width: 300px) 100vw, 300px\" \/><\/a><\/p>\n<table border=\"1\" cellspacing=\"300\" cellpadding=\"1\">\n<tbody>\n<tr>\n<td style=\"width: 300px; height: 40px; text-align: left; vertical-align: top;\"><strong>Dificultad :\u00a0 Moderada<br \/>\n<\/strong><\/td>\n<td><strong>Recorrido : \u00a0 15&#8217;201 km.<\/strong><\/td>\n<\/tr>\n<tr>\n<td><strong>Desnivel acum.\u00a0 :\u00a0\u00a0 884 m. \u00a0 \u00a0 \u00a0 <\/strong><\/td>\n<td><strong>Alturas m\u00edn.\/m\u00e1x. \u00a0 :\u00a0\u00a0 1.493 \/ 2.273 m.<\/strong><\/td>\n<\/tr>\n<tr>\n<td><strong>Tiempo total :\u00a0 7 h. 02 m.<br \/>\n <\/strong><\/td>\n<td><strong>Velocidad media :\u00a0 2&#8217;11 km.\/hora<\/strong><\/td>\n<\/tr>\n<tr>\n<td><strong>Tiempo movimiento\u00a0 :\u00a0 4 h. 21 m.<br \/>\n <\/strong><\/td>\n<td><strong> Velocidad media\u00a0 :\u00a0 3&#8217;41 km.\/hora<\/strong><\/td>\n<\/tr>\n<\/tbody>\n<\/table>\n<p style=\"text-align: justify;\">Para llegar al punto de inicio de la excursi\u00f3n, desde Saillagosa nos dirigiremos hacia Port\u00e9-Puymorens (<a title=\"Parking del Col de Puymorens\" href=\"http:\/\/www.carlosyconchita.net\/rutas\/parking-del-col-de-puymorens\/\" target=\"_blank\" rel=\"noopener\">ver enlace)<\/a> , pero un poco antes, cuando lleguemos a Porta, aproximadamente a mitad del pueblo, veremos a la izquierda un peque\u00f1o t\u00fanel por debajo de la via del tren.<\/p>\n<p style=\"text-align: justify;\">\u00a0Pasamos el tunel y nos dirigiremos a la izquierda por un peque\u00f1a carretera unos 400 m. hasta que lleguemos a un puente, que cruzaremos, encontrandonos alli una peque\u00f1a explanada donde debemos dejar el coche.<\/p>\n<p style=\"text-align: justify;\">[shashin type=\u00bbphoto\u00bb id=\u00bb14939,14940&#8243; size=\u00bblarge\u00bb columns=\u00bbmax\u00bb order=\u00bbuser\u00bb caption=\u00bby\u00bb position=\u00bbcenter\u00bb]<\/p>\n<p style=\"text-align: justify;\">Alli veremos un letrero que nos indica el camino a Berga y Portella Blanca (Andorra) hacia el interior del valle , y que nosotros seguiremos, pero sin llegar tan lejos.<\/p>\n<p style=\"text-align: justify;\">Inicialmente el camino esta asfaltado, ya que lleva a unas instalaciones de antenas, ( aprox, 1\u20192 km.) y a partir de alli ya es de tierra y piedras y sube bastante.<\/p>\n<p style=\"text-align: justify;\">\u00a0[shashin type=\u00bbphoto\u00bb id=\u00bb14942&#8243; size=\u00bblarge\u00bb columns=\u00bbmax\u00bb order=\u00bbuser\u00bb caption=\u00bby\u00bb position=\u00bbcenter\u00bb]<\/p>\n<p style=\"text-align: justify;\">Cuando lleguemos aproximadamente 1.7 km encontraremos una barrera para el ganado, y poco despu\u00e9s llegamos al Cortal de Grasset, en donde hay un letrero y un desvio a la izquierda que baja hacia la Riera de Campcard\u00f3s.<\/p>\n<p style=\"text-align: justify;\">[shashin type=\u00bbphoto\u00bb id=\u00bb14944,14945&#8243; size=\u00bblarge\u00bb columns=\u00bbmax\u00bb order=\u00bbuser\u00bb caption=\u00bby\u00bb position=\u00bbcenter\u00bb]<\/p>\n<p style=\"text-align: justify;\">Continuando el camino, pasaremos por un refugio, en donde al lado entre las piedras, vimos en octubre numerosas vacas.<\/p>\n<p style=\"text-align: justify;\">[shashin type=\u00bbphoto\u00bb id=\u00bb14957,14959&#8243; size=\u00bblarge\u00bb columns=\u00bbmax\u00bb order=\u00bbuser\u00bb caption=\u00bby\u00bb position=\u00bbcenter\u00bb]<\/p>\n<p style=\"text-align: justify;\">Enfrente tenemos unas bonitas vistas de las monta\u00f1as en direccion a\u00a0 Andorra.<\/p>\n<p style=\"text-align: justify;\">[shashin type=\u00bbphoto\u00bb id=\u00bb14956,14964&#8243; size=\u00bblarge\u00bb columns=\u00bbmax\u00bb order=\u00bbuser\u00bb caption=\u00bby\u00bb position=\u00bbcenter\u00bb]<\/p>\n<p style=\"text-align: justify;\">Despu\u00e9s el valle y el camino se amplia un poco , y pasamos por una zona algo m\u00e1s despejada.<\/p>\n<p style=\"text-align: justify;\">Llegamos a la zona de los 2 lagos, que para desgracia nuestra estan de nuevo casi secos :\u00a0 en 15 dias, se han vaciado casi totalmente : est\u00e1 visto que no tenemos suerte !!!<\/p>\n<p style=\"text-align: justify;\">[shashin type=\u00bbphoto\u00bb id=\u00bb14971,14973&#8243; size=\u00bblarge\u00bb columns=\u00bbmax\u00bb order=\u00bbuser\u00bb caption=\u00bby\u00bb position=\u00bbcenter\u00bb]<\/p>\n<p style=\"text-align: justify;\">Como que hemos llegado bastante pronto hasta aqu\u00ed, continuamos la caminata subiendo en direccion a la Portella Blanca de Andorra, por una amplia y bonita zona, y en la que cruzaremos el rio que hemos seguido todo el rato (La Ribera de Campcard\u00f3s), y donde nos encontramos con bastantes vacas, que como es l\u00f3gico, estan en una zona m\u00e1s alta que en la anterior visita de octubre.<\/p>\n<p style=\"text-align: justify;\">[shashin type=\u00bbphoto\u00bb id=\u00bb14984,14988,14992,14994&#8243; size=\u00bblarge\u00bb columns=\u00bbmax\u00bb order=\u00bbuser\u00bb caption=\u00bby\u00bb position=\u00bbcenter\u00bb]<\/p>\n<p style=\"text-align: justify;\">Subimos un poco m\u00e1s, y despu\u00e9s de comer algo y descansar un poco admirando el paisaje, volvemos al punto de inicio por el mismo camino de la ida.<\/p>\n<p style=\"text-align: justify;\">[shashin type=\u00bbphoto\u00bb id=\u00bb15008,15010,15006&#8243; size=\u00bblarge\u00bb columns=\u00bbmax\u00bb order=\u00bbuser\u00bb caption=\u00bby\u00bb position=\u00bbcenter\u00bb]<\/p>\n<hr \/>\n<p><strong>\u00a0Track de la ruta<\/strong><\/p>\n<p>[sgpx gpx=\u00bb\/wp-content\/uploads\/gpx\/ValleCampcardos2.gpx\u00bb]<\/p>\n<hr \/>\n<p>&nbsp;<\/p>\n<table border=\"2\" cellspacing=\"300\" cellpadding=\"2\">\n<tbody>\n<tr style=\"height: 40px;\">\n<td style=\"width: 300px; height: 40px; text-align: center; vertical-align: middle;\"><strong>Enlace album de fotos<\/strong><\/td>\n<td style=\"width: 300px; height: 40px; text-align: center; vertical-align: middle;\">[shashin type=\u00bbalbum\u00bb id=\u00bb214&#8243; size=\u00bbsmall\u00bb crop=\u00bbn\u00bb columns=\u00bbmax\u00bb caption=\u00bby\u00bb order=\u00bbdate\u00bb position=\u00bbcenter\u00bb]<\/td>\n<\/tr>\n<tr style=\"height: 100px;\">\n<td style=\"width: 300px; height: 100px; text-align: center; vertical-align: middle;\"><strong>Enlace\u00a0 Wikiloc<br \/>\n <\/strong><\/td>\n<td style=\"width: 300px; height: 100px; text-align: center; vertical-align: middle;\"><a href=\"http:\/\/es.wikiloc.com\/wikiloc\/view.do?id=10276408\" target=\"_blank\" rel=\"noopener\"><img loading=\"lazy\" decoding=\"async\" class=\"aligncenter\" title=\"wikiloc\" src=\"http:\/\/www.carlosyconchita.net\/rutas\/wp-content\/uploads\/2020\/09\/wikiloc.jpg\" alt=\"\" width=\"117\" height=\"34\" \/><\/a><\/td>\n<\/tr>\n<\/tbody>\n<\/table>\n<p style=\"text-align: justify;\">\u00a0<\/p>\n<p style=\"text-align: justify;\"><span style=\"color: #ff0000; background-color: #ffffff; font-size: 14pt;\"><strong>Si te ha gustado, comp\u00e1rtelo en tu red favorita,\u00a0 haz +1, o env\u00edanos tu comentario.<br \/>\n <\/strong><\/span><\/p>\n<p><span style=\"font-size: 14pt;\"><strong><span style=\"color: #ff0000;\">Muchas gracias !<\/span><\/strong><\/span><\/p>\n<hr \/>\n<p style=\"text-align: justify;\"><strong><span style=\"color: #008000;\">Suscribete si quieres recibir un mail cuando publiquemos nuevas rutas : no enviamos publicidad y como m\u00e1ximo enviamos 2 mails al mes<\/span><\/strong><\/p>\n<p>[wysija_form id=\u00bb1&#8243;]<\/p>\n<hr \/>\n","protected":false},"excerpt":{"rendered":"<p>Hab\u00edamos recorrido este valle anteriormente en octubre de 2014, pero como deciamos en su d\u00eda, los lagos estaban practicamente secos. (ver 10-10-2014 \u2013 Valle de Campcard\u00f3s) Hace unos d\u00edas, nuestros amigos Juan y Carmen lo visitaron y nos enviaron unas magnificas fotos con los lagos llenos de agua, por lo que decidimos repetir la excursi\u00f3n. [&hellip;]<\/p>\n","protected":false},"author":50,"featured_media":6957,"comment_status":"open","ping_status":"open","sticky":false,"template":"","format":"gallery","meta":{"footnotes":""},"categories":[11,27,28],"tags":[],"class_list":{"0":"post-6944","1":"post","2":"type-post","3":"status-publish","4":"format-gallery","5":"has-post-thumbnail","6":"hentry","7":"category-moderada","8":"category-4-de-15-a-20-km","9":"category-la-tour-de-carol","10":"post_format-post-format-gallery","12":"post-with-thumbnail","13":"post-with-thumbnail-icon"},"yoast_head":"<!-- This site is optimized with the Yoast SEO plugin v27.4 - https:\/\/yoast.com\/product\/yoast-seo-wordpress\/ -->\n<title>Valle de Campcard\u00f3s<\/title>\n<meta name=\"description\" content=\"Ruta por el valle de Campcard\u00f3s, en direcci\u00f3n a la Portella Blanca de Andorra, aunque al igual que el a\u00f1o pasado, nos encontramos con los lagos practicamnente secos.\" \/>\n<meta name=\"robots\" content=\"index, follow, max-snippet:-1, max-image-preview:large, max-video-preview:-1\" \/>\n<link rel=\"canonical\" href=\"https:\/\/www.carlosyconchita.net\/rutas\/11-07-2015-valle-de-campcardos\/\" \/>\n<meta property=\"og:locale\" content=\"es_ES\" \/>\n<meta property=\"og:type\" content=\"article\" \/>\n<meta property=\"og:title\" content=\"Valle de Campcard\u00f3s\" \/>\n<meta property=\"og:description\" content=\"Ruta por el valle de Campcard\u00f3s, en direcci\u00f3n a la Portella Blanca de Andorra, aunque al igual que el a\u00f1o pasado, nos encontramos con los lagos practicamnente secos.\" \/>\n<meta property=\"og:url\" content=\"https:\/\/www.carlosyconchita.net\/rutas\/11-07-2015-valle-de-campcardos\/\" \/>\n<meta property=\"og:site_name\" content=\"Las rutas de Carlos y Conchita\" \/>\n<meta property=\"article:published_time\" content=\"2015-07-11T17:53:32+00:00\" \/>\n<meta property=\"article:modified_time\" content=\"2017-06-25T10:24:36+00:00\" \/>\n<meta property=\"og:image\" content=\"https:\/\/www.carlosyconchita.net\/rutas\/wp-content\/uploads\/2015\/07\/P7111371-copia.jpg\" \/>\n\t<meta property=\"og:image:width\" content=\"1024\" \/>\n\t<meta property=\"og:image:height\" content=\"422\" \/>\n\t<meta property=\"og:image:type\" content=\"image\/jpeg\" \/>\n<meta name=\"author\" content=\"Carlos Conchita\" \/>\n<meta name=\"twitter:label1\" content=\"Escrito por\" \/>\n\t<meta name=\"twitter:data1\" content=\"Carlos Conchita\" \/>\n\t<meta name=\"twitter:label2\" content=\"Tiempo de lectura\" \/>\n\t<meta name=\"twitter:data2\" content=\"3 minutos\" \/>\n<script type=\"application\/ld+json\" class=\"yoast-schema-graph\">{\"@context\":\"https:\\\/\\\/schema.org\",\"@graph\":[{\"@type\":\"Article\",\"@id\":\"https:\\\/\\\/www.carlosyconchita.net\\\/rutas\\\/11-07-2015-valle-de-campcardos\\\/#article\",\"isPartOf\":{\"@id\":\"https:\\\/\\\/www.carlosyconchita.net\\\/rutas\\\/11-07-2015-valle-de-campcardos\\\/\"},\"author\":{\"name\":\"Carlos Conchita\",\"@id\":\"https:\\\/\\\/www.carlosyconchita.net\\\/rutas\\\/#\\\/schema\\\/person\\\/a9691f7258c28443fab2d3aa1479ea19\"},\"headline\":\"11-07-2015 &#8211; Valle de Campcard\u00f3s\",\"datePublished\":\"2015-07-11T17:53:32+00:00\",\"dateModified\":\"2017-06-25T10:24:36+00:00\",\"mainEntityOfPage\":{\"@id\":\"https:\\\/\\\/www.carlosyconchita.net\\\/rutas\\\/11-07-2015-valle-de-campcardos\\\/\"},\"wordCount\":664,\"commentCount\":0,\"image\":{\"@id\":\"https:\\\/\\\/www.carlosyconchita.net\\\/rutas\\\/11-07-2015-valle-de-campcardos\\\/#primaryimage\"},\"thumbnailUrl\":\"https:\\\/\\\/www.carlosyconchita.net\\\/rutas\\\/wp-content\\\/uploads\\\/2015\\\/07\\\/P7111371-copia.jpg\",\"articleSection\":[\"2-Moderada\",\"4 - De 15 a 20 km.\",\"La Tour de Carol\"],\"inLanguage\":\"es\",\"potentialAction\":[{\"@type\":\"CommentAction\",\"name\":\"Comment\",\"target\":[\"https:\\\/\\\/www.carlosyconchita.net\\\/rutas\\\/11-07-2015-valle-de-campcardos\\\/#respond\"]}]},{\"@type\":\"WebPage\",\"@id\":\"https:\\\/\\\/www.carlosyconchita.net\\\/rutas\\\/11-07-2015-valle-de-campcardos\\\/\",\"url\":\"https:\\\/\\\/www.carlosyconchita.net\\\/rutas\\\/11-07-2015-valle-de-campcardos\\\/\",\"name\":\"Valle de Campcard\u00f3s\",\"isPartOf\":{\"@id\":\"https:\\\/\\\/www.carlosyconchita.net\\\/rutas\\\/#website\"},\"primaryImageOfPage\":{\"@id\":\"https:\\\/\\\/www.carlosyconchita.net\\\/rutas\\\/11-07-2015-valle-de-campcardos\\\/#primaryimage\"},\"image\":{\"@id\":\"https:\\\/\\\/www.carlosyconchita.net\\\/rutas\\\/11-07-2015-valle-de-campcardos\\\/#primaryimage\"},\"thumbnailUrl\":\"https:\\\/\\\/www.carlosyconchita.net\\\/rutas\\\/wp-content\\\/uploads\\\/2015\\\/07\\\/P7111371-copia.jpg\",\"datePublished\":\"2015-07-11T17:53:32+00:00\",\"dateModified\":\"2017-06-25T10:24:36+00:00\",\"author\":{\"@id\":\"https:\\\/\\\/www.carlosyconchita.net\\\/rutas\\\/#\\\/schema\\\/person\\\/a9691f7258c28443fab2d3aa1479ea19\"},\"description\":\"Ruta por el valle de Campcard\u00f3s, en direcci\u00f3n a la Portella Blanca de Andorra, aunque al igual que el a\u00f1o pasado, nos encontramos con los lagos practicamnente secos.\",\"breadcrumb\":{\"@id\":\"https:\\\/\\\/www.carlosyconchita.net\\\/rutas\\\/11-07-2015-valle-de-campcardos\\\/#breadcrumb\"},\"inLanguage\":\"es\",\"potentialAction\":[{\"@type\":\"ReadAction\",\"target\":[\"https:\\\/\\\/www.carlosyconchita.net\\\/rutas\\\/11-07-2015-valle-de-campcardos\\\/\"]}]},{\"@type\":\"ImageObject\",\"inLanguage\":\"es\",\"@id\":\"https:\\\/\\\/www.carlosyconchita.net\\\/rutas\\\/11-07-2015-valle-de-campcardos\\\/#primaryimage\",\"url\":\"https:\\\/\\\/www.carlosyconchita.net\\\/rutas\\\/wp-content\\\/uploads\\\/2015\\\/07\\\/P7111371-copia.jpg\",\"contentUrl\":\"https:\\\/\\\/www.carlosyconchita.net\\\/rutas\\\/wp-content\\\/uploads\\\/2015\\\/07\\\/P7111371-copia.jpg\",\"width\":1024,\"height\":422},{\"@type\":\"BreadcrumbList\",\"@id\":\"https:\\\/\\\/www.carlosyconchita.net\\\/rutas\\\/11-07-2015-valle-de-campcardos\\\/#breadcrumb\",\"itemListElement\":[{\"@type\":\"ListItem\",\"position\":1,\"name\":\"Portada\",\"item\":\"https:\\\/\\\/www.carlosyconchita.net\\\/rutas\\\/\"},{\"@type\":\"ListItem\",\"position\":2,\"name\":\"11-07-2015 &#8211; Valle de Campcard\u00f3s\"}]},{\"@type\":\"WebSite\",\"@id\":\"https:\\\/\\\/www.carlosyconchita.net\\\/rutas\\\/#website\",\"url\":\"https:\\\/\\\/www.carlosyconchita.net\\\/rutas\\\/\",\"name\":\"Las rutas de Carlos y Conchita\",\"description\":\"\",\"potentialAction\":[{\"@type\":\"SearchAction\",\"target\":{\"@type\":\"EntryPoint\",\"urlTemplate\":\"https:\\\/\\\/www.carlosyconchita.net\\\/rutas\\\/?s={search_term_string}\"},\"query-input\":{\"@type\":\"PropertyValueSpecification\",\"valueRequired\":true,\"valueName\":\"search_term_string\"}}],\"inLanguage\":\"es\"},{\"@type\":\"Person\",\"@id\":\"https:\\\/\\\/www.carlosyconchita.net\\\/rutas\\\/#\\\/schema\\\/person\\\/a9691f7258c28443fab2d3aa1479ea19\",\"name\":\"Carlos Conchita\",\"image\":{\"@type\":\"ImageObject\",\"inLanguage\":\"es\",\"@id\":\"https:\\\/\\\/secure.gravatar.com\\\/avatar\\\/3a4625b20c8da3de99da69bfe7a322774e291c3f90dce7e8778a30fe6748ed1a?s=96&d=mm&r=g\",\"url\":\"https:\\\/\\\/secure.gravatar.com\\\/avatar\\\/3a4625b20c8da3de99da69bfe7a322774e291c3f90dce7e8778a30fe6748ed1a?s=96&d=mm&r=g\",\"contentUrl\":\"https:\\\/\\\/secure.gravatar.com\\\/avatar\\\/3a4625b20c8da3de99da69bfe7a322774e291c3f90dce7e8778a30fe6748ed1a?s=96&d=mm&r=g\",\"caption\":\"Carlos Conchita\"}}]}<\/script>\n<!-- \/ Yoast SEO plugin. -->","yoast_head_json":{"title":"Valle de Campcard\u00f3s","description":"Ruta por el valle de Campcard\u00f3s, en direcci\u00f3n a la Portella Blanca de Andorra, aunque al igual que el a\u00f1o pasado, nos encontramos con los lagos practicamnente secos.","robots":{"index":"index","follow":"follow","max-snippet":"max-snippet:-1","max-image-preview":"max-image-preview:large","max-video-preview":"max-video-preview:-1"},"canonical":"https:\/\/www.carlosyconchita.net\/rutas\/11-07-2015-valle-de-campcardos\/","og_locale":"es_ES","og_type":"article","og_title":"Valle de Campcard\u00f3s","og_description":"Ruta por el valle de Campcard\u00f3s, en direcci\u00f3n a la Portella Blanca de Andorra, aunque al igual que el a\u00f1o pasado, nos encontramos con los lagos practicamnente secos.","og_url":"https:\/\/www.carlosyconchita.net\/rutas\/11-07-2015-valle-de-campcardos\/","og_site_name":"Las rutas de Carlos y Conchita","article_published_time":"2015-07-11T17:53:32+00:00","article_modified_time":"2017-06-25T10:24:36+00:00","og_image":[{"width":1024,"height":422,"url":"https:\/\/www.carlosyconchita.net\/rutas\/wp-content\/uploads\/2015\/07\/P7111371-copia.jpg","type":"image\/jpeg"}],"author":"Carlos Conchita","twitter_misc":{"Escrito por":"Carlos Conchita","Tiempo de lectura":"3 minutos"},"schema":{"@context":"https:\/\/schema.org","@graph":[{"@type":"Article","@id":"https:\/\/www.carlosyconchita.net\/rutas\/11-07-2015-valle-de-campcardos\/#article","isPartOf":{"@id":"https:\/\/www.carlosyconchita.net\/rutas\/11-07-2015-valle-de-campcardos\/"},"author":{"name":"Carlos Conchita","@id":"https:\/\/www.carlosyconchita.net\/rutas\/#\/schema\/person\/a9691f7258c28443fab2d3aa1479ea19"},"headline":"11-07-2015 &#8211; Valle de Campcard\u00f3s","datePublished":"2015-07-11T17:53:32+00:00","dateModified":"2017-06-25T10:24:36+00:00","mainEntityOfPage":{"@id":"https:\/\/www.carlosyconchita.net\/rutas\/11-07-2015-valle-de-campcardos\/"},"wordCount":664,"commentCount":0,"image":{"@id":"https:\/\/www.carlosyconchita.net\/rutas\/11-07-2015-valle-de-campcardos\/#primaryimage"},"thumbnailUrl":"https:\/\/www.carlosyconchita.net\/rutas\/wp-content\/uploads\/2015\/07\/P7111371-copia.jpg","articleSection":["2-Moderada","4 - De 15 a 20 km.","La Tour de Carol"],"inLanguage":"es","potentialAction":[{"@type":"CommentAction","name":"Comment","target":["https:\/\/www.carlosyconchita.net\/rutas\/11-07-2015-valle-de-campcardos\/#respond"]}]},{"@type":"WebPage","@id":"https:\/\/www.carlosyconchita.net\/rutas\/11-07-2015-valle-de-campcardos\/","url":"https:\/\/www.carlosyconchita.net\/rutas\/11-07-2015-valle-de-campcardos\/","name":"Valle de Campcard\u00f3s","isPartOf":{"@id":"https:\/\/www.carlosyconchita.net\/rutas\/#website"},"primaryImageOfPage":{"@id":"https:\/\/www.carlosyconchita.net\/rutas\/11-07-2015-valle-de-campcardos\/#primaryimage"},"image":{"@id":"https:\/\/www.carlosyconchita.net\/rutas\/11-07-2015-valle-de-campcardos\/#primaryimage"},"thumbnailUrl":"https:\/\/www.carlosyconchita.net\/rutas\/wp-content\/uploads\/2015\/07\/P7111371-copia.jpg","datePublished":"2015-07-11T17:53:32+00:00","dateModified":"2017-06-25T10:24:36+00:00","author":{"@id":"https:\/\/www.carlosyconchita.net\/rutas\/#\/schema\/person\/a9691f7258c28443fab2d3aa1479ea19"},"description":"Ruta por el valle de Campcard\u00f3s, en direcci\u00f3n a la Portella Blanca de Andorra, aunque al igual que el a\u00f1o pasado, nos encontramos con los lagos practicamnente secos.","breadcrumb":{"@id":"https:\/\/www.carlosyconchita.net\/rutas\/11-07-2015-valle-de-campcardos\/#breadcrumb"},"inLanguage":"es","potentialAction":[{"@type":"ReadAction","target":["https:\/\/www.carlosyconchita.net\/rutas\/11-07-2015-valle-de-campcardos\/"]}]},{"@type":"ImageObject","inLanguage":"es","@id":"https:\/\/www.carlosyconchita.net\/rutas\/11-07-2015-valle-de-campcardos\/#primaryimage","url":"https:\/\/www.carlosyconchita.net\/rutas\/wp-content\/uploads\/2015\/07\/P7111371-copia.jpg","contentUrl":"https:\/\/www.carlosyconchita.net\/rutas\/wp-content\/uploads\/2015\/07\/P7111371-copia.jpg","width":1024,"height":422},{"@type":"BreadcrumbList","@id":"https:\/\/www.carlosyconchita.net\/rutas\/11-07-2015-valle-de-campcardos\/#breadcrumb","itemListElement":[{"@type":"ListItem","position":1,"name":"Portada","item":"https:\/\/www.carlosyconchita.net\/rutas\/"},{"@type":"ListItem","position":2,"name":"11-07-2015 &#8211; Valle de Campcard\u00f3s"}]},{"@type":"WebSite","@id":"https:\/\/www.carlosyconchita.net\/rutas\/#website","url":"https:\/\/www.carlosyconchita.net\/rutas\/","name":"Las rutas de Carlos y Conchita","description":"","potentialAction":[{"@type":"SearchAction","target":{"@type":"EntryPoint","urlTemplate":"https:\/\/www.carlosyconchita.net\/rutas\/?s={search_term_string}"},"query-input":{"@type":"PropertyValueSpecification","valueRequired":true,"valueName":"search_term_string"}}],"inLanguage":"es"},{"@type":"Person","@id":"https:\/\/www.carlosyconchita.net\/rutas\/#\/schema\/person\/a9691f7258c28443fab2d3aa1479ea19","name":"Carlos Conchita","image":{"@type":"ImageObject","inLanguage":"es","@id":"https:\/\/secure.gravatar.com\/avatar\/3a4625b20c8da3de99da69bfe7a322774e291c3f90dce7e8778a30fe6748ed1a?s=96&d=mm&r=g","url":"https:\/\/secure.gravatar.com\/avatar\/3a4625b20c8da3de99da69bfe7a322774e291c3f90dce7e8778a30fe6748ed1a?s=96&d=mm&r=g","contentUrl":"https:\/\/secure.gravatar.com\/avatar\/3a4625b20c8da3de99da69bfe7a322774e291c3f90dce7e8778a30fe6748ed1a?s=96&d=mm&r=g","caption":"Carlos Conchita"}}]}},"_links":{"self":[{"href":"https:\/\/www.carlosyconchita.net\/rutas\/wp-json\/wp\/v2\/posts\/6944","targetHints":{"allow":["GET"]}}],"collection":[{"href":"https:\/\/www.carlosyconchita.net\/rutas\/wp-json\/wp\/v2\/posts"}],"about":[{"href":"https:\/\/www.carlosyconchita.net\/rutas\/wp-json\/wp\/v2\/types\/post"}],"author":[{"embeddable":true,"href":"https:\/\/www.carlosyconchita.net\/rutas\/wp-json\/wp\/v2\/users\/50"}],"replies":[{"embeddable":true,"href":"https:\/\/www.carlosyconchita.net\/rutas\/wp-json\/wp\/v2\/comments?post=6944"}],"version-history":[{"count":0,"href":"https:\/\/www.carlosyconchita.net\/rutas\/wp-json\/wp\/v2\/posts\/6944\/revisions"}],"wp:featuredmedia":[{"embeddable":true,"href":"https:\/\/www.carlosyconchita.net\/rutas\/wp-json\/wp\/v2\/media\/6957"}],"wp:attachment":[{"href":"https:\/\/www.carlosyconchita.net\/rutas\/wp-json\/wp\/v2\/media?parent=6944"}],"wp:term":[{"taxonomy":"category","embeddable":true,"href":"https:\/\/www.carlosyconchita.net\/rutas\/wp-json\/wp\/v2\/categories?post=6944"},{"taxonomy":"post_tag","embeddable":true,"href":"https:\/\/www.carlosyconchita.net\/rutas\/wp-json\/wp\/v2\/tags?post=6944"}],"curies":[{"name":"wp","href":"https:\/\/api.w.org\/{rel}","templated":true}]}}