{"id":6961,"date":"2015-07-12T16:23:01","date_gmt":"2015-07-12T15:23:01","guid":{"rendered":"http:\/\/www.carlosyconchita.net\/rutas\/?p=6961"},"modified":"2015-07-25T08:01:40","modified_gmt":"2015-07-25T07:01:40","slug":"12-07-2015-ruta-des-lupins-bolquere","status":"publish","type":"post","link":"https:\/\/www.carlosyconchita.net\/rutas\/12-07-2015-ruta-des-lupins-bolquere\/","title":{"rendered":"12-07-2015 &#8211; Ruta des Lupins (Bolqu\u00e9re)"},"content":{"rendered":"<p style=\"text-align: justify;\">Despu\u00e9s de la caminata de ayer y del fuerte calor, hoy hacemos una excursi\u00f3n f\u00e1cil y tranquila por la zona de Bolqu\u00e9re, empezando como otras muchas veces, por el conocido <a href=\"http:\/\/www.carlosyconchita.net\/rutas\/parking-dels-estagnols-acceso-coche\/\" target=\"_blank\">Parking dels Estagnols<\/a> ,\u00a0 eligiendo la llamada Ruta des Lupins\u00a0(Bolqu\u00e9re) , que en espa\u00f1ol siginifica altramuces, y\u00a0 que est\u00e1 indicada con el n\u00famero 56.<\/p>\n<p style=\"text-align: justify;\">Una vez en el parking, iniciamos la caminata por el camino que hay a la izquierda de la caseta de madera, punto de inicio de varias rutas por la zona y vamos siguiendo las se\u00f1ales con el n\u00famero 56<\/p>\n<p>[shashin type=\u00bbphoto\u00bb id=\u00bb15018,15019&#8243; size=\u00bblarge\u00bb columns=\u00bbmax\u00bb order=\u00bbuser\u00bb caption=\u00bby\u00bb position=\u00bbcenter\u00bb]<\/p>\n<p>&nbsp;<\/p>\n<table border=\"1\" cellspacing=\"300\" cellpadding=\"1\">\n<tbody>\n<tr>\n<td style=\"width: 300px; height: 40px; text-align: left; vertical-align: top;\"><strong>Dificultad :\u00a0 F\u00e1cil<\/strong><\/td>\n<td><strong>Recorrido :\u00a0 8&#8217;463 km.<\/strong><\/td>\n<\/tr>\n<tr>\n<td><strong>Desnivel acum.\u00a0 :\u00a0\u00a0\u00a0 373 m. \u00a0 \u00a0 \u00a0 <\/strong><\/td>\n<td><strong>Alturas m\u00edn.\/m\u00e1x. \u00a0 :\u00a0\u00a0 1.660 \/ 1.811 m.<\/strong><\/td>\n<\/tr>\n<tr>\n<td><strong>Tiempo total :\u00a0 2 h. 14 m.<br \/> <\/strong><\/td>\n<td><strong>Velocidad media :\u00a0 3&#8217;7 km.\/hora<\/strong><\/td>\n<\/tr>\n<tr>\n<td><strong>Tiempo movimiento\u00a0 :\u00a0 1 h. 49 m.<br \/> <\/strong><\/td>\n<td><strong> Velocidad media\u00a0 :\u00a0 4&#8217;6 km.\/hora<\/strong><\/td>\n<\/tr>\n<\/tbody>\n<\/table>\n<p style=\"text-align: justify;\">El camino, al igual que todos los de esta zona, es ancho , plano y f\u00e1cil, y sirve perfectamente como entrenamiento, y va discurriendo entre los arboles.<\/p>\n<p style=\"text-align: justify;\">[shashin type=\u00bbphoto\u00bb id=\u00bb15022&#8243; size=\u00bblarge\u00bb columns=\u00bbmax\u00bb order=\u00bbuser\u00bb caption=\u00bby\u00bb position=\u00bbcenter\u00bb]<\/p>\n<p style=\"text-align: justify;\">Cuando llevemos aproximadamente unos 4&#8217;5 km. llegaremos a la Ja\u00e7a de las Cabres, en una gran explanada donde se juntan varios caminos.<\/p>\n<p style=\"text-align: justify;\">[shashin type=\u00bbphoto\u00bb id=\u00bb15024,15023&#8243; size=\u00bblarge\u00bb columns=\u00bbmax\u00bb order=\u00bbuser\u00bb caption=\u00bby\u00bb position=\u00bbcenter\u00bb]<\/p>\n<p style=\"text-align: justify;\">Ese es el punto medio de la ruta de hoy, y nuestro camino sigue por nuestra izquierda, como si volvieramos atr\u00e1s.<\/p>\n<p style=\"text-align: justify;\">A los pocos metros nos encontramos con un telesilla de la estacion de ski de Font-Romeu, concretamente el \u00abTelesi\u00e9ge Nord\u00bb.<\/p>\n<p style=\"text-align: justify;\">[shashin type=\u00bbphoto\u00bb id=\u00bb15028&#8243; size=\u00bblarge\u00bb columns=\u00bbmax\u00bb order=\u00bbuser\u00bb caption=\u00bby\u00bb position=\u00bbcenter\u00bb]<\/p>\n<p style=\"text-align: justify;\">Observamos, al igual que hemos visto en otros telesillas de esta estaci\u00f3n en verano, que los telesillas y arrastres estan recubiertos de plasticos protectores&#8230; es la \u00fanica estaci\u00f3n de la zona en que lo vemos casda verano.<\/p>\n<p style=\"text-align: justify;\">[shashin type=\u00bbphoto\u00bb id=\u00bb15029&#8243; size=\u00bblarge\u00bb columns=\u00bbmax\u00bb order=\u00bbuser\u00bb caption=\u00bby\u00bb position=\u00bbcenter\u00bb]<\/p>\n<p style=\"text-align: justify;\">El camino continua entre los arboles, desde donde vemos una bonita vista de la Cambre d&#8217;Aze, hasta que llegamos al parking donde hemos dejado el coche.<\/p>\n<p style=\"text-align: justify;\">[shashin type=\u00bbphoto\u00bb id=\u00bb15037,15033,15040&#8243; size=\u00bblarge\u00bb columns=\u00bbmax\u00bb order=\u00bbuser\u00bb caption=\u00bby\u00bb position=\u00bbcenter\u00bb]<\/p>\n<hr \/>\n<p><strong>Track de la ruta<\/strong><\/p>\n<p>[sgpx gpx=\u00bb\/wp-content\/uploads\/gpx\/FontRomeu-Lupins.gpx\u00bb]<\/p>\n<hr \/>\n<p>&nbsp;<\/p>\n<p>&nbsp;<\/p>\n<table border=\"2\" cellspacing=\"300\" cellpadding=\"2\">\n<tbody>\n<tr style=\"height: 40px;\">\n<td style=\"width: 300px; height: 40px; text-align: center; vertical-align: middle;\"><strong>Enlace album de fotos<\/strong><\/td>\n<td style=\"width: 300px; height: 40px; text-align: center; vertical-align: middle;\">[shashin type=\u00bbalbum\u00bb id=\u00bb215&#8243; size=\u00bbsmall\u00bb crop=\u00bbn\u00bb columns=\u00bbmax\u00bb caption=\u00bby\u00bb order=\u00bbdate\u00bb position=\u00bbcenter\u00bb]<\/td>\n<\/tr>\n<tr style=\"height: 100px;\">\n<td style=\"width: 300px; height: 100px; text-align: center; vertical-align: middle;\"><strong>Enlace\u00a0 Wikiloc<br \/> <\/strong><\/td>\n<td style=\"width: 300px; height: 100px; text-align: center; vertical-align: middle;\"><a href=\"http:\/\/es.wikiloc.com\/wikiloc\/view.do?id=10282235\" target=\"_blank\"><img loading=\"lazy\" decoding=\"async\" class=\"aligncenter\" title=\"wikiloc\" src=\"http:\/\/www.carlosyconchita.net\/rutas\/wp-content\/uploads\/2020\/09\/wikiloc.jpg\" alt=\"\" width=\"117\" height=\"34\" \/><\/a><\/td>\n<\/tr>\n<\/tbody>\n<\/table>\n<p style=\"text-align: justify;\">\u00a0<\/p>\n<p style=\"text-align: justify;\"><span style=\"color: #ff0000; background-color: #ffffff; font-size: 14pt;\"><strong>Si te ha gustado, comp\u00e1rtelo en tu red favorita,\u00a0 haz +1, o env\u00edanos tu comentario.<br \/> <\/strong><\/span><\/p>\n<p><span style=\"font-size: 14pt;\"><strong><span style=\"color: #ff0000;\">Muchas gracias !<\/span><\/strong><\/span><\/p>\n<hr \/>\n<p style=\"text-align: justify;\"><strong><span style=\"color: #008000;\">Suscribete si quieres recibir un mail cuando publiquemos nuevas rutas : no enviamos publicidad y como m\u00e1ximo enviamos 2 mails al mes<\/span><\/strong><\/p>\n<p>[wysija_form id=\u00bb1&#8243;]<\/p>\n<hr \/>\n","protected":false},"excerpt":{"rendered":"<p>Despu\u00e9s de la caminata de ayer y del fuerte calor, hoy hacemos una excursi\u00f3n f\u00e1cil y tranquila por la zona de Bolqu\u00e9re, empezando como otras muchas veces, por el conocido Parking dels Estagnols ,\u00a0 eligiendo la llamada Ruta des Lupins\u00a0(Bolqu\u00e9re) , que en espa\u00f1ol siginifica altramuces, y\u00a0 que est\u00e1 indicada con el n\u00famero 56. Una [&hellip;]<\/p>\n","protected":false},"author":50,"featured_media":6975,"comment_status":"open","ping_status":"open","sticky":false,"template":"","format":"gallery","meta":{"footnotes":""},"categories":[10,22,18],"tags":[],"class_list":{"0":"post-6961","1":"post","2":"type-post","3":"status-publish","4":"format-gallery","5":"has-post-thumbnail","6":"hentry","7":"category-facil","8":"category-de-05-a-10-km","9":"category-font-romeu-bolquere","10":"post_format-post-format-gallery","12":"post-with-thumbnail","13":"post-with-thumbnail-icon"},"yoast_head":"<!-- This site is optimized with the Yoast SEO plugin v27.4 - https:\/\/yoast.com\/product\/yoast-seo-wordpress\/ -->\n<title>Ruta des Lupins (Bolqu\u00e9re)<\/title>\n<meta name=\"description\" content=\"La Ruta des Lupins (Bolqu\u00e9re) es una excursi\u00f3n f\u00e1cil y tranquila por la zona de Bolqu\u00e9re, empezando en el Parking dels Estagnols , que est\u00e1 indicada con el n\u00famero 56.\" \/>\n<meta name=\"robots\" content=\"index, follow, max-snippet:-1, max-image-preview:large, max-video-preview:-1\" \/>\n<link rel=\"canonical\" href=\"https:\/\/www.carlosyconchita.net\/rutas\/12-07-2015-ruta-des-lupins-bolquere\/\" \/>\n<meta property=\"og:locale\" content=\"es_ES\" \/>\n<meta property=\"og:type\" content=\"article\" \/>\n<meta property=\"og:title\" content=\"Ruta des Lupins (Bolqu\u00e9re)\" \/>\n<meta property=\"og:description\" content=\"La Ruta des Lupins (Bolqu\u00e9re) es una excursi\u00f3n f\u00e1cil y tranquila por la zona de Bolqu\u00e9re, empezando en el Parking dels Estagnols , que est\u00e1 indicada con el n\u00famero 56.\" \/>\n<meta property=\"og:url\" content=\"https:\/\/www.carlosyconchita.net\/rutas\/12-07-2015-ruta-des-lupins-bolquere\/\" \/>\n<meta property=\"og:site_name\" content=\"Las rutas de Carlos y Conchita\" \/>\n<meta property=\"article:published_time\" content=\"2015-07-12T15:23:01+00:00\" \/>\n<meta property=\"article:modified_time\" content=\"2015-07-25T07:01:40+00:00\" \/>\n<meta property=\"og:image\" content=\"https:\/\/www.carlosyconchita.net\/rutas\/wp-content\/uploads\/2015\/07\/P7121409.jpg\" \/>\n\t<meta property=\"og:image:width\" content=\"1024\" \/>\n\t<meta property=\"og:image:height\" content=\"768\" \/>\n\t<meta property=\"og:image:type\" content=\"image\/jpeg\" \/>\n<meta name=\"author\" content=\"Carlos Conchita\" \/>\n<meta name=\"twitter:label1\" content=\"Escrito por\" \/>\n\t<meta name=\"twitter:data1\" content=\"Carlos Conchita\" \/>\n\t<meta name=\"twitter:label2\" content=\"Tiempo de lectura\" \/>\n\t<meta name=\"twitter:data2\" content=\"2 minutos\" \/>\n<script type=\"application\/ld+json\" class=\"yoast-schema-graph\">{\"@context\":\"https:\\\/\\\/schema.org\",\"@graph\":[{\"@type\":\"Article\",\"@id\":\"https:\\\/\\\/www.carlosyconchita.net\\\/rutas\\\/12-07-2015-ruta-des-lupins-bolquere\\\/#article\",\"isPartOf\":{\"@id\":\"https:\\\/\\\/www.carlosyconchita.net\\\/rutas\\\/12-07-2015-ruta-des-lupins-bolquere\\\/\"},\"author\":{\"name\":\"Carlos Conchita\",\"@id\":\"https:\\\/\\\/www.carlosyconchita.net\\\/rutas\\\/#\\\/schema\\\/person\\\/a9691f7258c28443fab2d3aa1479ea19\"},\"headline\":\"12-07-2015 &#8211; Ruta des Lupins (Bolqu\u00e9re)\",\"datePublished\":\"2015-07-12T15:23:01+00:00\",\"dateModified\":\"2015-07-25T07:01:40+00:00\",\"mainEntityOfPage\":{\"@id\":\"https:\\\/\\\/www.carlosyconchita.net\\\/rutas\\\/12-07-2015-ruta-des-lupins-bolquere\\\/\"},\"wordCount\":457,\"commentCount\":0,\"image\":{\"@id\":\"https:\\\/\\\/www.carlosyconchita.net\\\/rutas\\\/12-07-2015-ruta-des-lupins-bolquere\\\/#primaryimage\"},\"thumbnailUrl\":\"https:\\\/\\\/www.carlosyconchita.net\\\/rutas\\\/wp-content\\\/uploads\\\/2015\\\/07\\\/P7121409.jpg\",\"articleSection\":[\"1-F\u00e1cil\",\"2 - De 5 a 10 km.\",\"Font Romeu\"],\"inLanguage\":\"es\",\"potentialAction\":[{\"@type\":\"CommentAction\",\"name\":\"Comment\",\"target\":[\"https:\\\/\\\/www.carlosyconchita.net\\\/rutas\\\/12-07-2015-ruta-des-lupins-bolquere\\\/#respond\"]}]},{\"@type\":\"WebPage\",\"@id\":\"https:\\\/\\\/www.carlosyconchita.net\\\/rutas\\\/12-07-2015-ruta-des-lupins-bolquere\\\/\",\"url\":\"https:\\\/\\\/www.carlosyconchita.net\\\/rutas\\\/12-07-2015-ruta-des-lupins-bolquere\\\/\",\"name\":\"Ruta des Lupins (Bolqu\u00e9re)\",\"isPartOf\":{\"@id\":\"https:\\\/\\\/www.carlosyconchita.net\\\/rutas\\\/#website\"},\"primaryImageOfPage\":{\"@id\":\"https:\\\/\\\/www.carlosyconchita.net\\\/rutas\\\/12-07-2015-ruta-des-lupins-bolquere\\\/#primaryimage\"},\"image\":{\"@id\":\"https:\\\/\\\/www.carlosyconchita.net\\\/rutas\\\/12-07-2015-ruta-des-lupins-bolquere\\\/#primaryimage\"},\"thumbnailUrl\":\"https:\\\/\\\/www.carlosyconchita.net\\\/rutas\\\/wp-content\\\/uploads\\\/2015\\\/07\\\/P7121409.jpg\",\"datePublished\":\"2015-07-12T15:23:01+00:00\",\"dateModified\":\"2015-07-25T07:01:40+00:00\",\"author\":{\"@id\":\"https:\\\/\\\/www.carlosyconchita.net\\\/rutas\\\/#\\\/schema\\\/person\\\/a9691f7258c28443fab2d3aa1479ea19\"},\"description\":\"La Ruta des Lupins (Bolqu\u00e9re) es una excursi\u00f3n f\u00e1cil y tranquila por la zona de Bolqu\u00e9re, empezando en el Parking dels Estagnols , que est\u00e1 indicada con el n\u00famero 56.\",\"breadcrumb\":{\"@id\":\"https:\\\/\\\/www.carlosyconchita.net\\\/rutas\\\/12-07-2015-ruta-des-lupins-bolquere\\\/#breadcrumb\"},\"inLanguage\":\"es\",\"potentialAction\":[{\"@type\":\"ReadAction\",\"target\":[\"https:\\\/\\\/www.carlosyconchita.net\\\/rutas\\\/12-07-2015-ruta-des-lupins-bolquere\\\/\"]}]},{\"@type\":\"ImageObject\",\"inLanguage\":\"es\",\"@id\":\"https:\\\/\\\/www.carlosyconchita.net\\\/rutas\\\/12-07-2015-ruta-des-lupins-bolquere\\\/#primaryimage\",\"url\":\"https:\\\/\\\/www.carlosyconchita.net\\\/rutas\\\/wp-content\\\/uploads\\\/2015\\\/07\\\/P7121409.jpg\",\"contentUrl\":\"https:\\\/\\\/www.carlosyconchita.net\\\/rutas\\\/wp-content\\\/uploads\\\/2015\\\/07\\\/P7121409.jpg\",\"width\":1024,\"height\":768},{\"@type\":\"BreadcrumbList\",\"@id\":\"https:\\\/\\\/www.carlosyconchita.net\\\/rutas\\\/12-07-2015-ruta-des-lupins-bolquere\\\/#breadcrumb\",\"itemListElement\":[{\"@type\":\"ListItem\",\"position\":1,\"name\":\"Portada\",\"item\":\"https:\\\/\\\/www.carlosyconchita.net\\\/rutas\\\/\"},{\"@type\":\"ListItem\",\"position\":2,\"name\":\"12-07-2015 &#8211; Ruta des Lupins (Bolqu\u00e9re)\"}]},{\"@type\":\"WebSite\",\"@id\":\"https:\\\/\\\/www.carlosyconchita.net\\\/rutas\\\/#website\",\"url\":\"https:\\\/\\\/www.carlosyconchita.net\\\/rutas\\\/\",\"name\":\"Las rutas de Carlos y Conchita\",\"description\":\"\",\"potentialAction\":[{\"@type\":\"SearchAction\",\"target\":{\"@type\":\"EntryPoint\",\"urlTemplate\":\"https:\\\/\\\/www.carlosyconchita.net\\\/rutas\\\/?s={search_term_string}\"},\"query-input\":{\"@type\":\"PropertyValueSpecification\",\"valueRequired\":true,\"valueName\":\"search_term_string\"}}],\"inLanguage\":\"es\"},{\"@type\":\"Person\",\"@id\":\"https:\\\/\\\/www.carlosyconchita.net\\\/rutas\\\/#\\\/schema\\\/person\\\/a9691f7258c28443fab2d3aa1479ea19\",\"name\":\"Carlos Conchita\",\"image\":{\"@type\":\"ImageObject\",\"inLanguage\":\"es\",\"@id\":\"https:\\\/\\\/secure.gravatar.com\\\/avatar\\\/3a4625b20c8da3de99da69bfe7a322774e291c3f90dce7e8778a30fe6748ed1a?s=96&d=mm&r=g\",\"url\":\"https:\\\/\\\/secure.gravatar.com\\\/avatar\\\/3a4625b20c8da3de99da69bfe7a322774e291c3f90dce7e8778a30fe6748ed1a?s=96&d=mm&r=g\",\"contentUrl\":\"https:\\\/\\\/secure.gravatar.com\\\/avatar\\\/3a4625b20c8da3de99da69bfe7a322774e291c3f90dce7e8778a30fe6748ed1a?s=96&d=mm&r=g\",\"caption\":\"Carlos Conchita\"}}]}<\/script>\n<!-- \/ Yoast SEO plugin. -->","yoast_head_json":{"title":"Ruta des Lupins (Bolqu\u00e9re)","description":"La Ruta des Lupins (Bolqu\u00e9re) es una excursi\u00f3n f\u00e1cil y tranquila por la zona de Bolqu\u00e9re, empezando en el Parking dels Estagnols , que est\u00e1 indicada con el n\u00famero 56.","robots":{"index":"index","follow":"follow","max-snippet":"max-snippet:-1","max-image-preview":"max-image-preview:large","max-video-preview":"max-video-preview:-1"},"canonical":"https:\/\/www.carlosyconchita.net\/rutas\/12-07-2015-ruta-des-lupins-bolquere\/","og_locale":"es_ES","og_type":"article","og_title":"Ruta des Lupins (Bolqu\u00e9re)","og_description":"La Ruta des Lupins (Bolqu\u00e9re) es una excursi\u00f3n f\u00e1cil y tranquila por la zona de Bolqu\u00e9re, empezando en el Parking dels Estagnols , que est\u00e1 indicada con el n\u00famero 56.","og_url":"https:\/\/www.carlosyconchita.net\/rutas\/12-07-2015-ruta-des-lupins-bolquere\/","og_site_name":"Las rutas de Carlos y Conchita","article_published_time":"2015-07-12T15:23:01+00:00","article_modified_time":"2015-07-25T07:01:40+00:00","og_image":[{"width":1024,"height":768,"url":"https:\/\/www.carlosyconchita.net\/rutas\/wp-content\/uploads\/2015\/07\/P7121409.jpg","type":"image\/jpeg"}],"author":"Carlos Conchita","twitter_misc":{"Escrito por":"Carlos Conchita","Tiempo de lectura":"2 minutos"},"schema":{"@context":"https:\/\/schema.org","@graph":[{"@type":"Article","@id":"https:\/\/www.carlosyconchita.net\/rutas\/12-07-2015-ruta-des-lupins-bolquere\/#article","isPartOf":{"@id":"https:\/\/www.carlosyconchita.net\/rutas\/12-07-2015-ruta-des-lupins-bolquere\/"},"author":{"name":"Carlos Conchita","@id":"https:\/\/www.carlosyconchita.net\/rutas\/#\/schema\/person\/a9691f7258c28443fab2d3aa1479ea19"},"headline":"12-07-2015 &#8211; Ruta des Lupins (Bolqu\u00e9re)","datePublished":"2015-07-12T15:23:01+00:00","dateModified":"2015-07-25T07:01:40+00:00","mainEntityOfPage":{"@id":"https:\/\/www.carlosyconchita.net\/rutas\/12-07-2015-ruta-des-lupins-bolquere\/"},"wordCount":457,"commentCount":0,"image":{"@id":"https:\/\/www.carlosyconchita.net\/rutas\/12-07-2015-ruta-des-lupins-bolquere\/#primaryimage"},"thumbnailUrl":"https:\/\/www.carlosyconchita.net\/rutas\/wp-content\/uploads\/2015\/07\/P7121409.jpg","articleSection":["1-F\u00e1cil","2 - De 5 a 10 km.","Font Romeu"],"inLanguage":"es","potentialAction":[{"@type":"CommentAction","name":"Comment","target":["https:\/\/www.carlosyconchita.net\/rutas\/12-07-2015-ruta-des-lupins-bolquere\/#respond"]}]},{"@type":"WebPage","@id":"https:\/\/www.carlosyconchita.net\/rutas\/12-07-2015-ruta-des-lupins-bolquere\/","url":"https:\/\/www.carlosyconchita.net\/rutas\/12-07-2015-ruta-des-lupins-bolquere\/","name":"Ruta des Lupins (Bolqu\u00e9re)","isPartOf":{"@id":"https:\/\/www.carlosyconchita.net\/rutas\/#website"},"primaryImageOfPage":{"@id":"https:\/\/www.carlosyconchita.net\/rutas\/12-07-2015-ruta-des-lupins-bolquere\/#primaryimage"},"image":{"@id":"https:\/\/www.carlosyconchita.net\/rutas\/12-07-2015-ruta-des-lupins-bolquere\/#primaryimage"},"thumbnailUrl":"https:\/\/www.carlosyconchita.net\/rutas\/wp-content\/uploads\/2015\/07\/P7121409.jpg","datePublished":"2015-07-12T15:23:01+00:00","dateModified":"2015-07-25T07:01:40+00:00","author":{"@id":"https:\/\/www.carlosyconchita.net\/rutas\/#\/schema\/person\/a9691f7258c28443fab2d3aa1479ea19"},"description":"La Ruta des Lupins (Bolqu\u00e9re) es una excursi\u00f3n f\u00e1cil y tranquila por la zona de Bolqu\u00e9re, empezando en el Parking dels Estagnols , que est\u00e1 indicada con el n\u00famero 56.","breadcrumb":{"@id":"https:\/\/www.carlosyconchita.net\/rutas\/12-07-2015-ruta-des-lupins-bolquere\/#breadcrumb"},"inLanguage":"es","potentialAction":[{"@type":"ReadAction","target":["https:\/\/www.carlosyconchita.net\/rutas\/12-07-2015-ruta-des-lupins-bolquere\/"]}]},{"@type":"ImageObject","inLanguage":"es","@id":"https:\/\/www.carlosyconchita.net\/rutas\/12-07-2015-ruta-des-lupins-bolquere\/#primaryimage","url":"https:\/\/www.carlosyconchita.net\/rutas\/wp-content\/uploads\/2015\/07\/P7121409.jpg","contentUrl":"https:\/\/www.carlosyconchita.net\/rutas\/wp-content\/uploads\/2015\/07\/P7121409.jpg","width":1024,"height":768},{"@type":"BreadcrumbList","@id":"https:\/\/www.carlosyconchita.net\/rutas\/12-07-2015-ruta-des-lupins-bolquere\/#breadcrumb","itemListElement":[{"@type":"ListItem","position":1,"name":"Portada","item":"https:\/\/www.carlosyconchita.net\/rutas\/"},{"@type":"ListItem","position":2,"name":"12-07-2015 &#8211; Ruta des Lupins (Bolqu\u00e9re)"}]},{"@type":"WebSite","@id":"https:\/\/www.carlosyconchita.net\/rutas\/#website","url":"https:\/\/www.carlosyconchita.net\/rutas\/","name":"Las rutas de Carlos y Conchita","description":"","potentialAction":[{"@type":"SearchAction","target":{"@type":"EntryPoint","urlTemplate":"https:\/\/www.carlosyconchita.net\/rutas\/?s={search_term_string}"},"query-input":{"@type":"PropertyValueSpecification","valueRequired":true,"valueName":"search_term_string"}}],"inLanguage":"es"},{"@type":"Person","@id":"https:\/\/www.carlosyconchita.net\/rutas\/#\/schema\/person\/a9691f7258c28443fab2d3aa1479ea19","name":"Carlos Conchita","image":{"@type":"ImageObject","inLanguage":"es","@id":"https:\/\/secure.gravatar.com\/avatar\/3a4625b20c8da3de99da69bfe7a322774e291c3f90dce7e8778a30fe6748ed1a?s=96&d=mm&r=g","url":"https:\/\/secure.gravatar.com\/avatar\/3a4625b20c8da3de99da69bfe7a322774e291c3f90dce7e8778a30fe6748ed1a?s=96&d=mm&r=g","contentUrl":"https:\/\/secure.gravatar.com\/avatar\/3a4625b20c8da3de99da69bfe7a322774e291c3f90dce7e8778a30fe6748ed1a?s=96&d=mm&r=g","caption":"Carlos Conchita"}}]}},"_links":{"self":[{"href":"https:\/\/www.carlosyconchita.net\/rutas\/wp-json\/wp\/v2\/posts\/6961","targetHints":{"allow":["GET"]}}],"collection":[{"href":"https:\/\/www.carlosyconchita.net\/rutas\/wp-json\/wp\/v2\/posts"}],"about":[{"href":"https:\/\/www.carlosyconchita.net\/rutas\/wp-json\/wp\/v2\/types\/post"}],"author":[{"embeddable":true,"href":"https:\/\/www.carlosyconchita.net\/rutas\/wp-json\/wp\/v2\/users\/50"}],"replies":[{"embeddable":true,"href":"https:\/\/www.carlosyconchita.net\/rutas\/wp-json\/wp\/v2\/comments?post=6961"}],"version-history":[{"count":0,"href":"https:\/\/www.carlosyconchita.net\/rutas\/wp-json\/wp\/v2\/posts\/6961\/revisions"}],"wp:featuredmedia":[{"embeddable":true,"href":"https:\/\/www.carlosyconchita.net\/rutas\/wp-json\/wp\/v2\/media\/6975"}],"wp:attachment":[{"href":"https:\/\/www.carlosyconchita.net\/rutas\/wp-json\/wp\/v2\/media?parent=6961"}],"wp:term":[{"taxonomy":"category","embeddable":true,"href":"https:\/\/www.carlosyconchita.net\/rutas\/wp-json\/wp\/v2\/categories?post=6961"},{"taxonomy":"post_tag","embeddable":true,"href":"https:\/\/www.carlosyconchita.net\/rutas\/wp-json\/wp\/v2\/tags?post=6961"}],"curies":[{"name":"wp","href":"https:\/\/api.w.org\/{rel}","templated":true}]}}