{"id":6989,"date":"2015-07-18T09:58:42","date_gmt":"2015-07-18T08:58:42","guid":{"rendered":"http:\/\/www.carlosyconchita.net\/rutas\/?p=6989"},"modified":"2021-02-27T20:00:49","modified_gmt":"2021-02-27T19:00:49","slug":"18-07-2015-pico-tarbesou-lago-rabassoles-parking-de-la-restanque","status":"publish","type":"post","link":"https:\/\/www.carlosyconchita.net\/rutas\/18-07-2015-pico-tarbesou-lago-rabassoles-parking-de-la-restanque\/","title":{"rendered":"18-07-2015 &#8211; Pico Tarbesou &#8211; Lago Rabassoles -Parking de la Restanque"},"content":{"rendered":"<p style=\"text-align: justify;\">\u00a0Finalmente hemos podido realizar esta ruta que llev\u00e1bamos tiempo esperando, y que nos ha permitido unir varias de las que ya habiamos hecho por esta bonita zona de\u00a0 los lagos de Rabassoles, Bleu, Noir y el del Roc de Bragues, pero en vez de visitarlos desde el Parking de la Restanque, la hemos hecho descendiendo desde el Pico de Tarbesou.<\/p>\n<p>Anteriormente habiamos visitado estos lagos en nuestras anteriores rutas\u00a0 :<\/p>\n<p><a title=\"25-08-2012 \u2013 Lac de Rabassoles\" href=\"http:\/\/www.carlosyconchita.net\/rutas\/?p=231\" target=\"_blank\" rel=\"noopener\">25-08-2012 &#8211; Lac de Rabassoles, Lac Bleu y Lac Noir<\/a><\/p>\n<p><a href=\"http:\/\/www.carlosyconchita.net\/rutas\/05-07-2014-lagos-rabassoles-bleu-y-roc-de-brague\/\" rel=\"bookmark\">05-07-2014 \u2013 Lagos Rabassoles, Bleu y Roc de Brague<\/a><\/p>\n<p>&nbsp;<\/p>\n<p style=\"text-align: justify;\">Y despu\u00e9s habiamos subido al\u00a0 Pico de Tarbesou\u00a0 (<a href=\"http:\/\/www.carlosyconchita.net\/rutas\/06-08-2014-pico-de-tarbesou\/\" target=\"_blank\" rel=\"noopener\">06-08-2014 &#8211; Pico de Tarbesou)<\/a> , desde donde tenemos unas magnificas vistas desde arriba de estos mismos lagos de Rabassoles, Bleu y Noir.<\/p>\n<p style=\"text-align: justify;\">Es esta ultima ocasi\u00f3n, al ver las vistas desde arriba,\u00a0 se nos ocurri\u00f3\u00a0 bajar desde el Tarbesou a los citados lagos,\u00a0 recorriendo la carena o cresta de la monta\u00f1a que teniamos a nuestra derecha, y llegar al Parking de la Restanque.<\/p>\n<p style=\"text-align: justify;\">La ruta asi pensada empezaba pues en el Col de Palhieres (inicio de la ruta hacia el Pico de Tarbesou)\u00a0 ,y terminaba abajo en el Parking de la Restanque.<\/p>\n<p style=\"text-align: justify;\">El desnivel seria de unos 500 m. de subida y algo mas de 900 de bajada, y volver a subir despues al Coll de Palhieres para coger el coche, resultaria un poco durillo, por lo que dejamos previamente un segundo coche en el Parking de la Restanque, y asi , resultaria mas facil, por lo que la hemos hecho cuando hemos podido coincidir con nuestra hijo David y Ang\u00e9lica que nos han acompa\u00f1ado , y tambi\u00e9n con Luna, la simp\u00e1tica perrita que ha aguantado como una \u00abjabata\u00bb, la paliza de esta excursi\u00f3n y la que hicimos el dia siguiente.<\/p>\n<table border=\"1\" cellspacing=\"300\" cellpadding=\"1\">\n<tbody>\n<tr>\n<td style=\"width: 300px; height: 40px; text-align: left; vertical-align: top;\"><strong>Dificultad :\u00a0\u00a0 Moderada<\/strong><\/td>\n<td><strong>Recorrido :\u00a0 10&#8217;841 km.<\/strong><\/td>\n<\/tr>\n<tr>\n<td>\n<p><strong>Desnivel acum.\u00a0 :\u00a0\u00a0 542 m. \u00a0 \u00a0 subida<\/strong><\/p>\n<p><strong>\u00a0\u00a0\u00a0\u00a0\u00a0\u00a0\u00a0\u00a0\u00a0\u00a0\u00a0\u00a0\u00a0\u00a0\u00a0\u00a0\u00a0\u00a0\u00a0\u00a0\u00a0\u00a0\u00a0\u00a0\u00a0\u00a0\u00a0\u00a0\u00a0\u00a0\u00a0\u00a0 940 m. bajada<\/strong><\/p>\n<\/td>\n<td><strong>Alturas m\u00edn.\/m\u00e1x. \u00a0 :\u00a0\u00a0 1.571 \/ 2.361 m.<\/strong><\/td>\n<\/tr>\n<tr>\n<td><strong>Tiempo total :\u00a0 6 h. 26 m.<br \/> <\/strong><\/td>\n<td><strong>Velocidad media :\u00a0 1&#8217;65 km.\/hora<\/strong><\/td>\n<\/tr>\n<tr>\n<td><strong>Tiempo movimiento\u00a0 :\u00a0 3 h. 17 m.<br \/> <\/strong><\/td>\n<td><strong> Velocidad media\u00a0 :\u00a0 3&#8217;23 km.\/hora<\/strong><\/td>\n<\/tr>\n<\/tbody>\n<\/table>\n<p style=\"text-align: justify;\">En las siguientes fotos hemos dibujado el camino recorrido : desde el Pico de Tarbesou bajamos por la derecha por un camino bastante empinado, hasta llegar al camino que vemos perfectamente en la foto, y que recorre toda la cresta de la monta\u00f1a por encima de los 3 lagos de Rabassoles, Bleu y Noir.<\/p>\n<p style=\"text-align: justify;\">Llegamos despues cerca del Roc de Bragues, y alli descendemos hasta el lago del mismo nombre, nos dirigimos despu\u00e9s a los 3 lagos antes citados, y desde all\u00ed seguimos el camino que va bajando hasta el Parking de la Restanque, y ya con el coche que habiamos dejado alli,\u00a0 subimos de nuevo al Coll de Palhieres, para recoger el primer coche.<\/p>\n<p style=\"text-align: justify;\">Como que en una sola foto no cabe todo el recorrido, en la primera vemos el camino de bajada del Pico y por la cresta de la monta\u00f1a, y en la segunda, cuando el camino ya pasa por encima de los lagos y el descenso hasta el parking de la Restanque.<\/p>\n<p style=\"text-align: justify;\">\u00a0<\/p>\n<p>\u00a0[shashin type=\u00bbphoto\u00bb id=\u00bb15054&#8243; size=\u00bblarge\u00bb columns=\u00bbmax\u00bb order=\u00bbuser\u00bb position=\u00bbcenter\u00bb]<\/p>\n<p>[shashin type=\u00bbphoto\u00bb id=\u00bb15122&#8243; size=\u00bblarge\u00bb columns=\u00bbmax\u00bb order=\u00bbuser\u00bb position=\u00bbcenter\u00bb]<\/p>\n<p>&nbsp;<\/p>\n<p>Este es el Col de Palhieres, punto de inicio de la excursi\u00f3n.<\/p>\n<p>[shashin type=\u00bbphoto\u00bb id=\u00bb15043&#8243; size=\u00bblarge\u00bb columns=\u00bbmax\u00bb order=\u00bbuser\u00bb caption=\u00bby\u00bb position=\u00bbcenter\u00bb]<\/p>\n<p>&nbsp;<\/p>\n<p>Camino del Pico de Tarbesou<\/p>\n<p>[shashin type=\u00bbphoto\u00bb id=\u00bb15049&#8243; size=\u00bblarge\u00bb columns=\u00bbmax\u00bb order=\u00bbuser\u00bb caption=\u00bby\u00bb position=\u00bbcenter\u00bb]<\/p>\n<p>&nbsp;<\/p>\n<p>Hemos llegado arriba al Pico de Tarbesou<\/p>\n<p>[shashin type=\u00bbphoto\u00bb id=\u00bb15050&#8243; size=\u00bblarge\u00bb columns=\u00bbmax\u00bb order=\u00bbuser\u00bb caption=\u00bby\u00bb position=\u00bbcenter\u00bb]<\/p>\n<p>&nbsp;<\/p>\n<p>Vista de los lagos desde arriba<\/p>\n<p>[shashin type=\u00bbphoto\u00bb id=\u00bb15053&#8243; size=\u00bblarge\u00bb columns=\u00bbmax\u00bb order=\u00bbuser\u00bb caption=\u00bby\u00bb position=\u00bbcenter\u00bb]<\/p>\n<p>&nbsp;<\/p>\n<p>Recorriendo la carena<\/p>\n<p>[shashin type=\u00bbphoto\u00bb id=\u00bb15079,15084,15089&#8243; size=\u00bblarge\u00bb columns=\u00bbmax\u00bb order=\u00bbuser\u00bb caption=\u00bby\u00bb position=\u00bbcenter\u00bb]<\/p>\n<p>&nbsp;<\/p>\n<p>El lago del Roc de Bragues y un peque\u00f1o descanso para comer algo<\/p>\n<p>[shashin type=\u00bbphoto\u00bb id=\u00bb15101,15102,15103&#8243; size=\u00bblarge\u00bb columns=\u00bbmax\u00bb order=\u00bbuser\u00bb caption=\u00bby\u00bb position=\u00bbcenter\u00bb]<\/p>\n<p>&nbsp;<\/p>\n<p>El lago Bleu<\/p>\n<p>[shashin type=\u00bbphoto\u00bb id=\u00bb15107,15109&#8243; size=\u00bblarge\u00bb columns=\u00bbmax\u00bb order=\u00bbuser\u00bb caption=\u00bby\u00bb position=\u00bbcenter\u00bb]<\/p>\n<p>&nbsp;<\/p>\n<p>El lago de Rabassoles<\/p>\n<p>[shashin type=\u00bbphoto\u00bb id=\u00bb15114&#8243; size=\u00bblarge\u00bb columns=\u00bbmax\u00bb order=\u00bbuser\u00bb caption=\u00bby\u00bb position=\u00bbcenter\u00bb]<\/p>\n<p>&nbsp;<\/p>\n<p>Y por fin llegamos al parking de la Restanque<\/p>\n<p>[shashin type=\u00bbphoto\u00bb id=\u00bb15121&#8243; size=\u00bblarge\u00bb columns=\u00bbmax\u00bb order=\u00bbuser\u00bb caption=\u00bby\u00bb position=\u00bbcenter\u00bb]<\/p>\n<hr \/>\n<p>&nbsp;<\/p>\n<p>&nbsp;<\/p>\n<p><strong>Track de la ruta<\/strong><\/p>\n<p>[sgpx gpx=\u00bb\/wp-content\/uploads\/gpx\/Tarbesou-Restanque.gpx\u00bb]<\/p>\n<hr \/>\n<p>&nbsp;<\/p>\n<table border=\"2\" cellspacing=\"300\" cellpadding=\"2\">\n<tbody>\n<tr style=\"height: 40px;\">\n<td style=\"width: 300px; height: 40px; text-align: center; vertical-align: middle;\"><strong>Enlace album de fotos<\/strong><\/td>\n<td style=\"width: 300px; height: 40px; text-align: center; vertical-align: middle;\">[shashin type=\u00bbalbum\u00bb id=\u00bb216&#8243; size=\u00bbsmall\u00bb crop=\u00bbn\u00bb columns=\u00bbmax\u00bb caption=\u00bby\u00bb order=\u00bbdate\u00bb position=\u00bbcenter\u00bb]<\/td>\n<\/tr>\n<tr style=\"height: 100px;\">\n<td style=\"width: 300px; height: 100px; text-align: center; vertical-align: middle;\"><strong>Enlace\u00a0 Wikiloc<br \/> <\/strong><\/td>\n<td style=\"width: 300px; height: 100px; text-align: center; vertical-align: middle;\"><a href=\"http:\/\/es.wikiloc.com\/wikiloc\/view.do?id=10404000\" target=\"_blank\" rel=\"noopener\"><img loading=\"lazy\" decoding=\"async\" class=\"aligncenter\" title=\"wikiloc\" src=\"http:\/\/www.carlosyconchita.net\/rutas\/wp-content\/uploads\/2020\/09\/wikiloc.jpg\" alt=\"\" width=\"117\" height=\"34\" \/><\/a><\/td>\n<\/tr>\n<\/tbody>\n<\/table>\n<p>&nbsp;<\/p>\n<p style=\"text-align: justify;\"><span style=\"color: #ff0000; background-color: #ffffff; font-size: 14pt;\"><strong>Si te ha gustado, comp\u00e1rtelo en tu red favorita,\u00a0 haz +1, o env\u00edanos tu comentario.<br \/> <\/strong><\/span><\/p>\n<p><span style=\"font-size: 14pt;\"><strong><span style=\"color: #ff0000;\">Muchas gracias !<\/span><\/strong><\/span><\/p>\n<hr \/>\n<p style=\"text-align: justify;\"><strong><span style=\"color: #008000;\">Suscribete si quieres recibir un mail cuando publiquemos nuevas rutas : no enviamos publicidad y como m\u00e1ximo enviamos 2 mails al mes<\/span><\/strong><\/p>\n<p>[wysija_form id=\u00bb1&#8243;]<\/p>\n","protected":false},"excerpt":{"rendered":"<p>\u00a0Finalmente hemos podido realizar esta ruta que llev\u00e1bamos tiempo esperando, y que nos ha permitido unir varias de las que ya habiamos hecho por esta bonita zona de\u00a0 los lagos de Rabassoles, Bleu, Noir y el del Roc de Bragues, pero en vez de visitarlos desde el Parking de la Restanque, la hemos hecho descendiendo [&hellip;]<\/p>\n","protected":false},"author":50,"featured_media":7026,"comment_status":"open","ping_status":"open","sticky":false,"template":"","format":"gallery","meta":{"footnotes":""},"categories":[106,11,23,45],"tags":[],"class_list":{"0":"post-6989","1":"post","2":"type-post","3":"status-publish","4":"format-gallery","5":"has-post-thumbnail","6":"hentry","7":"category-nuestros-100-cims","8":"category-moderada","9":"category-de-10-a-15-km","10":"category-ariege","11":"post_format-post-format-gallery","13":"post-with-thumbnail","14":"post-with-thumbnail-icon"},"yoast_head":"<!-- This site is optimized with the Yoast SEO plugin v27.4 - https:\/\/yoast.com\/product\/yoast-seo-wordpress\/ -->\n<title>18-07-2015 - Pico Tarbesou - Lago Rabassoles -Parking de la Restanque -<\/title>\n<meta name=\"robots\" content=\"index, follow, max-snippet:-1, max-image-preview:large, max-video-preview:-1\" \/>\n<link rel=\"canonical\" href=\"https:\/\/www.carlosyconchita.net\/rutas\/18-07-2015-pico-tarbesou-lago-rabassoles-parking-de-la-restanque\/\" \/>\n<meta property=\"og:locale\" content=\"es_ES\" \/>\n<meta property=\"og:type\" content=\"article\" \/>\n<meta property=\"og:title\" content=\"18-07-2015 - Pico Tarbesou - Lago Rabassoles -Parking de la Restanque -\" \/>\n<meta property=\"og:description\" content=\"\u00a0Finalmente hemos podido realizar esta ruta que llev\u00e1bamos tiempo esperando, y que nos ha permitido unir varias de las que ya habiamos hecho por esta bonita zona de\u00a0 los lagos de Rabassoles, Bleu, Noir y el del Roc de Bragues, pero en vez de visitarlos desde el Parking de la Restanque, la hemos hecho descendiendo [&hellip;]\" \/>\n<meta property=\"og:url\" content=\"https:\/\/www.carlosyconchita.net\/rutas\/18-07-2015-pico-tarbesou-lago-rabassoles-parking-de-la-restanque\/\" \/>\n<meta property=\"og:site_name\" content=\"Las rutas de Carlos y Conchita\" \/>\n<meta property=\"article:published_time\" content=\"2015-07-18T08:58:42+00:00\" \/>\n<meta property=\"article:modified_time\" content=\"2021-02-27T19:00:49+00:00\" \/>\n<meta property=\"og:image\" content=\"https:\/\/www.carlosyconchita.net\/rutas\/wp-content\/uploads\/2015\/08\/P7181453.jpg\" \/>\n\t<meta property=\"og:image:width\" content=\"1024\" \/>\n\t<meta property=\"og:image:height\" content=\"768\" \/>\n\t<meta property=\"og:image:type\" content=\"image\/jpeg\" \/>\n<meta name=\"author\" content=\"Carlos Conchita\" \/>\n<meta name=\"twitter:label1\" content=\"Escrito por\" \/>\n\t<meta name=\"twitter:data1\" content=\"Carlos Conchita\" \/>\n\t<meta name=\"twitter:label2\" content=\"Tiempo de lectura\" \/>\n\t<meta name=\"twitter:data2\" content=\"4 minutos\" \/>\n<script type=\"application\/ld+json\" class=\"yoast-schema-graph\">{\"@context\":\"https:\\\/\\\/schema.org\",\"@graph\":[{\"@type\":\"Article\",\"@id\":\"https:\\\/\\\/www.carlosyconchita.net\\\/rutas\\\/18-07-2015-pico-tarbesou-lago-rabassoles-parking-de-la-restanque\\\/#article\",\"isPartOf\":{\"@id\":\"https:\\\/\\\/www.carlosyconchita.net\\\/rutas\\\/18-07-2015-pico-tarbesou-lago-rabassoles-parking-de-la-restanque\\\/\"},\"author\":{\"name\":\"Carlos Conchita\",\"@id\":\"https:\\\/\\\/www.carlosyconchita.net\\\/rutas\\\/#\\\/schema\\\/person\\\/a9691f7258c28443fab2d3aa1479ea19\"},\"headline\":\"18-07-2015 &#8211; Pico Tarbesou &#8211; Lago Rabassoles -Parking de la Restanque\",\"datePublished\":\"2015-07-18T08:58:42+00:00\",\"dateModified\":\"2021-02-27T19:00:49+00:00\",\"mainEntityOfPage\":{\"@id\":\"https:\\\/\\\/www.carlosyconchita.net\\\/rutas\\\/18-07-2015-pico-tarbesou-lago-rabassoles-parking-de-la-restanque\\\/\"},\"wordCount\":807,\"commentCount\":1,\"image\":{\"@id\":\"https:\\\/\\\/www.carlosyconchita.net\\\/rutas\\\/18-07-2015-pico-tarbesou-lago-rabassoles-parking-de-la-restanque\\\/#primaryimage\"},\"thumbnailUrl\":\"https:\\\/\\\/www.carlosyconchita.net\\\/rutas\\\/wp-content\\\/uploads\\\/2015\\\/08\\\/P7181453.jpg\",\"articleSection\":[\"100 Cims Carlos y Conchita\",\"2-Moderada\",\"3 - De 10 a 15 km.\",\"Ari\u00e8ge\"],\"inLanguage\":\"es\",\"potentialAction\":[{\"@type\":\"CommentAction\",\"name\":\"Comment\",\"target\":[\"https:\\\/\\\/www.carlosyconchita.net\\\/rutas\\\/18-07-2015-pico-tarbesou-lago-rabassoles-parking-de-la-restanque\\\/#respond\"]}]},{\"@type\":\"WebPage\",\"@id\":\"https:\\\/\\\/www.carlosyconchita.net\\\/rutas\\\/18-07-2015-pico-tarbesou-lago-rabassoles-parking-de-la-restanque\\\/\",\"url\":\"https:\\\/\\\/www.carlosyconchita.net\\\/rutas\\\/18-07-2015-pico-tarbesou-lago-rabassoles-parking-de-la-restanque\\\/\",\"name\":\"18-07-2015 - Pico Tarbesou - Lago Rabassoles -Parking de la Restanque -\",\"isPartOf\":{\"@id\":\"https:\\\/\\\/www.carlosyconchita.net\\\/rutas\\\/#website\"},\"primaryImageOfPage\":{\"@id\":\"https:\\\/\\\/www.carlosyconchita.net\\\/rutas\\\/18-07-2015-pico-tarbesou-lago-rabassoles-parking-de-la-restanque\\\/#primaryimage\"},\"image\":{\"@id\":\"https:\\\/\\\/www.carlosyconchita.net\\\/rutas\\\/18-07-2015-pico-tarbesou-lago-rabassoles-parking-de-la-restanque\\\/#primaryimage\"},\"thumbnailUrl\":\"https:\\\/\\\/www.carlosyconchita.net\\\/rutas\\\/wp-content\\\/uploads\\\/2015\\\/08\\\/P7181453.jpg\",\"datePublished\":\"2015-07-18T08:58:42+00:00\",\"dateModified\":\"2021-02-27T19:00:49+00:00\",\"author\":{\"@id\":\"https:\\\/\\\/www.carlosyconchita.net\\\/rutas\\\/#\\\/schema\\\/person\\\/a9691f7258c28443fab2d3aa1479ea19\"},\"breadcrumb\":{\"@id\":\"https:\\\/\\\/www.carlosyconchita.net\\\/rutas\\\/18-07-2015-pico-tarbesou-lago-rabassoles-parking-de-la-restanque\\\/#breadcrumb\"},\"inLanguage\":\"es\",\"potentialAction\":[{\"@type\":\"ReadAction\",\"target\":[\"https:\\\/\\\/www.carlosyconchita.net\\\/rutas\\\/18-07-2015-pico-tarbesou-lago-rabassoles-parking-de-la-restanque\\\/\"]}]},{\"@type\":\"ImageObject\",\"inLanguage\":\"es\",\"@id\":\"https:\\\/\\\/www.carlosyconchita.net\\\/rutas\\\/18-07-2015-pico-tarbesou-lago-rabassoles-parking-de-la-restanque\\\/#primaryimage\",\"url\":\"https:\\\/\\\/www.carlosyconchita.net\\\/rutas\\\/wp-content\\\/uploads\\\/2015\\\/08\\\/P7181453.jpg\",\"contentUrl\":\"https:\\\/\\\/www.carlosyconchita.net\\\/rutas\\\/wp-content\\\/uploads\\\/2015\\\/08\\\/P7181453.jpg\",\"width\":1024,\"height\":768},{\"@type\":\"BreadcrumbList\",\"@id\":\"https:\\\/\\\/www.carlosyconchita.net\\\/rutas\\\/18-07-2015-pico-tarbesou-lago-rabassoles-parking-de-la-restanque\\\/#breadcrumb\",\"itemListElement\":[{\"@type\":\"ListItem\",\"position\":1,\"name\":\"Portada\",\"item\":\"https:\\\/\\\/www.carlosyconchita.net\\\/rutas\\\/\"},{\"@type\":\"ListItem\",\"position\":2,\"name\":\"18-07-2015 &#8211; Pico Tarbesou &#8211; Lago Rabassoles -Parking de la Restanque\"}]},{\"@type\":\"WebSite\",\"@id\":\"https:\\\/\\\/www.carlosyconchita.net\\\/rutas\\\/#website\",\"url\":\"https:\\\/\\\/www.carlosyconchita.net\\\/rutas\\\/\",\"name\":\"Las rutas de Carlos y Conchita\",\"description\":\"\",\"potentialAction\":[{\"@type\":\"SearchAction\",\"target\":{\"@type\":\"EntryPoint\",\"urlTemplate\":\"https:\\\/\\\/www.carlosyconchita.net\\\/rutas\\\/?s={search_term_string}\"},\"query-input\":{\"@type\":\"PropertyValueSpecification\",\"valueRequired\":true,\"valueName\":\"search_term_string\"}}],\"inLanguage\":\"es\"},{\"@type\":\"Person\",\"@id\":\"https:\\\/\\\/www.carlosyconchita.net\\\/rutas\\\/#\\\/schema\\\/person\\\/a9691f7258c28443fab2d3aa1479ea19\",\"name\":\"Carlos Conchita\",\"image\":{\"@type\":\"ImageObject\",\"inLanguage\":\"es\",\"@id\":\"https:\\\/\\\/secure.gravatar.com\\\/avatar\\\/3a4625b20c8da3de99da69bfe7a322774e291c3f90dce7e8778a30fe6748ed1a?s=96&d=mm&r=g\",\"url\":\"https:\\\/\\\/secure.gravatar.com\\\/avatar\\\/3a4625b20c8da3de99da69bfe7a322774e291c3f90dce7e8778a30fe6748ed1a?s=96&d=mm&r=g\",\"contentUrl\":\"https:\\\/\\\/secure.gravatar.com\\\/avatar\\\/3a4625b20c8da3de99da69bfe7a322774e291c3f90dce7e8778a30fe6748ed1a?s=96&d=mm&r=g\",\"caption\":\"Carlos Conchita\"}}]}<\/script>\n<!-- \/ Yoast SEO plugin. -->","yoast_head_json":{"title":"18-07-2015 - Pico Tarbesou - Lago Rabassoles -Parking de la Restanque -","robots":{"index":"index","follow":"follow","max-snippet":"max-snippet:-1","max-image-preview":"max-image-preview:large","max-video-preview":"max-video-preview:-1"},"canonical":"https:\/\/www.carlosyconchita.net\/rutas\/18-07-2015-pico-tarbesou-lago-rabassoles-parking-de-la-restanque\/","og_locale":"es_ES","og_type":"article","og_title":"18-07-2015 - Pico Tarbesou - Lago Rabassoles -Parking de la Restanque -","og_description":"\u00a0Finalmente hemos podido realizar esta ruta que llev\u00e1bamos tiempo esperando, y que nos ha permitido unir varias de las que ya habiamos hecho por esta bonita zona de\u00a0 los lagos de Rabassoles, Bleu, Noir y el del Roc de Bragues, pero en vez de visitarlos desde el Parking de la Restanque, la hemos hecho descendiendo [&hellip;]","og_url":"https:\/\/www.carlosyconchita.net\/rutas\/18-07-2015-pico-tarbesou-lago-rabassoles-parking-de-la-restanque\/","og_site_name":"Las rutas de Carlos y Conchita","article_published_time":"2015-07-18T08:58:42+00:00","article_modified_time":"2021-02-27T19:00:49+00:00","og_image":[{"width":1024,"height":768,"url":"https:\/\/www.carlosyconchita.net\/rutas\/wp-content\/uploads\/2015\/08\/P7181453.jpg","type":"image\/jpeg"}],"author":"Carlos Conchita","twitter_misc":{"Escrito por":"Carlos Conchita","Tiempo de lectura":"4 minutos"},"schema":{"@context":"https:\/\/schema.org","@graph":[{"@type":"Article","@id":"https:\/\/www.carlosyconchita.net\/rutas\/18-07-2015-pico-tarbesou-lago-rabassoles-parking-de-la-restanque\/#article","isPartOf":{"@id":"https:\/\/www.carlosyconchita.net\/rutas\/18-07-2015-pico-tarbesou-lago-rabassoles-parking-de-la-restanque\/"},"author":{"name":"Carlos Conchita","@id":"https:\/\/www.carlosyconchita.net\/rutas\/#\/schema\/person\/a9691f7258c28443fab2d3aa1479ea19"},"headline":"18-07-2015 &#8211; Pico Tarbesou &#8211; Lago Rabassoles -Parking de la Restanque","datePublished":"2015-07-18T08:58:42+00:00","dateModified":"2021-02-27T19:00:49+00:00","mainEntityOfPage":{"@id":"https:\/\/www.carlosyconchita.net\/rutas\/18-07-2015-pico-tarbesou-lago-rabassoles-parking-de-la-restanque\/"},"wordCount":807,"commentCount":1,"image":{"@id":"https:\/\/www.carlosyconchita.net\/rutas\/18-07-2015-pico-tarbesou-lago-rabassoles-parking-de-la-restanque\/#primaryimage"},"thumbnailUrl":"https:\/\/www.carlosyconchita.net\/rutas\/wp-content\/uploads\/2015\/08\/P7181453.jpg","articleSection":["100 Cims Carlos y Conchita","2-Moderada","3 - De 10 a 15 km.","Ari\u00e8ge"],"inLanguage":"es","potentialAction":[{"@type":"CommentAction","name":"Comment","target":["https:\/\/www.carlosyconchita.net\/rutas\/18-07-2015-pico-tarbesou-lago-rabassoles-parking-de-la-restanque\/#respond"]}]},{"@type":"WebPage","@id":"https:\/\/www.carlosyconchita.net\/rutas\/18-07-2015-pico-tarbesou-lago-rabassoles-parking-de-la-restanque\/","url":"https:\/\/www.carlosyconchita.net\/rutas\/18-07-2015-pico-tarbesou-lago-rabassoles-parking-de-la-restanque\/","name":"18-07-2015 - Pico Tarbesou - Lago Rabassoles -Parking de la Restanque -","isPartOf":{"@id":"https:\/\/www.carlosyconchita.net\/rutas\/#website"},"primaryImageOfPage":{"@id":"https:\/\/www.carlosyconchita.net\/rutas\/18-07-2015-pico-tarbesou-lago-rabassoles-parking-de-la-restanque\/#primaryimage"},"image":{"@id":"https:\/\/www.carlosyconchita.net\/rutas\/18-07-2015-pico-tarbesou-lago-rabassoles-parking-de-la-restanque\/#primaryimage"},"thumbnailUrl":"https:\/\/www.carlosyconchita.net\/rutas\/wp-content\/uploads\/2015\/08\/P7181453.jpg","datePublished":"2015-07-18T08:58:42+00:00","dateModified":"2021-02-27T19:00:49+00:00","author":{"@id":"https:\/\/www.carlosyconchita.net\/rutas\/#\/schema\/person\/a9691f7258c28443fab2d3aa1479ea19"},"breadcrumb":{"@id":"https:\/\/www.carlosyconchita.net\/rutas\/18-07-2015-pico-tarbesou-lago-rabassoles-parking-de-la-restanque\/#breadcrumb"},"inLanguage":"es","potentialAction":[{"@type":"ReadAction","target":["https:\/\/www.carlosyconchita.net\/rutas\/18-07-2015-pico-tarbesou-lago-rabassoles-parking-de-la-restanque\/"]}]},{"@type":"ImageObject","inLanguage":"es","@id":"https:\/\/www.carlosyconchita.net\/rutas\/18-07-2015-pico-tarbesou-lago-rabassoles-parking-de-la-restanque\/#primaryimage","url":"https:\/\/www.carlosyconchita.net\/rutas\/wp-content\/uploads\/2015\/08\/P7181453.jpg","contentUrl":"https:\/\/www.carlosyconchita.net\/rutas\/wp-content\/uploads\/2015\/08\/P7181453.jpg","width":1024,"height":768},{"@type":"BreadcrumbList","@id":"https:\/\/www.carlosyconchita.net\/rutas\/18-07-2015-pico-tarbesou-lago-rabassoles-parking-de-la-restanque\/#breadcrumb","itemListElement":[{"@type":"ListItem","position":1,"name":"Portada","item":"https:\/\/www.carlosyconchita.net\/rutas\/"},{"@type":"ListItem","position":2,"name":"18-07-2015 &#8211; Pico Tarbesou &#8211; Lago Rabassoles -Parking de la Restanque"}]},{"@type":"WebSite","@id":"https:\/\/www.carlosyconchita.net\/rutas\/#website","url":"https:\/\/www.carlosyconchita.net\/rutas\/","name":"Las rutas de Carlos y Conchita","description":"","potentialAction":[{"@type":"SearchAction","target":{"@type":"EntryPoint","urlTemplate":"https:\/\/www.carlosyconchita.net\/rutas\/?s={search_term_string}"},"query-input":{"@type":"PropertyValueSpecification","valueRequired":true,"valueName":"search_term_string"}}],"inLanguage":"es"},{"@type":"Person","@id":"https:\/\/www.carlosyconchita.net\/rutas\/#\/schema\/person\/a9691f7258c28443fab2d3aa1479ea19","name":"Carlos Conchita","image":{"@type":"ImageObject","inLanguage":"es","@id":"https:\/\/secure.gravatar.com\/avatar\/3a4625b20c8da3de99da69bfe7a322774e291c3f90dce7e8778a30fe6748ed1a?s=96&d=mm&r=g","url":"https:\/\/secure.gravatar.com\/avatar\/3a4625b20c8da3de99da69bfe7a322774e291c3f90dce7e8778a30fe6748ed1a?s=96&d=mm&r=g","contentUrl":"https:\/\/secure.gravatar.com\/avatar\/3a4625b20c8da3de99da69bfe7a322774e291c3f90dce7e8778a30fe6748ed1a?s=96&d=mm&r=g","caption":"Carlos Conchita"}}]}},"_links":{"self":[{"href":"https:\/\/www.carlosyconchita.net\/rutas\/wp-json\/wp\/v2\/posts\/6989","targetHints":{"allow":["GET"]}}],"collection":[{"href":"https:\/\/www.carlosyconchita.net\/rutas\/wp-json\/wp\/v2\/posts"}],"about":[{"href":"https:\/\/www.carlosyconchita.net\/rutas\/wp-json\/wp\/v2\/types\/post"}],"author":[{"embeddable":true,"href":"https:\/\/www.carlosyconchita.net\/rutas\/wp-json\/wp\/v2\/users\/50"}],"replies":[{"embeddable":true,"href":"https:\/\/www.carlosyconchita.net\/rutas\/wp-json\/wp\/v2\/comments?post=6989"}],"version-history":[{"count":0,"href":"https:\/\/www.carlosyconchita.net\/rutas\/wp-json\/wp\/v2\/posts\/6989\/revisions"}],"wp:featuredmedia":[{"embeddable":true,"href":"https:\/\/www.carlosyconchita.net\/rutas\/wp-json\/wp\/v2\/media\/7026"}],"wp:attachment":[{"href":"https:\/\/www.carlosyconchita.net\/rutas\/wp-json\/wp\/v2\/media?parent=6989"}],"wp:term":[{"taxonomy":"category","embeddable":true,"href":"https:\/\/www.carlosyconchita.net\/rutas\/wp-json\/wp\/v2\/categories?post=6989"},{"taxonomy":"post_tag","embeddable":true,"href":"https:\/\/www.carlosyconchita.net\/rutas\/wp-json\/wp\/v2\/tags?post=6989"}],"curies":[{"name":"wp","href":"https:\/\/api.w.org\/{rel}","templated":true}]}}