{"id":7037,"date":"2015-08-02T14:37:49","date_gmt":"2015-08-02T13:37:49","guid":{"rendered":"http:\/\/www.carlosyconchita.net\/rutas\/?p=7037"},"modified":"2021-11-20T19:18:53","modified_gmt":"2021-11-20T18:18:53","slug":"02-08-2015-pic-del-carlit","status":"publish","type":"post","link":"https:\/\/www.carlosyconchita.net\/rutas\/02-08-2015-pic-del-carlit\/","title":{"rendered":"02-08-2015 &#8211; Pic del Carlit (100 Cims)"},"content":{"rendered":"<p style=\"text-align: justify;\">Aunque inicialmente le ten\u00edamos un poco de miedo a esta tipica ruta de la zona de las Boullosas, finalmente y ante la insistencia de nuestros amigos Carme , Miquel y Josep, que nos aseguraban que s\u00ed que lo podriamos hacer, nos decidimos a acompa\u00f1arles.<\/p>\n<p style=\"text-align: justify;\">Para nosotros ha representado batir de nuevo nuestro mini-record de altura que hace poco habiamos conseguido en el Pic del Canig\u00f3 (2.782 m.), y que hoy hemos dejado en 2.921 m. (esta es la altura \u00aboficial\u00bb) ,\u00a0 as\u00ed como el record de desnivel acumulado que ha sido de 1.058 m.<\/p>\n<p style=\"text-align: justify;\">Sab\u00edamos que seria la m\u00e1s dura de las que habiamos hecho, por ser el pico m\u00e1s alto de la Cerdanya, por el desnivel acumulado total que ha sido de 1.058 m. , porque buena parte de ese desnivel se concentra en pocos metros al final del recorrido (ver la inclinaci\u00f3n en el track de la ruta)\u00a0 y por el tramo final de la subida en que realmente hay que ir \u00abescalando\u00bb\u00a0 por las piedras, ya que no hay camino propiamente dicho.<\/p>\n<table border=\"1\" cellspacing=\"300\" cellpadding=\"1\">\n<tbody>\n<tr>\n<td style=\"width: 300px; height: 40px; text-align: left; vertical-align: top;\"><strong>Dificultad :\u00a0\u00a0 Dificil<br \/>\n<\/strong><\/td>\n<td><strong>Recorrido :\u00a0 16&#8217;691 km.<\/strong><\/td>\n<\/tr>\n<tr>\n<td><strong>Desnivel acum.\u00a0 :\u00a0\u00a0 1.058 m. \u00a0 \u00a0 \u00a0 <\/strong><\/td>\n<td><strong>Alturas m\u00edn.\/m\u00e1x. \u00a0 :\u00a0\u00a0 2.000 \/ 2.932 m.<\/strong><\/td>\n<\/tr>\n<tr>\n<td><strong>Tiempo total :\u00a0 10 h. 14 m.<br \/>\n<\/strong><\/td>\n<td><strong>Velocidad media :\u00a0 1&#8217;58 km.\/hora<\/strong><\/td>\n<\/tr>\n<tr>\n<td><strong>Tiempo movimiento\u00a0 :\u00a0 5 h. 07 m.<br \/>\n<\/strong><\/td>\n<td><strong> Velocidad media\u00a0 :\u00a0 3&#8217;14 km.\/hora<\/strong><\/td>\n<\/tr>\n<\/tbody>\n<\/table>\n<p style=\"text-align: justify;\"><span style=\"color: #008000;\">Hay que tener en cuenta, al ver el tiempo total del recorrido, que debido a que era una ruta dificil, aparte de las habituales paradas para hacer fotos, refrescarnos, comer o descansar, hemos ido a una marcha bastante tranquila, para estar seguros de que aguantar\u00edamos hasta el final, que a la vuelta nos hemos parado en un riachuelo a remojarnos los pies con agua fria, y que en el refugio-hotel\u00a0 al lado de la presa, nos hemos tomado un buen descanso con unas cervecitas fresquitas para reponernos, y que el recorrido del\u00a0 GPS\u00a0 incluye todo esto, ya que lo hemos parado al final de todo al llegar a la parada del minibus que nos tenia que bajar hasta el parking donde teniamos el coche.<\/span><\/p>\n<p style=\"text-align: justify;\">La ruta empieza en la presa del lago de las Boullosas, hasta donde llegamos esta vez con las \u00abnavetes\u00bb o buses que nos llevan hasta alli desde el parking del inicio de la carretera a las Boullosas, ya que en esta epoca no permiten el paso de coches particulares entre las 7 h de la ma\u00f1ana y las 7 de la tarde.<\/p>\n<p style=\"text-align: justify;\">Dado que nosotros habiamos dormido esa noche en Saillagossa, y el resto de gente venian de Barcelona, evidentemente llegamos los primeros, y como se puede ver en la foto, la temperatura a esa hora era bastante fresquita, a pesar del magnifico dia que se presentaba.<\/p>\n<p style=\"text-align: justify;\">[shashin type=\u00bbphoto\u00bb id=\u00bb15123,15124&#8243; size=\u00bblarge\u00bb columns=\u00bbmax\u00bb order=\u00bbuser\u00bb caption=\u00bby\u00bb position=\u00bbcenter\u00bb]<\/p>\n<p>Una vez el autobus nos lleva hasta el pie de la presa, la cruzamos<\/p>\n<p>[shashin type=\u00bbphoto\u00bb id=\u00bb15125,15127&#8243; size=\u00bblarge\u00bb columns=\u00bbmax\u00bb order=\u00bbuser\u00bb caption=\u00bby\u00bb position=\u00bbcenter\u00bb]<\/p>\n<p style=\"text-align: justify;\">En el otro lado,nos dirigimos hacia el gran edificio del refugio De Bones Hores , y alli veremos ya las se\u00f1ales que nos indican el Pic del Carlit, que durante unos metros nos llevan por un camino con bastantes piedras y bastante subida<\/p>\n<p style=\"text-align: justify;\">[shashin type=\u00bbphoto\u00bb id=\u00bb15128,15130&#8243; size=\u00bblarge\u00bb columns=\u00bbmax\u00bb order=\u00bbuser\u00bb caption=\u00bby\u00bb position=\u00bbcenter\u00bb]<\/p>\n<p style=\"text-align: justify;\">Despues llegamos a una zona mas plana, y dependiendo del camino seguido, veremos m\u00e1s o menos lagos, ya que podemos ir por el Boucle des 9 Lacs, o por el de los 12 Lacs, pero como se puede ver en el track, a la ida hemos ido por el camino mas o menos recto, y a la vuelta hemos pasado por el resto de lagos de la zona.<\/p>\n<p style=\"text-align: justify;\">Debido al gran numero de ellos, y a que el destino final de la excursion de hoy es el Carlit\u00a0 y no los lagos, no los ponemos todos aqui, pero los podeis ver en el album de fotos al final de la explicaci\u00f3n.<\/p>\n<p style=\"text-align: justify;\">[shashin type=\u00bbphoto\u00bb id=\u00bb15138,15145,15148,15156&#8243; size=\u00bblarge\u00bb columns=\u00bbmax\u00bb order=\u00bbuser\u00bb caption=\u00bby\u00bb position=\u00bbcenter\u00bb]<\/p>\n<p>Conforme vamos avanzando y subiendo, la vegetacion disminuye, hasta que llegamos a una zona mucho m\u00e1s \u00abpelada\u00bb,\u00a0 y empezamos a ver ya el pico que nos espera&#8230;<\/p>\n<p>[shashin type=\u00bbphoto\u00bb id=\u00bb15160,15162&#8243; size=\u00bblarge\u00bb columns=\u00bbmax\u00bb order=\u00bbuser\u00bb caption=\u00bby\u00bb position=\u00bbcenter\u00bb]<\/p>\n<p>Para acabarlo de arreglar y asustarnos un poco m\u00e1s, nos encontramos un letrero que nos indica el camino hacia el Carlit, diciendo que es dificil y solo para caminantes experimentados&#8230;..solo nos faltaba eso !!!<\/p>\n<p>Nuestros amigos nos dicen que tranquilos, y evidentemente no nos vamos a parar\u00a0 aqui, asi que continuamos subiendo, y poco despues vemos ya el caminito de subida al Carlit<\/p>\n<p><strong><span style=\"color: #008000;\">Nota : el Carlit es el pico de la izquierda, el que parece \u00abdoble\u00bb, ya que en realidad tiene 2 cumbres con casi la misma altura.<\/span><\/strong><\/p>\n<p><strong><span style=\"color: #008000;\">Parece que sea mas alto el de la derecha, pero es un efecto optico ya que est\u00e1 mucho mas cerca que el otro.<\/span><\/strong><\/p>\n<p>[shashin type=\u00bbphoto\u00bb id=\u00bb15165,15168,15170&#8243; size=\u00bblarge\u00bb columns=\u00bbmax\u00bb order=\u00bbuser\u00bb caption=\u00bby\u00bb position=\u00bbcenter\u00bb]<\/p>\n<p>Sin embargo, en el tramo final no vemos ningun camino marcado, asi que nos tememos que alli deberemos \u00abescalar\u00bb un poco para consguir llegar arriba.<\/p>\n<p>Las vistas hace atras son fant\u00e1sticas, con un monton de lagos<\/p>\n<p>[shashin type=\u00bbphoto\u00bb id=\u00bb15164,15167&#8243; size=\u00bblarge\u00bb columns=\u00bbmax\u00bb order=\u00bbuser\u00bb caption=\u00bby\u00bb position=\u00bbcenter\u00bb]<\/p>\n<p>En la siguiente foto hemos pintado el camino de subida :<\/p>\n<p>[shashin type=\u00bbphoto\u00bb id=\u00bb15171&#8243; size=\u00bblarge\u00bb columns=\u00bbmax\u00bb order=\u00bbuser\u00bb caption=\u00bby\u00bb position=\u00bbcenter\u00bb]<\/p>\n<p>&nbsp;<\/p>\n<p>El camino cada vez tiene mas inclinacion y se va complicando m\u00e1s, y despues de una tartera , llegamos al ultimo lago, que todavia conserva bastante nieve<\/p>\n<p>[shashin type=\u00bbphoto\u00bb id=\u00bb15172,15176,15180,15181&#8243; size=\u00bblarge\u00bb columns=\u00bbmax\u00bb order=\u00bbuser\u00bb caption=\u00bby\u00bb position=\u00bbcenter\u00bb]<\/p>\n<p>Dejamos atr\u00e1s el lago , y poco despues el camino ya desaparece y tenemos que subir escalando como podemos entre las rocas.<\/p>\n<p>[shashin type=\u00bbphoto\u00bb id=\u00bb15184,15190,15196,15205&#8243; size=\u00bblarge\u00bb columns=\u00bbmax\u00bb order=\u00bbuser\u00bb caption=\u00bby\u00bb position=\u00bbcenter\u00bb]<\/p>\n<p>Dado que ya no hay camino, parecemos hormigas sobre la monta\u00f1a, ya que cada uno pasa por donde le parece, como podemos ver en la foto.<\/p>\n<p>[shashin type=\u00bbphoto\u00bb id=\u00bb15197&#8243; size=\u00bblarge\u00bb columns=\u00bbmax\u00bb order=\u00bbuser\u00bb caption=\u00bby\u00bb position=\u00bbcenter\u00bb]<\/p>\n<p>Nuestro anterior mini-record de altura era el Pic del Canig\u00f3 (2.782 m.),\u00a0 asi que cuando lo superamos y podemos parar, cosa nada f\u00e1cil, nos hacemos una foto :<\/p>\n<p>[shashin type=\u00bbphoto\u00bb id=\u00bb15201,15202&#8243; size=\u00bbmedium\u00bb columns=\u00bb2&#8243; order=\u00bbuser\u00bb caption=\u00bby\u00bb position=\u00bbcenter\u00bb]<\/p>\n<p>\u00a0Por aqui tenemos que ir con bastante precauci\u00f3n, ya que debes escalar entre las rocas que parecen laminas inclinadas, y cuidando de no resbalar.<\/p>\n<p>[shashin type=\u00bbphoto\u00bb id=\u00bb15205,15203,15204,15209,15210,15211,15212,15213&#8243; size=\u00bblarge\u00bb columns=\u00bbmax\u00bb order=\u00bbuser\u00bb caption=\u00bby\u00bb position=\u00bbcenter\u00bb]<\/p>\n<p style=\"text-align: justify;\">Finalmente , conseguimos pasar la zona de \u00abescalada\u00bb y vuelve a aparecer un peque\u00f1o camino que nos lleva justo entre las 2 cumbres, desde donde\u00a0 tenemos una bonita vista de la zona recorrida, con el Tossal de Colomer en primer plano enfrente nuestro.<\/p>\n<p style=\"text-align: justify;\">[shashin type=\u00bbphoto\u00bb id=\u00bb15215,15217&#8243; size=\u00bblarge\u00bb columns=\u00bbmax\u00bb order=\u00bbuser\u00bb caption=\u00bby\u00bb position=\u00bbcenter\u00bb]<\/p>\n<p style=\"text-align: justify;\">Y enfrente al otro lado de la monta\u00f1a, tenemos la zona del lago de Lan\u00f3s, donde habiamos estado nosotros anteriormente en estas excursiones :<\/p>\n<p style=\"text-align: justify;\"><a href=\"http:\/\/www.carlosyconchita.net\/rutas\/24-09-2012-lago-de-lanos-o-lanoux\/\" target=\"_blank\" rel=\"noopener\">24-09-2011 \u2013 Lagos de Lan\u00f3s, Passet y Font-Viva<\/a><\/p>\n<p><a href=\"http:\/\/www.carlosyconchita.net\/rutas\/11-09-2014-lago-coma-dor-y-portella-de-lanos\/\" target=\"_blank\" rel=\"noopener\">11-09-2014 \u2013 Lago Coma d\u2019Or y Portella de Lan\u00f3s<\/a><\/p>\n<p>[shashin type=\u00bbphoto\u00bb id=\u00bb15218&#8243; size=\u00bblarge\u00bb columns=\u00bbmax\u00bb order=\u00bbuser\u00bb caption=\u00bby\u00bb position=\u00bbcenter\u00bb]<\/p>\n<p>Con un poco de esfuerzo m\u00e1s, nos dirigimos a la izquierda, ya que es la cumbre m\u00e1s alta de las dos y dejamos grabado para la posteridad nuestro \u00abmini-record\u00bb<\/p>\n<p>[shashin type=\u00bbphoto\u00bb id=\u00bb15219,15223&#8243; size=\u00bbmedium\u00bb columns=\u00bb2&#8243; order=\u00bbuser\u00bb caption=\u00bby\u00bb position=\u00bbcenter\u00bb]<\/p>\n<p>[shashin type=\u00bbphoto\u00bb id=\u00bb15235&#8243; size=\u00bblarge\u00bb columns=\u00bbmax\u00bb order=\u00bbuser\u00bb caption=\u00bby\u00bb position=\u00bbcenter\u00bb]<\/p>\n<p>Desde alli, las vistas son magn\u00edficas en todas las direcciones<\/p>\n<p>[shashin type=\u00bbphoto\u00bb id=\u00bb15231&#8243; size=\u00bblarge\u00bb columns=\u00bbmax\u00bb order=\u00bbuser\u00bb caption=\u00bby\u00bb position=\u00bbcenter\u00bb]<\/p>\n<p>[shashin type=\u00bbphoto\u00bb id=\u00bb15233,15234,15232&#8243; size=\u00bblarge\u00bb columns=\u00bbmax\u00bb order=\u00bbuser\u00bb caption=\u00bby\u00bb position=\u00bbcenter\u00bb]<\/p>\n<p>&nbsp;<\/p>\n<p>Despues de descansar y comer algo, nos dirigimos a la segunda cumbre, que solo tiene unos pocos metros menos de altura, desde donde podemos ver mucho mejor el lago de Lan\u00f3s.<\/p>\n<p>[shashin type=\u00bbphoto\u00bb id=\u00bb15236,15238,15242,15237,15239&#8243; size=\u00bblarge\u00bb columns=\u00bbmax\u00bb order=\u00bbuser\u00bb caption=\u00bby\u00bb position=\u00bbcenter\u00bb]<\/p>\n<p>&nbsp;<\/p>\n<p>El camino de descenso es m\u00e1s o menos el mismo de la subida, y con las mismas dificultades en la zona de \u00abescalada\u00bb, pero podemos pasar sin demasiados problemas.<\/p>\n<p style=\"text-align: justify;\">Una vez llegados a la zona plana de los lagos, como se puede ver en el track, seguimos otro camino para poder recorrerlos todo, porque aunque nosotros ya los habiamos visitado, nuestros amigos no los conocian.<\/p>\n<p style=\"text-align: justify;\">Debido al gran numero de ellos, y para no hacer tan larga la explicacion, solo ponemos aqui alguna foto, aunque en el album del final, est\u00e1n todas.<\/p>\n<p style=\"text-align: justify;\">[shashin type=\u00bbphoto\u00bb id=\u00bb15260,15264,15269&#8243; size=\u00bblarge\u00bb columns=\u00bbmax\u00bb order=\u00bbuser\u00bb caption=\u00bby\u00bb position=\u00bbcenter\u00bb]<\/p>\n<p style=\"text-align: justify;\"><span style=\"color: #008000;\">Hay que tener en cuenta, al ver el tiempo total del recorrido, que debido a que era una ruta dificil, aparte de las habituales paradas para hacer fotos, refrescarnos, comer o descansar, hemos ido a una marcha bastante tranquila, para estar seguros de que aguantar\u00edamos hasta el final, que a la vuelta nos hemos parado en un riachuelo a remojarnos los pies con agua fria, y que en el refugio-hotel\u00a0 al lado de la presa, nos hemos tomado un buen descanso con unas cervecitas fresquitas para reponernos, y que el recorrido del\u00a0 GPS\u00a0 incluye todo esto, ya que lo hemos parado al final de todo al llegar a la parada del minibus que nos tenia que bajar hasta el parking donde teniamos el coche.<\/span><\/p>\n<p style=\"text-align: justify;\">[shashin type=\u00bbphoto\u00bb id=\u00bb15274,15279&#8243; size=\u00bblarge\u00bb columns=\u00bbmax\u00bb order=\u00bbuser\u00bb caption=\u00bby\u00bb position=\u00bbcenter\u00bb]<\/p>\n<hr \/>\n<p>\u00a0<strong>Track de la ruta<\/strong><\/p>\n<p style=\"text-align: justify;\">[sgpx gpx=\u00bb\/wp-content\/uploads\/gpx\/Carlit.gpx\u00bb]<\/p>\n<hr \/>\n<table border=\"2\" cellspacing=\"300\" cellpadding=\"2\">\n<tbody>\n<tr style=\"height: 40px;\">\n<td style=\"width: 300px; height: 40px; text-align: center; vertical-align: middle;\"><strong>Enlace album de fotos<\/strong><\/td>\n<td style=\"width: 300px; height: 40px; text-align: center; vertical-align: middle;\">[shashin type=\u00bbalbum\u00bb id=\u00bb217&#8243; size=\u00bbsmall\u00bb crop=\u00bbn\u00bb columns=\u00bbmax\u00bb caption=\u00bby\u00bb order=\u00bbdate\u00bb position=\u00bbcenter\u00bb]<\/td>\n<\/tr>\n<tr style=\"height: 100px;\">\n<td style=\"width: 300px; height: 100px; text-align: center; vertical-align: middle;\"><strong>Enlace\u00a0 Wikiloc<br \/>\n<\/strong><\/td>\n<td style=\"width: 300px; height: 100px; text-align: center; vertical-align: middle;\"><a href=\"http:\/\/es.wikiloc.com\/wikiloc\/view.do?id=10406518\" target=\"_blank\" rel=\"noopener\"><img loading=\"lazy\" decoding=\"async\" class=\"aligncenter\" title=\"wikiloc\" src=\"http:\/\/www.carlosyconchita.net\/rutas\/wp-content\/uploads\/2020\/09\/wikiloc.jpg\" alt=\"\" width=\"117\" height=\"34\" \/><\/a><\/td>\n<\/tr>\n<\/tbody>\n<\/table>\n<p style=\"text-align: justify;\"><span style=\"color: #ff0000; background-color: #ffffff; font-size: 14pt;\"><strong>Si te ha gustado, comp\u00e1rtelo en tu red favorita,\u00a0 haz +1, o env\u00edanos tu comentario.<br \/>\n<\/strong><\/span><\/p>\n<p><span style=\"font-size: 14pt;\"><strong><span style=\"color: #ff0000;\">Muchas gracias !<\/span><\/strong><\/span><\/p>\n<hr \/>\n<p style=\"text-align: justify;\"><strong><span style=\"color: #008000;\">Suscribete si quieres recibir un mail cuando publiquemos nuevas rutas : no enviamos publicidad y como m\u00e1ximo enviamos 2 mails al mes<\/span><\/strong><\/p>\n<p>[wysija_form id=\u00bb1&#8243;]<\/p>\n<p>&nbsp;<\/p>\n<p>&nbsp;<\/p>\n<p>&nbsp;<\/p>\n<p style=\"text-align: justify;\">\u00a0<\/p>\n","protected":false},"excerpt":{"rendered":"<p>Aunque inicialmente le ten\u00edamos un poco de miedo a esta tipica ruta de la zona de las Boullosas, finalmente y ante la insistencia de nuestros amigos Carme , Miquel y Josep, que nos aseguraban que s\u00ed que lo podriamos hacer, nos decidimos a acompa\u00f1arles. Para nosotros ha representado batir de nuevo nuestro mini-record de altura [&hellip;]<\/p>\n","protected":false},"author":50,"featured_media":7050,"comment_status":"open","ping_status":"open","sticky":false,"template":"","format":"standard","meta":{"footnotes":""},"categories":[106,105,12,27,31],"tags":[],"class_list":{"0":"post-7037","1":"post","2":"type-post","3":"status-publish","4":"format-standard","5":"has-post-thumbnail","6":"hentry","7":"category-nuestros-100-cims","8":"category-100-cims-feec","9":"category-dificil","10":"category-4-de-15-a-20-km","11":"category-boullosas","13":"post-with-thumbnail","14":"post-with-thumbnail-icon"},"yoast_head":"<!-- This site is optimized with the Yoast SEO plugin v27.4 - https:\/\/yoast.com\/product\/yoast-seo-wordpress\/ -->\n<title>02-08-2015 - Pic del Carlit (100 Cims) -<\/title>\n<meta name=\"robots\" content=\"index, follow, max-snippet:-1, max-image-preview:large, max-video-preview:-1\" \/>\n<link rel=\"canonical\" href=\"https:\/\/www.carlosyconchita.net\/rutas\/02-08-2015-pic-del-carlit\/\" \/>\n<meta property=\"og:locale\" content=\"es_ES\" \/>\n<meta property=\"og:type\" content=\"article\" \/>\n<meta property=\"og:title\" content=\"02-08-2015 - Pic del Carlit (100 Cims) -\" \/>\n<meta property=\"og:description\" content=\"Aunque inicialmente le ten\u00edamos un poco de miedo a esta tipica ruta de la zona de las Boullosas, finalmente y ante la insistencia de nuestros amigos Carme , Miquel y Josep, que nos aseguraban que s\u00ed que lo podriamos hacer, nos decidimos a acompa\u00f1arles. Para nosotros ha representado batir de nuevo nuestro mini-record de altura [&hellip;]\" \/>\n<meta property=\"og:url\" content=\"https:\/\/www.carlosyconchita.net\/rutas\/02-08-2015-pic-del-carlit\/\" \/>\n<meta property=\"og:site_name\" content=\"Las rutas de Carlos y Conchita\" \/>\n<meta property=\"article:published_time\" content=\"2015-08-02T13:37:49+00:00\" \/>\n<meta property=\"article:modified_time\" content=\"2021-11-20T18:18:53+00:00\" \/>\n<meta property=\"og:image\" content=\"https:\/\/www.carlosyconchita.net\/rutas\/wp-content\/uploads\/2015\/08\/P8021836.jpg\" \/>\n\t<meta property=\"og:image:width\" content=\"1024\" \/>\n\t<meta property=\"og:image:height\" content=\"768\" \/>\n\t<meta property=\"og:image:type\" content=\"image\/jpeg\" \/>\n<meta name=\"author\" content=\"Carlos Conchita\" \/>\n<meta name=\"twitter:label1\" content=\"Escrito por\" \/>\n\t<meta name=\"twitter:data1\" content=\"Carlos Conchita\" \/>\n\t<meta name=\"twitter:label2\" content=\"Tiempo de lectura\" \/>\n\t<meta name=\"twitter:data2\" content=\"8 minutos\" \/>\n<script type=\"application\/ld+json\" class=\"yoast-schema-graph\">{\"@context\":\"https:\\\/\\\/schema.org\",\"@graph\":[{\"@type\":\"Article\",\"@id\":\"https:\\\/\\\/www.carlosyconchita.net\\\/rutas\\\/02-08-2015-pic-del-carlit\\\/#article\",\"isPartOf\":{\"@id\":\"https:\\\/\\\/www.carlosyconchita.net\\\/rutas\\\/02-08-2015-pic-del-carlit\\\/\"},\"author\":{\"name\":\"Carlos Conchita\",\"@id\":\"https:\\\/\\\/www.carlosyconchita.net\\\/rutas\\\/#\\\/schema\\\/person\\\/a9691f7258c28443fab2d3aa1479ea19\"},\"headline\":\"02-08-2015 &#8211; Pic del Carlit (100 Cims)\",\"datePublished\":\"2015-08-02T13:37:49+00:00\",\"dateModified\":\"2021-11-20T18:18:53+00:00\",\"mainEntityOfPage\":{\"@id\":\"https:\\\/\\\/www.carlosyconchita.net\\\/rutas\\\/02-08-2015-pic-del-carlit\\\/\"},\"wordCount\":1691,\"commentCount\":0,\"image\":{\"@id\":\"https:\\\/\\\/www.carlosyconchita.net\\\/rutas\\\/02-08-2015-pic-del-carlit\\\/#primaryimage\"},\"thumbnailUrl\":\"https:\\\/\\\/www.carlosyconchita.net\\\/rutas\\\/wp-content\\\/uploads\\\/2015\\\/08\\\/P8021836.jpg\",\"articleSection\":[\"100 Cims Carlos y Conchita\",\"100 Cims FEEC\",\"3-Dif\u00edcil\",\"4 - De 15 a 20 km.\",\"Boullosas\"],\"inLanguage\":\"es\",\"potentialAction\":[{\"@type\":\"CommentAction\",\"name\":\"Comment\",\"target\":[\"https:\\\/\\\/www.carlosyconchita.net\\\/rutas\\\/02-08-2015-pic-del-carlit\\\/#respond\"]}]},{\"@type\":\"WebPage\",\"@id\":\"https:\\\/\\\/www.carlosyconchita.net\\\/rutas\\\/02-08-2015-pic-del-carlit\\\/\",\"url\":\"https:\\\/\\\/www.carlosyconchita.net\\\/rutas\\\/02-08-2015-pic-del-carlit\\\/\",\"name\":\"02-08-2015 - Pic del Carlit (100 Cims) -\",\"isPartOf\":{\"@id\":\"https:\\\/\\\/www.carlosyconchita.net\\\/rutas\\\/#website\"},\"primaryImageOfPage\":{\"@id\":\"https:\\\/\\\/www.carlosyconchita.net\\\/rutas\\\/02-08-2015-pic-del-carlit\\\/#primaryimage\"},\"image\":{\"@id\":\"https:\\\/\\\/www.carlosyconchita.net\\\/rutas\\\/02-08-2015-pic-del-carlit\\\/#primaryimage\"},\"thumbnailUrl\":\"https:\\\/\\\/www.carlosyconchita.net\\\/rutas\\\/wp-content\\\/uploads\\\/2015\\\/08\\\/P8021836.jpg\",\"datePublished\":\"2015-08-02T13:37:49+00:00\",\"dateModified\":\"2021-11-20T18:18:53+00:00\",\"author\":{\"@id\":\"https:\\\/\\\/www.carlosyconchita.net\\\/rutas\\\/#\\\/schema\\\/person\\\/a9691f7258c28443fab2d3aa1479ea19\"},\"breadcrumb\":{\"@id\":\"https:\\\/\\\/www.carlosyconchita.net\\\/rutas\\\/02-08-2015-pic-del-carlit\\\/#breadcrumb\"},\"inLanguage\":\"es\",\"potentialAction\":[{\"@type\":\"ReadAction\",\"target\":[\"https:\\\/\\\/www.carlosyconchita.net\\\/rutas\\\/02-08-2015-pic-del-carlit\\\/\"]}]},{\"@type\":\"ImageObject\",\"inLanguage\":\"es\",\"@id\":\"https:\\\/\\\/www.carlosyconchita.net\\\/rutas\\\/02-08-2015-pic-del-carlit\\\/#primaryimage\",\"url\":\"https:\\\/\\\/www.carlosyconchita.net\\\/rutas\\\/wp-content\\\/uploads\\\/2015\\\/08\\\/P8021836.jpg\",\"contentUrl\":\"https:\\\/\\\/www.carlosyconchita.net\\\/rutas\\\/wp-content\\\/uploads\\\/2015\\\/08\\\/P8021836.jpg\",\"width\":1024,\"height\":768},{\"@type\":\"BreadcrumbList\",\"@id\":\"https:\\\/\\\/www.carlosyconchita.net\\\/rutas\\\/02-08-2015-pic-del-carlit\\\/#breadcrumb\",\"itemListElement\":[{\"@type\":\"ListItem\",\"position\":1,\"name\":\"Portada\",\"item\":\"https:\\\/\\\/www.carlosyconchita.net\\\/rutas\\\/\"},{\"@type\":\"ListItem\",\"position\":2,\"name\":\"02-08-2015 &#8211; Pic del Carlit (100 Cims)\"}]},{\"@type\":\"WebSite\",\"@id\":\"https:\\\/\\\/www.carlosyconchita.net\\\/rutas\\\/#website\",\"url\":\"https:\\\/\\\/www.carlosyconchita.net\\\/rutas\\\/\",\"name\":\"Las rutas de Carlos y Conchita\",\"description\":\"\",\"potentialAction\":[{\"@type\":\"SearchAction\",\"target\":{\"@type\":\"EntryPoint\",\"urlTemplate\":\"https:\\\/\\\/www.carlosyconchita.net\\\/rutas\\\/?s={search_term_string}\"},\"query-input\":{\"@type\":\"PropertyValueSpecification\",\"valueRequired\":true,\"valueName\":\"search_term_string\"}}],\"inLanguage\":\"es\"},{\"@type\":\"Person\",\"@id\":\"https:\\\/\\\/www.carlosyconchita.net\\\/rutas\\\/#\\\/schema\\\/person\\\/a9691f7258c28443fab2d3aa1479ea19\",\"name\":\"Carlos Conchita\",\"image\":{\"@type\":\"ImageObject\",\"inLanguage\":\"es\",\"@id\":\"https:\\\/\\\/secure.gravatar.com\\\/avatar\\\/3a4625b20c8da3de99da69bfe7a322774e291c3f90dce7e8778a30fe6748ed1a?s=96&d=mm&r=g\",\"url\":\"https:\\\/\\\/secure.gravatar.com\\\/avatar\\\/3a4625b20c8da3de99da69bfe7a322774e291c3f90dce7e8778a30fe6748ed1a?s=96&d=mm&r=g\",\"contentUrl\":\"https:\\\/\\\/secure.gravatar.com\\\/avatar\\\/3a4625b20c8da3de99da69bfe7a322774e291c3f90dce7e8778a30fe6748ed1a?s=96&d=mm&r=g\",\"caption\":\"Carlos Conchita\"}}]}<\/script>\n<!-- \/ Yoast SEO plugin. -->","yoast_head_json":{"title":"02-08-2015 - Pic del Carlit (100 Cims) -","robots":{"index":"index","follow":"follow","max-snippet":"max-snippet:-1","max-image-preview":"max-image-preview:large","max-video-preview":"max-video-preview:-1"},"canonical":"https:\/\/www.carlosyconchita.net\/rutas\/02-08-2015-pic-del-carlit\/","og_locale":"es_ES","og_type":"article","og_title":"02-08-2015 - Pic del Carlit (100 Cims) -","og_description":"Aunque inicialmente le ten\u00edamos un poco de miedo a esta tipica ruta de la zona de las Boullosas, finalmente y ante la insistencia de nuestros amigos Carme , Miquel y Josep, que nos aseguraban que s\u00ed que lo podriamos hacer, nos decidimos a acompa\u00f1arles. Para nosotros ha representado batir de nuevo nuestro mini-record de altura [&hellip;]","og_url":"https:\/\/www.carlosyconchita.net\/rutas\/02-08-2015-pic-del-carlit\/","og_site_name":"Las rutas de Carlos y Conchita","article_published_time":"2015-08-02T13:37:49+00:00","article_modified_time":"2021-11-20T18:18:53+00:00","og_image":[{"width":1024,"height":768,"url":"https:\/\/www.carlosyconchita.net\/rutas\/wp-content\/uploads\/2015\/08\/P8021836.jpg","type":"image\/jpeg"}],"author":"Carlos Conchita","twitter_misc":{"Escrito por":"Carlos Conchita","Tiempo de lectura":"8 minutos"},"schema":{"@context":"https:\/\/schema.org","@graph":[{"@type":"Article","@id":"https:\/\/www.carlosyconchita.net\/rutas\/02-08-2015-pic-del-carlit\/#article","isPartOf":{"@id":"https:\/\/www.carlosyconchita.net\/rutas\/02-08-2015-pic-del-carlit\/"},"author":{"name":"Carlos Conchita","@id":"https:\/\/www.carlosyconchita.net\/rutas\/#\/schema\/person\/a9691f7258c28443fab2d3aa1479ea19"},"headline":"02-08-2015 &#8211; Pic del Carlit (100 Cims)","datePublished":"2015-08-02T13:37:49+00:00","dateModified":"2021-11-20T18:18:53+00:00","mainEntityOfPage":{"@id":"https:\/\/www.carlosyconchita.net\/rutas\/02-08-2015-pic-del-carlit\/"},"wordCount":1691,"commentCount":0,"image":{"@id":"https:\/\/www.carlosyconchita.net\/rutas\/02-08-2015-pic-del-carlit\/#primaryimage"},"thumbnailUrl":"https:\/\/www.carlosyconchita.net\/rutas\/wp-content\/uploads\/2015\/08\/P8021836.jpg","articleSection":["100 Cims Carlos y Conchita","100 Cims FEEC","3-Dif\u00edcil","4 - De 15 a 20 km.","Boullosas"],"inLanguage":"es","potentialAction":[{"@type":"CommentAction","name":"Comment","target":["https:\/\/www.carlosyconchita.net\/rutas\/02-08-2015-pic-del-carlit\/#respond"]}]},{"@type":"WebPage","@id":"https:\/\/www.carlosyconchita.net\/rutas\/02-08-2015-pic-del-carlit\/","url":"https:\/\/www.carlosyconchita.net\/rutas\/02-08-2015-pic-del-carlit\/","name":"02-08-2015 - Pic del Carlit (100 Cims) -","isPartOf":{"@id":"https:\/\/www.carlosyconchita.net\/rutas\/#website"},"primaryImageOfPage":{"@id":"https:\/\/www.carlosyconchita.net\/rutas\/02-08-2015-pic-del-carlit\/#primaryimage"},"image":{"@id":"https:\/\/www.carlosyconchita.net\/rutas\/02-08-2015-pic-del-carlit\/#primaryimage"},"thumbnailUrl":"https:\/\/www.carlosyconchita.net\/rutas\/wp-content\/uploads\/2015\/08\/P8021836.jpg","datePublished":"2015-08-02T13:37:49+00:00","dateModified":"2021-11-20T18:18:53+00:00","author":{"@id":"https:\/\/www.carlosyconchita.net\/rutas\/#\/schema\/person\/a9691f7258c28443fab2d3aa1479ea19"},"breadcrumb":{"@id":"https:\/\/www.carlosyconchita.net\/rutas\/02-08-2015-pic-del-carlit\/#breadcrumb"},"inLanguage":"es","potentialAction":[{"@type":"ReadAction","target":["https:\/\/www.carlosyconchita.net\/rutas\/02-08-2015-pic-del-carlit\/"]}]},{"@type":"ImageObject","inLanguage":"es","@id":"https:\/\/www.carlosyconchita.net\/rutas\/02-08-2015-pic-del-carlit\/#primaryimage","url":"https:\/\/www.carlosyconchita.net\/rutas\/wp-content\/uploads\/2015\/08\/P8021836.jpg","contentUrl":"https:\/\/www.carlosyconchita.net\/rutas\/wp-content\/uploads\/2015\/08\/P8021836.jpg","width":1024,"height":768},{"@type":"BreadcrumbList","@id":"https:\/\/www.carlosyconchita.net\/rutas\/02-08-2015-pic-del-carlit\/#breadcrumb","itemListElement":[{"@type":"ListItem","position":1,"name":"Portada","item":"https:\/\/www.carlosyconchita.net\/rutas\/"},{"@type":"ListItem","position":2,"name":"02-08-2015 &#8211; Pic del Carlit (100 Cims)"}]},{"@type":"WebSite","@id":"https:\/\/www.carlosyconchita.net\/rutas\/#website","url":"https:\/\/www.carlosyconchita.net\/rutas\/","name":"Las rutas de Carlos y Conchita","description":"","potentialAction":[{"@type":"SearchAction","target":{"@type":"EntryPoint","urlTemplate":"https:\/\/www.carlosyconchita.net\/rutas\/?s={search_term_string}"},"query-input":{"@type":"PropertyValueSpecification","valueRequired":true,"valueName":"search_term_string"}}],"inLanguage":"es"},{"@type":"Person","@id":"https:\/\/www.carlosyconchita.net\/rutas\/#\/schema\/person\/a9691f7258c28443fab2d3aa1479ea19","name":"Carlos Conchita","image":{"@type":"ImageObject","inLanguage":"es","@id":"https:\/\/secure.gravatar.com\/avatar\/3a4625b20c8da3de99da69bfe7a322774e291c3f90dce7e8778a30fe6748ed1a?s=96&d=mm&r=g","url":"https:\/\/secure.gravatar.com\/avatar\/3a4625b20c8da3de99da69bfe7a322774e291c3f90dce7e8778a30fe6748ed1a?s=96&d=mm&r=g","contentUrl":"https:\/\/secure.gravatar.com\/avatar\/3a4625b20c8da3de99da69bfe7a322774e291c3f90dce7e8778a30fe6748ed1a?s=96&d=mm&r=g","caption":"Carlos Conchita"}}]}},"_links":{"self":[{"href":"https:\/\/www.carlosyconchita.net\/rutas\/wp-json\/wp\/v2\/posts\/7037","targetHints":{"allow":["GET"]}}],"collection":[{"href":"https:\/\/www.carlosyconchita.net\/rutas\/wp-json\/wp\/v2\/posts"}],"about":[{"href":"https:\/\/www.carlosyconchita.net\/rutas\/wp-json\/wp\/v2\/types\/post"}],"author":[{"embeddable":true,"href":"https:\/\/www.carlosyconchita.net\/rutas\/wp-json\/wp\/v2\/users\/50"}],"replies":[{"embeddable":true,"href":"https:\/\/www.carlosyconchita.net\/rutas\/wp-json\/wp\/v2\/comments?post=7037"}],"version-history":[{"count":0,"href":"https:\/\/www.carlosyconchita.net\/rutas\/wp-json\/wp\/v2\/posts\/7037\/revisions"}],"wp:featuredmedia":[{"embeddable":true,"href":"https:\/\/www.carlosyconchita.net\/rutas\/wp-json\/wp\/v2\/media\/7050"}],"wp:attachment":[{"href":"https:\/\/www.carlosyconchita.net\/rutas\/wp-json\/wp\/v2\/media?parent=7037"}],"wp:term":[{"taxonomy":"category","embeddable":true,"href":"https:\/\/www.carlosyconchita.net\/rutas\/wp-json\/wp\/v2\/categories?post=7037"},{"taxonomy":"post_tag","embeddable":true,"href":"https:\/\/www.carlosyconchita.net\/rutas\/wp-json\/wp\/v2\/tags?post=7037"}],"curies":[{"name":"wp","href":"https:\/\/api.w.org\/{rel}","templated":true}]}}