{"id":7233,"date":"2015-08-09T21:42:26","date_gmt":"2015-08-09T20:42:26","guid":{"rendered":"http:\/\/www.carlosyconchita.net\/rutas\/?p=7233"},"modified":"2015-11-27T22:29:03","modified_gmt":"2015-11-27T21:29:03","slug":"09-08-2015-cascadas-del-cady","status":"publish","type":"post","link":"https:\/\/www.carlosyconchita.net\/rutas\/09-08-2015-cascadas-del-cady\/","title":{"rendered":"09-08-2015 &#8211; Cascadas del Cady"},"content":{"rendered":"<p>El pasado verano, visitamos la Abad\u00eda de Sant Mart\u00ed de Canig\u00f3\u00a0 ( ver <strong><a href=\"http:\/\/www.carlosyconchita.net\/rutas\/05-08-2014-sant-marti-de-canigo\/\" target=\"_blank\">Abad\u00eda de Sant Mart\u00ed de Canig\u00f3<\/a> <\/strong>) y en el camino de bajada, ya cerca del pueblo, vimos un letrero que nos indicaba las Cascadas del Cady, y como solemos hacer, la anotamos en nuestra lista de rutas pendientes.<\/p>\n<table border=\"1\" cellspacing=\"300\" cellpadding=\"1\">\n<tbody>\n<tr>\n<td style=\"width: 300px; height: 40px; text-align: left; vertical-align: top;\"><strong>Dificultad :\u00a0 F\u00e1cil<\/strong><\/td>\n<td><strong>Recorrido :\u00a0 5&#8217;419 km.<\/strong><\/td>\n<\/tr>\n<tr>\n<td><strong>Desnivel acum.\u00a0 :\u00a0\u00a0 424 m. \u00a0 \u00a0 \u00a0 <\/strong><\/td>\n<td><strong>Alturas m\u00edn.\/m\u00e1x. \u00a0 :\u00a0\u00a0 828 \/ 1.096 m.<\/strong><\/td>\n<\/tr>\n<tr>\n<td><strong>Tiempo total :\u00a0 3 h. 29 m.<br \/> <\/strong><\/td>\n<td><strong>Velocidad media :\u00a0 1&#8217;44km.\/hora<\/strong><\/td>\n<\/tr>\n<tr>\n<td><strong>Tiempo movimiento\u00a0 :\u00a0 1 h. 10 m.<br \/> <\/strong><\/td>\n<td><strong> Velocidad media\u00a0 :\u00a0 4&#8217;3 km.\/hora<\/strong><\/td>\n<\/tr>\n<\/tbody>\n<\/table>\n<p>Hoy nos hemos decidido a hacerla, y para llegar al punto de partida desde Saillagosa, seguiremos la carretera N-116 en direcci\u00f3n a Mont-Louis, y una vez lleguemos a esta poblaci\u00f3n , en la primera rotonda, seguiremos en direccion a Vilefranche du Conflent y Prades.<\/p>\n<p>Una vez lleguemos a Vilefranche du Conflent, seguiremos las se\u00f1ales de Vernet les Bains y despu\u00e9s Casteil o Castell.<\/p>\n<p>Cuando lleguemos alli, seguimos la carretera sin entrar de lleno en el casco urbano, y\u00a0 llegaremos a una peque\u00f1a construcci\u00f3n de la compa\u00f1ia de aguas, a la izquierda de la carretera, en donde empieza un camino que sube.<\/p>\n<p>Alli podemos dejar el coche en una zona de parking a la derecha de la carretera.<\/p>\n<p><img loading=\"lazy\" decoding=\"async\" class=\"aligncenter\" src=\"https:\/\/lh3.googleusercontent.com\/d-c86zD-Pj9CZ0oO5qKXaEkEXsw_JJ309CpJmA-bAhFEPKRGpL0GYs2c7fRUIbvsPEPOcKBHxKtMpvXVwl0W4XKP-K-32bGjQG0DMMCZ6jYSe7AG9mWwM2pe6Yr78hZtesWtV7DIYLtH2C9yEuVJLIGv4NDrsWvV9-sRqDQ-XtaVss5qTxwQwcaOC7vt_jkoq139ioi2t_snNJkh0_BxeNOHi4EERENeEBD2iJ_o_KfOm8DkpM5RFXoBRYJA1WI9jUUdnMRwFaBhN4NVb3eb2EvBOC9wRIKpY05crbVuc9jD4SkUF3IJMEyshNjT4Z_XGlbgfO76Qz8Cvagll8rKDwn32JypEvLuLtZBq7gQLrUMPvJR0JGGhJtozPMA5N7mZWVw_7Bz6TKmr0gEU_Um1OoWya2bp3TtMx4hy5i3wsuNxRsOr6Yu0WQYLNfDtPUUs-aeTLjpV_37rlQ_yy5-DQyt2fzM20N_MAftj0mhcwV6aywcocSRYY4uadJm9cY9PFRWvKtTUDGd1CFTzq5QyBW9=w911-h683-no\" alt=\"\" width=\"911\" height=\"683\" \/><\/p>\n<p>&nbsp;<\/p>\n<p>All\u00ed veremos un letrero, con las indicaciones de la ruta de hoy.<\/p>\n<p>&nbsp;<\/p>\n<p><img loading=\"lazy\" decoding=\"async\" class=\"alignnone\" src=\"https:\/\/lh3.googleusercontent.com\/PxPNpKsr7PG0RVnVG_9-Q10kvpdBuShlqSj_lHWg-LEuPkteeUF8ipFf9VBfu5kkwrycjOGHRI_K4f9aa9eXsShgIYSuTr9QzmJ4BvAtn5jDq9ej4aA9Ea4cIVy0B8UPupEFaU4s0l8r_dTKBLtR5RLIRYecMxwCfhgSHjwrspGfDBE74f_LWTayc-QPO8JQ1OqPIWYJBzX9HBKICy9bKM5yQu5Zd5exNN02WzyYaVAWHRE5hZhvaiK_hmecPsQpA3Qi0oEF3aorDywpZT3mdL2tdvadytdExUfl-e4ySNe_MPkN1JL-98KqpjPm-uEb4wS0SOBWnhZOE1h1E1upM5oEuquiVrmMAbaMMPrSNnh1UKbuIZn0bvG0o0HfQ7P757K1JLWlFAQwmYt2c3ThBRinIw5wm3V7d1_09j0d4Q5nDGzDaMoBPPB4BNziI8bagvo9269gGKWysy2VNSNJfPrw1wu6of4KKi-A7MeEIwnu2iVwSWGClSi2nTT_0y1ZVl2BxCSFptQyFHLScPfZw5Ir=w911-h683-no\" alt=\"\" width=\"911\" height=\"683\" \/><\/p>\n<p>&nbsp;<\/p>\n<p>Subimos pues por ese camino, y al poco, veremos a nuestra izquierda el camino por el que bajamos hace un a\u00f1o desde la Abad\u00eda de Sant Mart\u00ed del Canig\u00f3, y observamos que est\u00e1 cerrado con cintas, ya que debido a las ultimas lluvias , por lo visto est\u00e1 bastante estropeado.<\/p>\n<p><img loading=\"lazy\" decoding=\"async\" class=\"alignnone\" src=\"https:\/\/lh3.googleusercontent.com\/30FoPyJdPeA41aARMhqJayjTPXls2mEK6EAqkHV_CeDAqjeny30uEpcYl1wrPcf1h3FaoYd1wB9ZHEhGW-IONgvi4geQl-D3_L3RFvIez5ZwFimIsk9gW_zwkL9Aqq0Z7VmXaaBpuWXUYRroCkznYnwBwliEL7Vo75WHGeatGyTyc6aLaEEQs9jf4M3Lxjg8AVUv7n_C4Hw1WEep-c24QZPK4Dvq2DthKcVSh8QxwbQREhUiD3v21D_dZr5RXdQya88QiVc2xpYjghUT8D9p8mY0A0MjoE9Y0VmQsaU1x8MJeqtwrHsuSJeN9rUbFs2wz0MAuI7ECv76OCxrx2M_tUAhvQTodrVsf9iDDh8GKWGZWxuHPxRV4MS0jJNtNgfKyIjvGvAIWP21WmObueq2WqtxgEDrXQHHnsMX6z4X9v-WmQDT53XhICJykKSv0esCeOtwoPorAE7hazLMiaWcyBFHakxF5lpQfzEzxlCrUbfHA-YOnqep6IpVkwF11EVqnE2pY75BSznQa_YABDfnFQtv=w911-h683-no\" alt=\"\" width=\"911\" height=\"683\" \/><\/p>\n<p>&nbsp;<\/p>\n<p>Seguimos el camino, que al cabo de poco se va escondiendo entre el espeso y sombr\u00edo bosque, y que adem\u00e1s parece que no es muy concurrido , a la vista de que no est\u00e1 muy pisado y no demasiado cuidado y que va siguiendo el recorrido del r\u00edo, aunque a distancia variable y cruzandolo varias veces.<\/p>\n<p><img loading=\"lazy\" decoding=\"async\" class=\"aligncenter\" src=\"https:\/\/lh3.googleusercontent.com\/tx0jNt7IuLGhKQ2E9HHAyZegMPRKRVlk7RylnpRBXRmhClH-mSW3eL1wdbEuin54Jp4-uB38lsiMrH2E3CxklEu4GQxzFECC4MxdjZlrx_jNadFkwxIlYcmLyXxovaHwmoyEwTpLKT-1DUc2OfZI-47B8wCWl9UDVDfTbXkspdQcW0H7msQmdstxwQhHddsazvwfGvUXFRTWHnP0Fx9R-LJl_P_-P4KQX5OIWIQ272X8QGBgh08ocUZ0sDZ0sIugRf1DPe20hhseQZ95mqHHeAehLuUhW1ZEFolfziRFnvu-Hh9aTJfGhiEMpcGMMOkpx3QFTZZijRs6I_VYNzZO06LqT-zSTjheQDNAua9pGXmMYNwHLe-Y84_x_O6vSIcuXLqHHJme2RRtFXZjGV9MZPcTA3Jn5RB9IdFFPGuSird0YD8C5r4vLiGQyku3zkIXR8RqjJzsZKtyUzdKWZAgS57ey_hm2jH8PlE88vOYK-AA5iXP_xLE-nmkqsPwNVue-sRdvKkhKGsQS4WA_07EB6Eq=w416-h311-no\" alt=\"\" width=\"566\" height=\"427\" \/><img loading=\"lazy\" decoding=\"async\" class=\"alignnone\" src=\"https:\/\/lh3.googleusercontent.com\/6oF7aXEX2IgtmtoemoDYOsjC5E4GwmUPuM4vJYN5NH41zkpCvbYltGsX5o1atTONObvxB4QIZoEa1e99375NNWRw_ggBaYdYo0125yPXQ3nZRegQ1XNWBORK9bYcfgNRx0TSG19shr6lr3mdyCVdF0AD6c-VA-Enbah4Y7S9kTgWfB2OcootaLTBtHUclQl3hZI0fXQEJc4HihSwqovUkqNoCRLMddSwy3EwJnfUra2MS02skriVfSbXwQrHWwJZKiPy5e2OtIHSEAvDiDHKKd-ptxMYcWRqX5uoK21TBLdmmqL1_iaKZH7_27UUQlV9dbqCpeS-dqwM94Zey2xZ6gqWVUqYl6lkdGv_FHs_Xe3OwmK2eU4bcEFvbpm3RdIBjMr_JCZ55tDjmXx3N4pKc7PsCGiHkMyjSv0ddmAsCsbJDnejrmzxHgLSr4cARHkj9T37UJ09-J9EOUbvtB36w1jFO2iQooVusXYGV7FgiXQhSYrQd810xzffRBrqEOL1PJs03niOPqHAbOVRUdZ3PbTM=w911-h683-no\" alt=\"\" width=\"911\" height=\"683\" \/><\/p>\n<p>&nbsp;<\/p>\n<p>El camino cruza varias veces el rio, tanto por peque\u00f1os puentes como por pasarelas met\u00e1licas.<\/p>\n<p><img loading=\"lazy\" decoding=\"async\" class=\"aligncenter\" src=\"https:\/\/lh3.googleusercontent.com\/3zmn-dX8PGWatQll06yfu8lCJ2s4Jbt-rkpnYJR1-WuAanyaQl1CKXGX1oro9wc0mHqGKWOfQOh3sGz7F7-xPCCwFRYyijUbtX6iGcrFRqJN8V6QgxqUmSoQByWYUZzKyH7bwxf-e3uuhxNqKo4XZpIpWMI2as_D8yk59iezyarRmaXwNgQFKVP8O2ga4CR31PZYt3lIKkuFeJwB_pRriZv0UVm6gxkcrtbfGU_okLT3Zdegwzg-DzhH9yv7m9quFqJwlwi7YApcQ1xXjwHH7qRf79Ahm7ussx8DmHet5mANx2vuTv_SCp1wIKj1hUf6SSEHYMsbe5jBqVoLrMGCC19qRnyIDTnXa0qp4GeHsw2DG3pCKfto0RHJ6qvFGKPkUfPEpTfxpHrDhT-jnJopDHlh13uTxNi6KjPPb3cNfMOr0Z7IpdCZmAOKbUAI7iYclJROIDEtRYdm9j5WVHcXFfSFgfvD7pQiMo5DcAM1RV5M7hDtZaoJoE61KGuk-PG17zmZjjoI7vLjLcg8cYhRDy_o=w911-h683-no\" alt=\"\" width=\"911\" height=\"683\" \/><img loading=\"lazy\" decoding=\"async\" class=\"aligncenter\" src=\"https:\/\/lh3.googleusercontent.com\/kK2PAf2BwyszNNpBdaG5GJNcAAJL0SZyYQyNEKS1IjVgUbLcyFUU8E5siOkUdn23KlvsLdSdeiLMmloVDIeCG8OEtigiVNL0nHqIgvgyUc5S6NPkbmVCc4V5MkdyaQKBh2ORzMF-C3OFA4FGJxRUKXPkcSUjWddmGZYNoUhnWIybnmXXvoMuyJ_Eoqxnuy4cUENxWxI7JUtluKLiaxqEv7XkM2h141fClKL1XPEIw0g1T_sw3q7QAQwRlS7qo-nRAnmh1F9ClqcfaGNStH7eaLQyc-A7vWTv31onEASGK5c9mNeDu9a8o3gg2DucgFBo-C-x4HX4N2J_gg63Y47gt_fwtHUvIC_5K5zCm0SYv0A95whBcfo_6fC7vtZvgYtGDW_aqCeBGsS24mcRzPqgeSk4vlZDnwEgaXsUFnr2S0YKGxonSu2RuejohKlSPnaEmgykCuHFlnkapgDttpl-T6OSZ9t0y0qkapWA-273L1B02tvgQie5eCQmKQ7sTlz2qp6pqziqilkOS4Y6g2_A30eW=w911-h683-no\" alt=\"\" width=\"911\" height=\"683\" \/><\/p>\n<p>&nbsp;<\/p>\n<p>Encontraremos alg\u00fan tramo con bastantes piedras y mucha humedad, al igual que en todo el recorrido.<\/p>\n<p><img loading=\"lazy\" decoding=\"async\" class=\"aligncenter\" src=\"https:\/\/lh3.googleusercontent.com\/hjk1Nb_HNVssm75fIwii5Z2oKjD0scjgsP2INujUzhJo4M8gDXj7yt6gCLJ8w9wtJ1ciDW2I7I1cOCwNTjXaFKQobA1l4gbpakSoe59GVKWby0CTg_p6eSLKCyJqTg5xuzb35ZxK3E6Bo7P8z6Q1g-fdgCvWyU10-X1mpPlZ4ZfVrdANR2XJTb5izkeQfSEgWl9CFN5MPYC-wcYw_iVqfj1q1ntpChbtiw9MkWbmWE4MubQMZ0NodPcMh4uyh3_m6c8TUnmXIfbF7csh0rZ2KJ-ojUYukNjpD8ZzLxzo3PjFr-AIWesXkT_NoFVVpL8shXtt7t6J8TBar6MT47K7yPVoF-3uR89Rnprbj2cQhPGRXdSb1TZ9j0haUZ2PA4hKAQs5AFFPIGbUfgT2BStjJmOgf2hJUp2h_2ahQ2rwU-j_1MSw7ekttr7SfVQyDZMiGgCrfYdIKuck22AE86SvFkBKxknt1Uso7WlP_ClTIk81Vt7Qscysapp9f8xKJZ7n474Z33pToUQInFX1kzLh9anH=w415-h311-no\" alt=\"\" width=\"581\" height=\"439\" \/><img loading=\"lazy\" decoding=\"async\" class=\"aligncenter\" src=\"https:\/\/lh3.googleusercontent.com\/beECqBS8ilWNE5XDxT11Q-OVZjl74pPDEmv-P9KQffihWGVFUjHRn57Rv1hkinvJH7XpAYz9AjsrVtyyKSt9nmR9vZKkQiENw8RiELxjap75fVskYL6wUG74qRlZeQfeV4z4ohsLsrwuKO8mI6KBM6BN8QiV02H8j5QputFIWn2foPlTlM9nn3GBdgrHrj1HJFxiUr7vxub4OfQgl1gwOnKw4T8XjiXDiWGMV67oMTYzI9KEruBg-lF43jUDyuiYGBB3bJJwt9WS7l42e38mQ-BNpak9XJk6IQog39DS81PM6YwkWYPyMV-zngns0chTRYrPLzhqW3t9viS5-WaCiaep0GsUZZH2xkGGD00tIGaHDWXH2u11uutgOySXSAdgByyFQp8Hnx5pvNwjfBx8-jLtFrstGrGW9ZnZxNpsKGRgpt6FLGOOm8nnYOYkVVzeAVNNOIicefQO3OqdordrRokVHf19v2a9QXnvl2w3joFOjMU3nDi6tdeOc3x3MDAxmlrN6p-kwG81Fib8ZW9wSTu3=w911-h683-no\" alt=\"\" width=\"911\" height=\"683\" \/><\/p>\n<p>&nbsp;<\/p>\n<p style=\"text-align: justify;\">A pesar de que el camino, como hemos dicho , no est\u00e1 demasiado cuidado, podemos ver varios bonitos tramos del r\u00edo, aunque siempre muy \u00abcerrados\u00bb y relativamente oscuros, por el espeso bosque.<\/p>\n<p><img loading=\"lazy\" decoding=\"async\" class=\"aligncenter\" src=\"https:\/\/lh3.googleusercontent.com\/SltRgdOiukGq6qqT6EuIz0h-ocmm_96_tfCjfG79y3b4sAMT_qefe4So4bj6NbO-aUCKYlbhcKgTPlOXJUEnPjDX1gWMmRHeDaVsw0D9p6sTTF_fUbXLXRmVn6GIQkYUbbLas5pSEGASP2XQwf7qAywxIlbA4vA6LOzjJZBsXfO10jnh8Y54ktymjvLU2_PXIkgIsw1_RPqUpG3R555VzGYiBj7k0KToyBKXuTw0CF4ijRbinv4E1QkDZiEflmZluNPxeUK9PKqw1fHuMdL9h9UeYf032px3XPJON4BsApfMYlfoyYK39k10itPXO7RzIvSgaqjiFoJtFmB_vlzR82Yn57En-EWZwlv6Ttiwt0GMG3A3yWkwA-x-ou6qymxz-dW-Lwrx16FKQcXFWT4csMoa0k6BoNSjtVB0g26OHXY-sYmF7ZOoPPv--tdHZEycRwK2hlsuMbfIzY6hEVpFi5J9tH8X0-2AvimqPa9rV8c16Zm2cM7XI6CI-lc8YWqPWZT_NEt2Pf2koossXbmYlA5z=w911-h683-no\" alt=\"\" width=\"911\" height=\"683\" \/><img loading=\"lazy\" decoding=\"async\" class=\"aligncenter\" src=\"https:\/\/lh3.googleusercontent.com\/x9b4sQzqJNgUpWRy1m2hYefxWVIa89IDRPQKPO01gBNHvCSyfM3ax5QffQjjb9xbIZT1C96kjBE7kM6YKQdocdpqzqPZglx1KSfFFS9Q31jQCiNEz8_gY7evqUwKEQDB8tHuPNL0QQA4-JvdoVANB0i0hk8StuOYEFt-YPoIS4JmxehxZZQV8_NDgaKwEXzwbDuRLVz1tSIja-XZ2oXu1CKjyYBW1XdFRCMhyaazSsR83XY-mQb37M_lNXB6BX87rKEkPlf2Lc6mjis0NFmoI-zVvz_1n05gMr-rn0wEY6M_spRUXNVN5ZLwgXDFWs91ja4cw58zC-Mo-7L4XkYFHHAuEaHdlU-1uf4jXHdEIesb_WRCvPeWeP1zQj2a38pKpSBrwswNLzm237yISBwnJlEQwkzGL_kPscLBeaIVy8OOMj5udbWkYk8JQwltOy9mTpP_NzclYL5bUVIBiToWGLhpE_A0dh8HC4oQ8KUV7z0GbvPD4N_E6T_9vBNrdCSbJga_BNDhCLLryadTqX_GkWC0=w911-h683-no\" alt=\"\" width=\"911\" height=\"683\" \/><\/p>\n<p>&nbsp;<\/p>\n<p>Finalmente llegamos a las Cascadas del Cady, en donde hay una especie de mirador, al final del camino,ya que a partir de all\u00ed ya no se puede continuar.<\/p>\n<p><img loading=\"lazy\" decoding=\"async\" class=\"aligncenter\" src=\"https:\/\/lh3.googleusercontent.com\/FEKeD_aQMRl70RmdEbuJgFW5Qa9MZlHTU9s5SeJuiyR9IIpMmsC_2DffiyA-ll4JPuYnGBM8I-sLCiPA9rmlCsPR2im40pyZTZirEGuB2LNlnYyfm6YbAuRPsd87mxGKD2WRp29HZKYnJT5-d2qBzXdJei_2WOjtgxVMdO-4O70oLWt7wrPRD5Hll39GcM45Zr4jHGjNaOdmz6AsVDHzii2E6CRjZzdzpmM_acAUpSD7pg1OexlgObqA0u5pq-8WAPr8CfAJR0VCb2ZF2ioWMo2mo2Lo5EEOpKkc09UIu9KKFnlxfFXoFYqZaPRkC_dO_JVLoXgDVi-oB9OPQws7brmQCCessU5P-UtJInNU9aZrNnMXBFp7wu-Vb0IMYqdm-4N9YLC4LbuUpjj8NqLIfxMKvDTdqAi-JRLotf5VJV2aS9-kFajEXYBCjvkNuzICn94JjEfRh2IebfbVV_JbcMqHs6D3RMynYjApuxrYvo5LtajJ_O3GdIxQ5y6aLJD5g_jEk8Ba4uAzKJJNsHiMru0W=w911-h683-no\" alt=\"\" width=\"911\" height=\"683\" \/><img loading=\"lazy\" decoding=\"async\" class=\"aligncenter\" src=\"https:\/\/lh3.googleusercontent.com\/nXU-lLyC0NGCqUa3Sm8LY68GmxI7VIlSdEkNUWzpArB6HNFcvD-1Lh8ayvpDjZheP06qQu8tcf9n-TcR34iUnI5_TgTM9nDYmjGUjr8d_HNNKCJG_x4ifwzEIY9r_a2OaqQoI-BUkzPG7Bzj07PLSSXIy_l1yB3ivUdXxYq7M7MgUFZRnuf6brUgUD24OXS4eELvpj5w1INLQr7SVUDe2E95JwnU3LVXWg6GJ8BkbOu4KZg6Ew-7A6jCUvUJ3u6-cKcAXgfkuehqXhezVaNKEXWnFgX_YWjxIkXK_qPnsBDHdOkmcQSPOvKIG_gQjWFbova7KU5MxEkmRLCe5F62ApQ4ghWGElc6NJihopRjEgAx-CtWr3WSV4weqwu4UUbX5x7ubtUMJljD-rbUvDX_VMDxzB9_WOWnkGmDyUdZxOnG8jEN17-n1TQlwKBvG7mJH9yHPkUYCHrzwyCVMTr3CKY5NEdZx4zbbY1Y_1PQkpixGLslhBiEIy1fAaBhu6Lj4ndls4Aea0J-aOkHm5BJLRip=w911-h683-no\" alt=\"\" width=\"911\" height=\"683\" \/><img loading=\"lazy\" decoding=\"async\" class=\"aligncenter\" src=\"https:\/\/lh3.googleusercontent.com\/jeba9agaK6AoXaH8FHoY36BYYfslO72sRBQB_f5BzsOBjgwxwCvveqGqb1r0lnNcCAD17ZgRtFhwULEOfmgUbMZMZgRJJYU_oS7I7Efw3rczOOmRtSVtznZAYy8tCIgb1eco53q140HpinmTMAO2FAbFD3MHg9Y2vVw-EtGx15ysGQ_t2yXwPkN59rQ_2pOMB19_Urn-wj_SlWi1rzX2aIhUT7cVN-VbQn_ZWN9J_0kauSKJSALVy29u95pSTzcps5kFRMmn8nc86VdOP0HXKP-xHGUADq6BuAPAIBfDPq_OHgKo2DVo2LmYWRJ5rmolFl4h_NgrC9YNfvp_zoY0Fs6Ol3v6_um_ki8n0SRU0HlCf3GhGO55ZayWaMSyX_pxfJoNSNv6lCm4ri2fekFBL5XYjGrCeSz7bCJ7JSH4qi7inQQYQGl_cOu99PdMFg5mIBD5TFbCGagfJPB2fzDL_--FrvemOAw0Ttp9kGl4oARP8HCS3HNnPTVYXhIXvgNDgVW0VQMp1MfnG5Xnx1TS1NA2=w911-h683-no\" alt=\"\" width=\"911\" height=\"683\" \/><\/p>\n<hr \/>\n<p><strong>Track de la ruta<\/strong><\/p>\n<p>[sgpx gpx=\u00bb\/wp-content\/uploads\/gpx\/GrogesDelCady.gpx\u00bb]<\/p>\n<hr \/>\n<table border=\"2\" cellspacing=\"300\" cellpadding=\"2\">\n<tbody>\n<tr style=\"height: 40px;\">\n<td style=\"width: 300px; height: 40px; text-align: center; vertical-align: middle;\"><strong>Enlace album de fotos<\/strong><\/td>\n<td style=\"width: 300px; height: 40px; text-align: center; vertical-align: middle;\"><a href=\"https:\/\/goo.gl\/photos\/oHtYbPGAQRsur1L18\" target=\"_blank\"><img loading=\"lazy\" decoding=\"async\" class=\"aligncenter wp-image-7236\" src=\"http:\/\/www.carlosyconchita.net\/rutas\/wp-content\/uploads\/2015\/09\/P8091963-300x225.jpg\" alt=\"P8091963\" width=\"150\" height=\"113\" srcset=\"https:\/\/www.carlosyconchita.net\/rutas\/wp-content\/uploads\/2015\/09\/P8091963-300x225.jpg 300w, https:\/\/www.carlosyconchita.net\/rutas\/wp-content\/uploads\/2015\/09\/P8091963-600x450.jpg 600w, https:\/\/www.carlosyconchita.net\/rutas\/wp-content\/uploads\/2015\/09\/P8091963-768x576.jpg 768w, https:\/\/www.carlosyconchita.net\/rutas\/wp-content\/uploads\/2015\/09\/P8091963-400x300.jpg 400w, https:\/\/www.carlosyconchita.net\/rutas\/wp-content\/uploads\/2015\/09\/P8091963.jpg 1024w\" sizes=\"auto, (max-width: 150px) 100vw, 150px\" \/><\/a><\/td>\n<\/tr>\n<tr style=\"height: 100px;\">\n<td style=\"width: 300px; height: 100px; text-align: center; vertical-align: middle;\"><strong>Enlace\u00a0 Wikiloc<br \/> <\/strong><\/td>\n<td style=\"width: 300px; height: 100px; text-align: center; vertical-align: middle;\"><a href=\"http:\/\/es.wikiloc.com\/wikiloc\/view.do?id=10748365\" target=\"_blank\"><img loading=\"lazy\" decoding=\"async\" class=\"aligncenter\" title=\"wikiloc\" src=\"http:\/\/www.carlosyconchita.net\/rutas\/wp-content\/uploads\/2020\/09\/wikiloc.jpg\" alt=\"\" width=\"117\" height=\"34\" \/><\/a><\/td>\n<\/tr>\n<\/tbody>\n<\/table>\n<p style=\"text-align: justify;\"><span style=\"color: #ff0000; background-color: #ffffff; font-size: 14pt;\"><strong>Si te ha gustado, comp\u00e1rtelo en tu red favorita,\u00a0 haz +1, o env\u00edanos tu comentario.<br \/> <\/strong><\/span><\/p>\n<p><span style=\"font-size: 14pt;\"><strong><span style=\"color: #ff0000;\">Muchas gracias !<\/span><\/strong><\/span><\/p>\n<hr \/>\n<p style=\"text-align: justify;\"><strong><span style=\"color: #008000;\">Suscribete si quieres recibir un mail cuando publiquemos nuevas rutas : no enviamos publicidad y como m\u00e1ximo enviamos 2 mails al mes<\/span><\/strong><\/p>\n<p>[wysija_form id=\u00bb1&#8243;]<\/p>\n","protected":false},"excerpt":{"rendered":"<p>El pasado verano, visitamos la Abad\u00eda de Sant Mart\u00ed de Canig\u00f3\u00a0 ( ver Abad\u00eda de Sant Mart\u00ed de Canig\u00f3 ) y en el camino de bajada, ya cerca del pueblo, vimos un letrero que nos indicaba las Cascadas del Cady, y como solemos hacer, la anotamos en nuestra lista de rutas pendientes. Dificultad :\u00a0 F\u00e1cil [&hellip;]<\/p>\n","protected":false},"author":50,"featured_media":7236,"comment_status":"open","ping_status":"open","sticky":false,"template":"","format":"gallery","meta":{"footnotes":""},"categories":[14,22,67],"tags":[],"class_list":{"0":"post-7233","1":"post","2":"type-post","3":"status-publish","4":"format-gallery","5":"has-post-thumbnail","6":"hentry","7":"category-muy-facil","8":"category-de-05-a-10-km","9":"category-conflent","10":"post_format-post-format-gallery","12":"post-with-thumbnail","13":"post-with-thumbnail-icon"},"yoast_head":"<!-- This site is optimized with the Yoast SEO plugin v27.4 - https:\/\/yoast.com\/product\/yoast-seo-wordpress\/ -->\n<title>09-08-2015 - Cascadas del Cady -<\/title>\n<meta name=\"robots\" content=\"index, follow, max-snippet:-1, max-image-preview:large, max-video-preview:-1\" \/>\n<link rel=\"canonical\" href=\"https:\/\/www.carlosyconchita.net\/rutas\/09-08-2015-cascadas-del-cady\/\" \/>\n<meta property=\"og:locale\" content=\"es_ES\" \/>\n<meta property=\"og:type\" content=\"article\" \/>\n<meta property=\"og:title\" content=\"09-08-2015 - Cascadas del Cady -\" \/>\n<meta property=\"og:description\" content=\"El pasado verano, visitamos la Abad\u00eda de Sant Mart\u00ed de Canig\u00f3\u00a0 ( ver Abad\u00eda de Sant Mart\u00ed de Canig\u00f3 ) y en el camino de bajada, ya cerca del pueblo, vimos un letrero que nos indicaba las Cascadas del Cady, y como solemos hacer, la anotamos en nuestra lista de rutas pendientes. Dificultad :\u00a0 F\u00e1cil [&hellip;]\" \/>\n<meta property=\"og:url\" content=\"https:\/\/www.carlosyconchita.net\/rutas\/09-08-2015-cascadas-del-cady\/\" \/>\n<meta property=\"og:site_name\" content=\"Las rutas de Carlos y Conchita\" \/>\n<meta property=\"article:published_time\" content=\"2015-08-09T20:42:26+00:00\" \/>\n<meta property=\"article:modified_time\" content=\"2015-11-27T21:29:03+00:00\" \/>\n<meta property=\"og:image\" content=\"https:\/\/www.carlosyconchita.net\/rutas\/wp-content\/uploads\/2015\/09\/P8091963.jpg\" \/>\n\t<meta property=\"og:image:width\" content=\"1024\" \/>\n\t<meta property=\"og:image:height\" content=\"768\" \/>\n\t<meta property=\"og:image:type\" content=\"image\/jpeg\" \/>\n<meta name=\"author\" content=\"Carlos Conchita\" \/>\n<meta name=\"twitter:label1\" content=\"Escrito por\" \/>\n\t<meta name=\"twitter:data1\" content=\"Carlos Conchita\" \/>\n\t<meta name=\"twitter:label2\" content=\"Tiempo de lectura\" \/>\n\t<meta name=\"twitter:data2\" content=\"2 minutos\" \/>\n<script type=\"application\/ld+json\" class=\"yoast-schema-graph\">{\"@context\":\"https:\\\/\\\/schema.org\",\"@graph\":[{\"@type\":\"Article\",\"@id\":\"https:\\\/\\\/www.carlosyconchita.net\\\/rutas\\\/09-08-2015-cascadas-del-cady\\\/#article\",\"isPartOf\":{\"@id\":\"https:\\\/\\\/www.carlosyconchita.net\\\/rutas\\\/09-08-2015-cascadas-del-cady\\\/\"},\"author\":{\"name\":\"Carlos Conchita\",\"@id\":\"https:\\\/\\\/www.carlosyconchita.net\\\/rutas\\\/#\\\/schema\\\/person\\\/a9691f7258c28443fab2d3aa1479ea19\"},\"headline\":\"09-08-2015 &#8211; Cascadas del Cady\",\"datePublished\":\"2015-08-09T20:42:26+00:00\",\"dateModified\":\"2015-11-27T21:29:03+00:00\",\"mainEntityOfPage\":{\"@id\":\"https:\\\/\\\/www.carlosyconchita.net\\\/rutas\\\/09-08-2015-cascadas-del-cady\\\/\"},\"wordCount\":494,\"commentCount\":2,\"image\":{\"@id\":\"https:\\\/\\\/www.carlosyconchita.net\\\/rutas\\\/09-08-2015-cascadas-del-cady\\\/#primaryimage\"},\"thumbnailUrl\":\"https:\\\/\\\/www.carlosyconchita.net\\\/rutas\\\/wp-content\\\/uploads\\\/2015\\\/09\\\/P8091963.jpg\",\"articleSection\":[\"0-Muy f\u00e1cil\",\"2 - De 5 a 10 km.\",\"Conflent\"],\"inLanguage\":\"es\",\"potentialAction\":[{\"@type\":\"CommentAction\",\"name\":\"Comment\",\"target\":[\"https:\\\/\\\/www.carlosyconchita.net\\\/rutas\\\/09-08-2015-cascadas-del-cady\\\/#respond\"]}]},{\"@type\":\"WebPage\",\"@id\":\"https:\\\/\\\/www.carlosyconchita.net\\\/rutas\\\/09-08-2015-cascadas-del-cady\\\/\",\"url\":\"https:\\\/\\\/www.carlosyconchita.net\\\/rutas\\\/09-08-2015-cascadas-del-cady\\\/\",\"name\":\"09-08-2015 - Cascadas del Cady -\",\"isPartOf\":{\"@id\":\"https:\\\/\\\/www.carlosyconchita.net\\\/rutas\\\/#website\"},\"primaryImageOfPage\":{\"@id\":\"https:\\\/\\\/www.carlosyconchita.net\\\/rutas\\\/09-08-2015-cascadas-del-cady\\\/#primaryimage\"},\"image\":{\"@id\":\"https:\\\/\\\/www.carlosyconchita.net\\\/rutas\\\/09-08-2015-cascadas-del-cady\\\/#primaryimage\"},\"thumbnailUrl\":\"https:\\\/\\\/www.carlosyconchita.net\\\/rutas\\\/wp-content\\\/uploads\\\/2015\\\/09\\\/P8091963.jpg\",\"datePublished\":\"2015-08-09T20:42:26+00:00\",\"dateModified\":\"2015-11-27T21:29:03+00:00\",\"author\":{\"@id\":\"https:\\\/\\\/www.carlosyconchita.net\\\/rutas\\\/#\\\/schema\\\/person\\\/a9691f7258c28443fab2d3aa1479ea19\"},\"breadcrumb\":{\"@id\":\"https:\\\/\\\/www.carlosyconchita.net\\\/rutas\\\/09-08-2015-cascadas-del-cady\\\/#breadcrumb\"},\"inLanguage\":\"es\",\"potentialAction\":[{\"@type\":\"ReadAction\",\"target\":[\"https:\\\/\\\/www.carlosyconchita.net\\\/rutas\\\/09-08-2015-cascadas-del-cady\\\/\"]}]},{\"@type\":\"ImageObject\",\"inLanguage\":\"es\",\"@id\":\"https:\\\/\\\/www.carlosyconchita.net\\\/rutas\\\/09-08-2015-cascadas-del-cady\\\/#primaryimage\",\"url\":\"https:\\\/\\\/www.carlosyconchita.net\\\/rutas\\\/wp-content\\\/uploads\\\/2015\\\/09\\\/P8091963.jpg\",\"contentUrl\":\"https:\\\/\\\/www.carlosyconchita.net\\\/rutas\\\/wp-content\\\/uploads\\\/2015\\\/09\\\/P8091963.jpg\",\"width\":1024,\"height\":768},{\"@type\":\"BreadcrumbList\",\"@id\":\"https:\\\/\\\/www.carlosyconchita.net\\\/rutas\\\/09-08-2015-cascadas-del-cady\\\/#breadcrumb\",\"itemListElement\":[{\"@type\":\"ListItem\",\"position\":1,\"name\":\"Portada\",\"item\":\"https:\\\/\\\/www.carlosyconchita.net\\\/rutas\\\/\"},{\"@type\":\"ListItem\",\"position\":2,\"name\":\"09-08-2015 &#8211; Cascadas del Cady\"}]},{\"@type\":\"WebSite\",\"@id\":\"https:\\\/\\\/www.carlosyconchita.net\\\/rutas\\\/#website\",\"url\":\"https:\\\/\\\/www.carlosyconchita.net\\\/rutas\\\/\",\"name\":\"Las rutas de Carlos y Conchita\",\"description\":\"\",\"potentialAction\":[{\"@type\":\"SearchAction\",\"target\":{\"@type\":\"EntryPoint\",\"urlTemplate\":\"https:\\\/\\\/www.carlosyconchita.net\\\/rutas\\\/?s={search_term_string}\"},\"query-input\":{\"@type\":\"PropertyValueSpecification\",\"valueRequired\":true,\"valueName\":\"search_term_string\"}}],\"inLanguage\":\"es\"},{\"@type\":\"Person\",\"@id\":\"https:\\\/\\\/www.carlosyconchita.net\\\/rutas\\\/#\\\/schema\\\/person\\\/a9691f7258c28443fab2d3aa1479ea19\",\"name\":\"Carlos Conchita\",\"image\":{\"@type\":\"ImageObject\",\"inLanguage\":\"es\",\"@id\":\"https:\\\/\\\/secure.gravatar.com\\\/avatar\\\/3a4625b20c8da3de99da69bfe7a322774e291c3f90dce7e8778a30fe6748ed1a?s=96&d=mm&r=g\",\"url\":\"https:\\\/\\\/secure.gravatar.com\\\/avatar\\\/3a4625b20c8da3de99da69bfe7a322774e291c3f90dce7e8778a30fe6748ed1a?s=96&d=mm&r=g\",\"contentUrl\":\"https:\\\/\\\/secure.gravatar.com\\\/avatar\\\/3a4625b20c8da3de99da69bfe7a322774e291c3f90dce7e8778a30fe6748ed1a?s=96&d=mm&r=g\",\"caption\":\"Carlos Conchita\"}}]}<\/script>\n<!-- \/ Yoast SEO plugin. -->","yoast_head_json":{"title":"09-08-2015 - Cascadas del Cady -","robots":{"index":"index","follow":"follow","max-snippet":"max-snippet:-1","max-image-preview":"max-image-preview:large","max-video-preview":"max-video-preview:-1"},"canonical":"https:\/\/www.carlosyconchita.net\/rutas\/09-08-2015-cascadas-del-cady\/","og_locale":"es_ES","og_type":"article","og_title":"09-08-2015 - Cascadas del Cady -","og_description":"El pasado verano, visitamos la Abad\u00eda de Sant Mart\u00ed de Canig\u00f3\u00a0 ( ver Abad\u00eda de Sant Mart\u00ed de Canig\u00f3 ) y en el camino de bajada, ya cerca del pueblo, vimos un letrero que nos indicaba las Cascadas del Cady, y como solemos hacer, la anotamos en nuestra lista de rutas pendientes. Dificultad :\u00a0 F\u00e1cil [&hellip;]","og_url":"https:\/\/www.carlosyconchita.net\/rutas\/09-08-2015-cascadas-del-cady\/","og_site_name":"Las rutas de Carlos y Conchita","article_published_time":"2015-08-09T20:42:26+00:00","article_modified_time":"2015-11-27T21:29:03+00:00","og_image":[{"width":1024,"height":768,"url":"https:\/\/www.carlosyconchita.net\/rutas\/wp-content\/uploads\/2015\/09\/P8091963.jpg","type":"image\/jpeg"}],"author":"Carlos Conchita","twitter_misc":{"Escrito por":"Carlos Conchita","Tiempo de lectura":"2 minutos"},"schema":{"@context":"https:\/\/schema.org","@graph":[{"@type":"Article","@id":"https:\/\/www.carlosyconchita.net\/rutas\/09-08-2015-cascadas-del-cady\/#article","isPartOf":{"@id":"https:\/\/www.carlosyconchita.net\/rutas\/09-08-2015-cascadas-del-cady\/"},"author":{"name":"Carlos Conchita","@id":"https:\/\/www.carlosyconchita.net\/rutas\/#\/schema\/person\/a9691f7258c28443fab2d3aa1479ea19"},"headline":"09-08-2015 &#8211; Cascadas del Cady","datePublished":"2015-08-09T20:42:26+00:00","dateModified":"2015-11-27T21:29:03+00:00","mainEntityOfPage":{"@id":"https:\/\/www.carlosyconchita.net\/rutas\/09-08-2015-cascadas-del-cady\/"},"wordCount":494,"commentCount":2,"image":{"@id":"https:\/\/www.carlosyconchita.net\/rutas\/09-08-2015-cascadas-del-cady\/#primaryimage"},"thumbnailUrl":"https:\/\/www.carlosyconchita.net\/rutas\/wp-content\/uploads\/2015\/09\/P8091963.jpg","articleSection":["0-Muy f\u00e1cil","2 - De 5 a 10 km.","Conflent"],"inLanguage":"es","potentialAction":[{"@type":"CommentAction","name":"Comment","target":["https:\/\/www.carlosyconchita.net\/rutas\/09-08-2015-cascadas-del-cady\/#respond"]}]},{"@type":"WebPage","@id":"https:\/\/www.carlosyconchita.net\/rutas\/09-08-2015-cascadas-del-cady\/","url":"https:\/\/www.carlosyconchita.net\/rutas\/09-08-2015-cascadas-del-cady\/","name":"09-08-2015 - Cascadas del Cady -","isPartOf":{"@id":"https:\/\/www.carlosyconchita.net\/rutas\/#website"},"primaryImageOfPage":{"@id":"https:\/\/www.carlosyconchita.net\/rutas\/09-08-2015-cascadas-del-cady\/#primaryimage"},"image":{"@id":"https:\/\/www.carlosyconchita.net\/rutas\/09-08-2015-cascadas-del-cady\/#primaryimage"},"thumbnailUrl":"https:\/\/www.carlosyconchita.net\/rutas\/wp-content\/uploads\/2015\/09\/P8091963.jpg","datePublished":"2015-08-09T20:42:26+00:00","dateModified":"2015-11-27T21:29:03+00:00","author":{"@id":"https:\/\/www.carlosyconchita.net\/rutas\/#\/schema\/person\/a9691f7258c28443fab2d3aa1479ea19"},"breadcrumb":{"@id":"https:\/\/www.carlosyconchita.net\/rutas\/09-08-2015-cascadas-del-cady\/#breadcrumb"},"inLanguage":"es","potentialAction":[{"@type":"ReadAction","target":["https:\/\/www.carlosyconchita.net\/rutas\/09-08-2015-cascadas-del-cady\/"]}]},{"@type":"ImageObject","inLanguage":"es","@id":"https:\/\/www.carlosyconchita.net\/rutas\/09-08-2015-cascadas-del-cady\/#primaryimage","url":"https:\/\/www.carlosyconchita.net\/rutas\/wp-content\/uploads\/2015\/09\/P8091963.jpg","contentUrl":"https:\/\/www.carlosyconchita.net\/rutas\/wp-content\/uploads\/2015\/09\/P8091963.jpg","width":1024,"height":768},{"@type":"BreadcrumbList","@id":"https:\/\/www.carlosyconchita.net\/rutas\/09-08-2015-cascadas-del-cady\/#breadcrumb","itemListElement":[{"@type":"ListItem","position":1,"name":"Portada","item":"https:\/\/www.carlosyconchita.net\/rutas\/"},{"@type":"ListItem","position":2,"name":"09-08-2015 &#8211; Cascadas del Cady"}]},{"@type":"WebSite","@id":"https:\/\/www.carlosyconchita.net\/rutas\/#website","url":"https:\/\/www.carlosyconchita.net\/rutas\/","name":"Las rutas de Carlos y Conchita","description":"","potentialAction":[{"@type":"SearchAction","target":{"@type":"EntryPoint","urlTemplate":"https:\/\/www.carlosyconchita.net\/rutas\/?s={search_term_string}"},"query-input":{"@type":"PropertyValueSpecification","valueRequired":true,"valueName":"search_term_string"}}],"inLanguage":"es"},{"@type":"Person","@id":"https:\/\/www.carlosyconchita.net\/rutas\/#\/schema\/person\/a9691f7258c28443fab2d3aa1479ea19","name":"Carlos Conchita","image":{"@type":"ImageObject","inLanguage":"es","@id":"https:\/\/secure.gravatar.com\/avatar\/3a4625b20c8da3de99da69bfe7a322774e291c3f90dce7e8778a30fe6748ed1a?s=96&d=mm&r=g","url":"https:\/\/secure.gravatar.com\/avatar\/3a4625b20c8da3de99da69bfe7a322774e291c3f90dce7e8778a30fe6748ed1a?s=96&d=mm&r=g","contentUrl":"https:\/\/secure.gravatar.com\/avatar\/3a4625b20c8da3de99da69bfe7a322774e291c3f90dce7e8778a30fe6748ed1a?s=96&d=mm&r=g","caption":"Carlos Conchita"}}]}},"_links":{"self":[{"href":"https:\/\/www.carlosyconchita.net\/rutas\/wp-json\/wp\/v2\/posts\/7233","targetHints":{"allow":["GET"]}}],"collection":[{"href":"https:\/\/www.carlosyconchita.net\/rutas\/wp-json\/wp\/v2\/posts"}],"about":[{"href":"https:\/\/www.carlosyconchita.net\/rutas\/wp-json\/wp\/v2\/types\/post"}],"author":[{"embeddable":true,"href":"https:\/\/www.carlosyconchita.net\/rutas\/wp-json\/wp\/v2\/users\/50"}],"replies":[{"embeddable":true,"href":"https:\/\/www.carlosyconchita.net\/rutas\/wp-json\/wp\/v2\/comments?post=7233"}],"version-history":[{"count":0,"href":"https:\/\/www.carlosyconchita.net\/rutas\/wp-json\/wp\/v2\/posts\/7233\/revisions"}],"wp:featuredmedia":[{"embeddable":true,"href":"https:\/\/www.carlosyconchita.net\/rutas\/wp-json\/wp\/v2\/media\/7236"}],"wp:attachment":[{"href":"https:\/\/www.carlosyconchita.net\/rutas\/wp-json\/wp\/v2\/media?parent=7233"}],"wp:term":[{"taxonomy":"category","embeddable":true,"href":"https:\/\/www.carlosyconchita.net\/rutas\/wp-json\/wp\/v2\/categories?post=7233"},{"taxonomy":"post_tag","embeddable":true,"href":"https:\/\/www.carlosyconchita.net\/rutas\/wp-json\/wp\/v2\/tags?post=7233"}],"curies":[{"name":"wp","href":"https:\/\/api.w.org\/{rel}","templated":true}]}}