{"id":7295,"date":"2015-08-13T20:49:08","date_gmt":"2015-08-13T19:49:08","guid":{"rendered":"http:\/\/www.carlosyconchita.net\/rutas\/?p=7295"},"modified":"2015-11-27T22:26:28","modified_gmt":"2015-11-27T21:26:28","slug":"13-08-2015-bolquere-al-lago-de-ticou","status":"publish","type":"post","link":"https:\/\/www.carlosyconchita.net\/rutas\/13-08-2015-bolquere-al-lago-de-ticou\/","title":{"rendered":"13-08-2015 &#8211; Bolqu\u00e9re &#8211; Lago de Ticou"},"content":{"rendered":"<p style=\"text-align: justify;\">Despu\u00e9s de la ruta de ayer al Pico de Envalira, que fue algo durilla, y dado que las previsiones para hoy anunciaban lluvia y tormentas, elegimos la zona de Bolquere para hacer una caminata por los bosques desde Bolqu\u00e9re al Lago de Ticou aunque sin ruta prefijada de antemano.<\/p>\n<table border=\"1\" cellspacing=\"300\" cellpadding=\"1\">\n<tbody>\n<tr>\n<td style=\"width: 300px; height: 40px; text-align: left; vertical-align: top;\"><strong>Dificultad :\u00a0 Muy f\u00e1cil<\/strong><\/td>\n<td><strong>Recorrido : \u00a0 6&#8217;475 km.<\/strong><\/td>\n<\/tr>\n<tr>\n<td><strong>Desnivel acum.\u00a0 :\u00a0\u00a0 256 m. \u00a0 \u00a0 \u00a0 <\/strong><\/td>\n<td><strong>Alturas m\u00edn.\/m\u00e1x. \u00a0 :\u00a0\u00a0 1.699 \/\u00a0 1.807 m.<\/strong><\/td>\n<\/tr>\n<tr>\n<td><strong>Tiempo total :\u00a0 1 h. 46 m.<br \/> <\/strong><\/td>\n<td><strong>Velocidad media :\u00a0 3&#8217;6 km.\/hora<\/strong><\/td>\n<\/tr>\n<tr>\n<td><strong>Tiempo movimiento\u00a0 :\u00a0 1 h. 26 m.<br \/> <\/strong><\/td>\n<td><strong> Velocidad media\u00a0 :\u00a0 4&#8217;3 km.\/hora<\/strong><\/td>\n<\/tr>\n<\/tbody>\n<\/table>\n<p style=\"text-align: justify;\">Desde Saillagouse cogemos la carretera en direcci\u00f3n a Mont-Louis, pero antes de llegar, en el cruce que hay en el Coll de la Perche, cogemos la carretera de la izquierda en direccion a Bolquere.<\/p>\n<p style=\"text-align: justify;\">Cruzamos el pueblo y vamos subiendo por la carretera que nos llevar\u00eda a la zona de Pyrenees 2000, y en una de las curvas de la carretera, vemos enfrente una gran valla y a la izquierda una peque\u00f1a zona para dejar el coche con unos indicadores amarillos de varias rutas que empiezan alli (estamos en la calle de los Rododendros y la avenida de los Erables)<\/p>\n<p style=\"text-align: justify;\"><img loading=\"lazy\" decoding=\"async\" class=\"aligncenter\" src=\"https:\/\/lh3.googleusercontent.com\/9GtnJsmhlKalxQupJSTaK4Wf_WpDe2hfNvWdHfs_kKFuF8o_cDgLVwr31Qmk_EF2ieiRg_yoK117V1_bPXWGzVxxI0HOZ38SJS2Ev-y1Dig0wrCZ5PNtK0XqDBp8OJIDtpIn8UlZKXfnWI-UndrDlMb5k7uqGVrKEgzslmB5XdSv41wo9D9Wd4zPBPEnIUTfjCFXT70iIMA6nD8vFZxdLmcQYGqnr0yujYduQzJ-mrYtzIaeMq3-T7Y7VN9ztYM9v-65j7L5ER7iH5aUWx6F7QTL4kGa4KfukxA-OfIePMQqOFchzIZjRnGZc16gZNNMa6W0yABy0g_Oln74YtD_D4WcUmZPcvc7IcjcmyIrSyzQyRInoX64jM8jsKwBNiQKKfa2knsd_yzhvhTrLM22HxsH-XGtX2w9GgZ3kFKdRItnsEFn9KoCko49pjiWErlrL2Ype5faVDhN1ViBQ-5FgYA7s4FFWLK3Bilkb1cnyILl6J-qqUCy8jmdS5C3g0o9ynZmFRDk-uVecALCaEh6WejhmEyo6ny93AQvnLXwtp59=w911-h683-no\" alt=\"\" width=\"911\" height=\"683\" \/><\/p>\n<p style=\"text-align: justify;\">\u00a0<\/p>\n<p style=\"text-align: justify;\">Alli en invierno siempre habiamos visto adem\u00e1s un letrero amarillo de una pista de raquetas (la pista de la Liebre), pero se v\u00e9 que en verano quitan los letreros de raquetas y hoy , ese letrero no est\u00e1.<\/p>\n<p style=\"text-align: justify;\"><img loading=\"lazy\" decoding=\"async\" class=\"aligncenter\" src=\"https:\/\/lh3.googleusercontent.com\/5Ykq3D8clbS-j4oOQIj7RE4pRVzpRVqC8_ko_plWIcdMdVIMA8zMWxwDaxWjmP9NdSGLuGffTuGXDsJpksn0gNzuApFE_4V-eTeS3T6N_F1LwQqwO_hrj-y9REpTLkuqMtc4SmUJVeD3m1WAh5kjN7chUYvwT71vYkEiJLNzeIDyk19w3B5s2kcU1inu9m0aXZ3vVL1qj6J9KLmgj1HyaxmJV4karVVyOMOsvKClX_ALToaoKaxOEANkKdRyxc8xYnoRwSpI7qqQHNbQIM1_zHcwk1F1UYWq6TEDbldUyChQwALfqi77o6h9gOkpSAJKuFC3gxPqfl9PwR6iL41Egm-xYyrjuVBWPdu3-9b1wfRc3ZFjADr75lGH3RxfOWfZfuwQ2UmnJRhYFX4XZejsbSmrNEB_HsRgWIokHvY8rKHUCN--y8GFLlA9smEUp0aTrJdn4XdQDx8zUb664ZJldD5TI5crjuyqK6Mh3duKy9PiRNM9QpPDqkk1wKrXBtT6mk4xvgDsv6IjG130PIQSlPFoekzvKuVRmjKqsN0N8C4M=w911-h683-no\" alt=\"\" width=\"911\" height=\"683\" \/><\/p>\n<p style=\"text-align: justify;\">Empezamos a caminar por el camino que empieza alli, siguiendo de momento las indicaciones de Font-Romeu, y que va pasando por dentro del bosque.<\/p>\n<p style=\"text-align: justify;\"><img loading=\"lazy\" decoding=\"async\" class=\"aligncenter\" src=\"https:\/\/lh3.googleusercontent.com\/XfwXS4CcAGnyuj6YB-P0KtOEBmX3eRgIC6wS4Wa7_PSMEWGqRH7I2U_mizqyBBVeSN5sY36nL4l9s36aODyWutcvTo1GeU5wNSJBtvFDf_5PUK9yKbFEP0qKWVl3EPdlMv3-OavvHW573FuGm4WvVmivBY5aYE_Vx4S0-eFz2m01onaWGLqdmjdIYz1HEdTWVWocQlqb9XiTrkRjNkI3rcUOYPM9KpRZRKd7vt5CLKWZNDsYJbjziZs5I2CVXWqdtDcgzCrBCl-oBC_5xxfmLO_TKJkCbHp4t7ReeFtrI3uWrZxztpwGY1clBbyY5b92oVSOKI623xmiVyC-tAdu13oo2fh1fiMSdj2ShoRrtQ2eaNO1m3H8hSFYUluDtaQO1Frq2d6ApvP5hueyjcmdO_Md-IJBrmGMZ913mC-1FNYdr-fan-Jwpzse42aOuEetsnfi3doyD1TE6IUTKWoow170dtToMF0TkVqj6D0rWO4grUZ5OUxAaode5liWVeAwGzdX-XzZlJWiqY87bhQpIaKmDqx6Ud0sd8gqtXN9O6wg=w911-h683-no\" alt=\"\" width=\"911\" height=\"683\" \/><\/p>\n<p style=\"text-align: justify;\">\u00a0<\/p>\n<p style=\"text-align: justify;\">Cuando llevemos aproximadamente unos 700 m. veremos un camino que sube hacia nuestra derecha, y que va en direccion a Pyrenees 2000, aunque el letrero que lo indica solo se v\u00e9 si caminas en direccion contraria a la que nosotros llevamos.<\/p>\n<p style=\"text-align: justify;\"><img loading=\"lazy\" decoding=\"async\" class=\"alignnone\" src=\"https:\/\/lh3.googleusercontent.com\/pLt7iibkVsMBW0n9LAw_BMLcEH_LZH2mRhTwkzvJSDR7wPqEVPGOLkebxmQnKvzWSUAu8cy-KROOxLs97WE6--k7Ut5-W30In6dFAzR2ixcvGRN8IaKbwzv37RcxyGJV93FkuPctG8omjS2hZtfCYJT5yKQnrJV0CiL8K-ShVKqG6X_5Te7Fq6RG2p8DPuqU_O674Se87PO3sHUp49Ji7MUJLMMNhR3jMVLiatzUHCHA15Fn8eJGwU9bTyEYVy3aiqwQJXLEjgOUAi_5AWiRtZzKmsYAr9ZnIaL-rhSukxPY22PUUDlaF8fbqQ74XeujsP7LQposojOvqi3IVP3qvzPv8t9R72HyQm9zva04F1istYWr3sfiynEq-m-mNFt3BoDKh6ftuHgHpGa_uMHGJoS8B-RFlh2HbuEHi7UD3pyd14BtvMVMXIvtT7Yh0VUTBpb7zWaluBNSfm7Bwx0cT_LE5bfTDtuNur73qA7zjHaU-YQRDQAxT7jDOd-rXx-jFrCDk9jxuybt70Ffx_fwV7k2H1ejGge7WLTrqd3YaZk8=w911-h683-no\" alt=\"\" width=\"911\" height=\"683\" \/><\/p>\n<p style=\"text-align: justify;\">\u00a0<\/p>\n<p style=\"text-align: justify;\">Poco despu\u00e9s llegamos a un enorme edificio que parece abandonado, que cruzamos por debajo de una especie de arcada, despu\u00e9s de ver unos bonitos perros que tenian alli y que desde luego no estaban abandonados.<\/p>\n<p style=\"text-align: justify;\"><img loading=\"lazy\" decoding=\"async\" class=\"aligncenter\" src=\"https:\/\/lh3.googleusercontent.com\/7lP6uwcHryMftiFpmTkj0OTuSTvyP4yOrnNQarN4rckj9WrZNDaEcLPIa2Ti05wZ1muUGK_WbHRtOP3MclkkEBJHEqpkoet6s7KJXED1f70LCcinbVQxMpLDopip-ZFdoeOAyg6v-iT99qquSxu6_VGchNUyA6K8c4_WRdlXULVtDmeVqLwKv-bSSHaYBRnQzDHnpwXYJCULLrPnkXobOH5HtSUbZEp-z_GE7gDwRBMpaE-GKxNRAASQO7H5ARfzWynP40CzGeWQGmQblZuZSaArjbY68OF5sdNFwNxDEbOjoKHX7fMBImUCzRoF7WEQaFI9jJqHbqrfV_3-OIR1_SvKlOaEz8IegmWjHPSg8pG51R6wdSAQPNEX-lsLpxJ7DKxOx_MTG3-86cNetSYr5q3GRZlVPc9fC-jzEOkefHx7JTrjHl2n4dQUbGuo6_0jS0la8UYzhbpxrHI82PJLpq6ZGU7_bHK-sf2G5utosQ4EjDus-MM491K21okmLV7Xbi9mIO2zj_Y-l-_NjYje-hUtnAJxNyUkh4KtJ6aXwIX_=w911-h683-no\" alt=\"\" width=\"911\" height=\"683\" \/><\/p>\n<p style=\"text-align: justify;\"><img loading=\"lazy\" decoding=\"async\" class=\"alignnone\" src=\"https:\/\/lh3.googleusercontent.com\/EET3cp8_IVWiF0s-hQIkFYzV6pTq2hPBiWb728Ua9xNt5EiOwVm7ROhN9aLfCMiZnR9gL3qOSn1fcrWLLCv9Z_TjaNFBCUTqVoENLixA8CFLuwqHT9voD0GGZulLW2C2sJsLuT9K1_gvhNMvdHl8Q4sH5W6nOIEYzW_kEQrw2spTIhcSkPqKqR-fOtOfvbF7c49nuOCNldOjRn3GYTTN450JtchBJlAMrS4mF8BqmgffvskghEP6X01pX8YaobxzXVl41ukUpi-9AyBY0Kf3nXEsgrt_mUYZ7tGAf7bFplczNTpEQ1LTB2Jda5qPNtSlZFkFm42H_VHvTqsUcF5tW_8Fi4enVw1C5bwQW1m0kPu84F4xrABlUi-xLEpjZdB25L0RrW8NOjppob9jL_gGXT8wABPEzXQGAPhvNRxof4pZWZP-DBPXqlvX9as6YGnjKJz-SALxiFPqq3D5BLpauES9j2nQwOmwpdJCXouQCh1KBrp1Gr7_4_TFgVp_UCOk7Pu9a28y9eBKFohf2W8whhFljGJ8kOMDB31et9J13D3T=w911-h683-no\" alt=\"\" width=\"911\" height=\"683\" \/><\/p>\n<p style=\"text-align: justify;\">Despues de la arcada, seguimos por el camino que se desvia un poco a la derecha, entrando de nuevo en el bosque, hasta que llegamos a la carretera D-618, en donde veremos a nuestra derecha y muy cerca vemos una de las rotondas de esa carretera en la zona comercial de Pyrenees 2000.<\/p>\n<p style=\"text-align: justify;\"><img loading=\"lazy\" decoding=\"async\" class=\"aligncenter\" src=\"https:\/\/lh3.googleusercontent.com\/yR9j2ZTjAVf5ajrwr-pT7AJVTTj0OAdJAFmNXyMS1HnWEPXO_CLR96hlTiTtTGG-Vwyt2UtL2QEgRirA6W0CcGQqwPg6CveOCB3nF3FkC5y_2-cJbxrCzrHRf6E47Vq5r-VJmjbE5VphpCeeqYXOMTzA6yLbnn5eOuZB7EaYpWcOKiTJirmZAkqo33pQOAvNjdPhumBuAj58lA6m_nZmjr2H8tDaNpjQYj2Hh_WGg21RKRYd8RfUFMLWYdqTHI0TiFrlcFXPYL7VHN521Xm4sT9AlA1XEMaOqhUUOFNPMThlLW5NPmr1r8X8z1fwYRIeUEV2PDQIiyDpQmKd7d093jUONQd39KhretIaSgatG7ltJ6zCnhoCoTD3njyqf3Nf9b6UMmkZLdSsyCDhRGNKLR5Kf6XuoXIGtRK0toY7IYtAxkz-6SoHxHSxKVetBEiy7z8zBaoFfIySZKsQWDsBsv-KinVeebBSijgRgGo02XCbxidzKZVNfgpP7RQ-B8SgoM-nx9Sh9zrZ9MjL4Nrod4zj26S2qThwTPSXFZ79AA1e=w911-h683-no\" alt=\"\" width=\"911\" height=\"683\" \/><\/p>\n<p style=\"text-align: justify;\"><img loading=\"lazy\" decoding=\"async\" class=\"aligncenter\" src=\"https:\/\/lh3.googleusercontent.com\/Bq4UatrdaLG66vRHWnkC5rS-MuAgfjw3NqQCCSDblSV5_O3LX4UNPfLwPep1hKMmYbCGJJddKFeVYrEfTHjAn5pUFH8DAGHrpGNkdtT7wNLjcsMs7YX88HSzv6RdxSyuVwjuAIfhFBPAZKDT1JDqmrVdy7SZt03bOBjNpFAhf8uLMecv0v0DU4Pfjx7ErQ_HlJmyDVK9g9H844FrMJug4k8nM5jFoKb-IYf8xIAtkRItiB6uMX6zpToiZ8cBsxPixiEHWcmZEyfsb8O2nXKkC1ymMDkJFcJmApjC2pJZjElhq5IiQBjgw6roB3NDHGFauwzALwsCY5iNHgisCpCwAqi_tfuBEpHSVZ7RA6xTu86RyxK8Sc5_p00XIjVaVyqFzwW3SzgWnsiY4V02SvaFCON5d2_CQ2up50q2kAhEuAWg0TsU_jhT8lVFO8xHAiIIhli9XQMV2eZJAkQ3UaiKoRHdOjFg5P9cDm_RMLOfMPIbtHXZOJ1sgZFbtg5dWoosfHwFyTr3Z0J_KJm6wSoMDIeOiWM4jqBI-F5xFaL8ly_a=w911-h683-no\" alt=\"\" width=\"911\" height=\"683\" \/><\/p>\n<p style=\"text-align: justify;\">Cruzamos la carretera, y delante mismo vemos un camino que nos indica Pyrenees 2000, y dado que la zona la conocemos de haber pasado muchas veces con el coche, entendemos que se refiere a la estacion de esqui, por lo que vamos hacia alli, a donde llegamos poco despu\u00e9s.<\/p>\n<p style=\"text-align: justify;\"><img loading=\"lazy\" decoding=\"async\" class=\"aligncenter\" src=\"https:\/\/lh3.googleusercontent.com\/jP-jqqHta_Iuj1n06TfhAG1Dy-SNQpEZvN1wiuSC-dM1acaSGXWbQ5yd5Jxi_r8P9mA7yIyH9y4znXNhftNyJXNSN-fwQyLmvBV8G0MTZTwXMqjTRh2C_veVFI29Ues5QnarCb_lnFkPg5Mv0Odk4lkjZq9spRQrW9C49BRFH4Mtzhr-oBYCRnfHDZn19KqBpYFG6bGZSO1i8hoNu_PDLpBgBq6ejTRNTl4uEq79P1fc-U60oPbdrR5W0IRtEWqJ_kRuqsTUSEKk189wRFnz4CMkrWGWBLpjuWibBGIEmy2PuAPck7mmRaTFsnbioOPAP3t7l9YMt3Uazuvw_ec4pQjTM7ftt5o36L_XBv3lrHmVVYR-RRcXUQyPP0eofbykMABJU4TiVxo-mriA__t8ehUUF3GxPCyiKUyzAiCIt34yS1ZuiGz7ScFWjAe0tV0o4jgZ6sC-6Zwr8j67dMCn6UntUyDRMgtI5Utk9u5yMXoOBpnip86e-IZkg7b1oyFRssBSITwtHUm1blBv9JJOoGCx_RSoyjVo3grHuztGNChg=w911-h683-no\" alt=\"\" width=\"911\" height=\"683\" \/><\/p>\n<p style=\"text-align: justify;\"><img loading=\"lazy\" decoding=\"async\" class=\"aligncenter\" src=\"https:\/\/lh3.googleusercontent.com\/_SOj2gGUqAdINLAE_4BaVEOsgWVJKlmyQJx7PtJu3GvuJW_awmBYLOVY5UzE0Ii5ebyuXRMREtTerz6WRqolQ_rnBWJw3BWCLiKIlj0excsmqLJfFBpI2Pe10hvxLCNdRDODLVseC1mL5MYUT1iLBGrbrfi9TmTR1sasp-4hCb2W9D1qoIdMhWfUge648UqXBnLFwbmm6sCtEJJqsMXhqKfnlIG1WtlbaRJ5hQ40uzPtOs36FxArueY4xAiHDoRfAbtTMqhTC4aoFA9hG925e2_L3FOUFjHgzcrA4XMi8vk1siYuGrQe2lPszaajQS-QUdLCvucy7JnikLoCzvgAi3ejpxJaXVJ1bSLtkoqKDmoEIfbd5HAekpBF0i1Nt3W-k6i0KZW8KebAL5aCS0etRzbfWspNdf3Tf6C9ozwUZLrZzaeDND3z0_iEjsFzYPoo5BsIjQcjUWyFDtza5cJI9idW_uXWI3e8OrCh6tQ5WOFcBAYmgwb3bSqdHytegw_ufDHRojFZR3zNUpgTVnsourU65CXzzZ8gETa_1IxxzNff=w911-h683-no\" alt=\"\" width=\"911\" height=\"683\" \/><\/p>\n<p style=\"text-align: justify;\">\u00a0<\/p>\n<p style=\"text-align: justify;\">Pasamos por la desolada estacion de esqui, y seguimos la carretera hacia nuestra derecha, que nos lleva al cabo de pocos metros, a la rotonda que habiamos visto antes al cruzar la carretera.<\/p>\n<p style=\"text-align: justify;\"><img loading=\"lazy\" decoding=\"async\" class=\"aligncenter\" src=\"https:\/\/lh3.googleusercontent.com\/TY7UDRnSmPn3UTmCt5RG2Jdj4byzIKjFEnJ9_m946h3fRiZg8FNbfql1-ooYdKcy5XOkJBs4cXuwO_Dg-B3tExgnnKyMnNUwUobI4Opz75ANVc9uSZoSeWaajXOZ7BpfeIU1ZwPefQ3_vValD_3ZCWeA9_veJpM2ptpGUBr33fsj7jOV5xlGASHT6j_yd-3Y7VvWSgEvxVpp3jH8f6KCElwbEOlZIhOBX-P-prAdcEZW_aUJ5BSEpwVtT1f9hvvPPlb2_wjt9ZRAS65LWjRai4jRXBOls-sF5qj-U3MPBVTkggNG_4ftP7sZZ-F1ms-CpM5OsCLpBeFK1L8WPBJoqxW8qaU1PpGMs-kxXb2OW7RvOtc6NfzopckLajWGOx8T-fvGFF1fZgURgF3u62gqoPH_VeqM1UJZW1DTTGzDVwVksyH3w3liJq_CEylsUCw48h9ufjUNvFWK40EAUgqQooti2MowqFd8Fd7rVYxXSgCktSuSh4M3-9IGInfGEnNR0dj8Ojr1xel7yH3-MIvSpUCXW4lClbgtZfN_LDzBkbbx=w911-h683-no\" alt=\"\" width=\"911\" height=\"683\" \/><\/p>\n<p style=\"text-align: justify;\"><img loading=\"lazy\" decoding=\"async\" class=\"aligncenter\" src=\"https:\/\/lh3.googleusercontent.com\/LEWahOTAGZkpPFIZN2OMZEIv7Nr4E2umGGl4XRtUPhuNt8JgWcHJNexHAf2l8cU1gs6H6JAZdZ_8ejTtHNHQ4hha6SaF18t84J_x6BkUJz6PRaxtbOjJHoxGBdNKK8q5JW-6Bt7Y62r7Yl_gEGOh0yfYp-ik3BtRKyWCa01L2A2YLozOSn187sZFUv1PLuiATXF_PeA9bA7-OEE72RhDqSKhpMTmvPKo6DG_aEYSYTj2dtmD4dik4j6SX9nqQIC4N8jxxGRnCh8C7EzTBEm1uOTQ_DuLQF_XL-ieAsdfyrMdt8mymVdi_Lhnu8hsjYvwAjSD5GNfDphq2O7in45e7n558ABi9PzXW7KJ82mLXrXfxmR-Kqv3ttV4W0_85Idbw51r64uNdJkEv-UZ8Gegt2JX91xJB8NskT-V_GScvutlAdNK2s0aPwquIo44rZFMqqm0BbEqWL-qqCnz5Gswtfx_J7-8l1dQ2tDgcGvZikd-QexP1BbShRL9WdiyguRbdEYFF-8Drmlg0rJBgF4sK-FEl-oxLXqaSYKjna4Homr1=w911-h683-no\" alt=\"\" width=\"911\" height=\"683\" \/><\/p>\n<p style=\"text-align: justify;\">Una vez alli, seguimos caminando por la carretera hacia la izquierda, pasando por la zona comercial, y poco despu\u00e9s (ver track de la ruta), la dejamos y entramos en una calle de la derecha, y a base de GPS entre las calles de esa urbanizaci\u00f3n que esta en pleno bosque, nos dirigimos al lago de Ticou , en donde habiamos estado pero en invierno.<\/p>\n<p style=\"text-align: justify;\"><img loading=\"lazy\" decoding=\"async\" class=\"aligncenter\" src=\"https:\/\/lh3.googleusercontent.com\/3ugQbSoC3CQ1_B6Zdh-04UzREXPwBhguSayhvcuC6h-kR5qd0T97Bsa1q_Q3hnpiU_YgjDb95RJfuFt3FreBAZu9zzSJkc7OUWdF_yOG8a2Ea6nBIN9FJauRUk5-YP0k3CQzZsPbJnrtIdWJmXESWXKBPNOvszqgz7EUGOxDTNvtmhZ8ntK3FC16r7Xt2O5WWmvEXOvklhp37I-qStQz8bAcxkeIAXMYYno6mbPTGdcXOhkK-ZYkA5qBDq8D3ybOelPQjO_fJL1udJ5LwkpMjWd9HMiI55GDP3iWENLTEr8PvG6QJhwFS_hQ4XFtzdFSJyHvF6dZ7PLQKu-w-5bWFUEjvmPgo2s7JyR5QtvH-n-6veYnADJFmVHbq8-kh1DYuaaRQN8pjP4Jq1Z8aqjT3CRjxUSvAXo11nNXAV-nblGICI-TurIOxPr-Y-QvN1NRelpOPfDbBGBlDVpy5Dc8Sgq8l28IbhNTWnDbuy3W463TkOWnl3fHwHVyEDY-Ucq7PUTQk8OcP6soUthQ-6i7IdAjCTqWqy-vM12qqQYaRTg8=w911-h683-no\" alt=\"\" width=\"911\" height=\"683\" \/><\/p>\n<p style=\"text-align: justify;\">Llegamos al lago que esta rodeado de varias zonas de picnic con barbacoas y mesas, y despu\u00e9s de dar toda la vuelta, y dado que empieza a llover, volvemos a donde tenemos el coche de nuevo a base de GPS y por la via r\u00e1pida posible para no mojarnos demasiado.<\/p>\n<p style=\"text-align: justify;\"><img loading=\"lazy\" decoding=\"async\" class=\"aligncenter\" src=\"https:\/\/lh3.googleusercontent.com\/ZmYP-ctQrLvdS5PgLrWhKbgIB8RbUpfzx5bVcSTNOUoBlLG87ZpgDj4EVpaALV9U3sXpd6vI3p9Z-lOjWHmqKzSQe4lzXLxwt7D2q9lEw47ID7Yf3eCUw-MOzHtBj5gZ-VlhfhpNfdqA6hYaGOsDw1k5g0OpC9vdah5COulHNR5EDKd310kde1uh2WCsPv1SZQ69YB-LExqUyqS-Ji2PFQbyhp6EQuDxfbIiuXnRP_gh-oSIfn6XbSZr5o8AmppZxk9DIPmhkaLmaAnuvF09UVuO6Zxlt__Evj8d87MC3k4HrsRNqceybnUbmxAS3luZ9uG0cy4rsR210j9RIucPVJDC3XBwZgiuAJiQ0n5cv_mdA3RperjGrysD7E9kxouRICYsB6w9La15dhbemh5Xin_gCewSUf58ggJF21OvIX9WANxNpQrTNZG5NoKDtO_vvk2CCjuPN68Jejh3TC013Fefb1d2Sj0Kr_v1PkjW8aRJcZOk1m8urZd4wB3dMKoY3rEPTvJyza_NiCMfL10ky3VatzZoiXwamO2dzNyRv-nX=w1024-h456-no\" alt=\"\" width=\"1024\" height=\"456\" \/><\/p>\n<p style=\"text-align: justify;\"><img loading=\"lazy\" decoding=\"async\" class=\"alignnone\" src=\"https:\/\/lh3.googleusercontent.com\/4vUnhwj1hp5KF5B-fNfsSO_DXOjfYZ0UpWYicrDVSVh8EvfMG5DWvUNsyzh6rXWjFSwlZsjRhpu3l3dczdhWDnmIsZg4G5-ze2xqgMDwtE50T7uJ1ztPYqY_SynJrv5Xmt_YOgexxBmNpxMXJMEOhjLIExQVkzMXg6tyEE7s6qOdQOc5mnht38oCBbP08_DrGvDcEmSWqZKhrn3hN5uDrjO5kJOKFBwzYwad1a5N3-9Nr3rEM_BvVE-vOEl7MJvxaa0PBJj1BhPYoDsU74m6zFq-zEQZ4zTL580MXP7baiiWk2XHW5ecPSihpXOHL02RoKValCnXZYiK94Nrx8264TYxgMia06zkiKX1bbXyE7uOeIvD_78uAQbqw1TyTgf82wDtvGzMvS4kT6c5w9NCv-cxphoRDE-PJvI7HmAlsTsOgilwGiaEZykAvXzlAx2sCFpRtBSeXawLfxyoPt1M76xGLtNRSVa9lGoGW-Gju6RkcatjnTpBRdBXWvgng7OYgClZusNzbH4YZ5t8s9802eTTq0jzwwUS4Mb1s1ZmRLrr=w911-h683-no\" alt=\"\" width=\"911\" height=\"683\" \/><\/p>\n<hr \/>\n<p><strong>Track de la ruta<\/strong><\/p>\n<p>[sgpx gpx=\u00bb\/wp-content\/uploads\/gpx\/Bolquere-Pyrenees2000-Ticou.gpx\u00bb]<\/p>\n<hr \/>\n<table border=\"2\" cellspacing=\"300\" cellpadding=\"2\">\n<tbody>\n<tr style=\"height: 40px;\">\n<td style=\"width: 300px; height: 40px; text-align: center; vertical-align: middle;\"><strong>Enlace album de fotos<\/strong><\/td>\n<td style=\"width: 300px; height: 40px; text-align: center; vertical-align: middle;\"><a href=\"https:\/\/goo.gl\/photos\/XvEiSBEjs7MvaYjt6\" target=\"_blank\"><img loading=\"lazy\" decoding=\"async\" class=\"aligncenter wp-image-7301\" src=\"http:\/\/www.carlosyconchita.net\/rutas\/wp-content\/uploads\/2015\/08\/P8132318a-300x134.jpg\" alt=\"P8132318a\" width=\"200\" height=\"89\" srcset=\"https:\/\/www.carlosyconchita.net\/rutas\/wp-content\/uploads\/2015\/08\/P8132318a-300x134.jpg 300w, https:\/\/www.carlosyconchita.net\/rutas\/wp-content\/uploads\/2015\/08\/P8132318a-600x267.jpg 600w, https:\/\/www.carlosyconchita.net\/rutas\/wp-content\/uploads\/2015\/08\/P8132318a-768x342.jpg 768w, https:\/\/www.carlosyconchita.net\/rutas\/wp-content\/uploads\/2015\/08\/P8132318a-500x223.jpg 500w, https:\/\/www.carlosyconchita.net\/rutas\/wp-content\/uploads\/2015\/08\/P8132318a.jpg 1024w\" sizes=\"auto, (max-width: 200px) 100vw, 200px\" \/><\/a><\/td>\n<\/tr>\n<tr style=\"height: 100px;\">\n<td style=\"width: 300px; height: 100px; text-align: center; vertical-align: middle;\"><strong>Enlace\u00a0 Wikiloc<br \/> <\/strong><\/td>\n<td style=\"width: 300px; height: 100px; text-align: center; vertical-align: middle;\"><a href=\"http:\/\/es.wikiloc.com\/wikiloc\/view.do?id=10867218\" target=\"_blank\"><img loading=\"lazy\" decoding=\"async\" class=\"aligncenter\" title=\"wikiloc\" src=\"http:\/\/www.carlosyconchita.net\/rutas\/wp-content\/uploads\/2020\/09\/wikiloc.jpg\" alt=\"\" width=\"117\" height=\"34\" \/><\/a><\/td>\n<\/tr>\n<\/tbody>\n<\/table>\n<p style=\"text-align: justify;\">\u00a0<\/p>\n<p style=\"text-align: justify;\"><span style=\"color: #ff0000; background-color: #ffffff; font-size: 14pt;\"><strong>Si te ha gustado, comp\u00e1rtelo en tu red favorita,\u00a0 haz +1, o env\u00edanos tu comentario.<br \/> <\/strong><\/span><\/p>\n<p><span style=\"font-size: 14pt;\"><strong><span style=\"color: #ff0000;\">Muchas gracias !<\/span><\/strong><\/span><\/p>\n<hr \/>\n<p style=\"text-align: justify;\"><strong><span style=\"color: #008000;\">Suscribete si quieres recibir un mail cuando publiquemos nuevas rutas : no enviamos publicidad y como m\u00e1ximo enviamos 2 mails al mes<\/span><\/strong><\/p>\n<p>[wysija_form id=\u00bb1&#8243;]<\/p>\n<hr \/>\n<p style=\"text-align: justify;\">\u00a0<\/p>\n<p style=\"text-align: justify;\">\u00a0<\/p>\n","protected":false},"excerpt":{"rendered":"<p>Despu\u00e9s de la ruta de ayer al Pico de Envalira, que fue algo durilla, y dado que las previsiones para hoy anunciaban lluvia y tormentas, elegimos la zona de Bolquere para hacer una caminata por los bosques desde Bolqu\u00e9re al Lago de Ticou aunque sin ruta prefijada de antemano. Dificultad :\u00a0 Muy f\u00e1cil Recorrido : [&hellip;]<\/p>\n","protected":false},"author":50,"featured_media":7301,"comment_status":"open","ping_status":"open","sticky":false,"template":"","format":"gallery","meta":{"footnotes":""},"categories":[14,22,18],"tags":[],"class_list":{"0":"post-7295","1":"post","2":"type-post","3":"status-publish","4":"format-gallery","5":"has-post-thumbnail","6":"hentry","7":"category-muy-facil","8":"category-de-05-a-10-km","9":"category-font-romeu-bolquere","10":"post_format-post-format-gallery","12":"post-with-thumbnail","13":"post-with-thumbnail-icon"},"yoast_head":"<!-- This site is optimized with the Yoast SEO plugin v27.4 - https:\/\/yoast.com\/product\/yoast-seo-wordpress\/ -->\n<title>13-08-2015 - Bolqu\u00e9re - Lago de Ticou -<\/title>\n<meta name=\"robots\" content=\"index, follow, max-snippet:-1, max-image-preview:large, max-video-preview:-1\" \/>\n<link rel=\"canonical\" href=\"https:\/\/www.carlosyconchita.net\/rutas\/13-08-2015-bolquere-al-lago-de-ticou\/\" \/>\n<meta property=\"og:locale\" content=\"es_ES\" \/>\n<meta property=\"og:type\" content=\"article\" \/>\n<meta property=\"og:title\" content=\"13-08-2015 - Bolqu\u00e9re - Lago de Ticou -\" \/>\n<meta property=\"og:description\" content=\"Despu\u00e9s de la ruta de ayer al Pico de Envalira, que fue algo durilla, y dado que las previsiones para hoy anunciaban lluvia y tormentas, elegimos la zona de Bolquere para hacer una caminata por los bosques desde Bolqu\u00e9re al Lago de Ticou aunque sin ruta prefijada de antemano. Dificultad :\u00a0 Muy f\u00e1cil Recorrido : [&hellip;]\" \/>\n<meta property=\"og:url\" content=\"https:\/\/www.carlosyconchita.net\/rutas\/13-08-2015-bolquere-al-lago-de-ticou\/\" \/>\n<meta property=\"og:site_name\" content=\"Las rutas de Carlos y Conchita\" \/>\n<meta property=\"article:published_time\" content=\"2015-08-13T19:49:08+00:00\" \/>\n<meta property=\"article:modified_time\" content=\"2015-11-27T21:26:28+00:00\" \/>\n<meta property=\"og:image\" content=\"https:\/\/www.carlosyconchita.net\/rutas\/wp-content\/uploads\/2015\/08\/P8132318a.jpg\" \/>\n\t<meta property=\"og:image:width\" content=\"1024\" \/>\n\t<meta property=\"og:image:height\" content=\"456\" \/>\n\t<meta property=\"og:image:type\" content=\"image\/jpeg\" \/>\n<meta name=\"author\" content=\"Carlos Conchita\" \/>\n<meta name=\"twitter:label1\" content=\"Escrito por\" \/>\n\t<meta name=\"twitter:data1\" content=\"Carlos Conchita\" \/>\n\t<meta name=\"twitter:label2\" content=\"Tiempo de lectura\" \/>\n\t<meta name=\"twitter:data2\" content=\"3 minutos\" \/>\n<script type=\"application\/ld+json\" class=\"yoast-schema-graph\">{\"@context\":\"https:\\\/\\\/schema.org\",\"@graph\":[{\"@type\":\"Article\",\"@id\":\"https:\\\/\\\/www.carlosyconchita.net\\\/rutas\\\/13-08-2015-bolquere-al-lago-de-ticou\\\/#article\",\"isPartOf\":{\"@id\":\"https:\\\/\\\/www.carlosyconchita.net\\\/rutas\\\/13-08-2015-bolquere-al-lago-de-ticou\\\/\"},\"author\":{\"name\":\"Carlos Conchita\",\"@id\":\"https:\\\/\\\/www.carlosyconchita.net\\\/rutas\\\/#\\\/schema\\\/person\\\/a9691f7258c28443fab2d3aa1479ea19\"},\"headline\":\"13-08-2015 &#8211; Bolqu\u00e9re &#8211; Lago de Ticou\",\"datePublished\":\"2015-08-13T19:49:08+00:00\",\"dateModified\":\"2015-11-27T21:26:28+00:00\",\"mainEntityOfPage\":{\"@id\":\"https:\\\/\\\/www.carlosyconchita.net\\\/rutas\\\/13-08-2015-bolquere-al-lago-de-ticou\\\/\"},\"wordCount\":642,\"commentCount\":0,\"image\":{\"@id\":\"https:\\\/\\\/www.carlosyconchita.net\\\/rutas\\\/13-08-2015-bolquere-al-lago-de-ticou\\\/#primaryimage\"},\"thumbnailUrl\":\"https:\\\/\\\/www.carlosyconchita.net\\\/rutas\\\/wp-content\\\/uploads\\\/2015\\\/08\\\/P8132318a.jpg\",\"articleSection\":[\"0-Muy f\u00e1cil\",\"2 - De 5 a 10 km.\",\"Font Romeu\"],\"inLanguage\":\"es\",\"potentialAction\":[{\"@type\":\"CommentAction\",\"name\":\"Comment\",\"target\":[\"https:\\\/\\\/www.carlosyconchita.net\\\/rutas\\\/13-08-2015-bolquere-al-lago-de-ticou\\\/#respond\"]}]},{\"@type\":\"WebPage\",\"@id\":\"https:\\\/\\\/www.carlosyconchita.net\\\/rutas\\\/13-08-2015-bolquere-al-lago-de-ticou\\\/\",\"url\":\"https:\\\/\\\/www.carlosyconchita.net\\\/rutas\\\/13-08-2015-bolquere-al-lago-de-ticou\\\/\",\"name\":\"13-08-2015 - Bolqu\u00e9re - Lago de Ticou -\",\"isPartOf\":{\"@id\":\"https:\\\/\\\/www.carlosyconchita.net\\\/rutas\\\/#website\"},\"primaryImageOfPage\":{\"@id\":\"https:\\\/\\\/www.carlosyconchita.net\\\/rutas\\\/13-08-2015-bolquere-al-lago-de-ticou\\\/#primaryimage\"},\"image\":{\"@id\":\"https:\\\/\\\/www.carlosyconchita.net\\\/rutas\\\/13-08-2015-bolquere-al-lago-de-ticou\\\/#primaryimage\"},\"thumbnailUrl\":\"https:\\\/\\\/www.carlosyconchita.net\\\/rutas\\\/wp-content\\\/uploads\\\/2015\\\/08\\\/P8132318a.jpg\",\"datePublished\":\"2015-08-13T19:49:08+00:00\",\"dateModified\":\"2015-11-27T21:26:28+00:00\",\"author\":{\"@id\":\"https:\\\/\\\/www.carlosyconchita.net\\\/rutas\\\/#\\\/schema\\\/person\\\/a9691f7258c28443fab2d3aa1479ea19\"},\"breadcrumb\":{\"@id\":\"https:\\\/\\\/www.carlosyconchita.net\\\/rutas\\\/13-08-2015-bolquere-al-lago-de-ticou\\\/#breadcrumb\"},\"inLanguage\":\"es\",\"potentialAction\":[{\"@type\":\"ReadAction\",\"target\":[\"https:\\\/\\\/www.carlosyconchita.net\\\/rutas\\\/13-08-2015-bolquere-al-lago-de-ticou\\\/\"]}]},{\"@type\":\"ImageObject\",\"inLanguage\":\"es\",\"@id\":\"https:\\\/\\\/www.carlosyconchita.net\\\/rutas\\\/13-08-2015-bolquere-al-lago-de-ticou\\\/#primaryimage\",\"url\":\"https:\\\/\\\/www.carlosyconchita.net\\\/rutas\\\/wp-content\\\/uploads\\\/2015\\\/08\\\/P8132318a.jpg\",\"contentUrl\":\"https:\\\/\\\/www.carlosyconchita.net\\\/rutas\\\/wp-content\\\/uploads\\\/2015\\\/08\\\/P8132318a.jpg\",\"width\":1024,\"height\":456},{\"@type\":\"BreadcrumbList\",\"@id\":\"https:\\\/\\\/www.carlosyconchita.net\\\/rutas\\\/13-08-2015-bolquere-al-lago-de-ticou\\\/#breadcrumb\",\"itemListElement\":[{\"@type\":\"ListItem\",\"position\":1,\"name\":\"Portada\",\"item\":\"https:\\\/\\\/www.carlosyconchita.net\\\/rutas\\\/\"},{\"@type\":\"ListItem\",\"position\":2,\"name\":\"13-08-2015 &#8211; Bolqu\u00e9re &#8211; Lago de Ticou\"}]},{\"@type\":\"WebSite\",\"@id\":\"https:\\\/\\\/www.carlosyconchita.net\\\/rutas\\\/#website\",\"url\":\"https:\\\/\\\/www.carlosyconchita.net\\\/rutas\\\/\",\"name\":\"Las rutas de Carlos y Conchita\",\"description\":\"\",\"potentialAction\":[{\"@type\":\"SearchAction\",\"target\":{\"@type\":\"EntryPoint\",\"urlTemplate\":\"https:\\\/\\\/www.carlosyconchita.net\\\/rutas\\\/?s={search_term_string}\"},\"query-input\":{\"@type\":\"PropertyValueSpecification\",\"valueRequired\":true,\"valueName\":\"search_term_string\"}}],\"inLanguage\":\"es\"},{\"@type\":\"Person\",\"@id\":\"https:\\\/\\\/www.carlosyconchita.net\\\/rutas\\\/#\\\/schema\\\/person\\\/a9691f7258c28443fab2d3aa1479ea19\",\"name\":\"Carlos Conchita\",\"image\":{\"@type\":\"ImageObject\",\"inLanguage\":\"es\",\"@id\":\"https:\\\/\\\/secure.gravatar.com\\\/avatar\\\/3a4625b20c8da3de99da69bfe7a322774e291c3f90dce7e8778a30fe6748ed1a?s=96&d=mm&r=g\",\"url\":\"https:\\\/\\\/secure.gravatar.com\\\/avatar\\\/3a4625b20c8da3de99da69bfe7a322774e291c3f90dce7e8778a30fe6748ed1a?s=96&d=mm&r=g\",\"contentUrl\":\"https:\\\/\\\/secure.gravatar.com\\\/avatar\\\/3a4625b20c8da3de99da69bfe7a322774e291c3f90dce7e8778a30fe6748ed1a?s=96&d=mm&r=g\",\"caption\":\"Carlos Conchita\"}}]}<\/script>\n<!-- \/ Yoast SEO plugin. -->","yoast_head_json":{"title":"13-08-2015 - Bolqu\u00e9re - Lago de Ticou -","robots":{"index":"index","follow":"follow","max-snippet":"max-snippet:-1","max-image-preview":"max-image-preview:large","max-video-preview":"max-video-preview:-1"},"canonical":"https:\/\/www.carlosyconchita.net\/rutas\/13-08-2015-bolquere-al-lago-de-ticou\/","og_locale":"es_ES","og_type":"article","og_title":"13-08-2015 - Bolqu\u00e9re - Lago de Ticou -","og_description":"Despu\u00e9s de la ruta de ayer al Pico de Envalira, que fue algo durilla, y dado que las previsiones para hoy anunciaban lluvia y tormentas, elegimos la zona de Bolquere para hacer una caminata por los bosques desde Bolqu\u00e9re al Lago de Ticou aunque sin ruta prefijada de antemano. Dificultad :\u00a0 Muy f\u00e1cil Recorrido : [&hellip;]","og_url":"https:\/\/www.carlosyconchita.net\/rutas\/13-08-2015-bolquere-al-lago-de-ticou\/","og_site_name":"Las rutas de Carlos y Conchita","article_published_time":"2015-08-13T19:49:08+00:00","article_modified_time":"2015-11-27T21:26:28+00:00","og_image":[{"width":1024,"height":456,"url":"https:\/\/www.carlosyconchita.net\/rutas\/wp-content\/uploads\/2015\/08\/P8132318a.jpg","type":"image\/jpeg"}],"author":"Carlos Conchita","twitter_misc":{"Escrito por":"Carlos Conchita","Tiempo de lectura":"3 minutos"},"schema":{"@context":"https:\/\/schema.org","@graph":[{"@type":"Article","@id":"https:\/\/www.carlosyconchita.net\/rutas\/13-08-2015-bolquere-al-lago-de-ticou\/#article","isPartOf":{"@id":"https:\/\/www.carlosyconchita.net\/rutas\/13-08-2015-bolquere-al-lago-de-ticou\/"},"author":{"name":"Carlos Conchita","@id":"https:\/\/www.carlosyconchita.net\/rutas\/#\/schema\/person\/a9691f7258c28443fab2d3aa1479ea19"},"headline":"13-08-2015 &#8211; Bolqu\u00e9re &#8211; Lago de Ticou","datePublished":"2015-08-13T19:49:08+00:00","dateModified":"2015-11-27T21:26:28+00:00","mainEntityOfPage":{"@id":"https:\/\/www.carlosyconchita.net\/rutas\/13-08-2015-bolquere-al-lago-de-ticou\/"},"wordCount":642,"commentCount":0,"image":{"@id":"https:\/\/www.carlosyconchita.net\/rutas\/13-08-2015-bolquere-al-lago-de-ticou\/#primaryimage"},"thumbnailUrl":"https:\/\/www.carlosyconchita.net\/rutas\/wp-content\/uploads\/2015\/08\/P8132318a.jpg","articleSection":["0-Muy f\u00e1cil","2 - De 5 a 10 km.","Font Romeu"],"inLanguage":"es","potentialAction":[{"@type":"CommentAction","name":"Comment","target":["https:\/\/www.carlosyconchita.net\/rutas\/13-08-2015-bolquere-al-lago-de-ticou\/#respond"]}]},{"@type":"WebPage","@id":"https:\/\/www.carlosyconchita.net\/rutas\/13-08-2015-bolquere-al-lago-de-ticou\/","url":"https:\/\/www.carlosyconchita.net\/rutas\/13-08-2015-bolquere-al-lago-de-ticou\/","name":"13-08-2015 - Bolqu\u00e9re - Lago de Ticou -","isPartOf":{"@id":"https:\/\/www.carlosyconchita.net\/rutas\/#website"},"primaryImageOfPage":{"@id":"https:\/\/www.carlosyconchita.net\/rutas\/13-08-2015-bolquere-al-lago-de-ticou\/#primaryimage"},"image":{"@id":"https:\/\/www.carlosyconchita.net\/rutas\/13-08-2015-bolquere-al-lago-de-ticou\/#primaryimage"},"thumbnailUrl":"https:\/\/www.carlosyconchita.net\/rutas\/wp-content\/uploads\/2015\/08\/P8132318a.jpg","datePublished":"2015-08-13T19:49:08+00:00","dateModified":"2015-11-27T21:26:28+00:00","author":{"@id":"https:\/\/www.carlosyconchita.net\/rutas\/#\/schema\/person\/a9691f7258c28443fab2d3aa1479ea19"},"breadcrumb":{"@id":"https:\/\/www.carlosyconchita.net\/rutas\/13-08-2015-bolquere-al-lago-de-ticou\/#breadcrumb"},"inLanguage":"es","potentialAction":[{"@type":"ReadAction","target":["https:\/\/www.carlosyconchita.net\/rutas\/13-08-2015-bolquere-al-lago-de-ticou\/"]}]},{"@type":"ImageObject","inLanguage":"es","@id":"https:\/\/www.carlosyconchita.net\/rutas\/13-08-2015-bolquere-al-lago-de-ticou\/#primaryimage","url":"https:\/\/www.carlosyconchita.net\/rutas\/wp-content\/uploads\/2015\/08\/P8132318a.jpg","contentUrl":"https:\/\/www.carlosyconchita.net\/rutas\/wp-content\/uploads\/2015\/08\/P8132318a.jpg","width":1024,"height":456},{"@type":"BreadcrumbList","@id":"https:\/\/www.carlosyconchita.net\/rutas\/13-08-2015-bolquere-al-lago-de-ticou\/#breadcrumb","itemListElement":[{"@type":"ListItem","position":1,"name":"Portada","item":"https:\/\/www.carlosyconchita.net\/rutas\/"},{"@type":"ListItem","position":2,"name":"13-08-2015 &#8211; Bolqu\u00e9re &#8211; Lago de Ticou"}]},{"@type":"WebSite","@id":"https:\/\/www.carlosyconchita.net\/rutas\/#website","url":"https:\/\/www.carlosyconchita.net\/rutas\/","name":"Las rutas de Carlos y Conchita","description":"","potentialAction":[{"@type":"SearchAction","target":{"@type":"EntryPoint","urlTemplate":"https:\/\/www.carlosyconchita.net\/rutas\/?s={search_term_string}"},"query-input":{"@type":"PropertyValueSpecification","valueRequired":true,"valueName":"search_term_string"}}],"inLanguage":"es"},{"@type":"Person","@id":"https:\/\/www.carlosyconchita.net\/rutas\/#\/schema\/person\/a9691f7258c28443fab2d3aa1479ea19","name":"Carlos Conchita","image":{"@type":"ImageObject","inLanguage":"es","@id":"https:\/\/secure.gravatar.com\/avatar\/3a4625b20c8da3de99da69bfe7a322774e291c3f90dce7e8778a30fe6748ed1a?s=96&d=mm&r=g","url":"https:\/\/secure.gravatar.com\/avatar\/3a4625b20c8da3de99da69bfe7a322774e291c3f90dce7e8778a30fe6748ed1a?s=96&d=mm&r=g","contentUrl":"https:\/\/secure.gravatar.com\/avatar\/3a4625b20c8da3de99da69bfe7a322774e291c3f90dce7e8778a30fe6748ed1a?s=96&d=mm&r=g","caption":"Carlos Conchita"}}]}},"_links":{"self":[{"href":"https:\/\/www.carlosyconchita.net\/rutas\/wp-json\/wp\/v2\/posts\/7295","targetHints":{"allow":["GET"]}}],"collection":[{"href":"https:\/\/www.carlosyconchita.net\/rutas\/wp-json\/wp\/v2\/posts"}],"about":[{"href":"https:\/\/www.carlosyconchita.net\/rutas\/wp-json\/wp\/v2\/types\/post"}],"author":[{"embeddable":true,"href":"https:\/\/www.carlosyconchita.net\/rutas\/wp-json\/wp\/v2\/users\/50"}],"replies":[{"embeddable":true,"href":"https:\/\/www.carlosyconchita.net\/rutas\/wp-json\/wp\/v2\/comments?post=7295"}],"version-history":[{"count":0,"href":"https:\/\/www.carlosyconchita.net\/rutas\/wp-json\/wp\/v2\/posts\/7295\/revisions"}],"wp:featuredmedia":[{"embeddable":true,"href":"https:\/\/www.carlosyconchita.net\/rutas\/wp-json\/wp\/v2\/media\/7301"}],"wp:attachment":[{"href":"https:\/\/www.carlosyconchita.net\/rutas\/wp-json\/wp\/v2\/media?parent=7295"}],"wp:term":[{"taxonomy":"category","embeddable":true,"href":"https:\/\/www.carlosyconchita.net\/rutas\/wp-json\/wp\/v2\/categories?post=7295"},{"taxonomy":"post_tag","embeddable":true,"href":"https:\/\/www.carlosyconchita.net\/rutas\/wp-json\/wp\/v2\/tags?post=7295"}],"curies":[{"name":"wp","href":"https:\/\/api.w.org\/{rel}","templated":true}]}}