{"id":7674,"date":"2016-01-31T17:51:55","date_gmt":"2016-01-31T16:51:55","guid":{"rendered":"http:\/\/www.carlosyconchita.net\/rutas\/?p=7674"},"modified":"2021-02-27T19:58:15","modified_gmt":"2021-02-27T18:58:15","slug":"31-01-2016-pic-de-moixero","status":"publish","type":"post","link":"https:\/\/www.carlosyconchita.net\/rutas\/31-01-2016-pic-de-moixero\/","title":{"rendered":"31-01-2016 &#8211;  Pic de Moixer\u00f3"},"content":{"rendered":"<p style=\"text-align: justify;\">\u00a0<\/p>\n<p style=\"text-align: justify;\">Anteriormente hab\u00edamos ido a esta zona (ver\u00a0 <a href=\"http:\/\/www.carlosyconchita.net\/rutas\/03-11-2013-pic-del-roc-cremat\/\" target=\"_blank\" rel=\"noopener noreferrer\">03-11-2013 &#8211; Pic del Roc Cremat<\/a> ) , para llegar al Pic de Moixer\u00f3, pero a causa de la niebla y a que no llev\u00e1bamos ningun\u00a0 track para seguir, fuimos a parar al Pic de Roc Cremat, que est\u00e1 al lado, y que luego podremos ver en una foto panor\u00e1mica.<\/p>\n<table border=\"1\" cellspacing=\"300\" cellpadding=\"1\">\n<tbody>\n<tr>\n<td style=\"width: 300px; height: 40px; text-align: left; vertical-align: top;\"><strong>Dificultad :\u00a0 F\u00e1cil<\/strong><\/td>\n<td><strong>Recorrido :\u00a0 8&#8217;730 km.<\/strong><\/td>\n<\/tr>\n<tr>\n<td><strong>Desnivel acum.\u00a0 :\u00a0\u00a0 528 m. \u00a0 \u00a0 \u00a0 <\/strong><\/td>\n<td><strong>Alturas m\u00edn.\/m\u00e1x. \u00a0 :\u00a0\u00a0 1.757 \/ 2.089 m.<\/strong><\/td>\n<\/tr>\n<tr>\n<td><strong>Tiempo total :\u00a0 4 h. 20 m.<br \/>\n<\/strong><\/td>\n<td><strong>Velocidad media :\u00a0 1&#8217;94\u00a0 km.\/hora<\/strong><\/td>\n<\/tr>\n<tr>\n<td><strong>Tiempo movimiento\u00a0 :\u00a0 2 h. 20 m.<br \/>\n<\/strong><\/td>\n<td><strong> Velocidad media\u00a0 :\u00a0 3&#8217;60 km.\/hora<\/strong><\/td>\n<\/tr>\n<\/tbody>\n<\/table>\n<p style=\"text-align: justify;\">Empezaremos la ruta en el pueblo de Riu de Cerdanya, a donde podemos llegar desde el desv\u00edo que veremos junto a la gasolinera situada justo antes de la entrada del T\u00fanel del Cad\u00ed, por su cara norte.<\/p>\n<p style=\"text-align: justify;\">Una vez lleguemos a este pueblo, seguiremos un desvio a la izquierda que nos indica Coll de Pendis a 12 km., primero por una carretera asfaltada y despues por unos tramos de tierra y de piedras, pero sin ninguna dificultad.<\/p>\n<p style=\"text-align: justify;\">A unos 6 km. pasaremos por el refugio del Serrat de les Esposes, y despues de otros 6 kms llegaremos a un cruce, con un desvio a la izquierda con una barrera que corta el paso y espacio para dejar el coche.<\/p>\n<p style=\"text-align: justify;\"><img loading=\"lazy\" decoding=\"async\" class=\"alignnone\" src=\"https:\/\/farm2.staticflickr.com\/1685\/24390877279_ee8c993360_b.jpg\" alt=\"\" width=\"1024\" height=\"768\" \/><\/p>\n<p style=\"text-align: justify;\">Como llevamos ya unos 5 a\u00f1os caminando por ah\u00ed, nos ha tocado ya un \u00abcambio de neum\u00e1ticos\u00bb para nuestros pies,\u00a0 y estrenamos hoy botas nuevas.<\/p>\n<p style=\"text-align: justify;\"><img loading=\"lazy\" decoding=\"async\" class=\"alignnone\" src=\"https:\/\/farm2.staticflickr.com\/1609\/24131688983_0245f45d87_b.jpg\" alt=\"\" width=\"1024\" height=\"768\" \/><\/p>\n<p style=\"text-align: justify;\">Empezaremos a caminar pasando la barrera, y cogeremos el camino de la izquierda, (no el que indica Coll de Pend\u00eds) y\u00a0 que va subiendo por la monta\u00f1a.<\/p>\n<p style=\"text-align: justify;\"><img loading=\"lazy\" decoding=\"async\" class=\"alignnone\" src=\"https:\/\/farm2.staticflickr.com\/1453\/24665049411_dafdf4f123_b.jpg\" alt=\"\" width=\"1024\" height=\"768\" \/><\/p>\n<p style=\"text-align: justify;\">Como se puede ver, no hay nieve por la zona, pero en un punto en concreto nos encontramos con una gran lengua de hielo, que nos impide el paso por el camino, y nos obliga a esquivarla pasando entre los arboles del bosque.<\/p>\n<p style=\"text-align: justify;\"><img loading=\"lazy\" decoding=\"async\" class=\"alignnone\" src=\"https:\/\/farm2.staticflickr.com\/1450\/24758529165_49a39546dc_b.jpg\" alt=\"\" width=\"1024\" height=\"768\" \/><\/p>\n<p style=\"text-align: justify;\"><img loading=\"lazy\" decoding=\"async\" class=\"alignnone\" src=\"https:\/\/farm2.staticflickr.com\/1709\/24130376394_cedd24f4f1_b.jpg\" alt=\"\" width=\"1024\" height=\"768\" \/><\/p>\n<p style=\"text-align: justify;\">\u00a0<\/p>\n<p style=\"text-align: justify;\">Cuando subimos un poco entre los arboles por nuestra derecha, vemos la causa del hielo, que es un bebedero para los animales que gotea agua y que debido a las bajas temperaturas ha formado una gran placa de hielo.<\/p>\n<p style=\"text-align: justify;\">Seguimos subiendo por el camino, y cuando llevemos unos\u00a0 750 m. llegamos al Coll de Trapa, con un paso para el ganado.<\/p>\n<p style=\"text-align: justify;\">\u00a0<\/p>\n<p style=\"text-align: justify;\"><img loading=\"lazy\" decoding=\"async\" class=\"alignnone\" src=\"https:\/\/farm2.staticflickr.com\/1555\/24390880029_a6ce77b88c_b.jpg\" alt=\"\" width=\"1024\" height=\"768\" \/><\/p>\n<p style=\"text-align: justify;\">Aqui tomamos el camino que sube por nuestra derecha, que continua entre los arboles y nos vamos encontrando con alg\u00fan tramo con algo de nieve, pero podemos pasar tranquilamente.<\/p>\n<p style=\"text-align: justify;\">\u00a0<\/p>\n<p><img loading=\"lazy\" decoding=\"async\" class=\"alignnone\" src=\"https:\/\/farm2.staticflickr.com\/1475\/24463014710_4d58fe18c8_b.jpg\" alt=\"\" width=\"1024\" height=\"768\" \/><\/p>\n<p>A lo lejos, si que vemos nieve, pero en las monta\u00f1as m\u00e1s altas.<\/p>\n<p><img loading=\"lazy\" decoding=\"async\" class=\"alignnone\" src=\"https:\/\/farm2.staticflickr.com\/1554\/24463013710_b2f9d20d32_b.jpg\" alt=\"\" width=\"1024\" height=\"768\" \/><\/p>\n<p style=\"text-align: justify;\">Despu\u00e9s de un tramo de subida, llegamos a una especie de esplanada, con restos de nieve, y de nuevo, al empezar a bajar, con otra gran lengua de hielo que debemos esquivar pasando entre los arboles.<\/p>\n<p style=\"text-align: justify;\"><img loading=\"lazy\" decoding=\"async\" class=\"alignnone\" src=\"https:\/\/farm2.staticflickr.com\/1447\/24463015220_39c19df5aa_b.jpg\" alt=\"\" width=\"1024\" height=\"768\" \/><\/p>\n<p style=\"text-align: justify;\"><img loading=\"lazy\" decoding=\"async\" class=\"alignnone\" src=\"https:\/\/farm2.staticflickr.com\/1637\/24665054471_53c643360b_b.jpg\" alt=\"\" width=\"1024\" height=\"768\" \/><\/p>\n<p style=\"text-align: justify;\">\u00a0<\/p>\n<p style=\"text-align: justify;\">Finalmente desembocamos en una amplia zona, con restos de nieve, y desde donde vemos ahora el Pic del Roc Cremat a donde fuimos la otra vez por error<\/p>\n<p style=\"text-align: justify;\"><img loading=\"lazy\" decoding=\"async\" class=\"alignnone\" src=\"https:\/\/farm2.staticflickr.com\/1662\/24390885979_3d41b22c32_b.jpg\" alt=\"\" width=\"1024\" height=\"768\" \/><\/p>\n<p style=\"text-align: justify;\">Aqui tenemos 2 posibilidades : subir mas o menos en linea recta como hicimos la otra vez, o seguir el camino marcado que hace un zig-zag por nuestra derecha y llega al mismo punto.<\/p>\n<p style=\"text-align: justify;\">Decidimos coger la segunda opci\u00f3n ya que a pesar de la nieve parece mas facil para subir sin raquetas.<\/p>\n<p style=\"text-align: justify;\"><img loading=\"lazy\" decoding=\"async\" class=\"alignnone\" src=\"https:\/\/farm2.staticflickr.com\/1604\/24130383174_047ae07e24_b.jpg\" alt=\"\" width=\"1024\" height=\"768\" \/><\/p>\n<p style=\"text-align: justify;\">Cuando llegamos arriba de este peque\u00f1o repech\u00f3n, tenemos una bonita vista de toda la zona.<\/p>\n<p style=\"text-align: justify;\"><img loading=\"lazy\" decoding=\"async\" class=\"alignnone\" src=\"https:\/\/farm2.staticflickr.com\/1547\/24732327286_9da52299d1_b.jpg\" alt=\"\" width=\"1024\" height=\"316\" \/><\/p>\n<p style=\"text-align: justify;\">\u00a0<\/p>\n<p style=\"text-align: justify;\">Aqu\u00ed se v\u00e9 perfectamente el fallo del dia que llegamos al Roc Cremat, ya que al no ver nada por la niebla seguimos recto, en vez de ir hacia la derecha en direccion al Pic de Moixer\u00f3.<\/p>\n<p style=\"text-align: justify;\">Seguimos pues el camino que gira a nuestra derecha, para llegar al Pic de Moixer\u00f3, pero no en linea recta, sino que para salvar la peque\u00f1a hondonada que tenemos delante nuestro, nos vamos hacia la derecha por un peque\u00f1o caminito pr\u00e1cticamente horizontal<\/p>\n<p style=\"text-align: justify;\"><img loading=\"lazy\" decoding=\"async\" class=\"alignnone\" src=\"http:\/\/farm2.staticflickr.com\/1625\/24732327466_048b87102e_b.jpg\" alt=\"\" width=\"1024\" height=\"768\" \/><\/p>\n<p style=\"text-align: justify;\"><img loading=\"lazy\" decoding=\"async\" class=\"alignnone\" src=\"https:\/\/farm2.staticflickr.com\/1507\/24130384554_6bc3d14f73_b.jpg\" alt=\"\" width=\"1024\" height=\"619\" \/><\/p>\n<p style=\"text-align: justify;\">Cuando llegamos por asi decir a la base del Pic de Moixer\u00f3, entonces s\u00ed que tenemos que desviarnos hacia la izquierda y empezar a subir, y podemos ver ya el bonito paisaje que despu\u00e9s veremos mucho mejor desde arriba.<\/p>\n<p style=\"text-align: justify;\">A la izquierda de la foto podemos ver el camino que hemos hecho para llegar hasta aqui.<\/p>\n<p style=\"text-align: justify;\"><img loading=\"lazy\" decoding=\"async\" class=\"alignnone\" src=\"https:\/\/farm2.staticflickr.com\/1493\/24131701393_997329f382_b.jpg\" alt=\"\" width=\"1024\" height=\"768\" \/><\/p>\n<p style=\"text-align: justify;\">Empezamos pues a subir hacia el Moixer\u00f3, viendo a nuestra derecha la zona en direccion a Bag\u00e1 y la carretera de Berga.<\/p>\n<p style=\"text-align: justify;\"><img loading=\"lazy\" decoding=\"async\" class=\"alignnone\" src=\"https:\/\/farm2.staticflickr.com\/1452\/24463024180_5ec92fd7f4_b.jpg\" alt=\"\" width=\"1024\" height=\"768\" \/><\/p>\n<p style=\"text-align: justify;\"><img loading=\"lazy\" decoding=\"async\" class=\"alignnone\" src=\"https:\/\/farm2.staticflickr.com\/1657\/24665063391_c58be33b86_b.jpg\" alt=\"\" width=\"1024\" height=\"768\" \/><\/p>\n<p style=\"text-align: justify;\">\u00a0<\/p>\n<p style=\"text-align: justify;\">Los pilones de granito como el de la foto y que vamos encontrando conforme subimos, marcan la \u00abfrontera\u00bb entre el Bergued\u00e1 y la Cerdanya.<\/p>\n<p style=\"text-align: justify;\">A partir de este punto, empieza a hacer un fuerte y desagradable viento, que nos obliga a taparnos, a pesar de que la temperatura ambiente realmente no es muy baja.<\/p>\n<p style=\"text-align: justify;\"><img loading=\"lazy\" decoding=\"async\" class=\"alignnone\" src=\"http:\/\/farm2.staticflickr.com\/1545\/24131704123_2f9c0054d5_b.jpg\" alt=\"\" width=\"1024\" height=\"768\" \/><\/p>\n<p style=\"text-align: justify;\">Despu\u00e9s de subir este \u00faltimo tramo, llegamos por fin al Pic de Moixer\u00f3.<\/p>\n<p style=\"text-align: justify;\"><img loading=\"lazy\" decoding=\"async\" class=\"alignnone\" src=\"https:\/\/farm2.staticflickr.com\/1684\/24130391974_2df8b76642_b.jpg\" alt=\"\" width=\"1024\" height=\"768\" \/><\/p>\n<p style=\"text-align: justify;\">\u00a0<\/p>\n<p style=\"text-align: justify;\"><img loading=\"lazy\" decoding=\"async\" class=\"alignnone\" src=\"https:\/\/farm2.staticflickr.com\/1549\/24390894999_499f884752_b.jpg\" alt=\"\" width=\"1024\" height=\"768\" \/><\/p>\n<p style=\"text-align: justify;\"><img loading=\"lazy\" decoding=\"async\" class=\"alignnone\" src=\"https:\/\/farm2.staticflickr.com\/1528\/24463028800_99c513079a_b.jpg\" alt=\"\" width=\"1024\" height=\"768\" \/><\/p>\n<p style=\"text-align: justify;\">All\u00ed descansamos un poco, comemos el habitual bocadillo, hacemos alguna foto y despues iniciamos el regreso al punto de partida.<\/p>\n<p style=\"text-align: justify;\"><img loading=\"lazy\" decoding=\"async\" class=\"alignnone\" src=\"http:\/\/farm2.staticflickr.com\/1634\/24463008430_cd7046006f_b.jpg\" alt=\"\" width=\"1024\" height=\"768\" \/><\/p>\n<p style=\"text-align: justify;\"><img loading=\"lazy\" decoding=\"async\" class=\"alignnone\" src=\"https:\/\/farm2.staticflickr.com\/1588\/24390874799_0516fd104d_b.jpg\" alt=\"\" width=\"1024\" height=\"768\" \/><\/p>\n<hr \/>\n<p><strong>\u00a0Track de la ruta<\/strong><\/p>\n<p>[sgpx gpx=\u00bb\/wp-content\/uploads\/gpx\/PicMoixero.gpx\u00bb]<\/p>\n<hr \/>\n<p>&nbsp;<\/p>\n<p><strong>Mini-video con panor\u00e1micas desde el Moixer\u00f3<\/strong><\/p>\n<p>&nbsp;<\/p>\n<p><iframe loading=\"lazy\" title=\"Pic del Moixer\u00f3\" width=\"720\" height=\"405\" src=\"https:\/\/www.youtube.com\/embed\/gy3PNgAWh_0?feature=oembed\" frameborder=\"0\" allow=\"accelerometer; autoplay; clipboard-write; encrypted-media; gyroscope; picture-in-picture\" allowfullscreen><\/iframe><\/p>\n<p>&nbsp;<\/p>\n<hr \/>\n<table style=\"width: 132.923%;\" border=\"2\" cellspacing=\"300\" cellpadding=\"2\">\n<tbody>\n<tr style=\"height: 40px;\">\n<td style=\"width: 1.01937%; height: 40px; text-align: center; vertical-align: middle;\"><strong>Enlace album de fotos<\/strong><\/td>\n<td style=\"width: 9.69191%; height: 40px; text-align: center; vertical-align: middle;\"><a href=\"https:\/\/photos.app.goo.gl\/UaFnbk47hqyCFuG59\" target=\"_blank\" rel=\"noopener noreferrer\"><img loading=\"lazy\" decoding=\"async\" class=\"aligncenter wp-image-7679\" src=\"http:\/\/www.carlosyconchita.net\/rutas\/wp-content\/uploads\/2016\/02\/P1314523-300x225.jpg\" alt=\"P1314523\" width=\"150\" height=\"113\" srcset=\"https:\/\/www.carlosyconchita.net\/rutas\/wp-content\/uploads\/2016\/02\/P1314523-300x225.jpg 300w, https:\/\/www.carlosyconchita.net\/rutas\/wp-content\/uploads\/2016\/02\/P1314523-600x450.jpg 600w, https:\/\/www.carlosyconchita.net\/rutas\/wp-content\/uploads\/2016\/02\/P1314523-768x576.jpg 768w, https:\/\/www.carlosyconchita.net\/rutas\/wp-content\/uploads\/2016\/02\/P1314523-400x300.jpg 400w, https:\/\/www.carlosyconchita.net\/rutas\/wp-content\/uploads\/2016\/02\/P1314523.jpg 1024w\" sizes=\"auto, (max-width: 150px) 100vw, 150px\" \/><\/a><\/td>\n<\/tr>\n<tr style=\"height: 100px;\">\n<td style=\"width: 1.01937%; height: 100px; text-align: center; vertical-align: middle;\"><strong>Enlace\u00a0 Wikiloc<br \/>\n<\/strong><\/td>\n<td style=\"width: 9.69191%; height: 100px; text-align: center; vertical-align: middle;\"><a href=\"http:\/\/es.wikiloc.com\/wikiloc\/view.do?id=12208677\" target=\"_blank\" rel=\"noopener noreferrer\"><img loading=\"lazy\" decoding=\"async\" class=\"aligncenter\" title=\"wikiloc\" src=\"http:\/\/www.carlosyconchita.net\/rutas\/wp-content\/uploads\/2020\/09\/wikiloc.jpg\" alt=\"\" width=\"117\" height=\"34\" \/><\/a><\/td>\n<\/tr>\n<\/tbody>\n<\/table>\n<p style=\"text-align: justify;\">\u00a0<\/p>\n<p style=\"text-align: justify;\"><span style=\"color: #ff0000; background-color: #ffffff; font-size: 14pt;\"><strong>Si te ha gustado, comp\u00e1rtelo en tu red favorita,\u00a0 haz +1, o env\u00edanos tu comentario.<br \/>\n<\/strong><\/span><\/p>\n<p><span style=\"font-size: 14pt;\"><strong><span style=\"color: #ff0000;\">Muchas gracias !<\/span><\/strong><\/span><\/p>\n<hr \/>\n<p style=\"text-align: justify;\"><strong><span style=\"color: #008000;\">Suscribete si quieres recibir un mail cuando publiquemos nuevas rutas : no enviamos publicidad y como m\u00e1ximo enviamos 2 mails al mes<\/span><\/strong><\/p>\n<p>[wysija_form id=\u00bb1&#8243;]<\/p>\n<hr \/>\n<p style=\"text-align: justify;\">\u00a0<\/p>\n<p style=\"text-align: justify;\">\u00a0<\/p>\n","protected":false},"excerpt":{"rendered":"<p>\u00a0 Anteriormente hab\u00edamos ido a esta zona (ver\u00a0 03-11-2013 &#8211; Pic del Roc Cremat ) , para llegar al Pic de Moixer\u00f3, pero a causa de la niebla y a que no llev\u00e1bamos ningun\u00a0 track para seguir, fuimos a parar al Pic de Roc Cremat, que est\u00e1 al lado, y que luego podremos ver en [&hellip;]<\/p>\n","protected":false},"author":50,"featured_media":7679,"comment_status":"open","ping_status":"open","sticky":false,"template":"","format":"gallery","meta":{"footnotes":""},"categories":[10,106,22,41],"tags":[],"class_list":{"0":"post-7674","1":"post","2":"type-post","3":"status-publish","4":"format-gallery","5":"has-post-thumbnail","6":"hentry","7":"category-facil","8":"category-nuestros-100-cims","9":"category-de-05-a-10-km","10":"category-cerdanya-sur","11":"post_format-post-format-gallery","13":"post-with-thumbnail","14":"post-with-thumbnail-icon"},"yoast_head":"<!-- This site is optimized with the Yoast SEO plugin v27.4 - https:\/\/yoast.com\/product\/yoast-seo-wordpress\/ -->\n<title>31-01-2016 - Pic de Moixer\u00f3 -<\/title>\n<meta name=\"robots\" content=\"index, follow, max-snippet:-1, max-image-preview:large, max-video-preview:-1\" \/>\n<link rel=\"canonical\" href=\"https:\/\/www.carlosyconchita.net\/rutas\/31-01-2016-pic-de-moixero\/\" \/>\n<meta property=\"og:locale\" content=\"es_ES\" \/>\n<meta property=\"og:type\" content=\"article\" \/>\n<meta property=\"og:title\" content=\"31-01-2016 - Pic de Moixer\u00f3 -\" \/>\n<meta property=\"og:description\" content=\"\u00a0 Anteriormente hab\u00edamos ido a esta zona (ver\u00a0 03-11-2013 &#8211; Pic del Roc Cremat ) , para llegar al Pic de Moixer\u00f3, pero a causa de la niebla y a que no llev\u00e1bamos ningun\u00a0 track para seguir, fuimos a parar al Pic de Roc Cremat, que est\u00e1 al lado, y que luego podremos ver en [&hellip;]\" \/>\n<meta property=\"og:url\" content=\"https:\/\/www.carlosyconchita.net\/rutas\/31-01-2016-pic-de-moixero\/\" \/>\n<meta property=\"og:site_name\" content=\"Las rutas de Carlos y Conchita\" \/>\n<meta property=\"article:published_time\" content=\"2016-01-31T16:51:55+00:00\" \/>\n<meta property=\"article:modified_time\" content=\"2021-02-27T18:58:15+00:00\" \/>\n<meta property=\"og:image\" content=\"https:\/\/www.carlosyconchita.net\/rutas\/wp-content\/uploads\/2016\/02\/P1314523.jpg\" \/>\n\t<meta property=\"og:image:width\" content=\"1024\" \/>\n\t<meta property=\"og:image:height\" content=\"768\" \/>\n\t<meta property=\"og:image:type\" content=\"image\/jpeg\" \/>\n<meta name=\"author\" content=\"Carlos Conchita\" \/>\n<meta name=\"twitter:label1\" content=\"Escrito por\" \/>\n\t<meta name=\"twitter:data1\" content=\"Carlos Conchita\" \/>\n\t<meta name=\"twitter:label2\" content=\"Tiempo de lectura\" \/>\n\t<meta name=\"twitter:data2\" content=\"4 minutos\" \/>\n<script type=\"application\/ld+json\" class=\"yoast-schema-graph\">{\"@context\":\"https:\\\/\\\/schema.org\",\"@graph\":[{\"@type\":\"Article\",\"@id\":\"https:\\\/\\\/www.carlosyconchita.net\\\/rutas\\\/31-01-2016-pic-de-moixero\\\/#article\",\"isPartOf\":{\"@id\":\"https:\\\/\\\/www.carlosyconchita.net\\\/rutas\\\/31-01-2016-pic-de-moixero\\\/\"},\"author\":{\"name\":\"Carlos Conchita\",\"@id\":\"https:\\\/\\\/www.carlosyconchita.net\\\/rutas\\\/#\\\/schema\\\/person\\\/a9691f7258c28443fab2d3aa1479ea19\"},\"headline\":\"31-01-2016 &#8211; Pic de Moixer\u00f3\",\"datePublished\":\"2016-01-31T16:51:55+00:00\",\"dateModified\":\"2021-02-27T18:58:15+00:00\",\"mainEntityOfPage\":{\"@id\":\"https:\\\/\\\/www.carlosyconchita.net\\\/rutas\\\/31-01-2016-pic-de-moixero\\\/\"},\"wordCount\":873,\"commentCount\":0,\"image\":{\"@id\":\"https:\\\/\\\/www.carlosyconchita.net\\\/rutas\\\/31-01-2016-pic-de-moixero\\\/#primaryimage\"},\"thumbnailUrl\":\"https:\\\/\\\/www.carlosyconchita.net\\\/rutas\\\/wp-content\\\/uploads\\\/2016\\\/02\\\/P1314523.jpg\",\"articleSection\":[\"1-F\u00e1cil\",\"100 Cims Carlos y Conchita\",\"2 - De 5 a 10 km.\",\"Cerdanya Sur-Cad\u00ed-Moixer\u00f3\"],\"inLanguage\":\"es\",\"potentialAction\":[{\"@type\":\"CommentAction\",\"name\":\"Comment\",\"target\":[\"https:\\\/\\\/www.carlosyconchita.net\\\/rutas\\\/31-01-2016-pic-de-moixero\\\/#respond\"]}]},{\"@type\":\"WebPage\",\"@id\":\"https:\\\/\\\/www.carlosyconchita.net\\\/rutas\\\/31-01-2016-pic-de-moixero\\\/\",\"url\":\"https:\\\/\\\/www.carlosyconchita.net\\\/rutas\\\/31-01-2016-pic-de-moixero\\\/\",\"name\":\"31-01-2016 - Pic de Moixer\u00f3 -\",\"isPartOf\":{\"@id\":\"https:\\\/\\\/www.carlosyconchita.net\\\/rutas\\\/#website\"},\"primaryImageOfPage\":{\"@id\":\"https:\\\/\\\/www.carlosyconchita.net\\\/rutas\\\/31-01-2016-pic-de-moixero\\\/#primaryimage\"},\"image\":{\"@id\":\"https:\\\/\\\/www.carlosyconchita.net\\\/rutas\\\/31-01-2016-pic-de-moixero\\\/#primaryimage\"},\"thumbnailUrl\":\"https:\\\/\\\/www.carlosyconchita.net\\\/rutas\\\/wp-content\\\/uploads\\\/2016\\\/02\\\/P1314523.jpg\",\"datePublished\":\"2016-01-31T16:51:55+00:00\",\"dateModified\":\"2021-02-27T18:58:15+00:00\",\"author\":{\"@id\":\"https:\\\/\\\/www.carlosyconchita.net\\\/rutas\\\/#\\\/schema\\\/person\\\/a9691f7258c28443fab2d3aa1479ea19\"},\"breadcrumb\":{\"@id\":\"https:\\\/\\\/www.carlosyconchita.net\\\/rutas\\\/31-01-2016-pic-de-moixero\\\/#breadcrumb\"},\"inLanguage\":\"es\",\"potentialAction\":[{\"@type\":\"ReadAction\",\"target\":[\"https:\\\/\\\/www.carlosyconchita.net\\\/rutas\\\/31-01-2016-pic-de-moixero\\\/\"]}]},{\"@type\":\"ImageObject\",\"inLanguage\":\"es\",\"@id\":\"https:\\\/\\\/www.carlosyconchita.net\\\/rutas\\\/31-01-2016-pic-de-moixero\\\/#primaryimage\",\"url\":\"https:\\\/\\\/www.carlosyconchita.net\\\/rutas\\\/wp-content\\\/uploads\\\/2016\\\/02\\\/P1314523.jpg\",\"contentUrl\":\"https:\\\/\\\/www.carlosyconchita.net\\\/rutas\\\/wp-content\\\/uploads\\\/2016\\\/02\\\/P1314523.jpg\",\"width\":1024,\"height\":768},{\"@type\":\"BreadcrumbList\",\"@id\":\"https:\\\/\\\/www.carlosyconchita.net\\\/rutas\\\/31-01-2016-pic-de-moixero\\\/#breadcrumb\",\"itemListElement\":[{\"@type\":\"ListItem\",\"position\":1,\"name\":\"Portada\",\"item\":\"https:\\\/\\\/www.carlosyconchita.net\\\/rutas\\\/\"},{\"@type\":\"ListItem\",\"position\":2,\"name\":\"31-01-2016 &#8211; Pic de Moixer\u00f3\"}]},{\"@type\":\"WebSite\",\"@id\":\"https:\\\/\\\/www.carlosyconchita.net\\\/rutas\\\/#website\",\"url\":\"https:\\\/\\\/www.carlosyconchita.net\\\/rutas\\\/\",\"name\":\"Las rutas de Carlos y Conchita\",\"description\":\"\",\"potentialAction\":[{\"@type\":\"SearchAction\",\"target\":{\"@type\":\"EntryPoint\",\"urlTemplate\":\"https:\\\/\\\/www.carlosyconchita.net\\\/rutas\\\/?s={search_term_string}\"},\"query-input\":{\"@type\":\"PropertyValueSpecification\",\"valueRequired\":true,\"valueName\":\"search_term_string\"}}],\"inLanguage\":\"es\"},{\"@type\":\"Person\",\"@id\":\"https:\\\/\\\/www.carlosyconchita.net\\\/rutas\\\/#\\\/schema\\\/person\\\/a9691f7258c28443fab2d3aa1479ea19\",\"name\":\"Carlos Conchita\",\"image\":{\"@type\":\"ImageObject\",\"inLanguage\":\"es\",\"@id\":\"https:\\\/\\\/secure.gravatar.com\\\/avatar\\\/3a4625b20c8da3de99da69bfe7a322774e291c3f90dce7e8778a30fe6748ed1a?s=96&d=mm&r=g\",\"url\":\"https:\\\/\\\/secure.gravatar.com\\\/avatar\\\/3a4625b20c8da3de99da69bfe7a322774e291c3f90dce7e8778a30fe6748ed1a?s=96&d=mm&r=g\",\"contentUrl\":\"https:\\\/\\\/secure.gravatar.com\\\/avatar\\\/3a4625b20c8da3de99da69bfe7a322774e291c3f90dce7e8778a30fe6748ed1a?s=96&d=mm&r=g\",\"caption\":\"Carlos Conchita\"}}]}<\/script>\n<!-- \/ Yoast SEO plugin. -->","yoast_head_json":{"title":"31-01-2016 - Pic de Moixer\u00f3 -","robots":{"index":"index","follow":"follow","max-snippet":"max-snippet:-1","max-image-preview":"max-image-preview:large","max-video-preview":"max-video-preview:-1"},"canonical":"https:\/\/www.carlosyconchita.net\/rutas\/31-01-2016-pic-de-moixero\/","og_locale":"es_ES","og_type":"article","og_title":"31-01-2016 - Pic de Moixer\u00f3 -","og_description":"\u00a0 Anteriormente hab\u00edamos ido a esta zona (ver\u00a0 03-11-2013 &#8211; Pic del Roc Cremat ) , para llegar al Pic de Moixer\u00f3, pero a causa de la niebla y a que no llev\u00e1bamos ningun\u00a0 track para seguir, fuimos a parar al Pic de Roc Cremat, que est\u00e1 al lado, y que luego podremos ver en [&hellip;]","og_url":"https:\/\/www.carlosyconchita.net\/rutas\/31-01-2016-pic-de-moixero\/","og_site_name":"Las rutas de Carlos y Conchita","article_published_time":"2016-01-31T16:51:55+00:00","article_modified_time":"2021-02-27T18:58:15+00:00","og_image":[{"width":1024,"height":768,"url":"https:\/\/www.carlosyconchita.net\/rutas\/wp-content\/uploads\/2016\/02\/P1314523.jpg","type":"image\/jpeg"}],"author":"Carlos Conchita","twitter_misc":{"Escrito por":"Carlos Conchita","Tiempo de lectura":"4 minutos"},"schema":{"@context":"https:\/\/schema.org","@graph":[{"@type":"Article","@id":"https:\/\/www.carlosyconchita.net\/rutas\/31-01-2016-pic-de-moixero\/#article","isPartOf":{"@id":"https:\/\/www.carlosyconchita.net\/rutas\/31-01-2016-pic-de-moixero\/"},"author":{"name":"Carlos Conchita","@id":"https:\/\/www.carlosyconchita.net\/rutas\/#\/schema\/person\/a9691f7258c28443fab2d3aa1479ea19"},"headline":"31-01-2016 &#8211; Pic de Moixer\u00f3","datePublished":"2016-01-31T16:51:55+00:00","dateModified":"2021-02-27T18:58:15+00:00","mainEntityOfPage":{"@id":"https:\/\/www.carlosyconchita.net\/rutas\/31-01-2016-pic-de-moixero\/"},"wordCount":873,"commentCount":0,"image":{"@id":"https:\/\/www.carlosyconchita.net\/rutas\/31-01-2016-pic-de-moixero\/#primaryimage"},"thumbnailUrl":"https:\/\/www.carlosyconchita.net\/rutas\/wp-content\/uploads\/2016\/02\/P1314523.jpg","articleSection":["1-F\u00e1cil","100 Cims Carlos y Conchita","2 - De 5 a 10 km.","Cerdanya Sur-Cad\u00ed-Moixer\u00f3"],"inLanguage":"es","potentialAction":[{"@type":"CommentAction","name":"Comment","target":["https:\/\/www.carlosyconchita.net\/rutas\/31-01-2016-pic-de-moixero\/#respond"]}]},{"@type":"WebPage","@id":"https:\/\/www.carlosyconchita.net\/rutas\/31-01-2016-pic-de-moixero\/","url":"https:\/\/www.carlosyconchita.net\/rutas\/31-01-2016-pic-de-moixero\/","name":"31-01-2016 - Pic de Moixer\u00f3 -","isPartOf":{"@id":"https:\/\/www.carlosyconchita.net\/rutas\/#website"},"primaryImageOfPage":{"@id":"https:\/\/www.carlosyconchita.net\/rutas\/31-01-2016-pic-de-moixero\/#primaryimage"},"image":{"@id":"https:\/\/www.carlosyconchita.net\/rutas\/31-01-2016-pic-de-moixero\/#primaryimage"},"thumbnailUrl":"https:\/\/www.carlosyconchita.net\/rutas\/wp-content\/uploads\/2016\/02\/P1314523.jpg","datePublished":"2016-01-31T16:51:55+00:00","dateModified":"2021-02-27T18:58:15+00:00","author":{"@id":"https:\/\/www.carlosyconchita.net\/rutas\/#\/schema\/person\/a9691f7258c28443fab2d3aa1479ea19"},"breadcrumb":{"@id":"https:\/\/www.carlosyconchita.net\/rutas\/31-01-2016-pic-de-moixero\/#breadcrumb"},"inLanguage":"es","potentialAction":[{"@type":"ReadAction","target":["https:\/\/www.carlosyconchita.net\/rutas\/31-01-2016-pic-de-moixero\/"]}]},{"@type":"ImageObject","inLanguage":"es","@id":"https:\/\/www.carlosyconchita.net\/rutas\/31-01-2016-pic-de-moixero\/#primaryimage","url":"https:\/\/www.carlosyconchita.net\/rutas\/wp-content\/uploads\/2016\/02\/P1314523.jpg","contentUrl":"https:\/\/www.carlosyconchita.net\/rutas\/wp-content\/uploads\/2016\/02\/P1314523.jpg","width":1024,"height":768},{"@type":"BreadcrumbList","@id":"https:\/\/www.carlosyconchita.net\/rutas\/31-01-2016-pic-de-moixero\/#breadcrumb","itemListElement":[{"@type":"ListItem","position":1,"name":"Portada","item":"https:\/\/www.carlosyconchita.net\/rutas\/"},{"@type":"ListItem","position":2,"name":"31-01-2016 &#8211; Pic de Moixer\u00f3"}]},{"@type":"WebSite","@id":"https:\/\/www.carlosyconchita.net\/rutas\/#website","url":"https:\/\/www.carlosyconchita.net\/rutas\/","name":"Las rutas de Carlos y Conchita","description":"","potentialAction":[{"@type":"SearchAction","target":{"@type":"EntryPoint","urlTemplate":"https:\/\/www.carlosyconchita.net\/rutas\/?s={search_term_string}"},"query-input":{"@type":"PropertyValueSpecification","valueRequired":true,"valueName":"search_term_string"}}],"inLanguage":"es"},{"@type":"Person","@id":"https:\/\/www.carlosyconchita.net\/rutas\/#\/schema\/person\/a9691f7258c28443fab2d3aa1479ea19","name":"Carlos Conchita","image":{"@type":"ImageObject","inLanguage":"es","@id":"https:\/\/secure.gravatar.com\/avatar\/3a4625b20c8da3de99da69bfe7a322774e291c3f90dce7e8778a30fe6748ed1a?s=96&d=mm&r=g","url":"https:\/\/secure.gravatar.com\/avatar\/3a4625b20c8da3de99da69bfe7a322774e291c3f90dce7e8778a30fe6748ed1a?s=96&d=mm&r=g","contentUrl":"https:\/\/secure.gravatar.com\/avatar\/3a4625b20c8da3de99da69bfe7a322774e291c3f90dce7e8778a30fe6748ed1a?s=96&d=mm&r=g","caption":"Carlos Conchita"}}]}},"_links":{"self":[{"href":"https:\/\/www.carlosyconchita.net\/rutas\/wp-json\/wp\/v2\/posts\/7674","targetHints":{"allow":["GET"]}}],"collection":[{"href":"https:\/\/www.carlosyconchita.net\/rutas\/wp-json\/wp\/v2\/posts"}],"about":[{"href":"https:\/\/www.carlosyconchita.net\/rutas\/wp-json\/wp\/v2\/types\/post"}],"author":[{"embeddable":true,"href":"https:\/\/www.carlosyconchita.net\/rutas\/wp-json\/wp\/v2\/users\/50"}],"replies":[{"embeddable":true,"href":"https:\/\/www.carlosyconchita.net\/rutas\/wp-json\/wp\/v2\/comments?post=7674"}],"version-history":[{"count":0,"href":"https:\/\/www.carlosyconchita.net\/rutas\/wp-json\/wp\/v2\/posts\/7674\/revisions"}],"wp:featuredmedia":[{"embeddable":true,"href":"https:\/\/www.carlosyconchita.net\/rutas\/wp-json\/wp\/v2\/media\/7679"}],"wp:attachment":[{"href":"https:\/\/www.carlosyconchita.net\/rutas\/wp-json\/wp\/v2\/media?parent=7674"}],"wp:term":[{"taxonomy":"category","embeddable":true,"href":"https:\/\/www.carlosyconchita.net\/rutas\/wp-json\/wp\/v2\/categories?post=7674"},{"taxonomy":"post_tag","embeddable":true,"href":"https:\/\/www.carlosyconchita.net\/rutas\/wp-json\/wp\/v2\/tags?post=7674"}],"curies":[{"name":"wp","href":"https:\/\/api.w.org\/{rel}","templated":true}]}}