{"id":7897,"date":"2016-02-21T22:11:17","date_gmt":"2016-02-21T21:11:17","guid":{"rendered":"http:\/\/www.carlosyconchita.net\/rutas\/?p=7897"},"modified":"2021-02-27T21:27:02","modified_gmt":"2021-02-27T20:27:02","slug":"21-02-2016-targassonne-pic-dels-moros","status":"publish","type":"post","link":"https:\/\/www.carlosyconchita.net\/rutas\/21-02-2016-targassonne-pic-dels-moros\/","title":{"rendered":"21-02-2016 &#8211; Targassonne &#8211; Pic dels Moros"},"content":{"rendered":"<p style=\"text-align: justify;\">Anteriormente, en el 2013 ya hab\u00edamos estado en el Pic dels Moros, pero hab\u00edamos empezado en la zona del Pla de la Calme, en la estaci\u00f3n de ski de Font-Romeu.\u00a0 (<a href=\"http:\/\/www.carlosyconchita.net\/rutas\/14-04-2013-pic-dels-moros-pla-de-la-calme\/\" target=\"_blank\" rel=\"noopener noreferrer\">ver enlace<\/a> )<\/p>\n<p style=\"text-align: justify;\">Esta vez llegaremos al mismo sitio, pero por el otro lado, por asi decir, empezando en Targassonne.<\/p>\n<table border=\"1\" cellspacing=\"300\" cellpadding=\"1\">\n<tbody>\n<tr>\n<td style=\"width: 300px; height: 40px; text-align: left; vertical-align: top;\"><strong>Dificultad :\u00a0 Moderada<\/strong><\/td>\n<td><strong>Recorrido :\u00a0 9&#8217;510 km.<\/strong><\/td>\n<\/tr>\n<tr>\n<td><strong>Desnivel acum.\u00a0 :\u00a0\u00a0 496 m. \u00a0 \u00a0 \u00a0 <\/strong><\/td>\n<td><strong>Alturas m\u00edn.\/m\u00e1x. \u00a0 :\u00a0\u00a0 1.638 \/ 2.131 m.<\/strong><\/td>\n<\/tr>\n<tr>\n<td><strong>Tiempo total :\u00a0 5 h. 11 m.<br \/>\n<\/strong><\/td>\n<td><strong>Velocidad media :\u00a0 1&#8217;80\u00a0 km.\/hora<\/strong><\/td>\n<\/tr>\n<tr>\n<td><strong>Tiempo movimiento\u00a0 :\u00a0 2 h. 55 m.<br \/>\n<\/strong><\/td>\n<td><strong> Velocidad media\u00a0 :\u00a0 3&#8217;20\u00a0 km.\/hora<\/strong><\/td>\n<\/tr>\n<\/tbody>\n<\/table>\n<p style=\"text-align: justify;\">Para llegar al punto de inicio de la ruta de hoy, debemos llegar a Angoustrine y seguir la carretera D618B en direcci\u00f3n a Targassonne.<\/p>\n<p style=\"text-align: justify;\">Poco antes de llegar a esta poblaci\u00f3n, nos encontraremos una rotonda en la que podemos ver un letrero que nos indica la Central Solar de Themis.<\/p>\n<p style=\"text-align: justify;\">Salimos de la rotonda siguiendo esta indicaci\u00f3n, y aproximadamente a 1.5 km. , justo enfrente de otra se\u00f1al de la Central, veremos una gran zona de parking.<\/p>\n<p style=\"text-align: justify;\"><img loading=\"lazy\" decoding=\"async\" class=\"alignnone\" src=\"http:\/\/farm2.staticflickr.com\/1698\/24569586073_8a671e611f_b.jpg\" alt=\"\" width=\"1024\" height=\"768\" \/><\/p>\n<p style=\"text-align: justify;\"><img loading=\"lazy\" decoding=\"async\" class=\"alignnone\" src=\"https:\/\/farm2.staticflickr.com\/1552\/25103163311_97c6ddd455_b.jpg\" alt=\"\" width=\"1024\" height=\"768\" \/><\/p>\n<p style=\"text-align: justify;\">Tenemos que indicar que esta ruta realmente no sigue un camino mas o menos visible, sino que en muchos tramos vamos caminando entre matorrales o \u00abcampo a trav\u00e9s\u00bb, y solo en cortos tramos parece que sigamos un sendero o caminito algo m\u00e1s visible y pisado. (esta ruta la hemos descargado de Wikiloc, y al ponerla encima del mapa, ya habiamos visto que realmente no habia camino )<\/p>\n<p style=\"text-align: justify;\">Si miramos arriba, veremos muy a lo lejos el Pic dels Moros, con las antenas, pero no iremos en linea recta hacia arriba, sino que empezamos a caminar en direcci\u00f3n a la Central Solar que tenemos alli mismo, por un camino plano.<\/p>\n<p style=\"text-align: justify;\"><img loading=\"lazy\" decoding=\"async\" class=\"alignnone\" src=\"https:\/\/farm2.staticflickr.com\/1622\/25170081236_c6ae48b9f5_b.jpg\" alt=\"\" width=\"1024\" height=\"768\" \/><\/p>\n<p style=\"text-align: justify;\"><img loading=\"lazy\" decoding=\"async\" class=\"alignnone\" src=\"https:\/\/farm2.staticflickr.com\/1594\/25078144222_1c30607027_b.jpg\" alt=\"\" width=\"1024\" height=\"768\" \/><\/p>\n<p style=\"text-align: justify;\"><img loading=\"lazy\" decoding=\"async\" class=\"alignnone\" src=\"https:\/\/farm2.staticflickr.com\/1663\/24565749384_97f0dedbbb_b.jpg\" alt=\"\" width=\"1024\" height=\"768\" \/><\/p>\n<p style=\"text-align: justify;\">Llegamos al cabo de poco a la Central Solar, que veremos a nuestra izquierda y un poco m\u00e1s abajo de donde estamos.<\/p>\n<p style=\"text-align: justify;\"><img loading=\"lazy\" decoding=\"async\" class=\"alignnone\" src=\"https:\/\/farm2.staticflickr.com\/1512\/25078152472_d34c364823_b.jpg\" alt=\"\" width=\"1024\" height=\"768\" \/><\/p>\n<p style=\"text-align: justify;\">Poco despues de pasar por detr\u00e1s de la Central, giramos a nuestra derecha y empezamos a subir, por una zona algo complicada , ya que no hay camino y pasamos entre los arbustos, y con bastante pendiente.<\/p>\n<p style=\"text-align: justify;\"><img loading=\"lazy\" decoding=\"async\" class=\"alignnone\" src=\"http:\/\/farm2.staticflickr.com\/1516\/24900792280_75ed8cb5de_b.jpg\" alt=\"\" width=\"1024\" height=\"768\" \/><\/p>\n<p style=\"text-align: justify;\">Finalmente, despues de este tramo de subida algo pesado , el panorama se despeja un poco y cuando casi ya hemos llegado arriba, empezamos a ver nieve, aunque podemos pasar perfectamente sin raquetas.<\/p>\n<p style=\"text-align: justify;\"><img loading=\"lazy\" decoding=\"async\" class=\"alignnone\" src=\"https:\/\/farm2.staticflickr.com\/1482\/25103185431_0316094f0e_b.jpg\" alt=\"\" width=\"1024\" height=\"768\" \/><\/p>\n<p style=\"text-align: justify;\">Seguimos subiendo hasta que llegamos a una amplia llanura, que conocemos de nuestras rutas desde Font-Romeu, con unas bonitas vistas y bastante m\u00e1s nieve, y poco despues ya vemos algun letrero con algunas de las rutas que empiezan en Font-Romeu<\/p>\n<p style=\"text-align: justify;\"><img loading=\"lazy\" decoding=\"async\" class=\"alignnone\" src=\"https:\/\/farm2.staticflickr.com\/1548\/25078168792_994a80e8d2_b.jpg\" alt=\"\" width=\"1024\" height=\"768\" \/><\/p>\n<p style=\"text-align: justify;\"><img loading=\"lazy\" decoding=\"async\" class=\"alignnone\" src=\"http:\/\/farm2.staticflickr.com\/1720\/25170106536_734c2c9bf0_b.jpg\" alt=\"\" width=\"1024\" height=\"768\" \/><\/p>\n<p style=\"text-align: justify;\">Nos encontraremos despues un indicador del Pic dels Moros, y a partir de alli, volvemos a tener una f\u00e1cil subida hasta el Pic, a donde llegamos sin problemas, aunque arriba hac\u00eda un fuerte viento.<\/p>\n<p style=\"text-align: justify;\"><img loading=\"lazy\" decoding=\"async\" class=\"alignnone\" src=\"https:\/\/farm2.staticflickr.com\/1620\/24569627353_077b264aff_b.jpg\" alt=\"\" width=\"1024\" height=\"768\" \/><\/p>\n<p style=\"text-align: justify;\"><img loading=\"lazy\" decoding=\"async\" class=\"alignnone\" src=\"https:\/\/farm2.staticflickr.com\/1679\/25170115726_96b2b27b97_b.jpg\" alt=\"\" width=\"1024\" height=\"768\" \/><\/p>\n<p style=\"text-align: justify;\"><img loading=\"lazy\" decoding=\"async\" class=\"alignnone\" src=\"https:\/\/farm2.staticflickr.com\/1471\/25078182172_373e6a425c_b.jpg\" alt=\"\" width=\"1024\" height=\"768\" \/><\/p>\n<p style=\"text-align: justify;\">Desde el Pic dels Moros, se v\u00e9 perfectamente la estaci\u00f3n de ski de Font-Romeu<\/p>\n<p style=\"text-align: justify;\"><img loading=\"lazy\" decoding=\"async\" class=\"alignnone\" src=\"http:\/\/farm2.staticflickr.com\/1589\/24565787684_c104d54582_b.jpg\" alt=\"\" width=\"1024\" height=\"768\" \/><\/p>\n<p style=\"text-align: justify;\">Comemos algo y descansamos un poco y reanudamos el camino ya de vuelta, pero no por donde hemos venido.<\/p>\n<p style=\"text-align: justify;\">Seg\u00fan el track que vamos siguiendo, deberiamos ahora coger un camino que va en direcci\u00f3n al Pla de la Calme y despues seguir un camino que va girando a la derecha, para rodear la monta\u00f1a en donde estamos y continuar en direcci\u00f3n a Targassonne.<\/p>\n<p style=\"text-align: justify;\">Pero vemos que hay mucha nieve por ese camino, y dado que no llevamos raquetas, vamos bajando un poco \u00abcampo a trav\u00e9s\u00bb, cerca de los arboles, entre el bosque o haciendo eses, por donde vemos que hay menos nieve, siempre mirando el GPS para ir en direccion al camino que va desde la zona del Pla de la Calme a Targassonne.<\/p>\n<p style=\"text-align: justify;\">Al principio no tenemos problemas, pero poco despues la cosa se va complicando por la nieve, y en varios puntos nos hemos hundido hasta las rodillas, aunque gracias\u00a0 a que las botas que llevamos son muy nuevas, no nos hemos mojado.<\/p>\n<p style=\"text-align: justify;\"><img loading=\"lazy\" decoding=\"async\" class=\"alignnone\" src=\"https:\/\/farm2.staticflickr.com\/1550\/24900841770_e9d51f1489_b.jpg\" alt=\"\" width=\"1024\" height=\"768\" \/><\/p>\n<p style=\"text-align: justify;\"><img loading=\"lazy\" decoding=\"async\" class=\"alignnone\" src=\"https:\/\/farm2.staticflickr.com\/1447\/25103229811_3009b0bd8a_b.jpg\" alt=\"\" width=\"1024\" height=\"768\" \/><\/p>\n<p style=\"text-align: justify;\">Por fin, llegamos al camino que va en direccion a Targassonne y a partir de alli, ya podemos caminar mas tranquilamente.<\/p>\n<p style=\"text-align: justify;\"><img loading=\"lazy\" decoding=\"async\" class=\"alignnone\" src=\"http:\/\/farm2.staticflickr.com\/1506\/24828790309_894c49db96_b.jpg\" alt=\"\" width=\"1024\" height=\"768\" \/><\/p>\n<p style=\"text-align: justify;\"><img loading=\"lazy\" decoding=\"async\" class=\"alignnone\" src=\"http:\/\/farm2.staticflickr.com\/1714\/24565814014_4bcc7a4675_b.jpg\" alt=\"\" width=\"1024\" height=\"768\" \/><\/p>\n<p style=\"text-align: justify;\">En la foto anterior, vemos arriba las antenas del Pic dels Moros, de donde venimos, aunque haciendo una gran \u00abcurva\u00bb.<\/p>\n<p style=\"text-align: justify;\">A partir de esa presa que vemos en esta foto, el camino es ancho y de bajada, y no presenta ningun problema , m\u00e1s que algun barrizal que debemos esquivar&#8230;<\/p>\n<p style=\"text-align: justify;\"><img loading=\"lazy\" decoding=\"async\" class=\"alignnone\" src=\"https:\/\/farm2.staticflickr.com\/1482\/24900772520_e652154861_b.jpg\" alt=\"\" width=\"1024\" height=\"768\" \/><\/p>\n<p style=\"text-align: justify;\">En una curva del camino, en la que vemos un peque\u00f1o edificio (ver en el track el punto \u00abDejamos el camino\u00bb )\u00a0 dejamos el camino que gira a la izquierda y que baja hasta el pueblo de Targassonne, y seguimos recto, porque hemos dejado el coche fuera del pueblo, cerca de la rotonda que hemos comentado al principio.<\/p>\n<p style=\"text-align: justify;\"><img loading=\"lazy\" decoding=\"async\" class=\"alignnone\" src=\"https:\/\/farm2.staticflickr.com\/1685\/25170059316_5994eb034e_b.jpg\" alt=\"\" width=\"1024\" height=\"768\" \/><\/p>\n<p style=\"text-align: justify;\">Ese peque\u00f1o camino que seguimos ahora, discurre practicamente horizontal con Targassonne\u00a0 a nuestra izquierda, hasta que llegamos a la altura de donde hemos dejado el coche y entonces bajamos hacia el parking.<\/p>\n<p style=\"text-align: justify;\"><img loading=\"lazy\" decoding=\"async\" class=\"alignnone\" src=\"https:\/\/farm2.staticflickr.com\/1718\/24569564903_58a7183788_b.jpg\" alt=\"\" width=\"1024\" height=\"768\" \/><img loading=\"lazy\" decoding=\"async\" class=\"alignnone\" src=\"https:\/\/farm2.staticflickr.com\/1592\/25103137331_ea70d32fa7_b.jpg\" alt=\"\" width=\"1024\" height=\"768\" \/><\/p>\n<hr \/>\n<p style=\"text-align: justify;\"><strong>\u00a0Track de la ruta<\/strong><\/p>\n<p style=\"text-align: justify;\">[sgpx gpx=\u00bb\/wp-content\/uploads\/gpx\/Targassone-PicDelsMoros.gpx\u00bb]<\/p>\n<hr \/>\n<p style=\"text-align: justify;\">\u00a0<\/p>\n<p style=\"text-align: justify;\"><strong>\u00a0Mini-video con panor\u00e1mica desde el Pic dels Moros<\/strong><\/p>\n<p style=\"text-align: justify;\">\u00a0<\/p>\n<p><iframe loading=\"lazy\" title=\"Pic dels Moros\" width=\"720\" height=\"405\" src=\"https:\/\/www.youtube.com\/embed\/xQpovxB7KDA?feature=oembed\" frameborder=\"0\" allow=\"accelerometer; autoplay; clipboard-write; encrypted-media; gyroscope; picture-in-picture\" allowfullscreen><\/iframe><\/p>\n<p style=\"text-align: justify;\">\u00a0<\/p>\n<hr \/>\n<p style=\"text-align: justify;\">\u00a0<\/p>\n<p style=\"text-align: justify;\"><strong>Enlace album de fotos<\/strong><\/p>\n<p style=\"text-align: justify;\">\u00a0<\/p>\n<p style=\"text-align: justify;\"><a href=\"https:\/\/photos.app.goo.gl\/fZ9Bz7buA4paAnjk9\" target=\"_blank\" rel=\"noopener noreferrer\"><img loading=\"lazy\" decoding=\"async\" class=\"aligncenter wp-image-7848\" src=\"http:\/\/www.carlosyconchita.net\/rutas\/wp-content\/uploads\/2016\/02\/P2214625-300x225.jpg\" alt=\"P2214625\" width=\"200\" height=\"150\" srcset=\"https:\/\/www.carlosyconchita.net\/rutas\/wp-content\/uploads\/2016\/02\/P2214625-300x225.jpg 300w, https:\/\/www.carlosyconchita.net\/rutas\/wp-content\/uploads\/2016\/02\/P2214625-600x450.jpg 600w, https:\/\/www.carlosyconchita.net\/rutas\/wp-content\/uploads\/2016\/02\/P2214625-768x576.jpg 768w, https:\/\/www.carlosyconchita.net\/rutas\/wp-content\/uploads\/2016\/02\/P2214625-400x300.jpg 400w, https:\/\/www.carlosyconchita.net\/rutas\/wp-content\/uploads\/2016\/02\/P2214625.jpg 1024w\" sizes=\"auto, (max-width: 200px) 100vw, 200px\" \/><\/a><\/p>\n<hr \/>\n<p style=\"text-align: justify;\">\u00a0<\/p>\n<p style=\"text-align: justify;\"><strong>Enlace Wikiloc<\/strong><\/p>\n<p style=\"text-align: justify;\">\u00a0<a href=\"http:\/\/es.wikiloc.com\/wikiloc\/view.do?id=12380761\" target=\"_blank\" rel=\"noopener noreferrer\"><img loading=\"lazy\" decoding=\"async\" class=\"aligncenter\" title=\"wikiloc\" src=\"http:\/\/www.carlosyconchita.net\/rutas\/wp-content\/uploads\/2020\/09\/wikiloc.jpg\" alt=\"\" width=\"117\" height=\"34\" \/><\/a><\/p>\n<hr \/>\n<p style=\"text-align: justify;\">\u00a0<\/p>\n<p style=\"text-align: justify;\"><span style=\"color: #ff0000; background-color: #ffffff; font-size: 14pt;\"><strong>Si te ha gustado, comp\u00e1rtelo en tu red favorita,\u00a0 haz +1, o env\u00edanos tu comentario.<br \/>\n<\/strong><\/span><\/p>\n<p><span style=\"font-size: 14pt;\"><strong><span style=\"color: #ff0000;\">Muchas gracias !<\/span><\/strong><\/span><\/p>\n<hr \/>\n<p style=\"text-align: justify;\"><strong><span style=\"color: #008000;\">Suscribete si quieres recibir un mail cuando publiquemos nuevas rutas : no enviamos publicidad y como m\u00e1ximo enviamos 2 mails al mes<\/span><\/strong><\/p>\n<p>[wysija_form id=\u00bb1&#8243;]<\/p>\n<p style=\"text-align: justify;\">\u00a0<\/p>\n","protected":false},"excerpt":{"rendered":"<p>Anteriormente, en el 2013 ya hab\u00edamos estado en el Pic dels Moros, pero hab\u00edamos empezado en la zona del Pla de la Calme, en la estaci\u00f3n de ski de Font-Romeu.\u00a0 (ver enlace ) Esta vez llegaremos al mismo sitio, pero por el otro lado, por asi decir, empezando en Targassonne. Dificultad :\u00a0 Moderada Recorrido :\u00a0 [&hellip;]<\/p>\n","protected":false},"author":50,"featured_media":7848,"comment_status":"open","ping_status":"open","sticky":false,"template":"","format":"standard","meta":{"footnotes":""},"categories":[22,11,18],"tags":[],"class_list":{"0":"post-7897","1":"post","2":"type-post","3":"status-publish","4":"format-standard","5":"has-post-thumbnail","6":"hentry","7":"category-de-05-a-10-km","8":"category-moderada","9":"category-font-romeu-bolquere","11":"post-with-thumbnail","12":"post-with-thumbnail-icon"},"yoast_head":"<!-- This site is optimized with the Yoast SEO plugin v27.4 - https:\/\/yoast.com\/product\/yoast-seo-wordpress\/ -->\n<title>21-02-2016 - Targassonne - Pic dels Moros -<\/title>\n<meta name=\"robots\" content=\"index, follow, max-snippet:-1, max-image-preview:large, max-video-preview:-1\" \/>\n<link rel=\"canonical\" href=\"https:\/\/www.carlosyconchita.net\/rutas\/21-02-2016-targassonne-pic-dels-moros\/\" \/>\n<meta property=\"og:locale\" content=\"es_ES\" \/>\n<meta property=\"og:type\" content=\"article\" \/>\n<meta property=\"og:title\" content=\"21-02-2016 - Targassonne - Pic dels Moros -\" \/>\n<meta property=\"og:description\" content=\"Anteriormente, en el 2013 ya hab\u00edamos estado en el Pic dels Moros, pero hab\u00edamos empezado en la zona del Pla de la Calme, en la estaci\u00f3n de ski de Font-Romeu.\u00a0 (ver enlace ) Esta vez llegaremos al mismo sitio, pero por el otro lado, por asi decir, empezando en Targassonne. Dificultad :\u00a0 Moderada Recorrido :\u00a0 [&hellip;]\" \/>\n<meta property=\"og:url\" content=\"https:\/\/www.carlosyconchita.net\/rutas\/21-02-2016-targassonne-pic-dels-moros\/\" \/>\n<meta property=\"og:site_name\" content=\"Las rutas de Carlos y Conchita\" \/>\n<meta property=\"article:published_time\" content=\"2016-02-21T21:11:17+00:00\" \/>\n<meta property=\"article:modified_time\" content=\"2021-02-27T20:27:02+00:00\" \/>\n<meta property=\"og:image\" content=\"https:\/\/www.carlosyconchita.net\/rutas\/wp-content\/uploads\/2016\/02\/P2214625.jpg\" \/>\n\t<meta property=\"og:image:width\" content=\"1024\" \/>\n\t<meta property=\"og:image:height\" content=\"768\" \/>\n\t<meta property=\"og:image:type\" content=\"image\/jpeg\" \/>\n<meta name=\"author\" content=\"Carlos Conchita\" \/>\n<meta name=\"twitter:label1\" content=\"Escrito por\" \/>\n\t<meta name=\"twitter:data1\" content=\"Carlos Conchita\" \/>\n\t<meta name=\"twitter:label2\" content=\"Tiempo de lectura\" \/>\n\t<meta name=\"twitter:data2\" content=\"4 minutos\" \/>\n<script type=\"application\/ld+json\" class=\"yoast-schema-graph\">{\"@context\":\"https:\\\/\\\/schema.org\",\"@graph\":[{\"@type\":\"Article\",\"@id\":\"https:\\\/\\\/www.carlosyconchita.net\\\/rutas\\\/21-02-2016-targassonne-pic-dels-moros\\\/#article\",\"isPartOf\":{\"@id\":\"https:\\\/\\\/www.carlosyconchita.net\\\/rutas\\\/21-02-2016-targassonne-pic-dels-moros\\\/\"},\"author\":{\"name\":\"Carlos Conchita\",\"@id\":\"https:\\\/\\\/www.carlosyconchita.net\\\/rutas\\\/#\\\/schema\\\/person\\\/a9691f7258c28443fab2d3aa1479ea19\"},\"headline\":\"21-02-2016 &#8211; Targassonne &#8211; Pic dels Moros\",\"datePublished\":\"2016-02-21T21:11:17+00:00\",\"dateModified\":\"2021-02-27T20:27:02+00:00\",\"mainEntityOfPage\":{\"@id\":\"https:\\\/\\\/www.carlosyconchita.net\\\/rutas\\\/21-02-2016-targassonne-pic-dels-moros\\\/\"},\"wordCount\":868,\"commentCount\":0,\"image\":{\"@id\":\"https:\\\/\\\/www.carlosyconchita.net\\\/rutas\\\/21-02-2016-targassonne-pic-dels-moros\\\/#primaryimage\"},\"thumbnailUrl\":\"https:\\\/\\\/www.carlosyconchita.net\\\/rutas\\\/wp-content\\\/uploads\\\/2016\\\/02\\\/P2214625.jpg\",\"articleSection\":[\"2 - De 5 a 10 km.\",\"2-Moderada\",\"Font Romeu\"],\"inLanguage\":\"es\",\"potentialAction\":[{\"@type\":\"CommentAction\",\"name\":\"Comment\",\"target\":[\"https:\\\/\\\/www.carlosyconchita.net\\\/rutas\\\/21-02-2016-targassonne-pic-dels-moros\\\/#respond\"]}]},{\"@type\":\"WebPage\",\"@id\":\"https:\\\/\\\/www.carlosyconchita.net\\\/rutas\\\/21-02-2016-targassonne-pic-dels-moros\\\/\",\"url\":\"https:\\\/\\\/www.carlosyconchita.net\\\/rutas\\\/21-02-2016-targassonne-pic-dels-moros\\\/\",\"name\":\"21-02-2016 - Targassonne - Pic dels Moros -\",\"isPartOf\":{\"@id\":\"https:\\\/\\\/www.carlosyconchita.net\\\/rutas\\\/#website\"},\"primaryImageOfPage\":{\"@id\":\"https:\\\/\\\/www.carlosyconchita.net\\\/rutas\\\/21-02-2016-targassonne-pic-dels-moros\\\/#primaryimage\"},\"image\":{\"@id\":\"https:\\\/\\\/www.carlosyconchita.net\\\/rutas\\\/21-02-2016-targassonne-pic-dels-moros\\\/#primaryimage\"},\"thumbnailUrl\":\"https:\\\/\\\/www.carlosyconchita.net\\\/rutas\\\/wp-content\\\/uploads\\\/2016\\\/02\\\/P2214625.jpg\",\"datePublished\":\"2016-02-21T21:11:17+00:00\",\"dateModified\":\"2021-02-27T20:27:02+00:00\",\"author\":{\"@id\":\"https:\\\/\\\/www.carlosyconchita.net\\\/rutas\\\/#\\\/schema\\\/person\\\/a9691f7258c28443fab2d3aa1479ea19\"},\"breadcrumb\":{\"@id\":\"https:\\\/\\\/www.carlosyconchita.net\\\/rutas\\\/21-02-2016-targassonne-pic-dels-moros\\\/#breadcrumb\"},\"inLanguage\":\"es\",\"potentialAction\":[{\"@type\":\"ReadAction\",\"target\":[\"https:\\\/\\\/www.carlosyconchita.net\\\/rutas\\\/21-02-2016-targassonne-pic-dels-moros\\\/\"]}]},{\"@type\":\"ImageObject\",\"inLanguage\":\"es\",\"@id\":\"https:\\\/\\\/www.carlosyconchita.net\\\/rutas\\\/21-02-2016-targassonne-pic-dels-moros\\\/#primaryimage\",\"url\":\"https:\\\/\\\/www.carlosyconchita.net\\\/rutas\\\/wp-content\\\/uploads\\\/2016\\\/02\\\/P2214625.jpg\",\"contentUrl\":\"https:\\\/\\\/www.carlosyconchita.net\\\/rutas\\\/wp-content\\\/uploads\\\/2016\\\/02\\\/P2214625.jpg\",\"width\":1024,\"height\":768},{\"@type\":\"BreadcrumbList\",\"@id\":\"https:\\\/\\\/www.carlosyconchita.net\\\/rutas\\\/21-02-2016-targassonne-pic-dels-moros\\\/#breadcrumb\",\"itemListElement\":[{\"@type\":\"ListItem\",\"position\":1,\"name\":\"Portada\",\"item\":\"https:\\\/\\\/www.carlosyconchita.net\\\/rutas\\\/\"},{\"@type\":\"ListItem\",\"position\":2,\"name\":\"21-02-2016 &#8211; Targassonne &#8211; Pic dels Moros\"}]},{\"@type\":\"WebSite\",\"@id\":\"https:\\\/\\\/www.carlosyconchita.net\\\/rutas\\\/#website\",\"url\":\"https:\\\/\\\/www.carlosyconchita.net\\\/rutas\\\/\",\"name\":\"Las rutas de Carlos y Conchita\",\"description\":\"\",\"potentialAction\":[{\"@type\":\"SearchAction\",\"target\":{\"@type\":\"EntryPoint\",\"urlTemplate\":\"https:\\\/\\\/www.carlosyconchita.net\\\/rutas\\\/?s={search_term_string}\"},\"query-input\":{\"@type\":\"PropertyValueSpecification\",\"valueRequired\":true,\"valueName\":\"search_term_string\"}}],\"inLanguage\":\"es\"},{\"@type\":\"Person\",\"@id\":\"https:\\\/\\\/www.carlosyconchita.net\\\/rutas\\\/#\\\/schema\\\/person\\\/a9691f7258c28443fab2d3aa1479ea19\",\"name\":\"Carlos Conchita\",\"image\":{\"@type\":\"ImageObject\",\"inLanguage\":\"es\",\"@id\":\"https:\\\/\\\/secure.gravatar.com\\\/avatar\\\/3a4625b20c8da3de99da69bfe7a322774e291c3f90dce7e8778a30fe6748ed1a?s=96&d=mm&r=g\",\"url\":\"https:\\\/\\\/secure.gravatar.com\\\/avatar\\\/3a4625b20c8da3de99da69bfe7a322774e291c3f90dce7e8778a30fe6748ed1a?s=96&d=mm&r=g\",\"contentUrl\":\"https:\\\/\\\/secure.gravatar.com\\\/avatar\\\/3a4625b20c8da3de99da69bfe7a322774e291c3f90dce7e8778a30fe6748ed1a?s=96&d=mm&r=g\",\"caption\":\"Carlos Conchita\"}}]}<\/script>\n<!-- \/ Yoast SEO plugin. -->","yoast_head_json":{"title":"21-02-2016 - Targassonne - Pic dels Moros -","robots":{"index":"index","follow":"follow","max-snippet":"max-snippet:-1","max-image-preview":"max-image-preview:large","max-video-preview":"max-video-preview:-1"},"canonical":"https:\/\/www.carlosyconchita.net\/rutas\/21-02-2016-targassonne-pic-dels-moros\/","og_locale":"es_ES","og_type":"article","og_title":"21-02-2016 - Targassonne - Pic dels Moros -","og_description":"Anteriormente, en el 2013 ya hab\u00edamos estado en el Pic dels Moros, pero hab\u00edamos empezado en la zona del Pla de la Calme, en la estaci\u00f3n de ski de Font-Romeu.\u00a0 (ver enlace ) Esta vez llegaremos al mismo sitio, pero por el otro lado, por asi decir, empezando en Targassonne. Dificultad :\u00a0 Moderada Recorrido :\u00a0 [&hellip;]","og_url":"https:\/\/www.carlosyconchita.net\/rutas\/21-02-2016-targassonne-pic-dels-moros\/","og_site_name":"Las rutas de Carlos y Conchita","article_published_time":"2016-02-21T21:11:17+00:00","article_modified_time":"2021-02-27T20:27:02+00:00","og_image":[{"width":1024,"height":768,"url":"https:\/\/www.carlosyconchita.net\/rutas\/wp-content\/uploads\/2016\/02\/P2214625.jpg","type":"image\/jpeg"}],"author":"Carlos Conchita","twitter_misc":{"Escrito por":"Carlos Conchita","Tiempo de lectura":"4 minutos"},"schema":{"@context":"https:\/\/schema.org","@graph":[{"@type":"Article","@id":"https:\/\/www.carlosyconchita.net\/rutas\/21-02-2016-targassonne-pic-dels-moros\/#article","isPartOf":{"@id":"https:\/\/www.carlosyconchita.net\/rutas\/21-02-2016-targassonne-pic-dels-moros\/"},"author":{"name":"Carlos Conchita","@id":"https:\/\/www.carlosyconchita.net\/rutas\/#\/schema\/person\/a9691f7258c28443fab2d3aa1479ea19"},"headline":"21-02-2016 &#8211; Targassonne &#8211; Pic dels Moros","datePublished":"2016-02-21T21:11:17+00:00","dateModified":"2021-02-27T20:27:02+00:00","mainEntityOfPage":{"@id":"https:\/\/www.carlosyconchita.net\/rutas\/21-02-2016-targassonne-pic-dels-moros\/"},"wordCount":868,"commentCount":0,"image":{"@id":"https:\/\/www.carlosyconchita.net\/rutas\/21-02-2016-targassonne-pic-dels-moros\/#primaryimage"},"thumbnailUrl":"https:\/\/www.carlosyconchita.net\/rutas\/wp-content\/uploads\/2016\/02\/P2214625.jpg","articleSection":["2 - De 5 a 10 km.","2-Moderada","Font Romeu"],"inLanguage":"es","potentialAction":[{"@type":"CommentAction","name":"Comment","target":["https:\/\/www.carlosyconchita.net\/rutas\/21-02-2016-targassonne-pic-dels-moros\/#respond"]}]},{"@type":"WebPage","@id":"https:\/\/www.carlosyconchita.net\/rutas\/21-02-2016-targassonne-pic-dels-moros\/","url":"https:\/\/www.carlosyconchita.net\/rutas\/21-02-2016-targassonne-pic-dels-moros\/","name":"21-02-2016 - Targassonne - Pic dels Moros -","isPartOf":{"@id":"https:\/\/www.carlosyconchita.net\/rutas\/#website"},"primaryImageOfPage":{"@id":"https:\/\/www.carlosyconchita.net\/rutas\/21-02-2016-targassonne-pic-dels-moros\/#primaryimage"},"image":{"@id":"https:\/\/www.carlosyconchita.net\/rutas\/21-02-2016-targassonne-pic-dels-moros\/#primaryimage"},"thumbnailUrl":"https:\/\/www.carlosyconchita.net\/rutas\/wp-content\/uploads\/2016\/02\/P2214625.jpg","datePublished":"2016-02-21T21:11:17+00:00","dateModified":"2021-02-27T20:27:02+00:00","author":{"@id":"https:\/\/www.carlosyconchita.net\/rutas\/#\/schema\/person\/a9691f7258c28443fab2d3aa1479ea19"},"breadcrumb":{"@id":"https:\/\/www.carlosyconchita.net\/rutas\/21-02-2016-targassonne-pic-dels-moros\/#breadcrumb"},"inLanguage":"es","potentialAction":[{"@type":"ReadAction","target":["https:\/\/www.carlosyconchita.net\/rutas\/21-02-2016-targassonne-pic-dels-moros\/"]}]},{"@type":"ImageObject","inLanguage":"es","@id":"https:\/\/www.carlosyconchita.net\/rutas\/21-02-2016-targassonne-pic-dels-moros\/#primaryimage","url":"https:\/\/www.carlosyconchita.net\/rutas\/wp-content\/uploads\/2016\/02\/P2214625.jpg","contentUrl":"https:\/\/www.carlosyconchita.net\/rutas\/wp-content\/uploads\/2016\/02\/P2214625.jpg","width":1024,"height":768},{"@type":"BreadcrumbList","@id":"https:\/\/www.carlosyconchita.net\/rutas\/21-02-2016-targassonne-pic-dels-moros\/#breadcrumb","itemListElement":[{"@type":"ListItem","position":1,"name":"Portada","item":"https:\/\/www.carlosyconchita.net\/rutas\/"},{"@type":"ListItem","position":2,"name":"21-02-2016 &#8211; Targassonne &#8211; Pic dels Moros"}]},{"@type":"WebSite","@id":"https:\/\/www.carlosyconchita.net\/rutas\/#website","url":"https:\/\/www.carlosyconchita.net\/rutas\/","name":"Las rutas de Carlos y Conchita","description":"","potentialAction":[{"@type":"SearchAction","target":{"@type":"EntryPoint","urlTemplate":"https:\/\/www.carlosyconchita.net\/rutas\/?s={search_term_string}"},"query-input":{"@type":"PropertyValueSpecification","valueRequired":true,"valueName":"search_term_string"}}],"inLanguage":"es"},{"@type":"Person","@id":"https:\/\/www.carlosyconchita.net\/rutas\/#\/schema\/person\/a9691f7258c28443fab2d3aa1479ea19","name":"Carlos Conchita","image":{"@type":"ImageObject","inLanguage":"es","@id":"https:\/\/secure.gravatar.com\/avatar\/3a4625b20c8da3de99da69bfe7a322774e291c3f90dce7e8778a30fe6748ed1a?s=96&d=mm&r=g","url":"https:\/\/secure.gravatar.com\/avatar\/3a4625b20c8da3de99da69bfe7a322774e291c3f90dce7e8778a30fe6748ed1a?s=96&d=mm&r=g","contentUrl":"https:\/\/secure.gravatar.com\/avatar\/3a4625b20c8da3de99da69bfe7a322774e291c3f90dce7e8778a30fe6748ed1a?s=96&d=mm&r=g","caption":"Carlos Conchita"}}]}},"_links":{"self":[{"href":"https:\/\/www.carlosyconchita.net\/rutas\/wp-json\/wp\/v2\/posts\/7897","targetHints":{"allow":["GET"]}}],"collection":[{"href":"https:\/\/www.carlosyconchita.net\/rutas\/wp-json\/wp\/v2\/posts"}],"about":[{"href":"https:\/\/www.carlosyconchita.net\/rutas\/wp-json\/wp\/v2\/types\/post"}],"author":[{"embeddable":true,"href":"https:\/\/www.carlosyconchita.net\/rutas\/wp-json\/wp\/v2\/users\/50"}],"replies":[{"embeddable":true,"href":"https:\/\/www.carlosyconchita.net\/rutas\/wp-json\/wp\/v2\/comments?post=7897"}],"version-history":[{"count":0,"href":"https:\/\/www.carlosyconchita.net\/rutas\/wp-json\/wp\/v2\/posts\/7897\/revisions"}],"wp:featuredmedia":[{"embeddable":true,"href":"https:\/\/www.carlosyconchita.net\/rutas\/wp-json\/wp\/v2\/media\/7848"}],"wp:attachment":[{"href":"https:\/\/www.carlosyconchita.net\/rutas\/wp-json\/wp\/v2\/media?parent=7897"}],"wp:term":[{"taxonomy":"category","embeddable":true,"href":"https:\/\/www.carlosyconchita.net\/rutas\/wp-json\/wp\/v2\/categories?post=7897"},{"taxonomy":"post_tag","embeddable":true,"href":"https:\/\/www.carlosyconchita.net\/rutas\/wp-json\/wp\/v2\/tags?post=7897"}],"curies":[{"name":"wp","href":"https:\/\/api.w.org\/{rel}","templated":true}]}}