{"id":8406,"date":"2016-03-12T21:05:08","date_gmt":"2016-03-12T20:05:08","guid":{"rendered":"http:\/\/www.carlosyconchita.net\/rutas\/?p=8406"},"modified":"2021-02-27T21:25:45","modified_gmt":"2021-02-27T20:25:45","slug":"puigmal-pistas-de-ski","status":"publish","type":"post","link":"https:\/\/www.carlosyconchita.net\/rutas\/puigmal-pistas-de-ski\/","title":{"rendered":"12-03-2016 &#8211; Puigmal : pistas de ski"},"content":{"rendered":"<div id=\"pl-8406\"  class=\"panel-layout\" ><div id=\"pg-8406-0\"  class=\"panel-grid panel-no-style\" ><div id=\"pgc-8406-0-0\"  class=\"panel-grid-cell\" ><div id=\"panel-8406-0-0-0\" class=\"so-panel widget widget_sow-editor panel-first-child panel-last-child\" data-index=\"0\" ><div\n\t\t\t\n\t\t\tclass=\"so-widget-sow-editor so-widget-sow-editor-base\"\n\t\t\t\n\t\t>\n<div class=\"siteorigin-widget-tinymce textwidget\">\n\t<p style=\"text-align: justify;\">Hoy hemos vuelto a la estaci\u00f3n de ski de Puigmal, actualmente cerrada, para hacer una caminata con raquetas por las pistas, ya que las previsiones anunciaban bastante viento, y hemos preferido quedarnos en una zona no muy alta por si acaso se complicaba el tiempo.<\/p>\n<\/div>\n<\/div><\/div><\/div><\/div><div id=\"pg-8406-1\"  class=\"panel-grid panel-has-style\" ><div class=\"panel-row-style panel-row-style-for-8406-1\" ><div id=\"pgc-8406-1-0\"  class=\"panel-grid-cell\" ><div id=\"panel-8406-1-0-0\" class=\"so-panel widget widget_origin_list panel-first-child panel-last-child\" data-index=\"1\" ><div class=\"origin-widget origin-widget-list origin-widget-list-simple-charcoal\"><ul>\n<li> Dificultad :  Moderada<\/li>\n<li> Desnivel acum.  :   410 m.    <\/li>\n<li> Tiempo total :  3 h. 06 m.<\/li>\n<li> Tiempo movimiento  :  1 h. 51 m.<\/li>\n<\/ul>\n<\/div><\/div><\/div><div id=\"pgc-8406-1-1\"  class=\"panel-grid-cell\" ><div id=\"panel-8406-1-1-0\" class=\"so-panel widget widget_origin_list panel-first-child panel-last-child\" data-index=\"2\" ><div class=\"origin-widget origin-widget-list origin-widget-list-simple-charcoal\"><ul>\n<li>Recorrido :  5'727  km.<\/li>\n<li>Alturas m\u00edn.\/m\u00e1x.   :   1.841 \/ 2.241 m<\/li>\n<li>Velocidad media :  1'81 km.\/h<\/li>\n<li>Velocidad media  :  2'96 km.\/hora<\/li>\n<\/ul>\n<\/div><\/div><\/div><\/div><\/div><div id=\"pg-8406-2\"  class=\"panel-grid panel-no-style\" ><div id=\"pgc-8406-2-0\"  class=\"panel-grid-cell\" ><div id=\"panel-8406-2-0-0\" class=\"so-panel widget widget_sow-editor panel-first-child panel-last-child\" data-index=\"3\" ><div\n\t\t\t\n\t\t\tclass=\"so-widget-sow-editor so-widget-sow-editor-base\"\n\t\t\t\n\t\t>\n<div class=\"siteorigin-widget-tinymce textwidget\">\n\t<p><span style=\"color: #ff0000;\">La hemos clasificado como \"Moderada\" por la considerable pendiente, que se acumula por asi decir , en un corto recorrido<\/span><\/p>\n<p>Llegamos en coche hasta el edificio central de la estaci\u00f3n de ski de Puigmal, en donde vemos bastantes coches aparcados.<\/p>\n<p><img loading=\"lazy\" decoding=\"async\" class=\"alignnone\" src=\"https:\/\/farm2.staticflickr.com\/1495\/25463349480_7fcf79fb4e_b.jpg\" alt=\"\" width=\"1019\" height=\"764\" \/><\/p>\n<p style=\"text-align: justify;\">\u00a0<\/p>\n<p style=\"text-align: justify;\">\u00a0<\/p>\n<p style=\"text-align: justify;\">Entrando ya en la zona de pistas, empezamos a subir por la que tenemos a nuestra izquierda, y al poco ya podemos tener una vista panor\u00e1mica de esta zona de la estaci\u00f3n y de las poblaciones de Saillagosa, Font-Romeu etc. y las monta\u00f1as al fondo.<\/p>\n<p style=\"text-align: justify;\"><img loading=\"lazy\" decoding=\"async\" class=\"alignnone\" src=\"https:\/\/farm2.staticflickr.com\/1633\/25133591534_7b0213b998_b.jpg\" alt=\"\" width=\"1019\" height=\"764\" \/><\/p>\n<p style=\"text-align: justify;\">\u00a0<\/p>\n<p style=\"text-align: justify;\">\u00a0De momento la pista sube en linea recta, pero al cabo de unos centenares de metros gira a la derecha, y continua subiendo.<\/p>\n<p style=\"text-align: justify;\">Si miramos hacia atr\u00e1s, podemos ver los picos del Puigmal, asi como las instalaciones abandonadas de la estaci\u00f3n.<\/p>\n<p style=\"text-align: justify;\"><img loading=\"lazy\" decoding=\"async\" class=\"alignnone\" src=\"https:\/\/farm2.staticflickr.com\/1441\/25668949841_e4dac77bec_b.jpg\" alt=\"\" width=\"1019\" height=\"764\" \/><\/p>\n<p style=\"text-align: justify;\"><img loading=\"lazy\" decoding=\"async\" class=\"alignnone\" src=\"https:\/\/farm2.staticflickr.com\/1712\/25737962516_753d1290ac_b.jpg\" alt=\"\" width=\"1019\" height=\"764\" \/><\/p>\n<p style=\"text-align: justify;\">\u00a0<\/p>\n<p style=\"text-align: justify;\">Poco despu\u00e9s llegamos al Refugio de Artiga, en donde paramos un rato para descansar y beber algo, ya que aunque la temperatura no es muy alta, la considerable pendiente y el magn\u00edfico sol, hace que necesitemos refrescarnos un poco.<\/p>\n<p style=\"text-align: justify;\">Vemos all\u00ed, unos curiosos bancos para sentarse, construidos a base de los bancos de telesillas.<\/p>\n<p style=\"text-align: justify;\"><img loading=\"lazy\" decoding=\"async\" class=\"alignnone\" src=\"https:\/\/farm2.staticflickr.com\/1690\/25463333570_a7a67d6121_b.jpg\" alt=\"\" width=\"1019\" height=\"764\" \/><\/p>\n<p style=\"text-align: justify;\">\u00a0<\/p>\n<p style=\"text-align: justify;\">A partir de all\u00ed, continuamos subiendo por una amplia zona de cruce de varias pistas, hasta que llegamos a una pista que sube hacia nuestra izquierda.<\/p>\n<p style=\"text-align: justify;\"><img loading=\"lazy\" decoding=\"async\" class=\"alignnone\" src=\"https:\/\/farm2.staticflickr.com\/1480\/25764016305_1b399323e5_b.jpg\" alt=\"\" width=\"1019\" height=\"764\" \/><\/p>\n<p style=\"text-align: justify;\">\u00a0<\/p>\n<p style=\"text-align: justify;\">Poco despu\u00e9s vemos ya la cima.<\/p>\n<p style=\"text-align: justify;\"><img loading=\"lazy\" decoding=\"async\" class=\"alignnone\" src=\"https:\/\/farm2.staticflickr.com\/1501\/25737949346_bd748c3af9_b.jpg\" alt=\"\" width=\"1019\" height=\"764\" \/><\/p>\n<p style=\"text-align: justify;\">\u00a0<\/p>\n<p style=\"text-align: justify;\">Desde arriba, podemos ver los picos del Puigmal y una bonita panor\u00e1mica<\/p>\n<p style=\"text-align: justify;\">\u00a0<\/p>\n<p style=\"text-align: justify;\"><img loading=\"lazy\" decoding=\"async\" class=\"alignnone\" src=\"https:\/\/farm2.staticflickr.com\/1675\/25668929641_594dafa118_b.jpg\" alt=\"\" width=\"1019\" height=\"764\" \/><\/p>\n<p style=\"text-align: justify;\"><img loading=\"lazy\" decoding=\"async\" class=\"alignnone\" src=\"https:\/\/farm2.staticflickr.com\/1491\/25643045532_7fb9637373_b.jpg\" alt=\"\" width=\"1024\" height=\"430\" \/><\/p>\n<p style=\"text-align: justify;\">\u00a0<\/p>\n<p style=\"text-align: justify;\"><img loading=\"lazy\" decoding=\"async\" class=\"alignnone\" src=\"https:\/\/farm2.staticflickr.com\/1714\/25134490734_93e21f6627_b.jpg\" alt=\"\" width=\"1024\" height=\"720\" \/><\/p>\n<p style=\"text-align: justify;\">\u00a0<\/p>\n<p style=\"text-align: justify;\">Para bajar, vamos sorteando varias vallas y seguimos una pista con un fuerte desnivel, y despues de cruzar un tramo por dentro del bosque, desembocamos en otra pista que nos lleva un poco m\u00e1s abajo de la zona del refugio donde hemos estado antes.<\/p>\n<p style=\"text-align: justify;\"><img loading=\"lazy\" decoding=\"async\" class=\"alignnone\" src=\"https:\/\/farm2.staticflickr.com\/1547\/25763974085_6d0263eacc_b.jpg\" alt=\"\" width=\"1019\" height=\"764\" \/><\/p>\n<p style=\"text-align: justify;\">\u00a0<\/p>\n<p style=\"text-align: justify;\">Ahora no llegamos al refugio, sino que un poco antes, justo donde vemos este arrastre, podemos girar a la derecha y coger entonces el mismo camino que hemos realizado a la subida.<\/p>\n<p style=\"text-align: justify;\"><img loading=\"lazy\" decoding=\"async\" class=\"alignnone\" src=\"https:\/\/farm2.staticflickr.com\/1680\/25668893301_c175df764c_b.jpg\" alt=\"\" width=\"1019\" height=\"764\" \/><\/p>\n<p style=\"text-align: justify;\"><img loading=\"lazy\" decoding=\"async\" class=\"alignnone\" src=\"https:\/\/farm2.staticflickr.com\/1700\/25643011772_7ee256b270_b.jpg\" alt=\"\" width=\"1019\" height=\"764\" \/><\/p>\n<p style=\"text-align: justify;\">\u00a0<\/p>\n<p style=\"text-align: justify;\">Aqui podemos ver el edificio central de la estacion de ski.<\/p>\n<p style=\"text-align: justify;\"><img loading=\"lazy\" decoding=\"async\" class=\"alignnone\" src=\"https:\/\/farm2.staticflickr.com\/1565\/25765212125_5621983873_b.jpg\" alt=\"\" width=\"1024\" height=\"695\" \/><\/p>\n<p style=\"text-align: justify;\">\u00a0<\/p>\n<p style=\"text-align: justify;\">\u00a0<\/p>\n<hr \/>\n<p style=\"text-align: justify;\"><strong>\u00a0Track de la ruta<\/strong><\/p>\n<p style=\"text-align: justify;\">[sgpx gpx=\"\/wp-content\/uploads\/gpx\/Puigmal-pistas.gpx\"]<\/p>\n<hr \/>\n<p style=\"text-align: justify;\"><strong>\u00a0<\/strong><\/p>\n<\/div>\n<\/div><\/div><\/div><\/div><div id=\"pg-8406-3\"  class=\"panel-grid panel-has-style\" ><div class=\"panel-row-style panel-row-style-for-8406-3\" ><div id=\"pgc-8406-3-0\"  class=\"panel-grid-cell\" ><div id=\"panel-8406-3-0-0\" class=\"so-panel widget widget_sow-image panel-first-child panel-last-child\" data-index=\"4\" ><div class=\"panel-widget-style panel-widget-style-for-8406-3-0-0\" ><div\n\t\t\t\n\t\t\tclass=\"so-widget-sow-image so-widget-sow-image-default-c67d20f9f743-8406\"\n\t\t\t\n\t\t><h3 class=\"widget-title\">Album de fotos<\/h3>\n<div class=\"sow-image-container\">\n\t\t\t<a href=\"https:\/\/photos.app.goo.gl\/KQnnCW1AbRwzx2R9A\"\n\t\t\ttarget=\"_blank\" rel=\"noopener noreferrer\" \t\t>\n\t\t\t<img \n\tsrc=\"https:\/\/www.carlosyconchita.net\/rutas\/wp-content\/uploads\/2016\/02\/P3124711-120x120.jpg\" width=\"120\" height=\"120\" srcset=\"https:\/\/www.carlosyconchita.net\/rutas\/wp-content\/uploads\/2016\/02\/P3124711-120x120.jpg 120w, https:\/\/www.carlosyconchita.net\/rutas\/wp-content\/uploads\/2016\/02\/P3124711-480x480.jpg 480w, https:\/\/www.carlosyconchita.net\/rutas\/wp-content\/uploads\/2016\/02\/P3124711-320x320.jpg 320w, https:\/\/www.carlosyconchita.net\/rutas\/wp-content\/uploads\/2016\/02\/P3124711-240x240.jpg 240w\" sizes=\"(max-width: 120px) 100vw, 120px\" title=\"Album de fotos\" alt=\"\" \t\tclass=\"so-widget-image\"\/>\n\t\t\t<\/a><\/div>\n\n<\/div><\/div><\/div><\/div><div id=\"pgc-8406-3-1\"  class=\"panel-grid-cell\" ><div id=\"panel-8406-3-1-0\" class=\"so-panel widget widget_sow-image panel-first-child panel-last-child\" data-index=\"5\" ><div class=\"panel-widget-style panel-widget-style-for-8406-3-1-0\" ><div\n\t\t\t\n\t\t\tclass=\"so-widget-sow-image so-widget-sow-image-default-c67d20f9f743-8406\"\n\t\t\t\n\t\t><h3 class=\"widget-title\">Enlace Wikiloc<\/h3>\n<div class=\"sow-image-container\">\n\t\t\t<a href=\"http:\/\/es.wikiloc.com\/wikiloc\/view.do?id=12572917\"\n\t\t\ttarget=\"_blank\" rel=\"noopener noreferrer\" \t\t>\n\t\t\t<img \n\tsrc=\"https:\/\/www.carlosyconchita.net\/rutas\/wp-content\/uploads\/2020\/09\/wikiloc.jpg\" width=\"117\" height=\"34\" sizes=\"(max-width: 117px) 100vw, 117px\" title=\"Enlace Wikiloc\" alt=\"\" \t\tclass=\"so-widget-image\"\/>\n\t\t\t<\/a><\/div>\n\n<\/div><\/div><\/div><\/div><\/div><\/div><div id=\"pg-8406-4\"  class=\"panel-grid panel-no-style\" ><div id=\"pgc-8406-4-0\"  class=\"panel-grid-cell\" ><div id=\"panel-8406-4-0-0\" class=\"so-panel widget widget_sow-editor panel-first-child panel-last-child\" data-index=\"6\" ><div\n\t\t\t\n\t\t\tclass=\"so-widget-sow-editor so-widget-sow-editor-base\"\n\t\t\t\n\t\t>\n<div class=\"siteorigin-widget-tinymce textwidget\">\n\t<p style=\"text-align: justify;\"><span style=\"color: #ff0000; background-color: #ffffff; font-size: 14pt;\"><strong>Si te ha gustado, comp\u00e1rtelo en tu red favorita,\u00a0 haz +1, o env\u00edanos tu comentario.<br \/> <\/strong><\/span><\/p>\n<p><span style=\"font-size: 14pt;\"><strong><span style=\"color: #ff0000;\">Muchas gracias !<\/span><\/strong><\/span><\/p>\n<hr \/>\n<p style=\"text-align: justify;\"><strong><span style=\"color: #008000;\">Suscribete si quieres recibir un mail cuando publiquemos nuevas rutas : no enviamos publicidad y como m\u00e1ximo enviamos 2 mails al mes<\/span><\/strong><\/p>\n<p>[wysija_form id=\"1\"]<\/p>\n<\/div>\n<\/div><\/div><\/div><\/div><\/div>","protected":false},"excerpt":{"rendered":"<p>Hoy hemos vuelto a la estaci\u00f3n de ski de Puigmal, actualmente cerrada, para hacer una caminata con raquetas por las pistas, ya que las previsiones anunciaban bastante viento, y hemos preferido quedarnos en una zona no muy alta por si acaso se complicaba el tiempo.<\/p>\n","protected":false},"author":50,"featured_media":8400,"comment_status":"open","ping_status":"open","sticky":false,"template":"","format":"standard","meta":{"footnotes":""},"categories":[22,11,6],"tags":[],"class_list":{"0":"post-8406","1":"post","2":"type-post","3":"status-publish","4":"format-standard","5":"has-post-thumbnail","6":"hentry","7":"category-de-05-a-10-km","8":"category-moderada","9":"category-saillagosa","11":"post-with-thumbnail","12":"post-with-thumbnail-icon"},"yoast_head":"<!-- This site is optimized with the Yoast SEO plugin v27.4 - https:\/\/yoast.com\/product\/yoast-seo-wordpress\/ -->\n<title>12-03-2016 - Puigmal : pistas de ski -<\/title>\n<meta name=\"robots\" content=\"index, follow, max-snippet:-1, max-image-preview:large, max-video-preview:-1\" \/>\n<link rel=\"canonical\" href=\"https:\/\/www.carlosyconchita.net\/rutas\/puigmal-pistas-de-ski\/\" \/>\n<meta property=\"og:locale\" content=\"es_ES\" \/>\n<meta property=\"og:type\" content=\"article\" \/>\n<meta property=\"og:title\" content=\"12-03-2016 - Puigmal : pistas de ski -\" \/>\n<meta property=\"og:description\" content=\"Hoy hemos vuelto a la estaci\u00f3n de ski de Puigmal, actualmente cerrada, para hacer una caminata con raquetas por las pistas, ya que las previsiones anunciaban bastante viento, y hemos preferido quedarnos en una zona no muy alta por si acaso se complicaba el tiempo.\" \/>\n<meta property=\"og:url\" content=\"https:\/\/www.carlosyconchita.net\/rutas\/puigmal-pistas-de-ski\/\" \/>\n<meta property=\"og:site_name\" content=\"Las rutas de Carlos y Conchita\" \/>\n<meta property=\"article:published_time\" content=\"2016-03-12T20:05:08+00:00\" \/>\n<meta property=\"article:modified_time\" content=\"2021-02-27T20:25:45+00:00\" \/>\n<meta property=\"og:image\" content=\"https:\/\/www.carlosyconchita.net\/rutas\/wp-content\/uploads\/2016\/02\/P3124711.jpg\" \/>\n\t<meta property=\"og:image:width\" content=\"1019\" \/>\n\t<meta property=\"og:image:height\" content=\"764\" \/>\n\t<meta property=\"og:image:type\" content=\"image\/jpeg\" \/>\n<meta name=\"author\" content=\"Carlos Conchita\" \/>\n<meta name=\"twitter:label1\" content=\"Escrito por\" \/>\n\t<meta name=\"twitter:data1\" content=\"Carlos Conchita\" \/>\n\t<meta name=\"twitter:label2\" content=\"Tiempo de lectura\" \/>\n\t<meta name=\"twitter:data2\" content=\"5 minutos\" \/>\n<script type=\"application\/ld+json\" class=\"yoast-schema-graph\">{\"@context\":\"https:\\\/\\\/schema.org\",\"@graph\":[{\"@type\":\"Article\",\"@id\":\"https:\\\/\\\/www.carlosyconchita.net\\\/rutas\\\/puigmal-pistas-de-ski\\\/#article\",\"isPartOf\":{\"@id\":\"https:\\\/\\\/www.carlosyconchita.net\\\/rutas\\\/puigmal-pistas-de-ski\\\/\"},\"author\":{\"name\":\"Carlos Conchita\",\"@id\":\"https:\\\/\\\/www.carlosyconchita.net\\\/rutas\\\/#\\\/schema\\\/person\\\/a9691f7258c28443fab2d3aa1479ea19\"},\"headline\":\"12-03-2016 &#8211; Puigmal : pistas de ski\",\"datePublished\":\"2016-03-12T20:05:08+00:00\",\"dateModified\":\"2021-02-27T20:25:45+00:00\",\"mainEntityOfPage\":{\"@id\":\"https:\\\/\\\/www.carlosyconchita.net\\\/rutas\\\/puigmal-pistas-de-ski\\\/\"},\"wordCount\":463,\"commentCount\":0,\"image\":{\"@id\":\"https:\\\/\\\/www.carlosyconchita.net\\\/rutas\\\/puigmal-pistas-de-ski\\\/#primaryimage\"},\"thumbnailUrl\":\"https:\\\/\\\/www.carlosyconchita.net\\\/rutas\\\/wp-content\\\/uploads\\\/2016\\\/02\\\/P3124711.jpg\",\"articleSection\":[\"2 - De 5 a 10 km.\",\"2-Moderada\",\"Saillagosa\"],\"inLanguage\":\"es\",\"potentialAction\":[{\"@type\":\"CommentAction\",\"name\":\"Comment\",\"target\":[\"https:\\\/\\\/www.carlosyconchita.net\\\/rutas\\\/puigmal-pistas-de-ski\\\/#respond\"]}]},{\"@type\":\"WebPage\",\"@id\":\"https:\\\/\\\/www.carlosyconchita.net\\\/rutas\\\/puigmal-pistas-de-ski\\\/\",\"url\":\"https:\\\/\\\/www.carlosyconchita.net\\\/rutas\\\/puigmal-pistas-de-ski\\\/\",\"name\":\"12-03-2016 - Puigmal : pistas de ski -\",\"isPartOf\":{\"@id\":\"https:\\\/\\\/www.carlosyconchita.net\\\/rutas\\\/#website\"},\"primaryImageOfPage\":{\"@id\":\"https:\\\/\\\/www.carlosyconchita.net\\\/rutas\\\/puigmal-pistas-de-ski\\\/#primaryimage\"},\"image\":{\"@id\":\"https:\\\/\\\/www.carlosyconchita.net\\\/rutas\\\/puigmal-pistas-de-ski\\\/#primaryimage\"},\"thumbnailUrl\":\"https:\\\/\\\/www.carlosyconchita.net\\\/rutas\\\/wp-content\\\/uploads\\\/2016\\\/02\\\/P3124711.jpg\",\"datePublished\":\"2016-03-12T20:05:08+00:00\",\"dateModified\":\"2021-02-27T20:25:45+00:00\",\"author\":{\"@id\":\"https:\\\/\\\/www.carlosyconchita.net\\\/rutas\\\/#\\\/schema\\\/person\\\/a9691f7258c28443fab2d3aa1479ea19\"},\"breadcrumb\":{\"@id\":\"https:\\\/\\\/www.carlosyconchita.net\\\/rutas\\\/puigmal-pistas-de-ski\\\/#breadcrumb\"},\"inLanguage\":\"es\",\"potentialAction\":[{\"@type\":\"ReadAction\",\"target\":[\"https:\\\/\\\/www.carlosyconchita.net\\\/rutas\\\/puigmal-pistas-de-ski\\\/\"]}]},{\"@type\":\"ImageObject\",\"inLanguage\":\"es\",\"@id\":\"https:\\\/\\\/www.carlosyconchita.net\\\/rutas\\\/puigmal-pistas-de-ski\\\/#primaryimage\",\"url\":\"https:\\\/\\\/www.carlosyconchita.net\\\/rutas\\\/wp-content\\\/uploads\\\/2016\\\/02\\\/P3124711.jpg\",\"contentUrl\":\"https:\\\/\\\/www.carlosyconchita.net\\\/rutas\\\/wp-content\\\/uploads\\\/2016\\\/02\\\/P3124711.jpg\",\"width\":1019,\"height\":764},{\"@type\":\"BreadcrumbList\",\"@id\":\"https:\\\/\\\/www.carlosyconchita.net\\\/rutas\\\/puigmal-pistas-de-ski\\\/#breadcrumb\",\"itemListElement\":[{\"@type\":\"ListItem\",\"position\":1,\"name\":\"Portada\",\"item\":\"https:\\\/\\\/www.carlosyconchita.net\\\/rutas\\\/\"},{\"@type\":\"ListItem\",\"position\":2,\"name\":\"12-03-2016 &#8211; Puigmal : pistas de ski\"}]},{\"@type\":\"WebSite\",\"@id\":\"https:\\\/\\\/www.carlosyconchita.net\\\/rutas\\\/#website\",\"url\":\"https:\\\/\\\/www.carlosyconchita.net\\\/rutas\\\/\",\"name\":\"Las rutas de Carlos y Conchita\",\"description\":\"\",\"potentialAction\":[{\"@type\":\"SearchAction\",\"target\":{\"@type\":\"EntryPoint\",\"urlTemplate\":\"https:\\\/\\\/www.carlosyconchita.net\\\/rutas\\\/?s={search_term_string}\"},\"query-input\":{\"@type\":\"PropertyValueSpecification\",\"valueRequired\":true,\"valueName\":\"search_term_string\"}}],\"inLanguage\":\"es\"},{\"@type\":\"Person\",\"@id\":\"https:\\\/\\\/www.carlosyconchita.net\\\/rutas\\\/#\\\/schema\\\/person\\\/a9691f7258c28443fab2d3aa1479ea19\",\"name\":\"Carlos Conchita\",\"image\":{\"@type\":\"ImageObject\",\"inLanguage\":\"es\",\"@id\":\"https:\\\/\\\/secure.gravatar.com\\\/avatar\\\/3a4625b20c8da3de99da69bfe7a322774e291c3f90dce7e8778a30fe6748ed1a?s=96&d=mm&r=g\",\"url\":\"https:\\\/\\\/secure.gravatar.com\\\/avatar\\\/3a4625b20c8da3de99da69bfe7a322774e291c3f90dce7e8778a30fe6748ed1a?s=96&d=mm&r=g\",\"contentUrl\":\"https:\\\/\\\/secure.gravatar.com\\\/avatar\\\/3a4625b20c8da3de99da69bfe7a322774e291c3f90dce7e8778a30fe6748ed1a?s=96&d=mm&r=g\",\"caption\":\"Carlos Conchita\"}}]}<\/script>\n<!-- \/ Yoast SEO plugin. -->","yoast_head_json":{"title":"12-03-2016 - Puigmal : pistas de ski -","robots":{"index":"index","follow":"follow","max-snippet":"max-snippet:-1","max-image-preview":"max-image-preview:large","max-video-preview":"max-video-preview:-1"},"canonical":"https:\/\/www.carlosyconchita.net\/rutas\/puigmal-pistas-de-ski\/","og_locale":"es_ES","og_type":"article","og_title":"12-03-2016 - Puigmal : pistas de ski -","og_description":"Hoy hemos vuelto a la estaci\u00f3n de ski de Puigmal, actualmente cerrada, para hacer una caminata con raquetas por las pistas, ya que las previsiones anunciaban bastante viento, y hemos preferido quedarnos en una zona no muy alta por si acaso se complicaba el tiempo.","og_url":"https:\/\/www.carlosyconchita.net\/rutas\/puigmal-pistas-de-ski\/","og_site_name":"Las rutas de Carlos y Conchita","article_published_time":"2016-03-12T20:05:08+00:00","article_modified_time":"2021-02-27T20:25:45+00:00","og_image":[{"width":1019,"height":764,"url":"https:\/\/www.carlosyconchita.net\/rutas\/wp-content\/uploads\/2016\/02\/P3124711.jpg","type":"image\/jpeg"}],"author":"Carlos Conchita","twitter_misc":{"Escrito por":"Carlos Conchita","Tiempo de lectura":"5 minutos"},"schema":{"@context":"https:\/\/schema.org","@graph":[{"@type":"Article","@id":"https:\/\/www.carlosyconchita.net\/rutas\/puigmal-pistas-de-ski\/#article","isPartOf":{"@id":"https:\/\/www.carlosyconchita.net\/rutas\/puigmal-pistas-de-ski\/"},"author":{"name":"Carlos Conchita","@id":"https:\/\/www.carlosyconchita.net\/rutas\/#\/schema\/person\/a9691f7258c28443fab2d3aa1479ea19"},"headline":"12-03-2016 &#8211; Puigmal : pistas de ski","datePublished":"2016-03-12T20:05:08+00:00","dateModified":"2021-02-27T20:25:45+00:00","mainEntityOfPage":{"@id":"https:\/\/www.carlosyconchita.net\/rutas\/puigmal-pistas-de-ski\/"},"wordCount":463,"commentCount":0,"image":{"@id":"https:\/\/www.carlosyconchita.net\/rutas\/puigmal-pistas-de-ski\/#primaryimage"},"thumbnailUrl":"https:\/\/www.carlosyconchita.net\/rutas\/wp-content\/uploads\/2016\/02\/P3124711.jpg","articleSection":["2 - De 5 a 10 km.","2-Moderada","Saillagosa"],"inLanguage":"es","potentialAction":[{"@type":"CommentAction","name":"Comment","target":["https:\/\/www.carlosyconchita.net\/rutas\/puigmal-pistas-de-ski\/#respond"]}]},{"@type":"WebPage","@id":"https:\/\/www.carlosyconchita.net\/rutas\/puigmal-pistas-de-ski\/","url":"https:\/\/www.carlosyconchita.net\/rutas\/puigmal-pistas-de-ski\/","name":"12-03-2016 - Puigmal : pistas de ski -","isPartOf":{"@id":"https:\/\/www.carlosyconchita.net\/rutas\/#website"},"primaryImageOfPage":{"@id":"https:\/\/www.carlosyconchita.net\/rutas\/puigmal-pistas-de-ski\/#primaryimage"},"image":{"@id":"https:\/\/www.carlosyconchita.net\/rutas\/puigmal-pistas-de-ski\/#primaryimage"},"thumbnailUrl":"https:\/\/www.carlosyconchita.net\/rutas\/wp-content\/uploads\/2016\/02\/P3124711.jpg","datePublished":"2016-03-12T20:05:08+00:00","dateModified":"2021-02-27T20:25:45+00:00","author":{"@id":"https:\/\/www.carlosyconchita.net\/rutas\/#\/schema\/person\/a9691f7258c28443fab2d3aa1479ea19"},"breadcrumb":{"@id":"https:\/\/www.carlosyconchita.net\/rutas\/puigmal-pistas-de-ski\/#breadcrumb"},"inLanguage":"es","potentialAction":[{"@type":"ReadAction","target":["https:\/\/www.carlosyconchita.net\/rutas\/puigmal-pistas-de-ski\/"]}]},{"@type":"ImageObject","inLanguage":"es","@id":"https:\/\/www.carlosyconchita.net\/rutas\/puigmal-pistas-de-ski\/#primaryimage","url":"https:\/\/www.carlosyconchita.net\/rutas\/wp-content\/uploads\/2016\/02\/P3124711.jpg","contentUrl":"https:\/\/www.carlosyconchita.net\/rutas\/wp-content\/uploads\/2016\/02\/P3124711.jpg","width":1019,"height":764},{"@type":"BreadcrumbList","@id":"https:\/\/www.carlosyconchita.net\/rutas\/puigmal-pistas-de-ski\/#breadcrumb","itemListElement":[{"@type":"ListItem","position":1,"name":"Portada","item":"https:\/\/www.carlosyconchita.net\/rutas\/"},{"@type":"ListItem","position":2,"name":"12-03-2016 &#8211; Puigmal : pistas de ski"}]},{"@type":"WebSite","@id":"https:\/\/www.carlosyconchita.net\/rutas\/#website","url":"https:\/\/www.carlosyconchita.net\/rutas\/","name":"Las rutas de Carlos y Conchita","description":"","potentialAction":[{"@type":"SearchAction","target":{"@type":"EntryPoint","urlTemplate":"https:\/\/www.carlosyconchita.net\/rutas\/?s={search_term_string}"},"query-input":{"@type":"PropertyValueSpecification","valueRequired":true,"valueName":"search_term_string"}}],"inLanguage":"es"},{"@type":"Person","@id":"https:\/\/www.carlosyconchita.net\/rutas\/#\/schema\/person\/a9691f7258c28443fab2d3aa1479ea19","name":"Carlos Conchita","image":{"@type":"ImageObject","inLanguage":"es","@id":"https:\/\/secure.gravatar.com\/avatar\/3a4625b20c8da3de99da69bfe7a322774e291c3f90dce7e8778a30fe6748ed1a?s=96&d=mm&r=g","url":"https:\/\/secure.gravatar.com\/avatar\/3a4625b20c8da3de99da69bfe7a322774e291c3f90dce7e8778a30fe6748ed1a?s=96&d=mm&r=g","contentUrl":"https:\/\/secure.gravatar.com\/avatar\/3a4625b20c8da3de99da69bfe7a322774e291c3f90dce7e8778a30fe6748ed1a?s=96&d=mm&r=g","caption":"Carlos Conchita"}}]}},"_links":{"self":[{"href":"https:\/\/www.carlosyconchita.net\/rutas\/wp-json\/wp\/v2\/posts\/8406","targetHints":{"allow":["GET"]}}],"collection":[{"href":"https:\/\/www.carlosyconchita.net\/rutas\/wp-json\/wp\/v2\/posts"}],"about":[{"href":"https:\/\/www.carlosyconchita.net\/rutas\/wp-json\/wp\/v2\/types\/post"}],"author":[{"embeddable":true,"href":"https:\/\/www.carlosyconchita.net\/rutas\/wp-json\/wp\/v2\/users\/50"}],"replies":[{"embeddable":true,"href":"https:\/\/www.carlosyconchita.net\/rutas\/wp-json\/wp\/v2\/comments?post=8406"}],"version-history":[{"count":0,"href":"https:\/\/www.carlosyconchita.net\/rutas\/wp-json\/wp\/v2\/posts\/8406\/revisions"}],"wp:featuredmedia":[{"embeddable":true,"href":"https:\/\/www.carlosyconchita.net\/rutas\/wp-json\/wp\/v2\/media\/8400"}],"wp:attachment":[{"href":"https:\/\/www.carlosyconchita.net\/rutas\/wp-json\/wp\/v2\/media?parent=8406"}],"wp:term":[{"taxonomy":"category","embeddable":true,"href":"https:\/\/www.carlosyconchita.net\/rutas\/wp-json\/wp\/v2\/categories?post=8406"},{"taxonomy":"post_tag","embeddable":true,"href":"https:\/\/www.carlosyconchita.net\/rutas\/wp-json\/wp\/v2\/tags?post=8406"}],"curies":[{"name":"wp","href":"https:\/\/api.w.org\/{rel}","templated":true}]}}