{"id":8443,"date":"2016-04-09T16:29:47","date_gmt":"2016-04-09T15:29:47","guid":{"rendered":"http:\/\/www.carlosyconchita.net\/rutas\/?p=8443"},"modified":"2020-04-09T17:13:26","modified_gmt":"2020-04-09T16:13:26","slug":"09-04-2016-pueblo-abandonado-comes","status":"publish","type":"post","link":"https:\/\/www.carlosyconchita.net\/rutas\/09-04-2016-pueblo-abandonado-comes\/","title":{"rendered":"09-04-2016-Pueblo abandonado de Comes"},"content":{"rendered":"<p style=\"text-align: justify;\">El pueblo abandonado de Comes, est\u00e1 cerca del pueblecito franc\u00e9s de Eus, y para llegar all\u00ed, debemos coger la carretera N-116 , desde Mont-Louis como hemos hecho nosotros, o desde Perpignan, si se viene desde la frontera espa\u00f1ola.<\/p>\n<p style=\"text-align: justify;\">Tanto si partimos de un punto como de otro, debemos dirigirnos hacia Prades, que aproximadamente est\u00e1 a mitad de camino entre Perpignan y Mont-Louis (unos 50-55 km.)<\/p>\n<p style=\"text-align: justify;\">Una vez en Prades, en las diversas rotondas que hay, podremos seguir las indicaciones hacia Eus, y cuando lleguemos a este pueblo, subiremos a la parte alta del mismo, en direccion a La Mairie o Ayuntamiento, y alli al lado encontraremos la consabida zona de parking donde podremos dejar el coche.<\/p>\n<hr \/>\n<h3 style=\"text-align: justify;\">Resumen de la ruta<\/h3>\n<p>Distancia total :\u00a0\u00a0\u00a0\u00a0\u00a0 <span style=\"color: #0000ff;\">7.407 m.<\/span><\/p>\n<p>Alturas m\u00ednima \/ m\u00e1xima :\u00a0\u00a0\u00a0\u00a0\u00a0 <span style=\"color: #0000ff;\">376 m. &#8211; 790 m.<\/span><\/p>\n<p>Desnivel acumulado (s\/Wikiloc)\u00a0 :\u00a0\u00a0<span style=\"color: #0000ff;\"> 415 m.<\/span><\/p>\n<p>Tiempo total \/ en movimiento :\u00a0\u00a0\u00a0\u00a0 <span style=\"color: #0000ff;\">3&#8217;40 h &#8211; 2&#8217;26 h.<\/span><\/p>\n<p>Velocidad media total &#8211; velocidad media movimiento :\u00a0\u00a0 <span style=\"color: #0000ff;\">2&#8217;26 km\/h &#8211; 3&#8217;00 km\/h<\/span><\/p>\n<hr \/>\n<p style=\"text-align: justify;\">Cuando salimos de Saillagosa observamos la peque\u00f1a nevada de esta noche, que no ha cuajado en la carretera, pero s\u00ed en los coches o en las monta\u00f1as.<\/p>\n<p>&nbsp;<\/p>\n<p><img loading=\"lazy\" decoding=\"async\" class=\"aligncenter\" src=\"https:\/\/farm2.staticflickr.com\/1493\/26346783536_8977367010_b.jpg\" width=\"1019\" height=\"764\" \/><\/p>\n<p><img loading=\"lazy\" decoding=\"async\" class=\"aligncenter\" src=\"https:\/\/farm2.staticflickr.com\/1619\/26306471601_ef11d24fc1_b.jpg\" width=\"1024\" height=\"575\" \/><\/p>\n<p>&nbsp;<\/p>\n<p>Poco antes de llegar a Eus, podemos verlo , con una iglesia en la parte alta del pueblo, que visitaremos despues de la caminata de hoy.<\/p>\n<p><img loading=\"lazy\" decoding=\"async\" class=\"aligncenter\" src=\"https:\/\/farm2.staticflickr.com\/1624\/26346791866_31dfb20ce8_b.jpg\" width=\"1019\" height=\"764\" \/><\/p>\n<p>&nbsp;<\/p>\n<p>Aqu\u00ed vemos la calle del Ayuntamiento, donde hemos dejado el coche.<\/p>\n<p><img loading=\"lazy\" decoding=\"async\" class=\"aligncenter\" src=\"https:\/\/farm2.staticflickr.com\/1676\/26346797786_d067b8bde8_b.jpg\" width=\"1019\" height=\"764\" \/><\/p>\n<p style=\"text-align: justify;\">\u00a0<img loading=\"lazy\" decoding=\"async\" class=\"aligncenter\" src=\"https:\/\/farm2.staticflickr.com\/1443\/25767883404_a965fe401e_b.jpg\" width=\"1019\" height=\"764\" \/><\/p>\n<p style=\"text-align: justify;\">\u00a0<\/p>\n<p style=\"text-align: justify;\">Para empezar la excursi\u00f3n, caminamos un poco en direccion a la Mairie, la pasamos de largo y unos pocos metros despu\u00e9s, a nuestra izquierda vemos una calle que sube y un letrero que nos indica \u00abComes y Arbousols\u00bb.<\/p>\n<p style=\"text-align: justify;\">Seguimos esa calle que sube, y despues de pasar entre algunas casas, dejamos ya el pueblo y empezamos a subir.<\/p>\n<p style=\"text-align: justify;\"><img loading=\"lazy\" decoding=\"async\" class=\"aligncenter\" src=\"https:\/\/farm2.staticflickr.com\/1477\/26280364602_711dfc9160_b.jpg\" width=\"1019\" height=\"764\" \/><\/p>\n<p style=\"text-align: justify;\">\u00a0<\/p>\n<p class=\"page-title\">Conforme vamos subiendo, podemos ver a nuestra espalda toda la llanura con el pueblo de Eus debajo mismo, y un poco m\u00e1s lejos el de Prades y enfrente , el Canig\u00f3, a donde subimos el dia \u00a0 <a href=\"http:\/\/www.carlosyconchita.net\/rutas\/27-06-2015-pic-del-canigo\/\" target=\"_blank\" rel=\"noopener noreferrer\"><strong>27-06-2015 \u2013 Pic del Canig\u00f3<\/strong><\/a><\/p>\n<p class=\"page-title\"><img loading=\"lazy\" decoding=\"async\" class=\"aligncenter\" src=\"https:\/\/farm2.staticflickr.com\/1517\/26099882630_e60625f753_b.jpg\" width=\"1024\" height=\"526\" \/><\/p>\n<p class=\"page-title\">\u00a0<\/p>\n<p style=\"text-align: justify;\"><img loading=\"lazy\" decoding=\"async\" class=\"aligncenter\" src=\"https:\/\/farm2.staticflickr.com\/1472\/26372711965_e4fa199de0_b.jpg\" width=\"1019\" height=\"764\" \/><\/p>\n<p style=\"text-align: justify;\">\u00a0<\/p>\n<p style=\"text-align: justify;\">El camino es todo de continua subida, est\u00e1 perfectamente se\u00f1alado con las se\u00f1ales rojas y amarillas y en algun corto tramo,\u00a0 pasaremos por una pista forestal ancha, que cruzaremos un par de veces.<\/p>\n<p style=\"text-align: justify;\"><img loading=\"lazy\" decoding=\"async\" class=\"aligncenter\" src=\"https:\/\/farm2.staticflickr.com\/1704\/26346815706_5f3df2d597_b.jpg\" width=\"1019\" height=\"764\" \/><\/p>\n<p style=\"text-align: justify;\">\u00a0<\/p>\n<p style=\"text-align: justify;\"><img loading=\"lazy\" decoding=\"async\" class=\"aligncenter\" src=\"https:\/\/farm2.staticflickr.com\/1585\/25767901654_79e72b2afb_b.jpg\" width=\"1019\" height=\"764\" \/><\/p>\n<p style=\"text-align: justify;\">\u00a0<\/p>\n<p style=\"text-align: justify;\">Cuando llevemos mas o menos 1.5 km. podremos ver all\u00e1 arriba el pueblo de Comes a donde vamos, aunque falta todavia un buen trozo.<\/p>\n<p style=\"text-align: justify;\"><img loading=\"lazy\" decoding=\"async\" class=\"aligncenter\" src=\"https:\/\/farm2.staticflickr.com\/1578\/25770006613_d071a13d08_b.jpg\" width=\"1019\" height=\"764\" \/><\/p>\n<p style=\"text-align: justify;\">\u00a0<\/p>\n<p style=\"text-align: justify;\"><img loading=\"lazy\" decoding=\"async\" class=\"aligncenter\" src=\"https:\/\/farm2.staticflickr.com\/1513\/25770017233_7d53c43a4f_b.jpg\" width=\"1019\" height=\"764\" \/><\/p>\n<p style=\"text-align: justify;\">\u00a0<\/p>\n<p style=\"text-align: justify;\">Finalmente llegamos ya a la entrada del pueblo, y nos dedicamos a caminar un poco entre las ruinas de las casas y las ovejas que est\u00e1n por all\u00ed.<\/p>\n<p style=\"text-align: justify;\">Observamos que la iglesia, al menos por fuera (estaba cerrada y no pudimos ver el interior), parece que est\u00e1 mejor conservada que el pueblo&#8230;<\/p>\n<p style=\"text-align: justify;\"><img loading=\"lazy\" decoding=\"async\" class=\"aligncenter\" src=\"https:\/\/farm2.staticflickr.com\/1662\/26099911260_3b0d4f4f8c_b.jpg\" width=\"1019\" height=\"764\" \/><\/p>\n<p><img loading=\"lazy\" decoding=\"async\" class=\"alignnone\" src=\"https:\/\/farm2.staticflickr.com\/1570\/25767938744_71ca826859_b.jpg\" width=\"1019\" height=\"764\" \/><\/p>\n<p><img loading=\"lazy\" decoding=\"async\" class=\"aligncenter\" src=\"https:\/\/farm2.staticflickr.com\/1653\/26346857226_60acc0408a_b.jpg\" width=\"1019\" height=\"764\" \/><\/p>\n<p><img loading=\"lazy\" decoding=\"async\" class=\"aligncenter\" src=\"https:\/\/farm2.staticflickr.com\/1569\/26372759265_100d827a6e_b.jpg\" width=\"1019\" height=\"764\" \/><\/p>\n<p>&nbsp;<\/p>\n<p>Algunos vehiculos abandonados en el pueblo&#8230;<\/p>\n<p><img loading=\"lazy\" decoding=\"async\" class=\"aligncenter\" src=\"https:\/\/farm2.staticflickr.com\/1717\/26306536591_09e8877be6_b.jpg\" width=\"1019\" height=\"764\" \/><\/p>\n<p><img loading=\"lazy\" decoding=\"async\" class=\"aligncenter\" src=\"https:\/\/farm2.staticflickr.com\/1627\/25770029533_037fb4eb48_b.jpg\" width=\"1019\" height=\"764\" \/><\/p>\n<p>&nbsp;<\/p>\n<p style=\"text-align: justify;\">Despu\u00e9s de comer algo, volvemos al punto de partida , el pueblo de Eus, por el mismo camino y\u00a0 nos damos una vuelta por este empinado pueblo.<\/p>\n<p style=\"text-align: justify;\">Cuando bajamos podemos ver este pueblo desde arriba, con su enorme\u00a0 iglesia en la parte alta<\/p>\n<p><img loading=\"lazy\" decoding=\"async\" class=\"aligncenter\" src=\"https:\/\/farm2.staticflickr.com\/1495\/26372774735_26c924019f_b.jpg\" width=\"1019\" height=\"764\" \/><\/p>\n<p><img loading=\"lazy\" decoding=\"async\" class=\"aligncenter\" src=\"https:\/\/farm2.staticflickr.com\/1660\/26306565821_97b68d4752_b.jpg\" width=\"1019\" height=\"764\" \/><\/p>\n<p><img loading=\"lazy\" decoding=\"async\" class=\"aligncenter\" src=\"https:\/\/farm2.staticflickr.com\/1676\/26306566971_a86ab44083_b.jpg\" width=\"1019\" height=\"764\" \/><\/p>\n<p><img loading=\"lazy\" decoding=\"async\" class=\"aligncenter\" src=\"https:\/\/farm2.staticflickr.com\/1710\/25767860144_7e1f10d06b_b.jpg\" width=\"1019\" height=\"764\" \/><\/p>\n<p style=\"text-align: justify;\">\u00a0<\/p>\n<p style=\"text-align: justify;\">En la entrada de la iglesia, vemos un curioso letrero pidiendo que se apague el movil al entrar.<\/p>\n<p style=\"text-align: justify;\"><img loading=\"lazy\" decoding=\"async\" class=\"aligncenter\" src=\"https:\/\/farm2.staticflickr.com\/1581\/26099848020_cc1a29c0da_b.jpg\" width=\"1019\" height=\"764\" \/><\/p>\n<hr \/>\n<h3 style=\"text-align: justify;\">Track de la ruta<\/h3>\n<p style=\"text-align: justify;\">\u00a0<\/p>\n<p style=\"text-align: justify;\">\u00a0[sgpx gpx=\u00bb\/wp-content\/uploads\/gpx\/PuebloAbandonado-Comes.gpx\u00bb]<\/p>\n<p style=\"text-align: justify;\">\u00a0<\/p>\n<hr \/>\n<h3 style=\"text-align: justify;\">Album de fotos<\/h3>\n<p><a href=\"https:\/\/photos.app.goo.gl\/5FmJH7CW5oNzjKVR9\" target=\"_blank\" rel=\"noopener noreferrer\"><img loading=\"lazy\" decoding=\"async\" class=\"aligncenter wp-image-8437 size-column4-4\/5\" src=\"http:\/\/www.carlosyconchita.net\/rutas\/wp-content\/uploads\/2016\/02\/P4094814-240x192.jpg\" alt=\"P4094814\" width=\"240\" height=\"192\" srcset=\"https:\/\/www.carlosyconchita.net\/rutas\/wp-content\/uploads\/2016\/02\/P4094814-240x192.jpg 240w, https:\/\/www.carlosyconchita.net\/rutas\/wp-content\/uploads\/2016\/02\/P4094814-250x200.jpg 250w, https:\/\/www.carlosyconchita.net\/rutas\/wp-content\/uploads\/2016\/02\/P4094814-960x764.jpg 960w, https:\/\/www.carlosyconchita.net\/rutas\/wp-content\/uploads\/2016\/02\/P4094814-480x384.jpg 480w, https:\/\/www.carlosyconchita.net\/rutas\/wp-content\/uploads\/2016\/02\/P4094814-320x256.jpg 320w\" sizes=\"auto, (max-width: 240px) 100vw, 240px\" \/><\/a><\/p>\n<p style=\"text-align: justify;\">\u00a0<\/p>\n<hr \/>\n<h3 style=\"text-align: justify;\">Enlace Wikiloc<\/h3>\n<p style=\"text-align: justify;\">\u00a0<a href=\"http:\/\/es.wikiloc.com\/wikiloc\/view.do?id=12934337\" target=\"_blank\" rel=\"noopener noreferrer\"><img loading=\"lazy\" decoding=\"async\" class=\"size-full wp-image-340 aligncenter\" src=\"http:\/\/www.carlosyconchita.net\/rutas\/wp-content\/uploads\/2012\/09\/wikiloc1.jpg\" alt=\"wikiloc\" width=\"117\" height=\"34\" \/><\/a><\/p>\n<p style=\"text-align: justify;\">\u00a0<\/p>\n<hr \/>\n<p style=\"text-align: justify;\">\u00a0<\/p>\n<p style=\"text-align: justify;\"><span style=\"color: #ff0000; background-color: #ffffff; font-size: 14pt;\"><strong>Si te ha gustado, comp\u00e1rtelo en tu red favorita,\u00a0 haz +1, o env\u00edanos tu comentario.<br \/>\n<\/strong><\/span><\/p>\n<p><span style=\"font-size: 14pt;\"><strong><span style=\"color: #ff0000;\">Muchas gracias !<\/span><\/strong><\/span><\/p>\n<hr \/>\n<p style=\"text-align: justify;\"><strong><span style=\"color: #008000;\">Suscribete si quieres recibir un mail cuando publiquemos nuevas rutas : no enviamos publicidad y como m\u00e1ximo enviamos 2 mails al mes<\/span><\/strong><\/p>\n<p>[wysija_form id=\u00bb1&#8243;]<\/p>\n<hr \/>\n<p style=\"text-align: justify;\">\u00a0<\/p>\n","protected":false},"excerpt":{"rendered":"<p>El pueblo abandonado de Comes, est\u00e1 cerca del pueblecito franc\u00e9s de Eus, y para llegar all\u00ed, debemos coger la carretera N-116 , desde Mont-Louis como hemos hecho nosotros, o desde Perpignan, si se viene desde la frontera espa\u00f1ola. Tanto si partimos de un punto como de otro, debemos dirigirnos hacia Prades, que aproximadamente est\u00e1 a [&hellip;]<\/p>\n","protected":false},"author":50,"featured_media":8437,"comment_status":"open","ping_status":"open","sticky":false,"template":"","format":"standard","meta":{"footnotes":""},"categories":[10,22,67],"tags":[],"class_list":{"0":"post-8443","1":"post","2":"type-post","3":"status-publish","4":"format-standard","5":"has-post-thumbnail","6":"hentry","7":"category-facil","8":"category-de-05-a-10-km","9":"category-conflent","11":"post-with-thumbnail","12":"post-with-thumbnail-icon"},"yoast_head":"<!-- This site is optimized with the Yoast SEO plugin v27.5 - https:\/\/yoast.com\/product\/yoast-seo-wordpress\/ -->\n<title>09-04-2016-Pueblo abandonado de Comes -<\/title>\n<meta name=\"robots\" content=\"index, follow, max-snippet:-1, max-image-preview:large, max-video-preview:-1\" \/>\n<link rel=\"canonical\" href=\"https:\/\/www.carlosyconchita.net\/rutas\/09-04-2016-pueblo-abandonado-comes\/\" \/>\n<meta property=\"og:locale\" content=\"es_ES\" \/>\n<meta property=\"og:type\" content=\"article\" \/>\n<meta property=\"og:title\" content=\"09-04-2016-Pueblo abandonado de Comes -\" \/>\n<meta property=\"og:description\" content=\"El pueblo abandonado de Comes, est\u00e1 cerca del pueblecito franc\u00e9s de Eus, y para llegar all\u00ed, debemos coger la carretera N-116 , desde Mont-Louis como hemos hecho nosotros, o desde Perpignan, si se viene desde la frontera espa\u00f1ola. Tanto si partimos de un punto como de otro, debemos dirigirnos hacia Prades, que aproximadamente est\u00e1 a [&hellip;]\" \/>\n<meta property=\"og:url\" content=\"https:\/\/www.carlosyconchita.net\/rutas\/09-04-2016-pueblo-abandonado-comes\/\" \/>\n<meta property=\"og:site_name\" content=\"Las rutas de Carlos y Conchita\" \/>\n<meta property=\"article:published_time\" content=\"2016-04-09T15:29:47+00:00\" \/>\n<meta property=\"article:modified_time\" content=\"2020-04-09T16:13:26+00:00\" \/>\n<meta property=\"og:image\" content=\"https:\/\/www.carlosyconchita.net\/rutas\/wp-content\/uploads\/2016\/02\/P4094814.jpg\" \/>\n\t<meta property=\"og:image:width\" content=\"1019\" \/>\n\t<meta property=\"og:image:height\" content=\"764\" \/>\n\t<meta property=\"og:image:type\" content=\"image\/jpeg\" \/>\n<meta name=\"author\" content=\"Carlos Conchita\" \/>\n<meta name=\"twitter:label1\" content=\"Escrito por\" \/>\n\t<meta name=\"twitter:data1\" content=\"Carlos Conchita\" \/>\n\t<meta name=\"twitter:label2\" content=\"Tiempo de lectura\" \/>\n\t<meta name=\"twitter:data2\" content=\"3 minutos\" \/>\n<script type=\"application\/ld+json\" class=\"yoast-schema-graph\">{\"@context\":\"https:\\\/\\\/schema.org\",\"@graph\":[{\"@type\":\"Article\",\"@id\":\"https:\\\/\\\/www.carlosyconchita.net\\\/rutas\\\/09-04-2016-pueblo-abandonado-comes\\\/#article\",\"isPartOf\":{\"@id\":\"https:\\\/\\\/www.carlosyconchita.net\\\/rutas\\\/09-04-2016-pueblo-abandonado-comes\\\/\"},\"author\":{\"name\":\"Carlos Conchita\",\"@id\":\"https:\\\/\\\/www.carlosyconchita.net\\\/rutas\\\/#\\\/schema\\\/person\\\/a9691f7258c28443fab2d3aa1479ea19\"},\"headline\":\"09-04-2016-Pueblo abandonado de Comes\",\"datePublished\":\"2016-04-09T15:29:47+00:00\",\"dateModified\":\"2020-04-09T16:13:26+00:00\",\"mainEntityOfPage\":{\"@id\":\"https:\\\/\\\/www.carlosyconchita.net\\\/rutas\\\/09-04-2016-pueblo-abandonado-comes\\\/\"},\"wordCount\":569,\"commentCount\":2,\"image\":{\"@id\":\"https:\\\/\\\/www.carlosyconchita.net\\\/rutas\\\/09-04-2016-pueblo-abandonado-comes\\\/#primaryimage\"},\"thumbnailUrl\":\"https:\\\/\\\/www.carlosyconchita.net\\\/rutas\\\/wp-content\\\/uploads\\\/2016\\\/02\\\/P4094814.jpg\",\"articleSection\":[\"1-F\u00e1cil\",\"2 - De 5 a 10 km.\",\"Conflent\"],\"inLanguage\":\"es\",\"potentialAction\":[{\"@type\":\"CommentAction\",\"name\":\"Comment\",\"target\":[\"https:\\\/\\\/www.carlosyconchita.net\\\/rutas\\\/09-04-2016-pueblo-abandonado-comes\\\/#respond\"]}]},{\"@type\":\"WebPage\",\"@id\":\"https:\\\/\\\/www.carlosyconchita.net\\\/rutas\\\/09-04-2016-pueblo-abandonado-comes\\\/\",\"url\":\"https:\\\/\\\/www.carlosyconchita.net\\\/rutas\\\/09-04-2016-pueblo-abandonado-comes\\\/\",\"name\":\"09-04-2016-Pueblo abandonado de Comes -\",\"isPartOf\":{\"@id\":\"https:\\\/\\\/www.carlosyconchita.net\\\/rutas\\\/#website\"},\"primaryImageOfPage\":{\"@id\":\"https:\\\/\\\/www.carlosyconchita.net\\\/rutas\\\/09-04-2016-pueblo-abandonado-comes\\\/#primaryimage\"},\"image\":{\"@id\":\"https:\\\/\\\/www.carlosyconchita.net\\\/rutas\\\/09-04-2016-pueblo-abandonado-comes\\\/#primaryimage\"},\"thumbnailUrl\":\"https:\\\/\\\/www.carlosyconchita.net\\\/rutas\\\/wp-content\\\/uploads\\\/2016\\\/02\\\/P4094814.jpg\",\"datePublished\":\"2016-04-09T15:29:47+00:00\",\"dateModified\":\"2020-04-09T16:13:26+00:00\",\"author\":{\"@id\":\"https:\\\/\\\/www.carlosyconchita.net\\\/rutas\\\/#\\\/schema\\\/person\\\/a9691f7258c28443fab2d3aa1479ea19\"},\"breadcrumb\":{\"@id\":\"https:\\\/\\\/www.carlosyconchita.net\\\/rutas\\\/09-04-2016-pueblo-abandonado-comes\\\/#breadcrumb\"},\"inLanguage\":\"es\",\"potentialAction\":[{\"@type\":\"ReadAction\",\"target\":[\"https:\\\/\\\/www.carlosyconchita.net\\\/rutas\\\/09-04-2016-pueblo-abandonado-comes\\\/\"]}]},{\"@type\":\"ImageObject\",\"inLanguage\":\"es\",\"@id\":\"https:\\\/\\\/www.carlosyconchita.net\\\/rutas\\\/09-04-2016-pueblo-abandonado-comes\\\/#primaryimage\",\"url\":\"https:\\\/\\\/www.carlosyconchita.net\\\/rutas\\\/wp-content\\\/uploads\\\/2016\\\/02\\\/P4094814.jpg\",\"contentUrl\":\"https:\\\/\\\/www.carlosyconchita.net\\\/rutas\\\/wp-content\\\/uploads\\\/2016\\\/02\\\/P4094814.jpg\",\"width\":1019,\"height\":764},{\"@type\":\"BreadcrumbList\",\"@id\":\"https:\\\/\\\/www.carlosyconchita.net\\\/rutas\\\/09-04-2016-pueblo-abandonado-comes\\\/#breadcrumb\",\"itemListElement\":[{\"@type\":\"ListItem\",\"position\":1,\"name\":\"Portada\",\"item\":\"https:\\\/\\\/www.carlosyconchita.net\\\/rutas\\\/\"},{\"@type\":\"ListItem\",\"position\":2,\"name\":\"09-04-2016-Pueblo abandonado de Comes\"}]},{\"@type\":\"WebSite\",\"@id\":\"https:\\\/\\\/www.carlosyconchita.net\\\/rutas\\\/#website\",\"url\":\"https:\\\/\\\/www.carlosyconchita.net\\\/rutas\\\/\",\"name\":\"Las rutas de Carlos y Conchita\",\"description\":\"\",\"potentialAction\":[{\"@type\":\"SearchAction\",\"target\":{\"@type\":\"EntryPoint\",\"urlTemplate\":\"https:\\\/\\\/www.carlosyconchita.net\\\/rutas\\\/?s={search_term_string}\"},\"query-input\":{\"@type\":\"PropertyValueSpecification\",\"valueRequired\":true,\"valueName\":\"search_term_string\"}}],\"inLanguage\":\"es\"},{\"@type\":\"Person\",\"@id\":\"https:\\\/\\\/www.carlosyconchita.net\\\/rutas\\\/#\\\/schema\\\/person\\\/a9691f7258c28443fab2d3aa1479ea19\",\"name\":\"Carlos Conchita\",\"image\":{\"@type\":\"ImageObject\",\"inLanguage\":\"es\",\"@id\":\"https:\\\/\\\/secure.gravatar.com\\\/avatar\\\/3a4625b20c8da3de99da69bfe7a322774e291c3f90dce7e8778a30fe6748ed1a?s=96&d=mm&r=g\",\"url\":\"https:\\\/\\\/secure.gravatar.com\\\/avatar\\\/3a4625b20c8da3de99da69bfe7a322774e291c3f90dce7e8778a30fe6748ed1a?s=96&d=mm&r=g\",\"contentUrl\":\"https:\\\/\\\/secure.gravatar.com\\\/avatar\\\/3a4625b20c8da3de99da69bfe7a322774e291c3f90dce7e8778a30fe6748ed1a?s=96&d=mm&r=g\",\"caption\":\"Carlos Conchita\"}}]}<\/script>\n<!-- \/ Yoast SEO plugin. -->","yoast_head_json":{"title":"09-04-2016-Pueblo abandonado de Comes -","robots":{"index":"index","follow":"follow","max-snippet":"max-snippet:-1","max-image-preview":"max-image-preview:large","max-video-preview":"max-video-preview:-1"},"canonical":"https:\/\/www.carlosyconchita.net\/rutas\/09-04-2016-pueblo-abandonado-comes\/","og_locale":"es_ES","og_type":"article","og_title":"09-04-2016-Pueblo abandonado de Comes -","og_description":"El pueblo abandonado de Comes, est\u00e1 cerca del pueblecito franc\u00e9s de Eus, y para llegar all\u00ed, debemos coger la carretera N-116 , desde Mont-Louis como hemos hecho nosotros, o desde Perpignan, si se viene desde la frontera espa\u00f1ola. Tanto si partimos de un punto como de otro, debemos dirigirnos hacia Prades, que aproximadamente est\u00e1 a [&hellip;]","og_url":"https:\/\/www.carlosyconchita.net\/rutas\/09-04-2016-pueblo-abandonado-comes\/","og_site_name":"Las rutas de Carlos y Conchita","article_published_time":"2016-04-09T15:29:47+00:00","article_modified_time":"2020-04-09T16:13:26+00:00","og_image":[{"width":1019,"height":764,"url":"https:\/\/www.carlosyconchita.net\/rutas\/wp-content\/uploads\/2016\/02\/P4094814.jpg","type":"image\/jpeg"}],"author":"Carlos Conchita","twitter_misc":{"Escrito por":"Carlos Conchita","Tiempo de lectura":"3 minutos"},"schema":{"@context":"https:\/\/schema.org","@graph":[{"@type":"Article","@id":"https:\/\/www.carlosyconchita.net\/rutas\/09-04-2016-pueblo-abandonado-comes\/#article","isPartOf":{"@id":"https:\/\/www.carlosyconchita.net\/rutas\/09-04-2016-pueblo-abandonado-comes\/"},"author":{"name":"Carlos Conchita","@id":"https:\/\/www.carlosyconchita.net\/rutas\/#\/schema\/person\/a9691f7258c28443fab2d3aa1479ea19"},"headline":"09-04-2016-Pueblo abandonado de Comes","datePublished":"2016-04-09T15:29:47+00:00","dateModified":"2020-04-09T16:13:26+00:00","mainEntityOfPage":{"@id":"https:\/\/www.carlosyconchita.net\/rutas\/09-04-2016-pueblo-abandonado-comes\/"},"wordCount":569,"commentCount":2,"image":{"@id":"https:\/\/www.carlosyconchita.net\/rutas\/09-04-2016-pueblo-abandonado-comes\/#primaryimage"},"thumbnailUrl":"https:\/\/www.carlosyconchita.net\/rutas\/wp-content\/uploads\/2016\/02\/P4094814.jpg","articleSection":["1-F\u00e1cil","2 - De 5 a 10 km.","Conflent"],"inLanguage":"es","potentialAction":[{"@type":"CommentAction","name":"Comment","target":["https:\/\/www.carlosyconchita.net\/rutas\/09-04-2016-pueblo-abandonado-comes\/#respond"]}]},{"@type":"WebPage","@id":"https:\/\/www.carlosyconchita.net\/rutas\/09-04-2016-pueblo-abandonado-comes\/","url":"https:\/\/www.carlosyconchita.net\/rutas\/09-04-2016-pueblo-abandonado-comes\/","name":"09-04-2016-Pueblo abandonado de Comes -","isPartOf":{"@id":"https:\/\/www.carlosyconchita.net\/rutas\/#website"},"primaryImageOfPage":{"@id":"https:\/\/www.carlosyconchita.net\/rutas\/09-04-2016-pueblo-abandonado-comes\/#primaryimage"},"image":{"@id":"https:\/\/www.carlosyconchita.net\/rutas\/09-04-2016-pueblo-abandonado-comes\/#primaryimage"},"thumbnailUrl":"https:\/\/www.carlosyconchita.net\/rutas\/wp-content\/uploads\/2016\/02\/P4094814.jpg","datePublished":"2016-04-09T15:29:47+00:00","dateModified":"2020-04-09T16:13:26+00:00","author":{"@id":"https:\/\/www.carlosyconchita.net\/rutas\/#\/schema\/person\/a9691f7258c28443fab2d3aa1479ea19"},"breadcrumb":{"@id":"https:\/\/www.carlosyconchita.net\/rutas\/09-04-2016-pueblo-abandonado-comes\/#breadcrumb"},"inLanguage":"es","potentialAction":[{"@type":"ReadAction","target":["https:\/\/www.carlosyconchita.net\/rutas\/09-04-2016-pueblo-abandonado-comes\/"]}]},{"@type":"ImageObject","inLanguage":"es","@id":"https:\/\/www.carlosyconchita.net\/rutas\/09-04-2016-pueblo-abandonado-comes\/#primaryimage","url":"https:\/\/www.carlosyconchita.net\/rutas\/wp-content\/uploads\/2016\/02\/P4094814.jpg","contentUrl":"https:\/\/www.carlosyconchita.net\/rutas\/wp-content\/uploads\/2016\/02\/P4094814.jpg","width":1019,"height":764},{"@type":"BreadcrumbList","@id":"https:\/\/www.carlosyconchita.net\/rutas\/09-04-2016-pueblo-abandonado-comes\/#breadcrumb","itemListElement":[{"@type":"ListItem","position":1,"name":"Portada","item":"https:\/\/www.carlosyconchita.net\/rutas\/"},{"@type":"ListItem","position":2,"name":"09-04-2016-Pueblo abandonado de Comes"}]},{"@type":"WebSite","@id":"https:\/\/www.carlosyconchita.net\/rutas\/#website","url":"https:\/\/www.carlosyconchita.net\/rutas\/","name":"Las rutas de Carlos y Conchita","description":"","potentialAction":[{"@type":"SearchAction","target":{"@type":"EntryPoint","urlTemplate":"https:\/\/www.carlosyconchita.net\/rutas\/?s={search_term_string}"},"query-input":{"@type":"PropertyValueSpecification","valueRequired":true,"valueName":"search_term_string"}}],"inLanguage":"es"},{"@type":"Person","@id":"https:\/\/www.carlosyconchita.net\/rutas\/#\/schema\/person\/a9691f7258c28443fab2d3aa1479ea19","name":"Carlos Conchita","image":{"@type":"ImageObject","inLanguage":"es","@id":"https:\/\/secure.gravatar.com\/avatar\/3a4625b20c8da3de99da69bfe7a322774e291c3f90dce7e8778a30fe6748ed1a?s=96&d=mm&r=g","url":"https:\/\/secure.gravatar.com\/avatar\/3a4625b20c8da3de99da69bfe7a322774e291c3f90dce7e8778a30fe6748ed1a?s=96&d=mm&r=g","contentUrl":"https:\/\/secure.gravatar.com\/avatar\/3a4625b20c8da3de99da69bfe7a322774e291c3f90dce7e8778a30fe6748ed1a?s=96&d=mm&r=g","caption":"Carlos Conchita"}}]}},"_links":{"self":[{"href":"https:\/\/www.carlosyconchita.net\/rutas\/wp-json\/wp\/v2\/posts\/8443","targetHints":{"allow":["GET"]}}],"collection":[{"href":"https:\/\/www.carlosyconchita.net\/rutas\/wp-json\/wp\/v2\/posts"}],"about":[{"href":"https:\/\/www.carlosyconchita.net\/rutas\/wp-json\/wp\/v2\/types\/post"}],"author":[{"embeddable":true,"href":"https:\/\/www.carlosyconchita.net\/rutas\/wp-json\/wp\/v2\/users\/50"}],"replies":[{"embeddable":true,"href":"https:\/\/www.carlosyconchita.net\/rutas\/wp-json\/wp\/v2\/comments?post=8443"}],"version-history":[{"count":0,"href":"https:\/\/www.carlosyconchita.net\/rutas\/wp-json\/wp\/v2\/posts\/8443\/revisions"}],"wp:featuredmedia":[{"embeddable":true,"href":"https:\/\/www.carlosyconchita.net\/rutas\/wp-json\/wp\/v2\/media\/8437"}],"wp:attachment":[{"href":"https:\/\/www.carlosyconchita.net\/rutas\/wp-json\/wp\/v2\/media?parent=8443"}],"wp:term":[{"taxonomy":"category","embeddable":true,"href":"https:\/\/www.carlosyconchita.net\/rutas\/wp-json\/wp\/v2\/categories?post=8443"},{"taxonomy":"post_tag","embeddable":true,"href":"https:\/\/www.carlosyconchita.net\/rutas\/wp-json\/wp\/v2\/tags?post=8443"}],"curies":[{"name":"wp","href":"https:\/\/api.w.org\/{rel}","templated":true}]}}