{"id":8495,"date":"2016-04-23T21:29:16","date_gmt":"2016-04-23T20:29:16","guid":{"rendered":"http:\/\/www.carlosyconchita.net\/rutas\/?p=8495"},"modified":"2020-04-09T18:11:59","modified_gmt":"2020-04-09T17:11:59","slug":"23-04-2016-refugio-nahuja","status":"publish","type":"post","link":"https:\/\/www.carlosyconchita.net\/rutas\/23-04-2016-refugio-nahuja\/","title":{"rendered":"23-04-2016 &#8211; Refugio de Nahuja"},"content":{"rendered":"<p>Como que las previsiones del tiempo no eran muy buenas hoy, hacemos esta excursi\u00f3n cortita, que empieza en el peque\u00f1o pueblo franc\u00e9s de Santa Leocadia, y sube hasta el refugio de Nahuja.<\/p>\n<hr \/>\n<h3>Resumen de la ruta<\/h3>\n<p><strong>Dificultad<\/strong> :\u00a0\u00a0 Moderada<\/p>\n<p><strong>Distancia total<\/strong> :\u00a0\u00a0\u00a0\u00a0\u00a0 7.948 m.<\/p>\n<p><strong>Alturas m\u00ednima \/ m\u00e1xima<\/strong> :\u00a0\u00a0\u00a0\u00a0 1.377 m. \u2013\u00a0 1.683 m.<\/p>\n<p><strong>Desnivel acumulado (s\/Wikiloc)<\/strong>\u00a0 :\u00a0\u00a0\u00a0 518\u00a0 m.<\/p>\n<p><strong>Tiempo total \/ en movimiento<\/strong> :\u00a0\u00a0\u00a0\u00a0\u00a0\u00a0\u00a0 3\u201914 h. \u2013 2\u201902 h.<\/p>\n<p><strong>Velocidad media total \/ velocidad media movimiento<\/strong> :\u00a0\u00a0 2\u201989\u00a0 km\/h \u2013 3\u201980 km\/h<\/p>\n<p>&nbsp;<\/p>\n<p>&nbsp;<\/p>\n<hr \/>\n<p>&nbsp;<\/p>\n<p>Para llegar al punto de inicio , cogeremos la carretera D-89 que sube a la estaci\u00f3n de ski de Puigmal.\u00a0 A los pocos metros llegamos a Santa Leocadia y veremos un letrero que nos indica la Mairie o Ayuntamiento a la derecha.<\/p>\n<p><img loading=\"lazy\" decoding=\"async\" class=\"alignnone\" src=\"https:\/\/farm2.staticflickr.com\/1619\/26035663413_e7c4fc7c6e_b.jpg\" width=\"1019\" height=\"764\" \/><\/p>\n<p>&nbsp;<\/p>\n<p style=\"text-align: justify;\">Cogemos ese desv\u00edo y a unos 100-150 m. encontramos un cruce, con una peque\u00f1a carretera que baja por nuestra izquierda (que tambi\u00e9n viene de la D-89) , y con un poco de espacio para dejar el coche.<\/p>\n<p style=\"text-align: justify;\">Estamos en el cruce de las calles del Cad\u00ed y de la Costete<\/p>\n<p>&nbsp;<\/p>\n<p><img loading=\"lazy\" decoding=\"async\" class=\"alignnone\" src=\"https:\/\/farm2.staticflickr.com\/1477\/26612725046_126e8f4f3c_b.jpg\" width=\"1019\" height=\"764\" \/><\/p>\n<p>&nbsp;<\/p>\n<p>Un poco m\u00e1s abajo de esta \u00abcaseta\u00bb donde guardan los contenedores para la basura, empieza un camino que baja hacia la izquierda , que pasa entre los prados, en donde podemos ver las habituales vacas.<\/p>\n<p><img loading=\"lazy\" decoding=\"async\" class=\"alignnone\" src=\"https:\/\/farm2.staticflickr.com\/1654\/26035676013_18248e99be_b.jpg\" width=\"1019\" height=\"764\" \/><\/p>\n<p>&nbsp;<\/p>\n<p style=\"text-align: justify;\">El camino es bastante plano y c\u00f3modo, y al cabo de unos 1.500 m. llegaremos a una peque\u00f1a \u00abexplanada\u00bb, con un camino que sube a nuestra izquierda que nos indica el GR-36 , y desde la que vemos el pueblecito de Nahuja un poco m\u00e1s adelante y abajo.<\/p>\n<p><img loading=\"lazy\" decoding=\"async\" class=\"alignnone\" src=\"https:\/\/farm2.staticflickr.com\/1647\/26639526365_4b88bdb241_b.jpg\" width=\"1019\" height=\"764\" \/><\/p>\n<p><img loading=\"lazy\" decoding=\"async\" class=\"alignnone\" src=\"https:\/\/farm2.staticflickr.com\/1444\/26612737986_11d761e832_b.jpg\" width=\"1019\" height=\"764\" \/><\/p>\n<p>&nbsp;<\/p>\n<p style=\"text-align: justify;\">A partir de este desv\u00edo, el camino va subiendo un poco m\u00e1s, pero como se ve en el track de la ruta, no lo vamos siguiendo escrupulosamente , sino que vamos \u00abcortando\u00bb por entre el bosque, con lo cual acortamos el recorrido, pero tambi\u00e9n la pendiente es mucho mas fuerte.<\/p>\n<p style=\"text-align: justify;\">Desde esta posici\u00f3n m\u00e1s alta, podemos ver mucho mejor el pueblo de Nahuja, asi como la zona de Masella-La Molina , y algo m\u00e1s lejos las monta\u00f1as del Cad\u00ed.<\/p>\n<p style=\"text-align: justify;\"><img loading=\"lazy\" decoding=\"async\" class=\"alignnone\" src=\"https:\/\/farm2.staticflickr.com\/1491\/26033455204_3367fe4742_b.jpg\" width=\"1019\" height=\"764\" \/><\/p>\n<p style=\"text-align: justify;\"><img loading=\"lazy\" decoding=\"async\" class=\"alignnone\" src=\"https:\/\/farm2.staticflickr.com\/1593\/26612742696_823e989855_b.jpg\" width=\"1019\" height=\"764\" \/><\/p>\n<p style=\"text-align: justify;\">\u00a0<\/p>\n<p style=\"text-align: justify;\">En uno de los tramos entre el bosque pasamos por una zona mucho m\u00e1s h\u00fameda, con abundante musgo.<\/p>\n<p style=\"text-align: justify;\"><img loading=\"lazy\" decoding=\"async\" class=\"alignnone\" src=\"https:\/\/farm2.staticflickr.com\/1614\/26573799261_5962234794_b.jpg\" width=\"1019\" height=\"764\" \/><\/p>\n<p style=\"text-align: justify;\">\u00a0<\/p>\n<p style=\"text-align: justify;\">Despu\u00e9s de una considerable subida entre el bosque, llegamos a una zona algo m\u00e1s despejada, en la que observamos algunas rampas que imaginamos que usan o usaban las BTT (se ven bastante viejas&#8230;) \u00a0 aunque realmente la bajada por este sitio puede ser algo complicada.<\/p>\n<p style=\"text-align: justify;\"><img loading=\"lazy\" decoding=\"async\" class=\"alignnone\" src=\"https:\/\/farm2.staticflickr.com\/1598\/26573802701_fa2a858382_b.jpg\" width=\"1019\" height=\"764\" \/><\/p>\n<p style=\"text-align: justify;\">\u00a0<\/p>\n<p style=\"text-align: justify;\">Una de las veces que salimos del bosque y llegamos al camino principal , encontramos una fuente (seca, al menos hoy) y unas mesas .<\/p>\n<p style=\"text-align: justify;\">\u00a0<\/p>\n<p style=\"text-align: justify;\"><img loading=\"lazy\" decoding=\"async\" class=\"alignnone\" src=\"https:\/\/farm2.staticflickr.com\/1565\/26033473884_90b913e1ff_b.jpg\" width=\"1019\" height=\"764\" \/><\/p>\n<p style=\"text-align: justify;\">\u00a0<\/p>\n<p style=\"text-align: justify;\">Poco despu\u00e9s llegamos al refugio, situado en una gtan explanada cubierta de verde.<\/p>\n<p style=\"text-align: justify;\"><img loading=\"lazy\" decoding=\"async\" class=\"alignnone\" src=\"https:\/\/farm2.staticflickr.com\/1516\/26366126630_aaa331341b_b.jpg\" width=\"1019\" height=\"764\" \/><\/p>\n<p style=\"text-align: justify;\"><img loading=\"lazy\" decoding=\"async\" class=\"alignnone\" src=\"https:\/\/farm2.staticflickr.com\/1564\/26639552095_3590c08efb_b.jpg\" width=\"1019\" height=\"764\" \/><\/p>\n<p style=\"text-align: justify;\">\u00a0<\/p>\n<p style=\"text-align: justify;\">All\u00ed comemos algo y descansamos un poquito, pero en vista de que el d\u00eda se est\u00e1 nublando, decidimos bajar por el mismo sitio en vez de dar algo m\u00e1s de vuelta y bajar por el camino principal que continua por el otro lado de la explanada, y de hecho, en la bajada cayeron algunas gotas, pero sin llegar a mojarnos y poco despu\u00e9s sali\u00f3 otra vez el sol.<\/p>\n<p style=\"text-align: justify;\"><img loading=\"lazy\" decoding=\"async\" class=\"alignnone\" src=\"https:\/\/farm2.staticflickr.com\/1595\/26546161642_b64b87fba8_b.jpg\" width=\"1019\" height=\"764\" \/><\/p>\n<p style=\"text-align: justify;\">\u00a0<\/p>\n<hr \/>\n<h3 style=\"text-align: justify;\">Track de la ruta<\/h3>\n<p>[sgpx gpx=\u00bb\/wp-content\/uploads\/gpx\/Nahuja-refugio.gpx\u00bb]<\/p>\n<hr \/>\n<h3 style=\"text-align: justify;\">\u00a0Album de fotos<\/h3>\n<p><a href=\"https:\/\/photos.app.goo.gl\/ezazn4t3FENe6uXF9\" target=\"_blank\" rel=\"noopener noreferrer\"><img loading=\"lazy\" decoding=\"async\" class=\"aligncenter wp-image-8498 size-column4-3\/5\" src=\"http:\/\/www.carlosyconchita.net\/rutas\/wp-content\/uploads\/2016\/04\/P4235095a-240x144.jpg\" alt=\"P4235095a\" width=\"240\" height=\"144\" srcset=\"https:\/\/www.carlosyconchita.net\/rutas\/wp-content\/uploads\/2016\/04\/P4235095a-240x144.jpg 240w, https:\/\/www.carlosyconchita.net\/rutas\/wp-content\/uploads\/2016\/04\/P4235095a-960x576.jpg 960w, https:\/\/www.carlosyconchita.net\/rutas\/wp-content\/uploads\/2016\/04\/P4235095a-480x288.jpg 480w, https:\/\/www.carlosyconchita.net\/rutas\/wp-content\/uploads\/2016\/04\/P4235095a-320x192.jpg 320w\" sizes=\"auto, (max-width: 240px) 100vw, 240px\" \/><\/a><\/p>\n<hr \/>\n<h3 style=\"text-align: justify;\">Enlace Wikiloc<\/h3>\n<p><a href=\"http:\/\/es.wikiloc.com\/wikiloc\/view.do?id=13097617\" target=\"_blank\" rel=\"noopener noreferrer\"><img loading=\"lazy\" decoding=\"async\" class=\"size-full wp-image-958 aligncenter\" src=\"http:\/\/www.carlosyconchita.net\/rutas\/wp-content\/uploads\/2020\/09\/wikiloc.jpg\" alt=\"wikiloc\" width=\"117\" height=\"34\" \/><\/a><\/p>\n<hr \/>\n<p style=\"text-align: justify;\">\u00a0<\/p>\n<p style=\"text-align: justify;\"><span style=\"color: #ff0000; background-color: #ffffff; font-size: 14pt;\"><strong>Si te ha gustado, comp\u00e1rtelo en tu red favorita,\u00a0 haz +1, o env\u00edanos tu comentario.<br \/>\n<\/strong><\/span><\/p>\n<p><span style=\"font-size: 14pt;\"><strong><span style=\"color: #ff0000;\">Muchas gracias !<\/span><\/strong><\/span><\/p>\n<hr \/>\n<p style=\"text-align: justify;\"><strong><span style=\"color: #008000;\">Suscribete si quieres recibir un mail cuando publiquemos nuevas rutas : no enviamos publicidad y como m\u00e1ximo enviamos 2 mails al mes<\/span><\/strong><\/p>\n<p>[wysija_form id=\u00bb1&#8243;]<\/p>\n<hr \/>\n","protected":false},"excerpt":{"rendered":"<p>Como que las previsiones del tiempo no eran muy buenas hoy, hacemos esta excursi\u00f3n cortita, que empieza en el peque\u00f1o pueblo franc\u00e9s de Santa Leocadia, y sube hasta el refugio de Nahuja. Resumen de la ruta Dificultad :\u00a0\u00a0 Moderada Distancia total :\u00a0\u00a0\u00a0\u00a0\u00a0 7.948 m. Alturas m\u00ednima \/ m\u00e1xima :\u00a0\u00a0\u00a0\u00a0 1.377 m. \u2013\u00a0 1.683 m. Desnivel [&hellip;]<\/p>\n","protected":false},"author":50,"featured_media":8498,"comment_status":"open","ping_status":"open","sticky":false,"template":"","format":"standard","meta":{"footnotes":""},"categories":[22,11,6],"tags":[],"class_list":{"0":"post-8495","1":"post","2":"type-post","3":"status-publish","4":"format-standard","5":"has-post-thumbnail","6":"hentry","7":"category-de-05-a-10-km","8":"category-moderada","9":"category-saillagosa","11":"post-with-thumbnail","12":"post-with-thumbnail-icon"},"yoast_head":"<!-- This site is optimized with the Yoast SEO plugin v27.4 - https:\/\/yoast.com\/product\/yoast-seo-wordpress\/ -->\n<title>23-04-2016 - Refugio de Nahuja -<\/title>\n<meta name=\"robots\" content=\"index, follow, max-snippet:-1, max-image-preview:large, max-video-preview:-1\" \/>\n<link rel=\"canonical\" href=\"https:\/\/www.carlosyconchita.net\/rutas\/23-04-2016-refugio-nahuja\/\" \/>\n<meta property=\"og:locale\" content=\"es_ES\" \/>\n<meta property=\"og:type\" content=\"article\" \/>\n<meta property=\"og:title\" content=\"23-04-2016 - Refugio de Nahuja -\" \/>\n<meta property=\"og:description\" content=\"Como que las previsiones del tiempo no eran muy buenas hoy, hacemos esta excursi\u00f3n cortita, que empieza en el peque\u00f1o pueblo franc\u00e9s de Santa Leocadia, y sube hasta el refugio de Nahuja. Resumen de la ruta Dificultad :\u00a0\u00a0 Moderada Distancia total :\u00a0\u00a0\u00a0\u00a0\u00a0 7.948 m. Alturas m\u00ednima \/ m\u00e1xima :\u00a0\u00a0\u00a0\u00a0 1.377 m. \u2013\u00a0 1.683 m. Desnivel [&hellip;]\" \/>\n<meta property=\"og:url\" content=\"https:\/\/www.carlosyconchita.net\/rutas\/23-04-2016-refugio-nahuja\/\" \/>\n<meta property=\"og:site_name\" content=\"Las rutas de Carlos y Conchita\" \/>\n<meta property=\"article:published_time\" content=\"2016-04-23T20:29:16+00:00\" \/>\n<meta property=\"article:modified_time\" content=\"2020-04-09T17:11:59+00:00\" \/>\n<meta property=\"og:image\" content=\"https:\/\/www.carlosyconchita.net\/rutas\/wp-content\/uploads\/2016\/04\/P4235095a.jpg\" \/>\n\t<meta property=\"og:image:width\" content=\"1019\" \/>\n\t<meta property=\"og:image:height\" content=\"764\" \/>\n\t<meta property=\"og:image:type\" content=\"image\/jpeg\" \/>\n<meta name=\"author\" content=\"Carlos Conchita\" \/>\n<meta name=\"twitter:label1\" content=\"Escrito por\" \/>\n\t<meta name=\"twitter:data1\" content=\"Carlos Conchita\" \/>\n\t<meta name=\"twitter:label2\" content=\"Tiempo de lectura\" \/>\n\t<meta name=\"twitter:data2\" content=\"3 minutos\" \/>\n<script type=\"application\/ld+json\" class=\"yoast-schema-graph\">{\"@context\":\"https:\\\/\\\/schema.org\",\"@graph\":[{\"@type\":\"Article\",\"@id\":\"https:\\\/\\\/www.carlosyconchita.net\\\/rutas\\\/23-04-2016-refugio-nahuja\\\/#article\",\"isPartOf\":{\"@id\":\"https:\\\/\\\/www.carlosyconchita.net\\\/rutas\\\/23-04-2016-refugio-nahuja\\\/\"},\"author\":{\"name\":\"Carlos Conchita\",\"@id\":\"https:\\\/\\\/www.carlosyconchita.net\\\/rutas\\\/#\\\/schema\\\/person\\\/a9691f7258c28443fab2d3aa1479ea19\"},\"headline\":\"23-04-2016 &#8211; Refugio de Nahuja\",\"datePublished\":\"2016-04-23T20:29:16+00:00\",\"dateModified\":\"2020-04-09T17:11:59+00:00\",\"mainEntityOfPage\":{\"@id\":\"https:\\\/\\\/www.carlosyconchita.net\\\/rutas\\\/23-04-2016-refugio-nahuja\\\/\"},\"wordCount\":580,\"commentCount\":0,\"image\":{\"@id\":\"https:\\\/\\\/www.carlosyconchita.net\\\/rutas\\\/23-04-2016-refugio-nahuja\\\/#primaryimage\"},\"thumbnailUrl\":\"https:\\\/\\\/www.carlosyconchita.net\\\/rutas\\\/wp-content\\\/uploads\\\/2016\\\/04\\\/P4235095a.jpg\",\"articleSection\":[\"2 - De 5 a 10 km.\",\"2-Moderada\",\"Saillagosa\"],\"inLanguage\":\"es\",\"potentialAction\":[{\"@type\":\"CommentAction\",\"name\":\"Comment\",\"target\":[\"https:\\\/\\\/www.carlosyconchita.net\\\/rutas\\\/23-04-2016-refugio-nahuja\\\/#respond\"]}]},{\"@type\":\"WebPage\",\"@id\":\"https:\\\/\\\/www.carlosyconchita.net\\\/rutas\\\/23-04-2016-refugio-nahuja\\\/\",\"url\":\"https:\\\/\\\/www.carlosyconchita.net\\\/rutas\\\/23-04-2016-refugio-nahuja\\\/\",\"name\":\"23-04-2016 - Refugio de Nahuja -\",\"isPartOf\":{\"@id\":\"https:\\\/\\\/www.carlosyconchita.net\\\/rutas\\\/#website\"},\"primaryImageOfPage\":{\"@id\":\"https:\\\/\\\/www.carlosyconchita.net\\\/rutas\\\/23-04-2016-refugio-nahuja\\\/#primaryimage\"},\"image\":{\"@id\":\"https:\\\/\\\/www.carlosyconchita.net\\\/rutas\\\/23-04-2016-refugio-nahuja\\\/#primaryimage\"},\"thumbnailUrl\":\"https:\\\/\\\/www.carlosyconchita.net\\\/rutas\\\/wp-content\\\/uploads\\\/2016\\\/04\\\/P4235095a.jpg\",\"datePublished\":\"2016-04-23T20:29:16+00:00\",\"dateModified\":\"2020-04-09T17:11:59+00:00\",\"author\":{\"@id\":\"https:\\\/\\\/www.carlosyconchita.net\\\/rutas\\\/#\\\/schema\\\/person\\\/a9691f7258c28443fab2d3aa1479ea19\"},\"breadcrumb\":{\"@id\":\"https:\\\/\\\/www.carlosyconchita.net\\\/rutas\\\/23-04-2016-refugio-nahuja\\\/#breadcrumb\"},\"inLanguage\":\"es\",\"potentialAction\":[{\"@type\":\"ReadAction\",\"target\":[\"https:\\\/\\\/www.carlosyconchita.net\\\/rutas\\\/23-04-2016-refugio-nahuja\\\/\"]}]},{\"@type\":\"ImageObject\",\"inLanguage\":\"es\",\"@id\":\"https:\\\/\\\/www.carlosyconchita.net\\\/rutas\\\/23-04-2016-refugio-nahuja\\\/#primaryimage\",\"url\":\"https:\\\/\\\/www.carlosyconchita.net\\\/rutas\\\/wp-content\\\/uploads\\\/2016\\\/04\\\/P4235095a.jpg\",\"contentUrl\":\"https:\\\/\\\/www.carlosyconchita.net\\\/rutas\\\/wp-content\\\/uploads\\\/2016\\\/04\\\/P4235095a.jpg\",\"width\":1019,\"height\":764},{\"@type\":\"BreadcrumbList\",\"@id\":\"https:\\\/\\\/www.carlosyconchita.net\\\/rutas\\\/23-04-2016-refugio-nahuja\\\/#breadcrumb\",\"itemListElement\":[{\"@type\":\"ListItem\",\"position\":1,\"name\":\"Portada\",\"item\":\"https:\\\/\\\/www.carlosyconchita.net\\\/rutas\\\/\"},{\"@type\":\"ListItem\",\"position\":2,\"name\":\"23-04-2016 &#8211; Refugio de Nahuja\"}]},{\"@type\":\"WebSite\",\"@id\":\"https:\\\/\\\/www.carlosyconchita.net\\\/rutas\\\/#website\",\"url\":\"https:\\\/\\\/www.carlosyconchita.net\\\/rutas\\\/\",\"name\":\"Las rutas de Carlos y Conchita\",\"description\":\"\",\"potentialAction\":[{\"@type\":\"SearchAction\",\"target\":{\"@type\":\"EntryPoint\",\"urlTemplate\":\"https:\\\/\\\/www.carlosyconchita.net\\\/rutas\\\/?s={search_term_string}\"},\"query-input\":{\"@type\":\"PropertyValueSpecification\",\"valueRequired\":true,\"valueName\":\"search_term_string\"}}],\"inLanguage\":\"es\"},{\"@type\":\"Person\",\"@id\":\"https:\\\/\\\/www.carlosyconchita.net\\\/rutas\\\/#\\\/schema\\\/person\\\/a9691f7258c28443fab2d3aa1479ea19\",\"name\":\"Carlos Conchita\",\"image\":{\"@type\":\"ImageObject\",\"inLanguage\":\"es\",\"@id\":\"https:\\\/\\\/secure.gravatar.com\\\/avatar\\\/3a4625b20c8da3de99da69bfe7a322774e291c3f90dce7e8778a30fe6748ed1a?s=96&d=mm&r=g\",\"url\":\"https:\\\/\\\/secure.gravatar.com\\\/avatar\\\/3a4625b20c8da3de99da69bfe7a322774e291c3f90dce7e8778a30fe6748ed1a?s=96&d=mm&r=g\",\"contentUrl\":\"https:\\\/\\\/secure.gravatar.com\\\/avatar\\\/3a4625b20c8da3de99da69bfe7a322774e291c3f90dce7e8778a30fe6748ed1a?s=96&d=mm&r=g\",\"caption\":\"Carlos Conchita\"}}]}<\/script>\n<!-- \/ Yoast SEO plugin. -->","yoast_head_json":{"title":"23-04-2016 - Refugio de Nahuja -","robots":{"index":"index","follow":"follow","max-snippet":"max-snippet:-1","max-image-preview":"max-image-preview:large","max-video-preview":"max-video-preview:-1"},"canonical":"https:\/\/www.carlosyconchita.net\/rutas\/23-04-2016-refugio-nahuja\/","og_locale":"es_ES","og_type":"article","og_title":"23-04-2016 - Refugio de Nahuja -","og_description":"Como que las previsiones del tiempo no eran muy buenas hoy, hacemos esta excursi\u00f3n cortita, que empieza en el peque\u00f1o pueblo franc\u00e9s de Santa Leocadia, y sube hasta el refugio de Nahuja. Resumen de la ruta Dificultad :\u00a0\u00a0 Moderada Distancia total :\u00a0\u00a0\u00a0\u00a0\u00a0 7.948 m. Alturas m\u00ednima \/ m\u00e1xima :\u00a0\u00a0\u00a0\u00a0 1.377 m. \u2013\u00a0 1.683 m. Desnivel [&hellip;]","og_url":"https:\/\/www.carlosyconchita.net\/rutas\/23-04-2016-refugio-nahuja\/","og_site_name":"Las rutas de Carlos y Conchita","article_published_time":"2016-04-23T20:29:16+00:00","article_modified_time":"2020-04-09T17:11:59+00:00","og_image":[{"width":1019,"height":764,"url":"https:\/\/www.carlosyconchita.net\/rutas\/wp-content\/uploads\/2016\/04\/P4235095a.jpg","type":"image\/jpeg"}],"author":"Carlos Conchita","twitter_misc":{"Escrito por":"Carlos Conchita","Tiempo de lectura":"3 minutos"},"schema":{"@context":"https:\/\/schema.org","@graph":[{"@type":"Article","@id":"https:\/\/www.carlosyconchita.net\/rutas\/23-04-2016-refugio-nahuja\/#article","isPartOf":{"@id":"https:\/\/www.carlosyconchita.net\/rutas\/23-04-2016-refugio-nahuja\/"},"author":{"name":"Carlos Conchita","@id":"https:\/\/www.carlosyconchita.net\/rutas\/#\/schema\/person\/a9691f7258c28443fab2d3aa1479ea19"},"headline":"23-04-2016 &#8211; Refugio de Nahuja","datePublished":"2016-04-23T20:29:16+00:00","dateModified":"2020-04-09T17:11:59+00:00","mainEntityOfPage":{"@id":"https:\/\/www.carlosyconchita.net\/rutas\/23-04-2016-refugio-nahuja\/"},"wordCount":580,"commentCount":0,"image":{"@id":"https:\/\/www.carlosyconchita.net\/rutas\/23-04-2016-refugio-nahuja\/#primaryimage"},"thumbnailUrl":"https:\/\/www.carlosyconchita.net\/rutas\/wp-content\/uploads\/2016\/04\/P4235095a.jpg","articleSection":["2 - De 5 a 10 km.","2-Moderada","Saillagosa"],"inLanguage":"es","potentialAction":[{"@type":"CommentAction","name":"Comment","target":["https:\/\/www.carlosyconchita.net\/rutas\/23-04-2016-refugio-nahuja\/#respond"]}]},{"@type":"WebPage","@id":"https:\/\/www.carlosyconchita.net\/rutas\/23-04-2016-refugio-nahuja\/","url":"https:\/\/www.carlosyconchita.net\/rutas\/23-04-2016-refugio-nahuja\/","name":"23-04-2016 - Refugio de Nahuja -","isPartOf":{"@id":"https:\/\/www.carlosyconchita.net\/rutas\/#website"},"primaryImageOfPage":{"@id":"https:\/\/www.carlosyconchita.net\/rutas\/23-04-2016-refugio-nahuja\/#primaryimage"},"image":{"@id":"https:\/\/www.carlosyconchita.net\/rutas\/23-04-2016-refugio-nahuja\/#primaryimage"},"thumbnailUrl":"https:\/\/www.carlosyconchita.net\/rutas\/wp-content\/uploads\/2016\/04\/P4235095a.jpg","datePublished":"2016-04-23T20:29:16+00:00","dateModified":"2020-04-09T17:11:59+00:00","author":{"@id":"https:\/\/www.carlosyconchita.net\/rutas\/#\/schema\/person\/a9691f7258c28443fab2d3aa1479ea19"},"breadcrumb":{"@id":"https:\/\/www.carlosyconchita.net\/rutas\/23-04-2016-refugio-nahuja\/#breadcrumb"},"inLanguage":"es","potentialAction":[{"@type":"ReadAction","target":["https:\/\/www.carlosyconchita.net\/rutas\/23-04-2016-refugio-nahuja\/"]}]},{"@type":"ImageObject","inLanguage":"es","@id":"https:\/\/www.carlosyconchita.net\/rutas\/23-04-2016-refugio-nahuja\/#primaryimage","url":"https:\/\/www.carlosyconchita.net\/rutas\/wp-content\/uploads\/2016\/04\/P4235095a.jpg","contentUrl":"https:\/\/www.carlosyconchita.net\/rutas\/wp-content\/uploads\/2016\/04\/P4235095a.jpg","width":1019,"height":764},{"@type":"BreadcrumbList","@id":"https:\/\/www.carlosyconchita.net\/rutas\/23-04-2016-refugio-nahuja\/#breadcrumb","itemListElement":[{"@type":"ListItem","position":1,"name":"Portada","item":"https:\/\/www.carlosyconchita.net\/rutas\/"},{"@type":"ListItem","position":2,"name":"23-04-2016 &#8211; Refugio de Nahuja"}]},{"@type":"WebSite","@id":"https:\/\/www.carlosyconchita.net\/rutas\/#website","url":"https:\/\/www.carlosyconchita.net\/rutas\/","name":"Las rutas de Carlos y Conchita","description":"","potentialAction":[{"@type":"SearchAction","target":{"@type":"EntryPoint","urlTemplate":"https:\/\/www.carlosyconchita.net\/rutas\/?s={search_term_string}"},"query-input":{"@type":"PropertyValueSpecification","valueRequired":true,"valueName":"search_term_string"}}],"inLanguage":"es"},{"@type":"Person","@id":"https:\/\/www.carlosyconchita.net\/rutas\/#\/schema\/person\/a9691f7258c28443fab2d3aa1479ea19","name":"Carlos Conchita","image":{"@type":"ImageObject","inLanguage":"es","@id":"https:\/\/secure.gravatar.com\/avatar\/3a4625b20c8da3de99da69bfe7a322774e291c3f90dce7e8778a30fe6748ed1a?s=96&d=mm&r=g","url":"https:\/\/secure.gravatar.com\/avatar\/3a4625b20c8da3de99da69bfe7a322774e291c3f90dce7e8778a30fe6748ed1a?s=96&d=mm&r=g","contentUrl":"https:\/\/secure.gravatar.com\/avatar\/3a4625b20c8da3de99da69bfe7a322774e291c3f90dce7e8778a30fe6748ed1a?s=96&d=mm&r=g","caption":"Carlos Conchita"}}]}},"_links":{"self":[{"href":"https:\/\/www.carlosyconchita.net\/rutas\/wp-json\/wp\/v2\/posts\/8495","targetHints":{"allow":["GET"]}}],"collection":[{"href":"https:\/\/www.carlosyconchita.net\/rutas\/wp-json\/wp\/v2\/posts"}],"about":[{"href":"https:\/\/www.carlosyconchita.net\/rutas\/wp-json\/wp\/v2\/types\/post"}],"author":[{"embeddable":true,"href":"https:\/\/www.carlosyconchita.net\/rutas\/wp-json\/wp\/v2\/users\/50"}],"replies":[{"embeddable":true,"href":"https:\/\/www.carlosyconchita.net\/rutas\/wp-json\/wp\/v2\/comments?post=8495"}],"version-history":[{"count":0,"href":"https:\/\/www.carlosyconchita.net\/rutas\/wp-json\/wp\/v2\/posts\/8495\/revisions"}],"wp:featuredmedia":[{"embeddable":true,"href":"https:\/\/www.carlosyconchita.net\/rutas\/wp-json\/wp\/v2\/media\/8498"}],"wp:attachment":[{"href":"https:\/\/www.carlosyconchita.net\/rutas\/wp-json\/wp\/v2\/media?parent=8495"}],"wp:term":[{"taxonomy":"category","embeddable":true,"href":"https:\/\/www.carlosyconchita.net\/rutas\/wp-json\/wp\/v2\/categories?post=8495"},{"taxonomy":"post_tag","embeddable":true,"href":"https:\/\/www.carlosyconchita.net\/rutas\/wp-json\/wp\/v2\/tags?post=8495"}],"curies":[{"name":"wp","href":"https:\/\/api.w.org\/{rel}","templated":true}]}}