{"id":8631,"date":"2016-05-29T21:06:25","date_gmt":"2016-05-29T20:06:25","guid":{"rendered":"http:\/\/www.carlosyconchita.net\/rutas\/?p=8631"},"modified":"2020-04-07T17:32:44","modified_gmt":"2020-04-07T16:32:44","slug":"29-05-2016-osseja-valcebollere","status":"publish","type":"post","link":"https:\/\/www.carlosyconchita.net\/rutas\/29-05-2016-osseja-valcebollere\/","title":{"rendered":"29-05-2016 &#8211; Osseja-Valcebollere"},"content":{"rendered":"<p>Hoy quer\u00edamos llegar al Puig de Dorria desde la borna 504, en la Coma Morera, aunque el d\u00eda no estaba muy bueno, ya que ten\u00edamos a la vista bastantes nubes y muy negras&#8230;<\/p>\n<p>Nos dirigimos pues a Osseja, y empezamos a subir hacia la Coma Morera ( ver <a href=\"http:\/\/www.carlosyconchita.net\/rutas\/24-04-2016-frontera-bornas-504-505\/\" target=\"_blank\" rel=\"noopener noreferrer\"><strong><span style=\"color: #0000ff;\">24-04-2016-Frontera : bornas 504 y 505 ) <\/span><\/strong><\/a><span style=\"color: #000000;\">siguiendo la Ruta Forestiere que empieza en este pueblo.<\/span><\/p>\n<p style=\"text-align: justify;\">Como que ya estamos en \u00abverano\u00bb,\u00a0 por la carretera de subida hemos encontrado varios pasos canadienses, porque el ganado ya est\u00e1 por las monta\u00f1as, y asi, en medio de la carretera nos encontramos un grupo de caballos que nos entretuvieron un ratito.<\/p>\n<p>&nbsp;<\/p>\n<p><img loading=\"lazy\" decoding=\"async\" class=\"alignnone\" src=\"https:\/\/c7.staticflickr.com\/8\/7415\/27323666366_2a330c454e_b.jpg\" width=\"1019\" height=\"764\" \/><\/p>\n<p><img loading=\"lazy\" decoding=\"async\" class=\"alignnone\" src=\"https:\/\/c7.staticflickr.com\/8\/7565\/27323667806_2d61605462_b.jpg\" width=\"1019\" height=\"764\" \/><\/p>\n<p>&nbsp;<\/p>\n<p>Cuando llegamos arriba, comprobamos que el tiempo no est\u00e1 muy seguro, y para no hacer una caminata y no poder ver nada por la niebla o lluvia,\u00a0 anulamos esta excursi\u00f3n y decidimos hacer la caminata desde Osseja hasta Valcebollere.<\/p>\n<p>&nbsp;<\/p>\n<p>Aqu\u00ed tenemos las vistas hacia el Puigmal y hacia Puigcerd\u00e1, Enveigt etc,\u00a0 y como vemos , el panorama es bastante similar.<\/p>\n<p><img loading=\"lazy\" decoding=\"async\" class=\"alignnone\" src=\"https:\/\/c3.staticflickr.com\/8\/7337\/26749683394_d9172f736e_b.jpg\" width=\"1019\" height=\"764\" \/><\/p>\n<p><img loading=\"lazy\" decoding=\"async\" class=\"alignnone\" src=\"https:\/\/c6.staticflickr.com\/8\/7150\/27286589821_b34909e49e_b.jpg\" width=\"1019\" height=\"764\" \/><\/p>\n<p>&nbsp;<\/p>\n<p>As\u00ed pues, volvemos a bajar por la carretera hacia Osseja, pero antes de llegar, en una de las curvas, en donde empieza un ancho camino, paramos el coche y empezamos a caminar en direcci\u00f3n a Vallcebollere.<\/p>\n<hr \/>\n<h3>Resumen de la ruta<\/h3>\n<p><strong>Dificultad<\/strong> :\u00a0\u00a0 F\u00e1cil<\/p>\n<p><strong>Distancia total<\/strong> :\u00a0\u00a0\u00a0\u00a0\u00a0 8.711<span class=\"totlen\"><span class=\"summaryvalue\"> m<\/span><\/span><\/p>\n<p><strong>Alturas m\u00ednima \/ m\u00e1xima<\/strong> :\u00a0\u00a0\u00a0\u00a0 1.390 m.\u00a0 \/\u00a0 <span class=\"maxele\"><span class=\"summaryvalue\">1.591 m<\/span><\/span>.<\/p>\n<p><strong>Desnivel acumulado (s\/Wikiloc)<\/strong>\u00a0 :\u00a0 \u00a0 359 m.<\/p>\n<p><strong>Tiempo total \/ en movimiento<\/strong> :\u00a0\u00a0\u00a0\u00a0\u00a0\u00a0\u00a0 3\u201912 h. \u2013 2\u201911\u00a0 h.<\/p>\n<p><strong>Velocidad media total \/ velocidad media movimiento<\/strong> :\u00a0\u00a0 2\u201966 km\/h \u2013\u00a0 3\u201990\u00a0 km\/h<\/p>\n<hr \/>\n<p><img loading=\"lazy\" decoding=\"async\" class=\"alignnone\" src=\"https:\/\/c4.staticflickr.com\/8\/7410\/26750815323_321a9e7ee5_b.jpg\" width=\"1019\" height=\"764\" \/><\/p>\n<p><img loading=\"lazy\" decoding=\"async\" class=\"alignnone\" src=\"https:\/\/c3.staticflickr.com\/8\/7095\/27081651730_da787ac65a_b.jpg\" width=\"1019\" height=\"764\" \/><\/p>\n<p>&nbsp;<\/p>\n<p>El camino no tiene ninguna dificultad, y al poco ya vemos a lo lejos el peque\u00f1o pueblo de Valcebollere.<\/p>\n<p><img loading=\"lazy\" decoding=\"async\" class=\"alignnone\" src=\"https:\/\/c4.staticflickr.com\/8\/7583\/26750784203_0ac843be46_b.jpg\" width=\"1019\" height=\"764\" \/><\/p>\n<p>&nbsp;<\/p>\n<p style=\"text-align: justify;\">Cuando llevemos aproximadamente unos\u00a0 1.400\/1.500 m. , llegamos a un grupito de casas, conocido como Le Puig , y alli empieza un camino que sube por nuestra derecha, que es donde llegaremos a la vuelta.<\/p>\n<p style=\"text-align: justify;\"><img loading=\"lazy\" decoding=\"async\" class=\"alignnone\" src=\"https:\/\/c8.staticflickr.com\/8\/7320\/27357142815_44d1b8fb91_b.jpg\" width=\"1019\" height=\"764\" \/><\/p>\n<p style=\"text-align: justify;\">\u00a0<\/p>\n<p style=\"text-align: justify;\">Nosotros seguimos recto, y a partir de alli, el camino se convierte en carretera asfaltada, que nos llevar\u00e1 despu\u00e9s de un corto descenso, hasta la carretera que va de Osseja a Valcebollere.<\/p>\n<p style=\"text-align: justify;\"><img loading=\"lazy\" decoding=\"async\" class=\"alignnone\" src=\"https:\/\/c1.staticflickr.com\/8\/7314\/27259262392_bdf2a8a832_b.jpg\" width=\"1019\" height=\"764\" \/><\/p>\n<p>&nbsp;<\/p>\n<p style=\"text-align: justify;\">Poco antes de llegar a la carretera principal, encontraremos un puente,\u00a0 y nosotros, para no caminar estos ultimos kms. por la carretera, nos decidimos a seguir por el prado que vemos despues del puente, con la idea de ir m\u00e1s o menos paralelos a la carretera, pero siguiendo el rio y no la carretera.<\/p>\n<p><img loading=\"lazy\" decoding=\"async\" class=\"alignnone\" src=\"https:\/\/c5.staticflickr.com\/8\/7124\/27323631636_4070644d30_b.jpg\" width=\"1019\" height=\"764\" \/><\/p>\n<p>&nbsp;<\/p>\n<p>Al principio no hay demasiados problemas, pero poco despu\u00e9s el camino, por decir algo, desaparece, y debemos subir un par de veces hasta la carretera y luego volver a bajar al rio, pero finalmente, recorremos el ultimo tramo por la carretera.<\/p>\n<p><img loading=\"lazy\" decoding=\"async\" class=\"alignnone\" src=\"https:\/\/c4.staticflickr.com\/8\/7141\/27357122355_e4e81356dd_b.jpg\" width=\"1019\" height=\"764\" \/><\/p>\n<p><img loading=\"lazy\" decoding=\"async\" class=\"alignnone\" src=\"https:\/\/c1.staticflickr.com\/8\/7192\/27323606576_661e4cf1b8_b.jpg\" width=\"1019\" height=\"764\" \/><\/p>\n<p>&nbsp;<\/p>\n<p>Finalmente llegamos a Valcebollere, donde ya habiamos estado antes, pero en coche, cuando hicimos la ruta del\u00a0 <a href=\"http:\/\/www.carlosyconchita.net\/rutas\/30-05-2015-camino-de-la-retirada-vallcebollere\/\" target=\"_blank\" rel=\"noopener noreferrer\"><strong><span style=\"color: #0000ff;\">30-05-2015 \u2013 Camino de la Retirada (Vallceboll\u00e9re)<\/span><\/strong><\/a><\/p>\n<p>&nbsp;<\/p>\n<p><img loading=\"lazy\" decoding=\"async\" class=\"alignnone\" src=\"https:\/\/c3.staticflickr.com\/8\/7793\/27081598930_990d6c3431_b.jpg\" width=\"1019\" height=\"764\" \/><\/p>\n<p>&nbsp;<\/p>\n<p><img loading=\"lazy\" decoding=\"async\" class=\"alignnone\" src=\"https:\/\/c1.staticflickr.com\/8\/7365\/27081596680_fefc8ffe53_b.jpg\" width=\"1019\" height=\"764\" \/><\/p>\n<p><img loading=\"lazy\" decoding=\"async\" class=\"alignnone\" src=\"https:\/\/c1.staticflickr.com\/8\/7332\/27323589976_ee46d6504b_b.jpg\" width=\"1019\" height=\"764\" \/><\/p>\n<p>&nbsp;<\/p>\n<p style=\"text-align: justify;\">Como que se nos ha hecho un poco tarde, debido a la subida a la Coma Morera o Borna 504, decidimos comer nuestro bocata igual que ayer en un restaurante, concretamente el de Ecureils, acompa\u00f1ado de una cervecita fresquita&#8230; nos estamos acostumbrando mal !!!.<\/p>\n<p><img loading=\"lazy\" decoding=\"async\" class=\"alignnone\" src=\"https:\/\/c6.staticflickr.com\/8\/7303\/27357096285_e56a07b94b_b.jpg\" width=\"1019\" height=\"764\" \/><\/p>\n<p>&nbsp;<\/p>\n<p>Despu\u00e9s de comer, continuamos caminado hacia el final del pueblo, cruzamos el puente que lleva a la zona de parking y volvemos en direcci\u00f3n a\u00a0 Osseja por el otro lado del rio, por un camino que va subiendo un poco los primeros metros.<\/p>\n<p>&nbsp;<\/p>\n<p><img loading=\"lazy\" decoding=\"async\" class=\"alignnone\" src=\"https:\/\/c6.staticflickr.com\/8\/7037\/27286517501_d0db630123_b.jpg\" width=\"1019\" height=\"764\" \/><\/p>\n<p>&nbsp;<\/p>\n<p>En cuanto hayamos subido un poco, si miramos atr\u00e1s podremos ver Valcebollere.<\/p>\n<p><img loading=\"lazy\" decoding=\"async\" class=\"alignnone\" src=\"https:\/\/c5.staticflickr.com\/8\/7140\/27081578780_c75ffbb29c_b.jpg\" width=\"1019\" height=\"764\" \/><\/p>\n<p><img loading=\"lazy\" decoding=\"async\" class=\"alignnone\" src=\"https:\/\/c6.staticflickr.com\/8\/7452\/27286503701_c797b8ed70_b.jpg\" width=\"1019\" height=\"764\" \/><\/p>\n<p>&nbsp;<\/p>\n<p style=\"text-align: justify;\">Tenemos que ir siguiendo ese camino, hasta el punto indicado en el track como\u00a0 \u00abDesv\u00edo\u00bb\u00a0 , all\u00ed\u00a0 lo dejaremos y nos desviaremos hacia nuestra derecha, en la se\u00f1al que nos indica Le Puig, a donde llegaremos despues de una estrecha bajadita.<\/p>\n<p style=\"text-align: justify;\">Si continu\u00e1ramos recto llegar\u00edamos tambien a la carretera que sube a la Borna 504 en la Coma Morera, pero en un punto m\u00e1s alto de donde hemos dejado el coche.<\/p>\n<p><img loading=\"lazy\" decoding=\"async\" class=\"alignnone\" src=\"https:\/\/c1.staticflickr.com\/8\/7276\/27323542776_d0b62023c8_b.jpg\" width=\"1019\" height=\"764\" \/><\/p>\n<p>&nbsp;<\/p>\n<p style=\"text-align: justify;\">A partir de all\u00ed,\u00a0 seguiremos el camino que hemos hecho a la ida, siempre con unas amenazantes nubes, aunque conseguimos llegar hasta el coche sin mojarnos.<\/p>\n<p style=\"text-align: justify;\"><img loading=\"lazy\" decoding=\"async\" class=\"alignnone\" src=\"https:\/\/c7.staticflickr.com\/8\/7249\/27323540486_5f0756ae97_b.jpg\" width=\"1019\" height=\"764\" \/><\/p>\n<p style=\"text-align: justify;\"><img loading=\"lazy\" decoding=\"async\" class=\"alignnone\" src=\"https:\/\/c3.staticflickr.com\/8\/7428\/27081564530_e80d0b190a_b.jpg\" width=\"1019\" height=\"764\" \/><\/p>\n<p style=\"text-align: justify;\">\u00a0<\/p>\n<hr \/>\n<h3>Track de la ruta<\/h3>\n<p>[sgpx gpx=\u00bb\/wp-content\/uploads\/gpx\/Osseja-Valcebollere.gpx\u00bb]<\/p>\n<hr \/>\n<p>&nbsp;<\/p>\n<h3>Album de fotos<\/h3>\n<p><a href=\"https:\/\/photos.app.goo.gl\/GnVDsnP1L1SbkUT46\" target=\"_blank\" rel=\"noopener noreferrer\"><img loading=\"lazy\" decoding=\"async\" class=\"aligncenter wp-image-8635 size-column4-4\/5\" src=\"http:\/\/www.carlosyconchita.net\/rutas\/wp-content\/uploads\/2016\/06\/P5295537-240x192.jpg\" alt=\"P5295537\" width=\"240\" height=\"192\" srcset=\"https:\/\/www.carlosyconchita.net\/rutas\/wp-content\/uploads\/2016\/06\/P5295537-240x192.jpg 240w, https:\/\/www.carlosyconchita.net\/rutas\/wp-content\/uploads\/2016\/06\/P5295537-250x200.jpg 250w, https:\/\/www.carlosyconchita.net\/rutas\/wp-content\/uploads\/2016\/06\/P5295537-960x764.jpg 960w, https:\/\/www.carlosyconchita.net\/rutas\/wp-content\/uploads\/2016\/06\/P5295537-480x384.jpg 480w, https:\/\/www.carlosyconchita.net\/rutas\/wp-content\/uploads\/2016\/06\/P5295537-320x256.jpg 320w\" sizes=\"auto, (max-width: 240px) 100vw, 240px\" \/><\/a><\/p>\n<hr \/>\n<p>&nbsp;<\/p>\n<h3>Enlace Wikiloc<\/h3>\n<p><a href=\"http:\/\/es.wikiloc.com\/wikiloc\/view.do?id=13593207\" target=\"_blank\" rel=\"noopener noreferrer\"><img loading=\"lazy\" decoding=\"async\" class=\"size-full wp-image-958 aligncenter\" src=\"http:\/\/www.carlosyconchita.net\/rutas\/wp-content\/uploads\/2020\/09\/wikiloc.jpg\" alt=\"wikiloc\" width=\"117\" height=\"34\" \/><\/a><\/p>\n<p>&nbsp;<\/p>\n<p>&nbsp;<\/p>\n<hr \/>\n<p style=\"text-align: justify;\"><span style=\"color: #ff0000; background-color: #ffffff; font-size: 14pt;\"><strong>Si te ha gustado, comp\u00e1rtelo en tu red favorita,\u00a0 haz +1, o env\u00edanos tu comentario.<br \/>\n<\/strong><\/span><\/p>\n<p><span style=\"font-size: 14pt;\"><strong><span style=\"color: #ff0000;\">Muchas gracias !<\/span><\/strong><\/span><\/p>\n<hr \/>\n<p style=\"text-align: justify;\"><strong><span style=\"color: #008000;\">Suscribete si quieres recibir un mail cuando publiquemos nuevas rutas : no enviamos publicidad y como m\u00e1ximo enviamos 2 mails al mes<\/span><\/strong><\/p>\n<p>[wysija_form id=\u00bb1&#8243;]<\/p>\n<hr \/>\n<h3>Puedes imprimir esta publicaci\u00f3n o guardarla en diferentes formatos :<\/h3>\n<p><span style=\"color: #ff0000; font-size: 14pt;\">Para facilitar la impresi\u00f3n, se ha reducido considerablemente el tama\u00f1o de las fotos, pero si deseas imprimir sin fotos, aconsejamos guardarlo como \u201cdoc\u201d, y antes de imprimirlo, eliminar las fotos<\/span><\/p>\n<p>&nbsp;<\/p>\n","protected":false},"excerpt":{"rendered":"<p>Hoy quer\u00edamos llegar al Puig de Dorria desde la borna 504, en la Coma Morera, aunque el d\u00eda no estaba muy bueno, ya que ten\u00edamos a la vista bastantes nubes y muy negras&#8230; Nos dirigimos pues a Osseja, y empezamos a subir hacia la Coma Morera ( ver 24-04-2016-Frontera : bornas 504 y 505 ) [&hellip;]<\/p>\n","protected":false},"author":50,"featured_media":8635,"comment_status":"open","ping_status":"open","sticky":false,"template":"","format":"standard","meta":{"footnotes":""},"categories":[10,22,6],"tags":[],"class_list":{"0":"post-8631","1":"post","2":"type-post","3":"status-publish","4":"format-standard","5":"has-post-thumbnail","6":"hentry","7":"category-facil","8":"category-de-05-a-10-km","9":"category-saillagosa","11":"post-with-thumbnail","12":"post-with-thumbnail-icon"},"yoast_head":"<!-- This site is optimized with the Yoast SEO plugin v27.4 - https:\/\/yoast.com\/product\/yoast-seo-wordpress\/ -->\n<title>29-05-2016 - Osseja-Valcebollere -<\/title>\n<meta name=\"robots\" content=\"index, follow, max-snippet:-1, max-image-preview:large, max-video-preview:-1\" \/>\n<link rel=\"canonical\" href=\"https:\/\/www.carlosyconchita.net\/rutas\/29-05-2016-osseja-valcebollere\/\" \/>\n<meta property=\"og:locale\" content=\"es_ES\" \/>\n<meta property=\"og:type\" content=\"article\" \/>\n<meta property=\"og:title\" content=\"29-05-2016 - Osseja-Valcebollere -\" \/>\n<meta property=\"og:description\" content=\"Hoy quer\u00edamos llegar al Puig de Dorria desde la borna 504, en la Coma Morera, aunque el d\u00eda no estaba muy bueno, ya que ten\u00edamos a la vista bastantes nubes y muy negras&#8230; Nos dirigimos pues a Osseja, y empezamos a subir hacia la Coma Morera ( ver 24-04-2016-Frontera : bornas 504 y 505 ) [&hellip;]\" \/>\n<meta property=\"og:url\" content=\"https:\/\/www.carlosyconchita.net\/rutas\/29-05-2016-osseja-valcebollere\/\" \/>\n<meta property=\"og:site_name\" content=\"Las rutas de Carlos y Conchita\" \/>\n<meta property=\"article:published_time\" content=\"2016-05-29T20:06:25+00:00\" \/>\n<meta property=\"article:modified_time\" content=\"2020-04-07T16:32:44+00:00\" \/>\n<meta property=\"og:image\" content=\"https:\/\/www.carlosyconchita.net\/rutas\/wp-content\/uploads\/2016\/06\/P5295537.jpg\" \/>\n\t<meta property=\"og:image:width\" content=\"1019\" \/>\n\t<meta property=\"og:image:height\" content=\"764\" \/>\n\t<meta property=\"og:image:type\" content=\"image\/jpeg\" \/>\n<meta name=\"author\" content=\"Carlos Conchita\" \/>\n<meta name=\"twitter:label1\" content=\"Escrito por\" \/>\n\t<meta name=\"twitter:data1\" content=\"Carlos Conchita\" \/>\n\t<meta name=\"twitter:label2\" content=\"Tiempo de lectura\" \/>\n\t<meta name=\"twitter:data2\" content=\"4 minutos\" \/>\n<script type=\"application\/ld+json\" class=\"yoast-schema-graph\">{\"@context\":\"https:\\\/\\\/schema.org\",\"@graph\":[{\"@type\":\"Article\",\"@id\":\"https:\\\/\\\/www.carlosyconchita.net\\\/rutas\\\/29-05-2016-osseja-valcebollere\\\/#article\",\"isPartOf\":{\"@id\":\"https:\\\/\\\/www.carlosyconchita.net\\\/rutas\\\/29-05-2016-osseja-valcebollere\\\/\"},\"author\":{\"name\":\"Carlos Conchita\",\"@id\":\"https:\\\/\\\/www.carlosyconchita.net\\\/rutas\\\/#\\\/schema\\\/person\\\/a9691f7258c28443fab2d3aa1479ea19\"},\"headline\":\"29-05-2016 &#8211; Osseja-Valcebollere\",\"datePublished\":\"2016-05-29T20:06:25+00:00\",\"dateModified\":\"2020-04-07T16:32:44+00:00\",\"mainEntityOfPage\":{\"@id\":\"https:\\\/\\\/www.carlosyconchita.net\\\/rutas\\\/29-05-2016-osseja-valcebollere\\\/\"},\"wordCount\":775,\"commentCount\":0,\"image\":{\"@id\":\"https:\\\/\\\/www.carlosyconchita.net\\\/rutas\\\/29-05-2016-osseja-valcebollere\\\/#primaryimage\"},\"thumbnailUrl\":\"https:\\\/\\\/www.carlosyconchita.net\\\/rutas\\\/wp-content\\\/uploads\\\/2016\\\/06\\\/P5295537.jpg\",\"articleSection\":[\"1-F\u00e1cil\",\"2 - De 5 a 10 km.\",\"Saillagosa\"],\"inLanguage\":\"es\",\"potentialAction\":[{\"@type\":\"CommentAction\",\"name\":\"Comment\",\"target\":[\"https:\\\/\\\/www.carlosyconchita.net\\\/rutas\\\/29-05-2016-osseja-valcebollere\\\/#respond\"]}]},{\"@type\":\"WebPage\",\"@id\":\"https:\\\/\\\/www.carlosyconchita.net\\\/rutas\\\/29-05-2016-osseja-valcebollere\\\/\",\"url\":\"https:\\\/\\\/www.carlosyconchita.net\\\/rutas\\\/29-05-2016-osseja-valcebollere\\\/\",\"name\":\"29-05-2016 - Osseja-Valcebollere -\",\"isPartOf\":{\"@id\":\"https:\\\/\\\/www.carlosyconchita.net\\\/rutas\\\/#website\"},\"primaryImageOfPage\":{\"@id\":\"https:\\\/\\\/www.carlosyconchita.net\\\/rutas\\\/29-05-2016-osseja-valcebollere\\\/#primaryimage\"},\"image\":{\"@id\":\"https:\\\/\\\/www.carlosyconchita.net\\\/rutas\\\/29-05-2016-osseja-valcebollere\\\/#primaryimage\"},\"thumbnailUrl\":\"https:\\\/\\\/www.carlosyconchita.net\\\/rutas\\\/wp-content\\\/uploads\\\/2016\\\/06\\\/P5295537.jpg\",\"datePublished\":\"2016-05-29T20:06:25+00:00\",\"dateModified\":\"2020-04-07T16:32:44+00:00\",\"author\":{\"@id\":\"https:\\\/\\\/www.carlosyconchita.net\\\/rutas\\\/#\\\/schema\\\/person\\\/a9691f7258c28443fab2d3aa1479ea19\"},\"breadcrumb\":{\"@id\":\"https:\\\/\\\/www.carlosyconchita.net\\\/rutas\\\/29-05-2016-osseja-valcebollere\\\/#breadcrumb\"},\"inLanguage\":\"es\",\"potentialAction\":[{\"@type\":\"ReadAction\",\"target\":[\"https:\\\/\\\/www.carlosyconchita.net\\\/rutas\\\/29-05-2016-osseja-valcebollere\\\/\"]}]},{\"@type\":\"ImageObject\",\"inLanguage\":\"es\",\"@id\":\"https:\\\/\\\/www.carlosyconchita.net\\\/rutas\\\/29-05-2016-osseja-valcebollere\\\/#primaryimage\",\"url\":\"https:\\\/\\\/www.carlosyconchita.net\\\/rutas\\\/wp-content\\\/uploads\\\/2016\\\/06\\\/P5295537.jpg\",\"contentUrl\":\"https:\\\/\\\/www.carlosyconchita.net\\\/rutas\\\/wp-content\\\/uploads\\\/2016\\\/06\\\/P5295537.jpg\",\"width\":1019,\"height\":764},{\"@type\":\"BreadcrumbList\",\"@id\":\"https:\\\/\\\/www.carlosyconchita.net\\\/rutas\\\/29-05-2016-osseja-valcebollere\\\/#breadcrumb\",\"itemListElement\":[{\"@type\":\"ListItem\",\"position\":1,\"name\":\"Portada\",\"item\":\"https:\\\/\\\/www.carlosyconchita.net\\\/rutas\\\/\"},{\"@type\":\"ListItem\",\"position\":2,\"name\":\"29-05-2016 &#8211; Osseja-Valcebollere\"}]},{\"@type\":\"WebSite\",\"@id\":\"https:\\\/\\\/www.carlosyconchita.net\\\/rutas\\\/#website\",\"url\":\"https:\\\/\\\/www.carlosyconchita.net\\\/rutas\\\/\",\"name\":\"Las rutas de Carlos y Conchita\",\"description\":\"\",\"potentialAction\":[{\"@type\":\"SearchAction\",\"target\":{\"@type\":\"EntryPoint\",\"urlTemplate\":\"https:\\\/\\\/www.carlosyconchita.net\\\/rutas\\\/?s={search_term_string}\"},\"query-input\":{\"@type\":\"PropertyValueSpecification\",\"valueRequired\":true,\"valueName\":\"search_term_string\"}}],\"inLanguage\":\"es\"},{\"@type\":\"Person\",\"@id\":\"https:\\\/\\\/www.carlosyconchita.net\\\/rutas\\\/#\\\/schema\\\/person\\\/a9691f7258c28443fab2d3aa1479ea19\",\"name\":\"Carlos Conchita\",\"image\":{\"@type\":\"ImageObject\",\"inLanguage\":\"es\",\"@id\":\"https:\\\/\\\/secure.gravatar.com\\\/avatar\\\/3a4625b20c8da3de99da69bfe7a322774e291c3f90dce7e8778a30fe6748ed1a?s=96&d=mm&r=g\",\"url\":\"https:\\\/\\\/secure.gravatar.com\\\/avatar\\\/3a4625b20c8da3de99da69bfe7a322774e291c3f90dce7e8778a30fe6748ed1a?s=96&d=mm&r=g\",\"contentUrl\":\"https:\\\/\\\/secure.gravatar.com\\\/avatar\\\/3a4625b20c8da3de99da69bfe7a322774e291c3f90dce7e8778a30fe6748ed1a?s=96&d=mm&r=g\",\"caption\":\"Carlos Conchita\"}}]}<\/script>\n<!-- \/ Yoast SEO plugin. -->","yoast_head_json":{"title":"29-05-2016 - Osseja-Valcebollere -","robots":{"index":"index","follow":"follow","max-snippet":"max-snippet:-1","max-image-preview":"max-image-preview:large","max-video-preview":"max-video-preview:-1"},"canonical":"https:\/\/www.carlosyconchita.net\/rutas\/29-05-2016-osseja-valcebollere\/","og_locale":"es_ES","og_type":"article","og_title":"29-05-2016 - Osseja-Valcebollere -","og_description":"Hoy quer\u00edamos llegar al Puig de Dorria desde la borna 504, en la Coma Morera, aunque el d\u00eda no estaba muy bueno, ya que ten\u00edamos a la vista bastantes nubes y muy negras&#8230; Nos dirigimos pues a Osseja, y empezamos a subir hacia la Coma Morera ( ver 24-04-2016-Frontera : bornas 504 y 505 ) [&hellip;]","og_url":"https:\/\/www.carlosyconchita.net\/rutas\/29-05-2016-osseja-valcebollere\/","og_site_name":"Las rutas de Carlos y Conchita","article_published_time":"2016-05-29T20:06:25+00:00","article_modified_time":"2020-04-07T16:32:44+00:00","og_image":[{"width":1019,"height":764,"url":"https:\/\/www.carlosyconchita.net\/rutas\/wp-content\/uploads\/2016\/06\/P5295537.jpg","type":"image\/jpeg"}],"author":"Carlos Conchita","twitter_misc":{"Escrito por":"Carlos Conchita","Tiempo de lectura":"4 minutos"},"schema":{"@context":"https:\/\/schema.org","@graph":[{"@type":"Article","@id":"https:\/\/www.carlosyconchita.net\/rutas\/29-05-2016-osseja-valcebollere\/#article","isPartOf":{"@id":"https:\/\/www.carlosyconchita.net\/rutas\/29-05-2016-osseja-valcebollere\/"},"author":{"name":"Carlos Conchita","@id":"https:\/\/www.carlosyconchita.net\/rutas\/#\/schema\/person\/a9691f7258c28443fab2d3aa1479ea19"},"headline":"29-05-2016 &#8211; Osseja-Valcebollere","datePublished":"2016-05-29T20:06:25+00:00","dateModified":"2020-04-07T16:32:44+00:00","mainEntityOfPage":{"@id":"https:\/\/www.carlosyconchita.net\/rutas\/29-05-2016-osseja-valcebollere\/"},"wordCount":775,"commentCount":0,"image":{"@id":"https:\/\/www.carlosyconchita.net\/rutas\/29-05-2016-osseja-valcebollere\/#primaryimage"},"thumbnailUrl":"https:\/\/www.carlosyconchita.net\/rutas\/wp-content\/uploads\/2016\/06\/P5295537.jpg","articleSection":["1-F\u00e1cil","2 - De 5 a 10 km.","Saillagosa"],"inLanguage":"es","potentialAction":[{"@type":"CommentAction","name":"Comment","target":["https:\/\/www.carlosyconchita.net\/rutas\/29-05-2016-osseja-valcebollere\/#respond"]}]},{"@type":"WebPage","@id":"https:\/\/www.carlosyconchita.net\/rutas\/29-05-2016-osseja-valcebollere\/","url":"https:\/\/www.carlosyconchita.net\/rutas\/29-05-2016-osseja-valcebollere\/","name":"29-05-2016 - Osseja-Valcebollere -","isPartOf":{"@id":"https:\/\/www.carlosyconchita.net\/rutas\/#website"},"primaryImageOfPage":{"@id":"https:\/\/www.carlosyconchita.net\/rutas\/29-05-2016-osseja-valcebollere\/#primaryimage"},"image":{"@id":"https:\/\/www.carlosyconchita.net\/rutas\/29-05-2016-osseja-valcebollere\/#primaryimage"},"thumbnailUrl":"https:\/\/www.carlosyconchita.net\/rutas\/wp-content\/uploads\/2016\/06\/P5295537.jpg","datePublished":"2016-05-29T20:06:25+00:00","dateModified":"2020-04-07T16:32:44+00:00","author":{"@id":"https:\/\/www.carlosyconchita.net\/rutas\/#\/schema\/person\/a9691f7258c28443fab2d3aa1479ea19"},"breadcrumb":{"@id":"https:\/\/www.carlosyconchita.net\/rutas\/29-05-2016-osseja-valcebollere\/#breadcrumb"},"inLanguage":"es","potentialAction":[{"@type":"ReadAction","target":["https:\/\/www.carlosyconchita.net\/rutas\/29-05-2016-osseja-valcebollere\/"]}]},{"@type":"ImageObject","inLanguage":"es","@id":"https:\/\/www.carlosyconchita.net\/rutas\/29-05-2016-osseja-valcebollere\/#primaryimage","url":"https:\/\/www.carlosyconchita.net\/rutas\/wp-content\/uploads\/2016\/06\/P5295537.jpg","contentUrl":"https:\/\/www.carlosyconchita.net\/rutas\/wp-content\/uploads\/2016\/06\/P5295537.jpg","width":1019,"height":764},{"@type":"BreadcrumbList","@id":"https:\/\/www.carlosyconchita.net\/rutas\/29-05-2016-osseja-valcebollere\/#breadcrumb","itemListElement":[{"@type":"ListItem","position":1,"name":"Portada","item":"https:\/\/www.carlosyconchita.net\/rutas\/"},{"@type":"ListItem","position":2,"name":"29-05-2016 &#8211; Osseja-Valcebollere"}]},{"@type":"WebSite","@id":"https:\/\/www.carlosyconchita.net\/rutas\/#website","url":"https:\/\/www.carlosyconchita.net\/rutas\/","name":"Las rutas de Carlos y Conchita","description":"","potentialAction":[{"@type":"SearchAction","target":{"@type":"EntryPoint","urlTemplate":"https:\/\/www.carlosyconchita.net\/rutas\/?s={search_term_string}"},"query-input":{"@type":"PropertyValueSpecification","valueRequired":true,"valueName":"search_term_string"}}],"inLanguage":"es"},{"@type":"Person","@id":"https:\/\/www.carlosyconchita.net\/rutas\/#\/schema\/person\/a9691f7258c28443fab2d3aa1479ea19","name":"Carlos Conchita","image":{"@type":"ImageObject","inLanguage":"es","@id":"https:\/\/secure.gravatar.com\/avatar\/3a4625b20c8da3de99da69bfe7a322774e291c3f90dce7e8778a30fe6748ed1a?s=96&d=mm&r=g","url":"https:\/\/secure.gravatar.com\/avatar\/3a4625b20c8da3de99da69bfe7a322774e291c3f90dce7e8778a30fe6748ed1a?s=96&d=mm&r=g","contentUrl":"https:\/\/secure.gravatar.com\/avatar\/3a4625b20c8da3de99da69bfe7a322774e291c3f90dce7e8778a30fe6748ed1a?s=96&d=mm&r=g","caption":"Carlos Conchita"}}]}},"_links":{"self":[{"href":"https:\/\/www.carlosyconchita.net\/rutas\/wp-json\/wp\/v2\/posts\/8631","targetHints":{"allow":["GET"]}}],"collection":[{"href":"https:\/\/www.carlosyconchita.net\/rutas\/wp-json\/wp\/v2\/posts"}],"about":[{"href":"https:\/\/www.carlosyconchita.net\/rutas\/wp-json\/wp\/v2\/types\/post"}],"author":[{"embeddable":true,"href":"https:\/\/www.carlosyconchita.net\/rutas\/wp-json\/wp\/v2\/users\/50"}],"replies":[{"embeddable":true,"href":"https:\/\/www.carlosyconchita.net\/rutas\/wp-json\/wp\/v2\/comments?post=8631"}],"version-history":[{"count":0,"href":"https:\/\/www.carlosyconchita.net\/rutas\/wp-json\/wp\/v2\/posts\/8631\/revisions"}],"wp:featuredmedia":[{"embeddable":true,"href":"https:\/\/www.carlosyconchita.net\/rutas\/wp-json\/wp\/v2\/media\/8635"}],"wp:attachment":[{"href":"https:\/\/www.carlosyconchita.net\/rutas\/wp-json\/wp\/v2\/media?parent=8631"}],"wp:term":[{"taxonomy":"category","embeddable":true,"href":"https:\/\/www.carlosyconchita.net\/rutas\/wp-json\/wp\/v2\/categories?post=8631"},{"taxonomy":"post_tag","embeddable":true,"href":"https:\/\/www.carlosyconchita.net\/rutas\/wp-json\/wp\/v2\/tags?post=8631"}],"curies":[{"name":"wp","href":"https:\/\/api.w.org\/{rel}","templated":true}]}}