{"id":8686,"date":"2016-07-03T20:40:15","date_gmt":"2016-07-03T19:40:15","guid":{"rendered":"http:\/\/www.carlosyconchita.net\/rutas\/?p=8686"},"modified":"2021-11-20T19:18:34","modified_gmt":"2021-11-20T18:18:34","slug":"03-07-2016-sant-jeroni-montserrat","status":"publish","type":"post","link":"https:\/\/www.carlosyconchita.net\/rutas\/03-07-2016-sant-jeroni-montserrat\/","title":{"rendered":"03-07-2016 &#8211; Sant Jeroni (Montserrat) (100 Cims)"},"content":{"rendered":"<p>Esta semana que no hemos ido a la Cerdanya , nos decidimos a hacer una caminata por aqui cerca, por lo que elegimos esta ruta por Montserrat.<\/p>\n<p>Al ser domingo, y por temor que a la hora de la bajada hubiera mucha gente en el telef\u00e9rico , finalmente nos hemos ido en coche hasta el parking de arriba en Montserrat, y desde alli, vamos caminando hasta la explanada.<\/p>\n<hr \/>\n<h3>Resumen de la ruta<\/h3>\n<p><strong>Dificultad<\/strong> :\u00a0\u00a0\u00a0 F\u00e1cil<\/p>\n<p><strong>Distancia total<\/strong> :\u00a0\u00a0\u00a0\u00a0\u00a0\u00a0 8.364\u00a0 <span class=\"totlen\"><span class=\"summaryvalue\">m<\/span><\/span><\/p>\n<p><strong>Alturas m\u00ednima \/ m\u00e1xima<\/strong> :\u00a0\u00a0\u00a0\u00a0\u00a0 741\u00a0 m.\u00a0 \/\u00a0 1.229\u00a0<span class=\"maxele\"><span class=\"summaryvalue\"> m<\/span><\/span>.<\/p>\n<p><strong>Desnivel acumulado (s\/Wikiloc)<\/strong>\u00a0 :\u00a0 \u00a0 576 \u00a0 m. (ascenso)\u00a0 \u2013\u00a0\u00a0 520\u00a0 m . (descenso)<\/p>\n<p><strong>Tiempo total \/ en movimiento<\/strong> :\u00a0\u00a0\u00a0\u00a0\u00a0\u00a0\u00a0 3\u201930 h. \u2013 2\u201929\u00a0 h.<\/p>\n<p><strong>Velocidad media total \/ velocidad media movimiento<\/strong> :\u00a0\u00a0 2\u201927 km\/h \u2013\u00a0 3\u201920\u00a0 km\/h<\/p>\n<p>&nbsp;<\/p>\n<p><span style=\"color: #ff0000;\">Aunque el track presenta una ruta \u00abno circular\u00bb o \u00abno cerrada\u00bb, no es as\u00ed.<\/span><\/p>\n<p><span style=\"color: #ff0000;\">Lo que pasa es que hemos puesto en marcha el GPS al salir del funicular de Sant Joan y no abajo en la explanada, y por lo tanto no refleja este tramo de tren, para no falsear los datos de tiempo y distancia que hemos caminado.<\/span><\/p>\n<p>En la explanada cogemos el funicular que de Sant Joan, que nos dejar\u00e1 arriba en el Pla de las Tar\u00e1ntulas.<\/p>\n<p>&nbsp;<\/p>\n<p><img loading=\"lazy\" decoding=\"async\" class=\"alignnone\" src=\"https:\/\/c5.staticflickr.com\/8\/7655\/27959189852_11df200f82_b.jpg\" width=\"1019\" height=\"764\" \/><\/p>\n<p><img loading=\"lazy\" decoding=\"async\" class=\"alignnone\" src=\"https:\/\/c7.staticflickr.com\/8\/7408\/27448021814_3b4e1e0c20_b.jpg\" width=\"1019\" height=\"764\" \/><\/p>\n<p><img loading=\"lazy\" decoding=\"async\" class=\"alignnone\" src=\"https:\/\/c5.staticflickr.com\/8\/7661\/27448017764_d80f979344_b.jpg\" width=\"1019\" height=\"764\" \/><\/p>\n<p>&nbsp;<\/p>\n<p>Llegamos pues al Pla de las Tar\u00e1ntulas, desde donde empiezan varias rutas, y seguimos el camino que hay a la derecha, y al poco podemos disfrutar de los bonitos paisajes, entre ellos la vista del Monasterio desde arriba.<\/p>\n<p><img loading=\"lazy\" decoding=\"async\" class=\"alignnone\" src=\"https:\/\/c4.staticflickr.com\/8\/7349\/28061661635_8bb0e21a52_b.jpg\" width=\"1019\" height=\"764\" \/><\/p>\n<p><img loading=\"lazy\" decoding=\"async\" class=\"alignnone\" src=\"https:\/\/c7.staticflickr.com\/8\/7540\/27781158350_80bb870e36_b.jpg\" width=\"1024\" height=\"464\" \/><\/p>\n<p><img loading=\"lazy\" decoding=\"async\" class=\"alignnone\" src=\"https:\/\/c1.staticflickr.com\/8\/7391\/27959179352_73ea0a1701_b.jpg\" width=\"1019\" height=\"764\" \/><\/p>\n<p>&nbsp;<\/p>\n<p>El camino va pr\u00e1cticamente horizontal, con alg\u00fan peque\u00f1o desnivel, pero sin ninguna dificultad, y con unos bonitas vistas de las t\u00edpicas \u00abpiedras\u00bb de Montserrat.<\/p>\n<p><img loading=\"lazy\" decoding=\"async\" class=\"alignnone\" src=\"https:\/\/c3.staticflickr.com\/8\/7369\/27448000274_34542deb18_b.jpg\" width=\"1019\" height=\"764\" \/><\/p>\n<p>&nbsp;<\/p>\n<p>Como muestra de la falta actual de agua,\u00a0 cruzamos un peque\u00f1o puente sobre una especie de riachuelo, que alguna vez se supone que llevaba bastante agua, al menos por las huellas que ha dejado en la roca.<\/p>\n<p><img loading=\"lazy\" decoding=\"async\" class=\"alignnone\" src=\"https:\/\/c1.staticflickr.com\/8\/7340\/27447993864_242416ca34_b.jpg\" width=\"1019\" height=\"764\" \/><\/p>\n<p>&nbsp;<\/p>\n<p>Llegamos al punto se\u00f1alado en el track como \u00abDesvio\u00bb\u00a0 , en donde vemos a la derecha un desv\u00edo que baja hacia la iglesia, y que es el que seguiremos a la vuelta.<\/p>\n<p>Nosotros empezamos a subir, de momento por un tramo con cemento, despu\u00e9s por la roca, y despues camino de tierra, hasta que muy poco despues llegamos ya\u00a0 a la ermita de Sant Jeroni<\/p>\n<p><img loading=\"lazy\" decoding=\"async\" class=\"alignnone\" src=\"https:\/\/c2.staticflickr.com\/8\/7582\/28061653425_02794eff44_b.jpg\" width=\"1019\" height=\"764\" \/><\/p>\n<p>&nbsp;<\/p>\n<p>Aqu\u00ed vemos la ermita, aunque fotografiada desde arriba, porque delante mismo hay un arbol que molesta un poco para poder verla entera.<\/p>\n<p><img loading=\"lazy\" decoding=\"async\" class=\"alignnone\" src=\"https:\/\/c7.staticflickr.com\/8\/7331\/27781139750_48414b06ee_b.jpg\" width=\"1019\" height=\"764\" \/><\/p>\n<p>&nbsp;<\/p>\n<p>A partir de alli el camino empieza a subir bastante, y poco despu\u00e9s caminamos ya por un suelo de cemento, y despu\u00e9s escaleras, suponemos que para evitar desprendimientos , pasando por un mirador desde donde podemos admirar el paisaje.<\/p>\n<p><img loading=\"lazy\" decoding=\"async\" class=\"alignnone\" src=\"https:\/\/c8.staticflickr.com\/8\/7613\/28061646975_9867d8bf91_b.jpg\" width=\"1019\" height=\"764\" \/><\/p>\n<p><img loading=\"lazy\" decoding=\"async\" class=\"alignnone\" src=\"https:\/\/c5.staticflickr.com\/8\/7278\/28027866876_b158dece27_b.jpg\" width=\"1019\" height=\"764\" \/><\/p>\n<p><img loading=\"lazy\" decoding=\"async\" class=\"alignnone\" src=\"https:\/\/c2.staticflickr.com\/8\/7078\/28061644745_598f82b545_b.jpg\" width=\"1019\" height=\"764\" \/><\/p>\n<p>&nbsp;<\/p>\n<p>Finalmente llegamos arriba, desde donde tenemos unas magnificas vistas a 360\u00ba y una \u00abmesa de orientaci\u00f3n\u00bb , pero debido a que el dia estaba con el cielo algo \u00absucio\u00bb, no podemos ver muy lejos.<\/p>\n<p><img loading=\"lazy\" decoding=\"async\" class=\"alignnone\" src=\"https:\/\/c2.staticflickr.com\/8\/7637\/27447489353_a881b6f61d_b.jpg\" width=\"1019\" height=\"764\" \/><\/p>\n<p><img loading=\"lazy\" decoding=\"async\" class=\"alignnone\" src=\"https:\/\/c2.staticflickr.com\/8\/7381\/27984535521_6121270d0b_b.jpg\" width=\"1019\" height=\"764\" \/><\/p>\n<p>&nbsp;<\/p>\n<p><img loading=\"lazy\" decoding=\"async\" class=\"alignnone\" src=\"https:\/\/c2.staticflickr.com\/8\/7622\/27447481433_de0582aa49_b.jpg\" width=\"1019\" height=\"764\" \/><\/p>\n<p>&nbsp;<\/p>\n<p style=\"text-align: justify;\">Iniciamos despu\u00e9s el camino de vuelta, de momento por el mismo sitio que la subida, hasta que llegamos al punto antes indicado, donde cogemos el camino que baja por nuestra izquierda, que pasa entre los arboles y muy sombr\u00edo. (El Cam\u00ed Vell de Sant Jeroni)<\/p>\n<p style=\"text-align: justify;\">\u00a0<\/p>\n<p style=\"text-align: justify;\"><img loading=\"lazy\" decoding=\"async\" class=\"alignnone\" src=\"https:\/\/c3.staticflickr.com\/8\/7380\/27959147242_9dfb55ff9b_b.jpg\" width=\"1019\" height=\"764\" \/><\/p>\n<p>&nbsp;<\/p>\n<p>El camino va bajando y podemos ver el paisaje que hemos visto a la subida, pero desde una situaci\u00f3n much m\u00e1s baja, y tambi\u00e9n varios escaladores practicando en las grandes rocas que nos rodean.<\/p>\n<p>&nbsp;<\/p>\n<p><img loading=\"lazy\" decoding=\"async\" class=\"alignnone\" src=\"https:\/\/c1.staticflickr.com\/8\/7512\/27959142032_fb1d003662_b.jpg\" width=\"1024\" height=\"720\" \/><\/p>\n<p>&nbsp;<\/p>\n<p style=\"text-align: justify;\">El tramo final del descenso es de una fuerte pendiente, por lo que se baja por escaleras, y poco despu\u00e9s ya podemos ver el Monasterio desde arriba.<\/p>\n<p><img loading=\"lazy\" decoding=\"async\" class=\"alignnone\" src=\"https:\/\/c8.staticflickr.com\/8\/7354\/28061623255_7a70c847bc_b.jpg\" width=\"1019\" height=\"764\" \/><\/p>\n<p><img loading=\"lazy\" decoding=\"async\" class=\"alignnone\" src=\"https:\/\/c3.staticflickr.com\/8\/7407\/27781093050_8b2c7232e7_b.jpg\" width=\"1019\" height=\"764\" \/><\/p>\n<p>&nbsp;<\/p>\n<hr \/>\n<p>&nbsp;<\/p>\n<h3><strong>Track de la ruta<\/strong><\/h3>\n<p><strong><span style=\"color: #ff0000;\">Nota : en algun punto de la bajada, el GPS perdi\u00f3 cobertura, por lo que se v\u00e9 algun \u00absalto\u00bb en el track<\/span><\/strong><\/p>\n<p>&nbsp;<\/p>\n<p>[sgpx gpx=\u00bb\/wp-content\/uploads\/gpx\/Montserrat-St.Jeroni.gpx\u00bb]<\/p>\n<hr \/>\n<p>&nbsp;<\/p>\n<h3><strong>Album de fotos<\/strong><\/h3>\n<p>&nbsp;<\/p>\n<p><a href=\"https:\/\/photos.app.goo.gl\/QQBhVeLpCtQquPW26\" target=\"_blank\" rel=\"noopener noreferrer\"><img loading=\"lazy\" decoding=\"async\" class=\"aligncenter wp-image-8688 size-column4-4\/5\" src=\"http:\/\/www.carlosyconchita.net\/rutas\/wp-content\/uploads\/2016\/07\/P7036009-240x192.jpg\" alt=\"P7036009\" width=\"240\" height=\"192\" srcset=\"https:\/\/www.carlosyconchita.net\/rutas\/wp-content\/uploads\/2016\/07\/P7036009-240x192.jpg 240w, https:\/\/www.carlosyconchita.net\/rutas\/wp-content\/uploads\/2016\/07\/P7036009-250x200.jpg 250w, https:\/\/www.carlosyconchita.net\/rutas\/wp-content\/uploads\/2016\/07\/P7036009-960x764.jpg 960w, https:\/\/www.carlosyconchita.net\/rutas\/wp-content\/uploads\/2016\/07\/P7036009-480x384.jpg 480w, https:\/\/www.carlosyconchita.net\/rutas\/wp-content\/uploads\/2016\/07\/P7036009-320x256.jpg 320w\" sizes=\"auto, (max-width: 240px) 100vw, 240px\" \/><\/a><\/p>\n<hr \/>\n<p>&nbsp;<\/p>\n<h3><strong>Enlace Wikiloc<\/strong><\/h3>\n<p><a href=\"http:\/\/es.wikiloc.com\/wikiloc\/view.do?id=13987005\" target=\"_blank\" rel=\"noopener noreferrer\"><img loading=\"lazy\" decoding=\"async\" class=\"size-full wp-image-958 aligncenter\" src=\"http:\/\/www.carlosyconchita.net\/rutas\/wp-content\/uploads\/2020\/09\/wikiloc.jpg\" alt=\"wikiloc\" width=\"117\" height=\"34\" \/><\/a><\/p>\n<p>&nbsp;<\/p>\n<hr \/>\n<p style=\"text-align: justify;\"><span style=\"color: #ff0000; background-color: #ffffff; font-size: 14pt;\"><strong>Si te ha gustado, comp\u00e1rtelo en tu red favorita,\u00a0 haz +1, o env\u00edanos tu comentario.<br \/>\n<\/strong><\/span><\/p>\n<p><span style=\"font-size: 14pt;\"><strong><span style=\"color: #ff0000;\">Muchas gracias !<\/span><\/strong><\/span><\/p>\n<hr \/>\n<p style=\"text-align: justify;\"><strong><span style=\"color: #008000;\">Suscribete si quieres recibir un mail cuando publiquemos nuevas rutas : no enviamos publicidad y como m\u00e1ximo enviamos 2 mails al mes<\/span><\/strong><\/p>\n<p>[wysija_form id=\u00bb1&#8243;]<\/p>\n<hr \/>\n<h3>Puedes imprimir esta publicaci\u00f3n o guardarla en diferentes formatos :<\/h3>\n<p><span style=\"color: #ff0000; font-size: 14pt;\">Para facilitar la impresi\u00f3n, se ha reducido considerablemente el tama\u00f1o de las fotos, pero si deseas imprimir sin fotos, aconsejamos guardarlo como \u201cdoc\u201d, y antes de imprimirlo, eliminar las fotos<\/span><\/p>\n<p><span style=\"color: #ff0000;\">\u00a0<\/span><\/p>\n","protected":false},"excerpt":{"rendered":"<p>Esta semana que no hemos ido a la Cerdanya , nos decidimos a hacer una caminata por aqui cerca, por lo que elegimos esta ruta por Montserrat. Al ser domingo, y por temor que a la hora de la bajada hubiera mucha gente en el telef\u00e9rico , finalmente nos hemos ido en coche hasta el [&hellip;]<\/p>\n","protected":false},"author":50,"featured_media":8688,"comment_status":"open","ping_status":"open","sticky":false,"template":"","format":"standard","meta":{"footnotes":""},"categories":[10,106,105,22,70],"tags":[],"class_list":{"0":"post-8686","1":"post","2":"type-post","3":"status-publish","4":"format-standard","5":"has-post-thumbnail","6":"hentry","7":"category-facil","8":"category-nuestros-100-cims","9":"category-100-cims-feec","10":"category-de-05-a-10-km","11":"category-montserrat","13":"post-with-thumbnail","14":"post-with-thumbnail-icon"},"yoast_head":"<!-- This site is optimized with the Yoast SEO plugin v27.4 - https:\/\/yoast.com\/product\/yoast-seo-wordpress\/ -->\n<title>03-07-2016 - Sant Jeroni (Montserrat) (100 Cims) -<\/title>\n<meta name=\"robots\" content=\"index, follow, max-snippet:-1, max-image-preview:large, max-video-preview:-1\" \/>\n<link rel=\"canonical\" href=\"https:\/\/www.carlosyconchita.net\/rutas\/03-07-2016-sant-jeroni-montserrat\/\" \/>\n<meta property=\"og:locale\" content=\"es_ES\" \/>\n<meta property=\"og:type\" content=\"article\" \/>\n<meta property=\"og:title\" content=\"03-07-2016 - Sant Jeroni (Montserrat) (100 Cims) -\" \/>\n<meta property=\"og:description\" content=\"Esta semana que no hemos ido a la Cerdanya , nos decidimos a hacer una caminata por aqui cerca, por lo que elegimos esta ruta por Montserrat. Al ser domingo, y por temor que a la hora de la bajada hubiera mucha gente en el telef\u00e9rico , finalmente nos hemos ido en coche hasta el [&hellip;]\" \/>\n<meta property=\"og:url\" content=\"https:\/\/www.carlosyconchita.net\/rutas\/03-07-2016-sant-jeroni-montserrat\/\" \/>\n<meta property=\"og:site_name\" content=\"Las rutas de Carlos y Conchita\" \/>\n<meta property=\"article:published_time\" content=\"2016-07-03T19:40:15+00:00\" \/>\n<meta property=\"article:modified_time\" content=\"2021-11-20T18:18:34+00:00\" \/>\n<meta property=\"og:image\" content=\"https:\/\/www.carlosyconchita.net\/rutas\/wp-content\/uploads\/2016\/07\/P7036009.jpg\" \/>\n\t<meta property=\"og:image:width\" content=\"1019\" \/>\n\t<meta property=\"og:image:height\" content=\"764\" \/>\n\t<meta property=\"og:image:type\" content=\"image\/jpeg\" \/>\n<meta name=\"author\" content=\"Carlos Conchita\" \/>\n<meta name=\"twitter:label1\" content=\"Escrito por\" \/>\n\t<meta name=\"twitter:data1\" content=\"Carlos Conchita\" \/>\n\t<meta name=\"twitter:label2\" content=\"Tiempo de lectura\" \/>\n\t<meta name=\"twitter:data2\" content=\"4 minutos\" \/>\n<script type=\"application\/ld+json\" class=\"yoast-schema-graph\">{\"@context\":\"https:\\\/\\\/schema.org\",\"@graph\":[{\"@type\":\"Article\",\"@id\":\"https:\\\/\\\/www.carlosyconchita.net\\\/rutas\\\/03-07-2016-sant-jeroni-montserrat\\\/#article\",\"isPartOf\":{\"@id\":\"https:\\\/\\\/www.carlosyconchita.net\\\/rutas\\\/03-07-2016-sant-jeroni-montserrat\\\/\"},\"author\":{\"name\":\"Carlos Conchita\",\"@id\":\"https:\\\/\\\/www.carlosyconchita.net\\\/rutas\\\/#\\\/schema\\\/person\\\/a9691f7258c28443fab2d3aa1479ea19\"},\"headline\":\"03-07-2016 &#8211; Sant Jeroni (Montserrat) (100 Cims)\",\"datePublished\":\"2016-07-03T19:40:15+00:00\",\"dateModified\":\"2021-11-20T18:18:34+00:00\",\"mainEntityOfPage\":{\"@id\":\"https:\\\/\\\/www.carlosyconchita.net\\\/rutas\\\/03-07-2016-sant-jeroni-montserrat\\\/\"},\"wordCount\":718,\"commentCount\":0,\"image\":{\"@id\":\"https:\\\/\\\/www.carlosyconchita.net\\\/rutas\\\/03-07-2016-sant-jeroni-montserrat\\\/#primaryimage\"},\"thumbnailUrl\":\"https:\\\/\\\/www.carlosyconchita.net\\\/rutas\\\/wp-content\\\/uploads\\\/2016\\\/07\\\/P7036009.jpg\",\"articleSection\":[\"1-F\u00e1cil\",\"100 Cims Carlos y Conchita\",\"100 Cims FEEC\",\"2 - De 5 a 10 km.\",\"Montserrat\"],\"inLanguage\":\"es\",\"potentialAction\":[{\"@type\":\"CommentAction\",\"name\":\"Comment\",\"target\":[\"https:\\\/\\\/www.carlosyconchita.net\\\/rutas\\\/03-07-2016-sant-jeroni-montserrat\\\/#respond\"]}]},{\"@type\":\"WebPage\",\"@id\":\"https:\\\/\\\/www.carlosyconchita.net\\\/rutas\\\/03-07-2016-sant-jeroni-montserrat\\\/\",\"url\":\"https:\\\/\\\/www.carlosyconchita.net\\\/rutas\\\/03-07-2016-sant-jeroni-montserrat\\\/\",\"name\":\"03-07-2016 - Sant Jeroni (Montserrat) (100 Cims) -\",\"isPartOf\":{\"@id\":\"https:\\\/\\\/www.carlosyconchita.net\\\/rutas\\\/#website\"},\"primaryImageOfPage\":{\"@id\":\"https:\\\/\\\/www.carlosyconchita.net\\\/rutas\\\/03-07-2016-sant-jeroni-montserrat\\\/#primaryimage\"},\"image\":{\"@id\":\"https:\\\/\\\/www.carlosyconchita.net\\\/rutas\\\/03-07-2016-sant-jeroni-montserrat\\\/#primaryimage\"},\"thumbnailUrl\":\"https:\\\/\\\/www.carlosyconchita.net\\\/rutas\\\/wp-content\\\/uploads\\\/2016\\\/07\\\/P7036009.jpg\",\"datePublished\":\"2016-07-03T19:40:15+00:00\",\"dateModified\":\"2021-11-20T18:18:34+00:00\",\"author\":{\"@id\":\"https:\\\/\\\/www.carlosyconchita.net\\\/rutas\\\/#\\\/schema\\\/person\\\/a9691f7258c28443fab2d3aa1479ea19\"},\"breadcrumb\":{\"@id\":\"https:\\\/\\\/www.carlosyconchita.net\\\/rutas\\\/03-07-2016-sant-jeroni-montserrat\\\/#breadcrumb\"},\"inLanguage\":\"es\",\"potentialAction\":[{\"@type\":\"ReadAction\",\"target\":[\"https:\\\/\\\/www.carlosyconchita.net\\\/rutas\\\/03-07-2016-sant-jeroni-montserrat\\\/\"]}]},{\"@type\":\"ImageObject\",\"inLanguage\":\"es\",\"@id\":\"https:\\\/\\\/www.carlosyconchita.net\\\/rutas\\\/03-07-2016-sant-jeroni-montserrat\\\/#primaryimage\",\"url\":\"https:\\\/\\\/www.carlosyconchita.net\\\/rutas\\\/wp-content\\\/uploads\\\/2016\\\/07\\\/P7036009.jpg\",\"contentUrl\":\"https:\\\/\\\/www.carlosyconchita.net\\\/rutas\\\/wp-content\\\/uploads\\\/2016\\\/07\\\/P7036009.jpg\",\"width\":1019,\"height\":764},{\"@type\":\"BreadcrumbList\",\"@id\":\"https:\\\/\\\/www.carlosyconchita.net\\\/rutas\\\/03-07-2016-sant-jeroni-montserrat\\\/#breadcrumb\",\"itemListElement\":[{\"@type\":\"ListItem\",\"position\":1,\"name\":\"Portada\",\"item\":\"https:\\\/\\\/www.carlosyconchita.net\\\/rutas\\\/\"},{\"@type\":\"ListItem\",\"position\":2,\"name\":\"03-07-2016 &#8211; Sant Jeroni (Montserrat) (100 Cims)\"}]},{\"@type\":\"WebSite\",\"@id\":\"https:\\\/\\\/www.carlosyconchita.net\\\/rutas\\\/#website\",\"url\":\"https:\\\/\\\/www.carlosyconchita.net\\\/rutas\\\/\",\"name\":\"Las rutas de Carlos y Conchita\",\"description\":\"\",\"potentialAction\":[{\"@type\":\"SearchAction\",\"target\":{\"@type\":\"EntryPoint\",\"urlTemplate\":\"https:\\\/\\\/www.carlosyconchita.net\\\/rutas\\\/?s={search_term_string}\"},\"query-input\":{\"@type\":\"PropertyValueSpecification\",\"valueRequired\":true,\"valueName\":\"search_term_string\"}}],\"inLanguage\":\"es\"},{\"@type\":\"Person\",\"@id\":\"https:\\\/\\\/www.carlosyconchita.net\\\/rutas\\\/#\\\/schema\\\/person\\\/a9691f7258c28443fab2d3aa1479ea19\",\"name\":\"Carlos Conchita\",\"image\":{\"@type\":\"ImageObject\",\"inLanguage\":\"es\",\"@id\":\"https:\\\/\\\/secure.gravatar.com\\\/avatar\\\/3a4625b20c8da3de99da69bfe7a322774e291c3f90dce7e8778a30fe6748ed1a?s=96&d=mm&r=g\",\"url\":\"https:\\\/\\\/secure.gravatar.com\\\/avatar\\\/3a4625b20c8da3de99da69bfe7a322774e291c3f90dce7e8778a30fe6748ed1a?s=96&d=mm&r=g\",\"contentUrl\":\"https:\\\/\\\/secure.gravatar.com\\\/avatar\\\/3a4625b20c8da3de99da69bfe7a322774e291c3f90dce7e8778a30fe6748ed1a?s=96&d=mm&r=g\",\"caption\":\"Carlos Conchita\"}}]}<\/script>\n<!-- \/ Yoast SEO plugin. -->","yoast_head_json":{"title":"03-07-2016 - Sant Jeroni (Montserrat) (100 Cims) -","robots":{"index":"index","follow":"follow","max-snippet":"max-snippet:-1","max-image-preview":"max-image-preview:large","max-video-preview":"max-video-preview:-1"},"canonical":"https:\/\/www.carlosyconchita.net\/rutas\/03-07-2016-sant-jeroni-montserrat\/","og_locale":"es_ES","og_type":"article","og_title":"03-07-2016 - Sant Jeroni (Montserrat) (100 Cims) -","og_description":"Esta semana que no hemos ido a la Cerdanya , nos decidimos a hacer una caminata por aqui cerca, por lo que elegimos esta ruta por Montserrat. Al ser domingo, y por temor que a la hora de la bajada hubiera mucha gente en el telef\u00e9rico , finalmente nos hemos ido en coche hasta el [&hellip;]","og_url":"https:\/\/www.carlosyconchita.net\/rutas\/03-07-2016-sant-jeroni-montserrat\/","og_site_name":"Las rutas de Carlos y Conchita","article_published_time":"2016-07-03T19:40:15+00:00","article_modified_time":"2021-11-20T18:18:34+00:00","og_image":[{"width":1019,"height":764,"url":"https:\/\/www.carlosyconchita.net\/rutas\/wp-content\/uploads\/2016\/07\/P7036009.jpg","type":"image\/jpeg"}],"author":"Carlos Conchita","twitter_misc":{"Escrito por":"Carlos Conchita","Tiempo de lectura":"4 minutos"},"schema":{"@context":"https:\/\/schema.org","@graph":[{"@type":"Article","@id":"https:\/\/www.carlosyconchita.net\/rutas\/03-07-2016-sant-jeroni-montserrat\/#article","isPartOf":{"@id":"https:\/\/www.carlosyconchita.net\/rutas\/03-07-2016-sant-jeroni-montserrat\/"},"author":{"name":"Carlos Conchita","@id":"https:\/\/www.carlosyconchita.net\/rutas\/#\/schema\/person\/a9691f7258c28443fab2d3aa1479ea19"},"headline":"03-07-2016 &#8211; Sant Jeroni (Montserrat) (100 Cims)","datePublished":"2016-07-03T19:40:15+00:00","dateModified":"2021-11-20T18:18:34+00:00","mainEntityOfPage":{"@id":"https:\/\/www.carlosyconchita.net\/rutas\/03-07-2016-sant-jeroni-montserrat\/"},"wordCount":718,"commentCount":0,"image":{"@id":"https:\/\/www.carlosyconchita.net\/rutas\/03-07-2016-sant-jeroni-montserrat\/#primaryimage"},"thumbnailUrl":"https:\/\/www.carlosyconchita.net\/rutas\/wp-content\/uploads\/2016\/07\/P7036009.jpg","articleSection":["1-F\u00e1cil","100 Cims Carlos y Conchita","100 Cims FEEC","2 - De 5 a 10 km.","Montserrat"],"inLanguage":"es","potentialAction":[{"@type":"CommentAction","name":"Comment","target":["https:\/\/www.carlosyconchita.net\/rutas\/03-07-2016-sant-jeroni-montserrat\/#respond"]}]},{"@type":"WebPage","@id":"https:\/\/www.carlosyconchita.net\/rutas\/03-07-2016-sant-jeroni-montserrat\/","url":"https:\/\/www.carlosyconchita.net\/rutas\/03-07-2016-sant-jeroni-montserrat\/","name":"03-07-2016 - Sant Jeroni (Montserrat) (100 Cims) -","isPartOf":{"@id":"https:\/\/www.carlosyconchita.net\/rutas\/#website"},"primaryImageOfPage":{"@id":"https:\/\/www.carlosyconchita.net\/rutas\/03-07-2016-sant-jeroni-montserrat\/#primaryimage"},"image":{"@id":"https:\/\/www.carlosyconchita.net\/rutas\/03-07-2016-sant-jeroni-montserrat\/#primaryimage"},"thumbnailUrl":"https:\/\/www.carlosyconchita.net\/rutas\/wp-content\/uploads\/2016\/07\/P7036009.jpg","datePublished":"2016-07-03T19:40:15+00:00","dateModified":"2021-11-20T18:18:34+00:00","author":{"@id":"https:\/\/www.carlosyconchita.net\/rutas\/#\/schema\/person\/a9691f7258c28443fab2d3aa1479ea19"},"breadcrumb":{"@id":"https:\/\/www.carlosyconchita.net\/rutas\/03-07-2016-sant-jeroni-montserrat\/#breadcrumb"},"inLanguage":"es","potentialAction":[{"@type":"ReadAction","target":["https:\/\/www.carlosyconchita.net\/rutas\/03-07-2016-sant-jeroni-montserrat\/"]}]},{"@type":"ImageObject","inLanguage":"es","@id":"https:\/\/www.carlosyconchita.net\/rutas\/03-07-2016-sant-jeroni-montserrat\/#primaryimage","url":"https:\/\/www.carlosyconchita.net\/rutas\/wp-content\/uploads\/2016\/07\/P7036009.jpg","contentUrl":"https:\/\/www.carlosyconchita.net\/rutas\/wp-content\/uploads\/2016\/07\/P7036009.jpg","width":1019,"height":764},{"@type":"BreadcrumbList","@id":"https:\/\/www.carlosyconchita.net\/rutas\/03-07-2016-sant-jeroni-montserrat\/#breadcrumb","itemListElement":[{"@type":"ListItem","position":1,"name":"Portada","item":"https:\/\/www.carlosyconchita.net\/rutas\/"},{"@type":"ListItem","position":2,"name":"03-07-2016 &#8211; Sant Jeroni (Montserrat) (100 Cims)"}]},{"@type":"WebSite","@id":"https:\/\/www.carlosyconchita.net\/rutas\/#website","url":"https:\/\/www.carlosyconchita.net\/rutas\/","name":"Las rutas de Carlos y Conchita","description":"","potentialAction":[{"@type":"SearchAction","target":{"@type":"EntryPoint","urlTemplate":"https:\/\/www.carlosyconchita.net\/rutas\/?s={search_term_string}"},"query-input":{"@type":"PropertyValueSpecification","valueRequired":true,"valueName":"search_term_string"}}],"inLanguage":"es"},{"@type":"Person","@id":"https:\/\/www.carlosyconchita.net\/rutas\/#\/schema\/person\/a9691f7258c28443fab2d3aa1479ea19","name":"Carlos Conchita","image":{"@type":"ImageObject","inLanguage":"es","@id":"https:\/\/secure.gravatar.com\/avatar\/3a4625b20c8da3de99da69bfe7a322774e291c3f90dce7e8778a30fe6748ed1a?s=96&d=mm&r=g","url":"https:\/\/secure.gravatar.com\/avatar\/3a4625b20c8da3de99da69bfe7a322774e291c3f90dce7e8778a30fe6748ed1a?s=96&d=mm&r=g","contentUrl":"https:\/\/secure.gravatar.com\/avatar\/3a4625b20c8da3de99da69bfe7a322774e291c3f90dce7e8778a30fe6748ed1a?s=96&d=mm&r=g","caption":"Carlos Conchita"}}]}},"_links":{"self":[{"href":"https:\/\/www.carlosyconchita.net\/rutas\/wp-json\/wp\/v2\/posts\/8686","targetHints":{"allow":["GET"]}}],"collection":[{"href":"https:\/\/www.carlosyconchita.net\/rutas\/wp-json\/wp\/v2\/posts"}],"about":[{"href":"https:\/\/www.carlosyconchita.net\/rutas\/wp-json\/wp\/v2\/types\/post"}],"author":[{"embeddable":true,"href":"https:\/\/www.carlosyconchita.net\/rutas\/wp-json\/wp\/v2\/users\/50"}],"replies":[{"embeddable":true,"href":"https:\/\/www.carlosyconchita.net\/rutas\/wp-json\/wp\/v2\/comments?post=8686"}],"version-history":[{"count":0,"href":"https:\/\/www.carlosyconchita.net\/rutas\/wp-json\/wp\/v2\/posts\/8686\/revisions"}],"wp:featuredmedia":[{"embeddable":true,"href":"https:\/\/www.carlosyconchita.net\/rutas\/wp-json\/wp\/v2\/media\/8688"}],"wp:attachment":[{"href":"https:\/\/www.carlosyconchita.net\/rutas\/wp-json\/wp\/v2\/media?parent=8686"}],"wp:term":[{"taxonomy":"category","embeddable":true,"href":"https:\/\/www.carlosyconchita.net\/rutas\/wp-json\/wp\/v2\/categories?post=8686"},{"taxonomy":"post_tag","embeddable":true,"href":"https:\/\/www.carlosyconchita.net\/rutas\/wp-json\/wp\/v2\/tags?post=8686"}],"curies":[{"name":"wp","href":"https:\/\/api.w.org\/{rel}","templated":true}]}}