{"id":8775,"date":"2016-08-19T19:14:27","date_gmt":"2016-08-19T18:14:27","guid":{"rendered":"http:\/\/www.carlosyconchita.net\/rutas\/?p=8775"},"modified":"2021-02-27T19:49:13","modified_gmt":"2021-02-27T18:49:13","slug":"19-08-2016-pic-la-coma-dor","status":"publish","type":"post","link":"https:\/\/www.carlosyconchita.net\/rutas\/19-08-2016-pic-la-coma-dor\/","title":{"rendered":"19-08-2016 &#8211; Pic de la Coma d&#8217;Or"},"content":{"rendered":"<p style=\"text-align: justify;\">Subida al Pic de la Coma d&#8217;Or, con nuestros amigos Asun y Luis.<\/p>\n<p style=\"text-align: justify;\">En el Coll de Puymorens dejamos la carretera y cogemos un camino de tierra a nuestra derecha (subiendo desde el pueblo de Port\u00e9-Puymorens) y dejamos el coche unos 2.5 km. m\u00e1s arriba, al lado de una peque\u00f1a presa.<\/p>\n<p style=\"text-align: justify;\">Desde all\u00ed empezamos a subir hacia la Portella de la Coma d&#8217;en Garc\u00eda, y descendemos despu\u00e9s un poco hasta llegar a la altura del lago de la Coma d&#8217;Or, donde hab\u00edamos estado anteriormente en 2 ocasiones :<\/p>\n<p style=\"text-align: justify;\"><a href=\"http:\/\/www.carlosyconchita.net\/rutas\/01-11-2012-estany-de-coma-dor\/\" target=\"_blank\" rel=\"noopener noreferrer\"><strong><span style=\"color: #0000ff;\">01-11-2012 \u2013 Estany de Coma D\u2019Or<\/span><\/strong><\/a><\/p>\n<p style=\"text-align: justify;\"><a href=\"http:\/\/www.carlosyconchita.net\/rutas\/11-09-2014-lago-coma-dor-y-portella-de-lanos\/\" target=\"_blank\" rel=\"noopener noreferrer\"><strong><span style=\"color: #0000ff;\">11-09-2014 \u2013 Lago Coma d\u2019Or y Portella de Lan\u00f3s<\/span><\/strong><\/a><\/p>\n<p>&nbsp;<\/p>\n<p style=\"text-align: justify;\">Desde la zona del lago, ya vemos perfectamente el camino de subida al Pic, desde donde tenemos una bonita vista del lago de Lan\u00f3s\u00a0 ( ver\u00a0\u00a0\u00a0<a href=\"http:\/\/www.carlosyconchita.net\/rutas\/24-09-2012-lago-de-lanos-o-lanoux\/\" target=\"_blank\" rel=\"noopener noreferrer\"><strong><span style=\"color: #0000ff;\"> 24-09-2011 \u2013 Lagos de Lan\u00f3s, Passet y Font-Viva<\/span><\/strong><\/a> )\u00a0 y tambi\u00e9n un poco del lago de Besines.\u00a0 ( ver <a href=\"http:\/\/www.carlosyconchita.net\/rutas\/13-09-2014-lago-de-besines\/\" target=\"_blank\" rel=\"noopener noreferrer\"><strong><span style=\"color: #0000ff;\">13-09-2014 \u2013 Lago de Besines<\/span><\/strong><\/a>\u00a0 )<\/p>\n<p>Arriba en el Pic de la Coma d&#8217;Or, que tiene 2 \u00abpicos\u00bb separados unos pocos metros, para llegar hasta el segundo debemos pasar por una zona algo dificililla entre las piedras, pero con cuidado y lentamente no hay problema.<\/p>\n<p>&nbsp;<\/p>\n<p><strong>Dificultad<\/strong> :\u00a0\u00a0\u00a0 Moderada<\/p>\n<p><strong>Distancia total<\/strong> :\u00a0\u00a0\u00a0\u00a0 9.968\u00a0 <span class=\"totlen\"><span class=\"summaryvalue\">m<\/span><\/span><\/p>\n<p><strong>Alturas m\u00ednima \/ m\u00e1xima<\/strong> :\u00a0\u00a0\u00a0\u00a0\u00a0 2.125 m. \u00a0 \/\u00a0\u00a0 2.826<span class=\"maxele\"><span class=\"summaryvalue\"> m<\/span><\/span>.<\/p>\n<p><strong>Desnivel acumulado (s\/Wikiloc)<\/strong>\u00a0 :\u00a0 \u00a0 777\u00a0 m.<\/p>\n<p><strong>Tiempo total \/ en movimiento<\/strong> :\u00a0\u00a0\u00a0\u00a0\u00a0\u00a0\u00a0 3\u201906 h. \u2013\u00a0 6\u201919\u00a0 h.<\/p>\n<p><strong>Velocidad media total \/ velocidad media movimiento<\/strong> :\u00a0\u00a0 1\u201951 km\/h \u2013\u00a0 3\u201912\u00a0 km\/h<\/p>\n<hr \/>\n<p><img loading=\"lazy\" decoding=\"async\" class=\"alignnone size-full\" src=\"https:\/\/c1.staticflickr.com\/9\/8262\/29056606056_8c8cddfd40_b.jpg\" alt=\"\" width=\"1019\" height=\"764\" \/><\/p>\n<p><img loading=\"lazy\" decoding=\"async\" class=\"alignnone size-full\" src=\"https:\/\/c5.staticflickr.com\/9\/8166\/29056603316_4215b37003_b.jpg\" alt=\"\" width=\"1019\" height=\"764\" \/><\/p>\n<p><img loading=\"lazy\" decoding=\"async\" class=\"alignnone size-full\" src=\"https:\/\/c5.staticflickr.com\/9\/8144\/28468184004_b42488b7a9_b.jpg\" alt=\"\" width=\"1019\" height=\"764\" \/><\/p>\n<p><img loading=\"lazy\" decoding=\"async\" class=\"alignnone size-full\" src=\"https:\/\/c8.staticflickr.com\/9\/8546\/29012564191_b566861fe9_b.jpg\" alt=\"\" width=\"1019\" height=\"764\" \/><\/p>\n<p><img loading=\"lazy\" decoding=\"async\" class=\"alignnone size-full\" src=\"https:\/\/c6.staticflickr.com\/9\/8503\/29012558061_e50569c428_b.jpg\" alt=\"\" width=\"1019\" height=\"764\" \/><\/p>\n<p><img loading=\"lazy\" decoding=\"async\" class=\"alignnone size-full\" src=\"https:\/\/c8.staticflickr.com\/9\/8555\/28471255903_f31eeb02ac_b.jpg\" alt=\"\" width=\"1019\" height=\"764\" \/><\/p>\n<p><img loading=\"lazy\" decoding=\"async\" class=\"alignnone size-full\" src=\"https:\/\/c4.staticflickr.com\/9\/8291\/28471253363_c7b6c07a73_b.jpg\" alt=\"\" width=\"1019\" height=\"764\" \/><\/p>\n<p>&nbsp;<\/p>\n<p>&nbsp;<\/p>\n<p>&nbsp;<\/p>\n<p>&nbsp;<\/p>\n<p>&nbsp;<\/p>\n<h3><strong>Track de la ruta<\/strong><\/h3>\n<p>[sgpx gpx=\u00bb\/wp-content\/uploads\/gpx\/Pic Coma d&#8217;Or.gpx\u00bb]<\/p>\n<hr \/>\n<p>&nbsp;<\/p>\n<h3><strong>Album de fotos<\/strong><\/h3>\n<p><a href=\"https:\/\/photos.app.goo.gl\/BtKTnDnZwHrK4Vnt8\" target=\"_blank\" rel=\"noopener noreferrer\"><img loading=\"lazy\" decoding=\"async\" class=\"aligncenter wp-image-8776 size-column4-4\/5\" src=\"http:\/\/www.carlosyconchita.net\/rutas\/wp-content\/uploads\/2016\/08\/PicComaDor0038a-240x192.jpg\" alt=\"PicComaDor0038a\" width=\"240\" height=\"192\" srcset=\"https:\/\/www.carlosyconchita.net\/rutas\/wp-content\/uploads\/2016\/08\/PicComaDor0038a-240x192.jpg 240w, https:\/\/www.carlosyconchita.net\/rutas\/wp-content\/uploads\/2016\/08\/PicComaDor0038a-250x200.jpg 250w, https:\/\/www.carlosyconchita.net\/rutas\/wp-content\/uploads\/2016\/08\/PicComaDor0038a-960x764.jpg 960w, https:\/\/www.carlosyconchita.net\/rutas\/wp-content\/uploads\/2016\/08\/PicComaDor0038a-480x384.jpg 480w, https:\/\/www.carlosyconchita.net\/rutas\/wp-content\/uploads\/2016\/08\/PicComaDor0038a-320x256.jpg 320w\" sizes=\"auto, (max-width: 240px) 100vw, 240px\" \/><\/a><\/p>\n<hr \/>\n<h3><strong>Enlace Wikiloc<\/strong><\/h3>\n<p><a href=\"http:\/\/es.wikiloc.com\/wikiloc\/view.do?id=14433195\" target=\"_blank\" rel=\"noopener noreferrer\"><img loading=\"lazy\" decoding=\"async\" class=\"size-full wp-image-958 aligncenter\" src=\"http:\/\/www.carlosyconchita.net\/rutas\/wp-content\/uploads\/2020\/09\/wikiloc.jpg\" alt=\"wikiloc\" width=\"117\" height=\"34\" \/><\/a><\/p>\n<hr \/>\n<p style=\"text-align: justify;\">\u00a0<\/p>\n<p style=\"text-align: justify;\"><span style=\"color: #ff0000; background-color: #ffffff; font-size: 14pt;\"><strong>Si te ha gustado, comp\u00e1rtelo en tu red favorita,\u00a0 haz +1, o env\u00edanos tu comentario.<br \/>\n<\/strong><\/span><\/p>\n<p><span style=\"font-size: 14pt;\"><strong><span style=\"color: #ff0000;\">Muchas gracias !<\/span><\/strong><\/span><\/p>\n<hr \/>\n<p style=\"text-align: justify;\"><strong><span style=\"color: #008000;\">Suscribete si quieres recibir un mail cuando publiquemos nuevas rutas : no enviamos publicidad y como m\u00e1ximo enviamos 2 mails al mes<\/span><\/strong><\/p>\n<p>[wysija_form id=\u00bb1&#8243;]<\/p>\n","protected":false},"excerpt":{"rendered":"<p>Subida al Pic de la Coma d&#8217;Or, con nuestros amigos Asun y Luis. En el Coll de Puymorens dejamos la carretera y cogemos un camino de tierra a nuestra derecha (subiendo desde el pueblo de Port\u00e9-Puymorens) y dejamos el coche unos 2.5 km. m\u00e1s arriba, al lado de una peque\u00f1a presa. Desde all\u00ed empezamos a [&hellip;]<\/p>\n","protected":false},"author":50,"featured_media":8776,"comment_status":"open","ping_status":"open","sticky":false,"template":"","format":"standard","meta":{"footnotes":""},"categories":[106,22,11,25],"tags":[],"class_list":{"0":"post-8775","1":"post","2":"type-post","3":"status-publish","4":"format-standard","5":"has-post-thumbnail","6":"hentry","7":"category-nuestros-100-cims","8":"category-de-05-a-10-km","9":"category-moderada","10":"category-porte-puymorens","12":"post-with-thumbnail","13":"post-with-thumbnail-icon"},"yoast_head":"<!-- This site is optimized with the Yoast SEO plugin v27.4 - https:\/\/yoast.com\/product\/yoast-seo-wordpress\/ -->\n<title>19-08-2016 - Pic de la Coma d&#039;Or -<\/title>\n<meta name=\"robots\" content=\"index, follow, max-snippet:-1, max-image-preview:large, max-video-preview:-1\" \/>\n<link rel=\"canonical\" href=\"https:\/\/www.carlosyconchita.net\/rutas\/19-08-2016-pic-la-coma-dor\/\" \/>\n<meta property=\"og:locale\" content=\"es_ES\" \/>\n<meta property=\"og:type\" content=\"article\" \/>\n<meta property=\"og:title\" content=\"19-08-2016 - Pic de la Coma d&#039;Or -\" \/>\n<meta property=\"og:description\" content=\"Subida al Pic de la Coma d&#8217;Or, con nuestros amigos Asun y Luis. En el Coll de Puymorens dejamos la carretera y cogemos un camino de tierra a nuestra derecha (subiendo desde el pueblo de Port\u00e9-Puymorens) y dejamos el coche unos 2.5 km. m\u00e1s arriba, al lado de una peque\u00f1a presa. Desde all\u00ed empezamos a [&hellip;]\" \/>\n<meta property=\"og:url\" content=\"https:\/\/www.carlosyconchita.net\/rutas\/19-08-2016-pic-la-coma-dor\/\" \/>\n<meta property=\"og:site_name\" content=\"Las rutas de Carlos y Conchita\" \/>\n<meta property=\"article:published_time\" content=\"2016-08-19T18:14:27+00:00\" \/>\n<meta property=\"article:modified_time\" content=\"2021-02-27T18:49:13+00:00\" \/>\n<meta property=\"og:image\" content=\"https:\/\/www.carlosyconchita.net\/rutas\/wp-content\/uploads\/2016\/08\/PicComaDor0038a.jpg\" \/>\n\t<meta property=\"og:image:width\" content=\"1019\" \/>\n\t<meta property=\"og:image:height\" content=\"764\" \/>\n\t<meta property=\"og:image:type\" content=\"image\/jpeg\" \/>\n<meta name=\"author\" content=\"Carlos Conchita\" \/>\n<meta name=\"twitter:label1\" content=\"Escrito por\" \/>\n\t<meta name=\"twitter:data1\" content=\"Carlos Conchita\" \/>\n\t<meta name=\"twitter:label2\" content=\"Tiempo de lectura\" \/>\n\t<meta name=\"twitter:data2\" content=\"1 minuto\" \/>\n<script type=\"application\/ld+json\" class=\"yoast-schema-graph\">{\"@context\":\"https:\\\/\\\/schema.org\",\"@graph\":[{\"@type\":\"Article\",\"@id\":\"https:\\\/\\\/www.carlosyconchita.net\\\/rutas\\\/19-08-2016-pic-la-coma-dor\\\/#article\",\"isPartOf\":{\"@id\":\"https:\\\/\\\/www.carlosyconchita.net\\\/rutas\\\/19-08-2016-pic-la-coma-dor\\\/\"},\"author\":{\"name\":\"Carlos Conchita\",\"@id\":\"https:\\\/\\\/www.carlosyconchita.net\\\/rutas\\\/#\\\/schema\\\/person\\\/a9691f7258c28443fab2d3aa1479ea19\"},\"headline\":\"19-08-2016 &#8211; Pic de la Coma d&#8217;Or\",\"datePublished\":\"2016-08-19T18:14:27+00:00\",\"dateModified\":\"2021-02-27T18:49:13+00:00\",\"mainEntityOfPage\":{\"@id\":\"https:\\\/\\\/www.carlosyconchita.net\\\/rutas\\\/19-08-2016-pic-la-coma-dor\\\/\"},\"wordCount\":312,\"commentCount\":0,\"image\":{\"@id\":\"https:\\\/\\\/www.carlosyconchita.net\\\/rutas\\\/19-08-2016-pic-la-coma-dor\\\/#primaryimage\"},\"thumbnailUrl\":\"https:\\\/\\\/www.carlosyconchita.net\\\/rutas\\\/wp-content\\\/uploads\\\/2016\\\/08\\\/PicComaDor0038a.jpg\",\"articleSection\":[\"100 Cims Carlos y Conchita\",\"2 - De 5 a 10 km.\",\"2-Moderada\",\"Port\u00e9-Puymorens\"],\"inLanguage\":\"es\",\"potentialAction\":[{\"@type\":\"CommentAction\",\"name\":\"Comment\",\"target\":[\"https:\\\/\\\/www.carlosyconchita.net\\\/rutas\\\/19-08-2016-pic-la-coma-dor\\\/#respond\"]}]},{\"@type\":\"WebPage\",\"@id\":\"https:\\\/\\\/www.carlosyconchita.net\\\/rutas\\\/19-08-2016-pic-la-coma-dor\\\/\",\"url\":\"https:\\\/\\\/www.carlosyconchita.net\\\/rutas\\\/19-08-2016-pic-la-coma-dor\\\/\",\"name\":\"19-08-2016 - Pic de la Coma d'Or -\",\"isPartOf\":{\"@id\":\"https:\\\/\\\/www.carlosyconchita.net\\\/rutas\\\/#website\"},\"primaryImageOfPage\":{\"@id\":\"https:\\\/\\\/www.carlosyconchita.net\\\/rutas\\\/19-08-2016-pic-la-coma-dor\\\/#primaryimage\"},\"image\":{\"@id\":\"https:\\\/\\\/www.carlosyconchita.net\\\/rutas\\\/19-08-2016-pic-la-coma-dor\\\/#primaryimage\"},\"thumbnailUrl\":\"https:\\\/\\\/www.carlosyconchita.net\\\/rutas\\\/wp-content\\\/uploads\\\/2016\\\/08\\\/PicComaDor0038a.jpg\",\"datePublished\":\"2016-08-19T18:14:27+00:00\",\"dateModified\":\"2021-02-27T18:49:13+00:00\",\"author\":{\"@id\":\"https:\\\/\\\/www.carlosyconchita.net\\\/rutas\\\/#\\\/schema\\\/person\\\/a9691f7258c28443fab2d3aa1479ea19\"},\"breadcrumb\":{\"@id\":\"https:\\\/\\\/www.carlosyconchita.net\\\/rutas\\\/19-08-2016-pic-la-coma-dor\\\/#breadcrumb\"},\"inLanguage\":\"es\",\"potentialAction\":[{\"@type\":\"ReadAction\",\"target\":[\"https:\\\/\\\/www.carlosyconchita.net\\\/rutas\\\/19-08-2016-pic-la-coma-dor\\\/\"]}]},{\"@type\":\"ImageObject\",\"inLanguage\":\"es\",\"@id\":\"https:\\\/\\\/www.carlosyconchita.net\\\/rutas\\\/19-08-2016-pic-la-coma-dor\\\/#primaryimage\",\"url\":\"https:\\\/\\\/www.carlosyconchita.net\\\/rutas\\\/wp-content\\\/uploads\\\/2016\\\/08\\\/PicComaDor0038a.jpg\",\"contentUrl\":\"https:\\\/\\\/www.carlosyconchita.net\\\/rutas\\\/wp-content\\\/uploads\\\/2016\\\/08\\\/PicComaDor0038a.jpg\",\"width\":1019,\"height\":764},{\"@type\":\"BreadcrumbList\",\"@id\":\"https:\\\/\\\/www.carlosyconchita.net\\\/rutas\\\/19-08-2016-pic-la-coma-dor\\\/#breadcrumb\",\"itemListElement\":[{\"@type\":\"ListItem\",\"position\":1,\"name\":\"Portada\",\"item\":\"https:\\\/\\\/www.carlosyconchita.net\\\/rutas\\\/\"},{\"@type\":\"ListItem\",\"position\":2,\"name\":\"19-08-2016 &#8211; Pic de la Coma d&#8217;Or\"}]},{\"@type\":\"WebSite\",\"@id\":\"https:\\\/\\\/www.carlosyconchita.net\\\/rutas\\\/#website\",\"url\":\"https:\\\/\\\/www.carlosyconchita.net\\\/rutas\\\/\",\"name\":\"Las rutas de Carlos y Conchita\",\"description\":\"\",\"potentialAction\":[{\"@type\":\"SearchAction\",\"target\":{\"@type\":\"EntryPoint\",\"urlTemplate\":\"https:\\\/\\\/www.carlosyconchita.net\\\/rutas\\\/?s={search_term_string}\"},\"query-input\":{\"@type\":\"PropertyValueSpecification\",\"valueRequired\":true,\"valueName\":\"search_term_string\"}}],\"inLanguage\":\"es\"},{\"@type\":\"Person\",\"@id\":\"https:\\\/\\\/www.carlosyconchita.net\\\/rutas\\\/#\\\/schema\\\/person\\\/a9691f7258c28443fab2d3aa1479ea19\",\"name\":\"Carlos Conchita\",\"image\":{\"@type\":\"ImageObject\",\"inLanguage\":\"es\",\"@id\":\"https:\\\/\\\/secure.gravatar.com\\\/avatar\\\/3a4625b20c8da3de99da69bfe7a322774e291c3f90dce7e8778a30fe6748ed1a?s=96&d=mm&r=g\",\"url\":\"https:\\\/\\\/secure.gravatar.com\\\/avatar\\\/3a4625b20c8da3de99da69bfe7a322774e291c3f90dce7e8778a30fe6748ed1a?s=96&d=mm&r=g\",\"contentUrl\":\"https:\\\/\\\/secure.gravatar.com\\\/avatar\\\/3a4625b20c8da3de99da69bfe7a322774e291c3f90dce7e8778a30fe6748ed1a?s=96&d=mm&r=g\",\"caption\":\"Carlos Conchita\"}}]}<\/script>\n<!-- \/ Yoast SEO plugin. -->","yoast_head_json":{"title":"19-08-2016 - Pic de la Coma d'Or -","robots":{"index":"index","follow":"follow","max-snippet":"max-snippet:-1","max-image-preview":"max-image-preview:large","max-video-preview":"max-video-preview:-1"},"canonical":"https:\/\/www.carlosyconchita.net\/rutas\/19-08-2016-pic-la-coma-dor\/","og_locale":"es_ES","og_type":"article","og_title":"19-08-2016 - Pic de la Coma d'Or -","og_description":"Subida al Pic de la Coma d&#8217;Or, con nuestros amigos Asun y Luis. En el Coll de Puymorens dejamos la carretera y cogemos un camino de tierra a nuestra derecha (subiendo desde el pueblo de Port\u00e9-Puymorens) y dejamos el coche unos 2.5 km. m\u00e1s arriba, al lado de una peque\u00f1a presa. Desde all\u00ed empezamos a [&hellip;]","og_url":"https:\/\/www.carlosyconchita.net\/rutas\/19-08-2016-pic-la-coma-dor\/","og_site_name":"Las rutas de Carlos y Conchita","article_published_time":"2016-08-19T18:14:27+00:00","article_modified_time":"2021-02-27T18:49:13+00:00","og_image":[{"width":1019,"height":764,"url":"https:\/\/www.carlosyconchita.net\/rutas\/wp-content\/uploads\/2016\/08\/PicComaDor0038a.jpg","type":"image\/jpeg"}],"author":"Carlos Conchita","twitter_misc":{"Escrito por":"Carlos Conchita","Tiempo de lectura":"1 minuto"},"schema":{"@context":"https:\/\/schema.org","@graph":[{"@type":"Article","@id":"https:\/\/www.carlosyconchita.net\/rutas\/19-08-2016-pic-la-coma-dor\/#article","isPartOf":{"@id":"https:\/\/www.carlosyconchita.net\/rutas\/19-08-2016-pic-la-coma-dor\/"},"author":{"name":"Carlos Conchita","@id":"https:\/\/www.carlosyconchita.net\/rutas\/#\/schema\/person\/a9691f7258c28443fab2d3aa1479ea19"},"headline":"19-08-2016 &#8211; Pic de la Coma d&#8217;Or","datePublished":"2016-08-19T18:14:27+00:00","dateModified":"2021-02-27T18:49:13+00:00","mainEntityOfPage":{"@id":"https:\/\/www.carlosyconchita.net\/rutas\/19-08-2016-pic-la-coma-dor\/"},"wordCount":312,"commentCount":0,"image":{"@id":"https:\/\/www.carlosyconchita.net\/rutas\/19-08-2016-pic-la-coma-dor\/#primaryimage"},"thumbnailUrl":"https:\/\/www.carlosyconchita.net\/rutas\/wp-content\/uploads\/2016\/08\/PicComaDor0038a.jpg","articleSection":["100 Cims Carlos y Conchita","2 - De 5 a 10 km.","2-Moderada","Port\u00e9-Puymorens"],"inLanguage":"es","potentialAction":[{"@type":"CommentAction","name":"Comment","target":["https:\/\/www.carlosyconchita.net\/rutas\/19-08-2016-pic-la-coma-dor\/#respond"]}]},{"@type":"WebPage","@id":"https:\/\/www.carlosyconchita.net\/rutas\/19-08-2016-pic-la-coma-dor\/","url":"https:\/\/www.carlosyconchita.net\/rutas\/19-08-2016-pic-la-coma-dor\/","name":"19-08-2016 - Pic de la Coma d'Or -","isPartOf":{"@id":"https:\/\/www.carlosyconchita.net\/rutas\/#website"},"primaryImageOfPage":{"@id":"https:\/\/www.carlosyconchita.net\/rutas\/19-08-2016-pic-la-coma-dor\/#primaryimage"},"image":{"@id":"https:\/\/www.carlosyconchita.net\/rutas\/19-08-2016-pic-la-coma-dor\/#primaryimage"},"thumbnailUrl":"https:\/\/www.carlosyconchita.net\/rutas\/wp-content\/uploads\/2016\/08\/PicComaDor0038a.jpg","datePublished":"2016-08-19T18:14:27+00:00","dateModified":"2021-02-27T18:49:13+00:00","author":{"@id":"https:\/\/www.carlosyconchita.net\/rutas\/#\/schema\/person\/a9691f7258c28443fab2d3aa1479ea19"},"breadcrumb":{"@id":"https:\/\/www.carlosyconchita.net\/rutas\/19-08-2016-pic-la-coma-dor\/#breadcrumb"},"inLanguage":"es","potentialAction":[{"@type":"ReadAction","target":["https:\/\/www.carlosyconchita.net\/rutas\/19-08-2016-pic-la-coma-dor\/"]}]},{"@type":"ImageObject","inLanguage":"es","@id":"https:\/\/www.carlosyconchita.net\/rutas\/19-08-2016-pic-la-coma-dor\/#primaryimage","url":"https:\/\/www.carlosyconchita.net\/rutas\/wp-content\/uploads\/2016\/08\/PicComaDor0038a.jpg","contentUrl":"https:\/\/www.carlosyconchita.net\/rutas\/wp-content\/uploads\/2016\/08\/PicComaDor0038a.jpg","width":1019,"height":764},{"@type":"BreadcrumbList","@id":"https:\/\/www.carlosyconchita.net\/rutas\/19-08-2016-pic-la-coma-dor\/#breadcrumb","itemListElement":[{"@type":"ListItem","position":1,"name":"Portada","item":"https:\/\/www.carlosyconchita.net\/rutas\/"},{"@type":"ListItem","position":2,"name":"19-08-2016 &#8211; Pic de la Coma d&#8217;Or"}]},{"@type":"WebSite","@id":"https:\/\/www.carlosyconchita.net\/rutas\/#website","url":"https:\/\/www.carlosyconchita.net\/rutas\/","name":"Las rutas de Carlos y Conchita","description":"","potentialAction":[{"@type":"SearchAction","target":{"@type":"EntryPoint","urlTemplate":"https:\/\/www.carlosyconchita.net\/rutas\/?s={search_term_string}"},"query-input":{"@type":"PropertyValueSpecification","valueRequired":true,"valueName":"search_term_string"}}],"inLanguage":"es"},{"@type":"Person","@id":"https:\/\/www.carlosyconchita.net\/rutas\/#\/schema\/person\/a9691f7258c28443fab2d3aa1479ea19","name":"Carlos Conchita","image":{"@type":"ImageObject","inLanguage":"es","@id":"https:\/\/secure.gravatar.com\/avatar\/3a4625b20c8da3de99da69bfe7a322774e291c3f90dce7e8778a30fe6748ed1a?s=96&d=mm&r=g","url":"https:\/\/secure.gravatar.com\/avatar\/3a4625b20c8da3de99da69bfe7a322774e291c3f90dce7e8778a30fe6748ed1a?s=96&d=mm&r=g","contentUrl":"https:\/\/secure.gravatar.com\/avatar\/3a4625b20c8da3de99da69bfe7a322774e291c3f90dce7e8778a30fe6748ed1a?s=96&d=mm&r=g","caption":"Carlos Conchita"}}]}},"_links":{"self":[{"href":"https:\/\/www.carlosyconchita.net\/rutas\/wp-json\/wp\/v2\/posts\/8775","targetHints":{"allow":["GET"]}}],"collection":[{"href":"https:\/\/www.carlosyconchita.net\/rutas\/wp-json\/wp\/v2\/posts"}],"about":[{"href":"https:\/\/www.carlosyconchita.net\/rutas\/wp-json\/wp\/v2\/types\/post"}],"author":[{"embeddable":true,"href":"https:\/\/www.carlosyconchita.net\/rutas\/wp-json\/wp\/v2\/users\/50"}],"replies":[{"embeddable":true,"href":"https:\/\/www.carlosyconchita.net\/rutas\/wp-json\/wp\/v2\/comments?post=8775"}],"version-history":[{"count":0,"href":"https:\/\/www.carlosyconchita.net\/rutas\/wp-json\/wp\/v2\/posts\/8775\/revisions"}],"wp:featuredmedia":[{"embeddable":true,"href":"https:\/\/www.carlosyconchita.net\/rutas\/wp-json\/wp\/v2\/media\/8776"}],"wp:attachment":[{"href":"https:\/\/www.carlosyconchita.net\/rutas\/wp-json\/wp\/v2\/media?parent=8775"}],"wp:term":[{"taxonomy":"category","embeddable":true,"href":"https:\/\/www.carlosyconchita.net\/rutas\/wp-json\/wp\/v2\/categories?post=8775"},{"taxonomy":"post_tag","embeddable":true,"href":"https:\/\/www.carlosyconchita.net\/rutas\/wp-json\/wp\/v2\/tags?post=8775"}],"curies":[{"name":"wp","href":"https:\/\/api.w.org\/{rel}","templated":true}]}}