{"id":8951,"date":"2016-09-11T21:21:52","date_gmt":"2016-09-11T20:21:52","guid":{"rendered":"http:\/\/www.carlosyconchita.net\/rutas\/?p=8951"},"modified":"2022-03-17T18:38:08","modified_gmt":"2022-03-17T17:38:08","slug":"11-09-2016-frontera-bornas-455-465","status":"publish","type":"post","link":"https:\/\/www.carlosyconchita.net\/rutas\/11-09-2016-frontera-bornas-455-465\/","title":{"rendered":"11-09-2016 &#8211; Frontera : bornas 455-465"},"content":{"rendered":"<p style=\"text-align: justify;\">Continuamos hoy la b\u00fasqueda de bornas o mojones de la frontera entre Espa\u00f1a y Francia, pensando que ser\u00eda una cosa f\u00e1cil y tranquila, ya que por mi parte todav\u00eda tengo la rodilla derecha hinchada y Conchita tiene un fuerte resfriado.<\/p>\n<p style=\"text-align: justify;\">Pero nada m\u00e1s lejos de la realidad : \u00e9sta ha sido una de las rutas m\u00e1s complicadas y \u00abdificiles\u00bb que hemos hecho, no por su longitud, que ha sido muy corta , sino por los terrenos donde hemos tenido que pasar, ya que excepto los primeros 500m. que han sido f\u00e1ciles, el resto ha sido muy complicado, ya que evidentemente no hay ningun camino que recorra todas las bornas o mojones, y para llegar a los de hoy, hemos tenido que caminar entre campos, pastos, bosque etc. muy \u00ababandonados\u00bb, con agujeros en el suelo, inundados, muchisima maleza, arbustos, zarzas, etc que nos han dejado las piernas y brazos con numerosas \u00abheridas\u00bb.<\/p>\n<p style=\"text-align: justify;\">Para acabarlo de arreglar, la mayor parte del recorrido ha sido por \u00abcampos\u00bb rodeados de las tipicas vallas de piedras, sin ningun camino o paso entre ellos (no sabemos como acceden a estos pastos o campos, si es que se usan&#8230;)\u00a0\u00a0 , y en alguna ocasi\u00f3n las vallas eran de mucha altura , con lo cual hemos tenido que \u00abgrimpar\u00bb tanto a la ida como a la vuelta.<\/p>\n<p style=\"text-align: justify;\">Dado que aparentemente estos campos no se usan actualmente, y que no hay muchos locos como nosotros que caminen por alli,\u00a0 las vallas de piedra estaban recubiertas de mucha vegetaci\u00f3n y zarzas, y ademas con vallas de alambre y algun riachuelo en medio&#8230; en fin&#8230; una peque\u00f1a aventura para recorrer los pocos kms. que hemos hecho hoy.<\/p>\n<p style=\"text-align: justify;\">Pero\u00a0 al final hemos localizado las bornas que teniamos previstas hoy, hasta la 465, ya que la 466 y siguientes est\u00e1n al otro lado del rio Arav\u00f3\u00a0 que no hemos cruzado , y que buscaremos por el otro lado en la proxima ocasion.<\/p>\n<p style=\"text-align: justify;\">Hemos ido en coche hasta el pueblecito de Saneja ,( un poco antes de llegar a Guils de Cerdanya ) , cruzamos todo el pueblo y seguimos un camino de tierra hasta llegar al punto marcado en el track como Parking 1<\/p>\n<p style=\"text-align: justify;\">Dejamos el coche all\u00ed, y localizamos bastante facilmente las bornas 458, 457, 456 y 455, y despu\u00e9s volvemos en direccion al coche, y unos 300 m. despu\u00e9s en direccion a Saneja , vemos la borna 459 (\u00e9sta estaba en el mismo camino !!!)<\/p>\n<p style=\"text-align: justify;\">Por un despiste, al volver al coche, vemos que\u00a0 nos hemos saltado la 458, que localizaremos otro dia, ya que est\u00e1 en su sitio f\u00e1cil de llegar.<\/p>\n<p style=\"text-align: justify;\">Para localizar las restantes, (460-465) , debemos cruzar ya campo a traves, con todas las dificultades que hemos indicado al principio.<\/p>\n<p>&nbsp;<\/p>\n<p>Debido a que se pierde mucho tiempo en localizar y encontrar las bornas, no ponemos ni los tiempos ni la velocidades.<\/p>\n<p>&nbsp;<\/p>\n<p><strong>Dificultad<\/strong> :\u00a0\u00a0\u00a0 Moderada<\/p>\n<p><strong>Distancia total<\/strong> :\u00a0\u00a0\u00a0 <span class=\"totlen\"><span class=\"summaryvalue\">5.135 m<\/span><\/span><\/p>\n<p><strong>Alturas m\u00ednima \/ m\u00e1xima<\/strong> :\u00a0\u00a0\u00a0\u00a0\u00a0 1.168 m. \/\u00a0\u00a0 1.336<span class=\"maxele\"><span class=\"summaryvalue\"> m<\/span><\/span>.<\/p>\n<p><strong>Desnivel acumulado (s\/Wikiloc)<\/strong>\u00a0 :\u00a0 \u00a0 200 m.<\/p>\n<p><strong>Tiempo total \/ en movimiento<\/strong> :\u00a0\u00a0\u00a0\u00a0\u00a0\u00a0\u00a0 \u2013<\/p>\n<p><strong>Velocidad media total \/ velocidad media movimiento<\/strong> :\u00a0\u00a0 \u2013<\/p>\n<p>&nbsp;<\/p>\n<p>&nbsp;<\/p>\n<h2 style=\"text-align: justify;\">Borna\u00a0 456\u00a0<\/h2>\n<p><img loading=\"lazy\" decoding=\"async\" class=\"alignnone size-full\" src=\"https:\/\/c2.staticflickr.com\/9\/8183\/29324949393_a70f6c8739_b.jpg\" alt=\"\" width=\"1019\" height=\"764\" \/><\/p>\n<p>&nbsp;<\/p>\n<p>&nbsp;<\/p>\n<h2 style=\"text-align: justify;\">Borna\u00a0 458 (Pendiente)<\/h2>\n<p>Por un despiste al salir del coche, no la hemos buscado.<\/p>\n<p>&nbsp;<\/p>\n<p>&nbsp;<\/p>\n<h2 style=\"text-align: justify;\">Borna\u00a0 460<\/h2>\n<p><img loading=\"lazy\" decoding=\"async\" class=\"size-full aligncenter\" src=\"https:\/\/c1.staticflickr.com\/6\/5175\/29837292032_df8a931c11_b.jpg\" alt=\"\" width=\"573\" height=\"764\" \/><\/p>\n<p>&nbsp;<\/p>\n<h2 style=\"text-align: justify;\">Borna\u00a0 461<\/h2>\n<p><img loading=\"lazy\" decoding=\"async\" class=\"alignnone size-full\" src=\"https:\/\/c6.staticflickr.com\/6\/5810\/29324941213_6f19459728_b.jpg\" alt=\"\" width=\"1019\" height=\"764\" \/><\/p>\n<p>&nbsp;<\/p>\n<p>&nbsp;<\/p>\n<h2 style=\"text-align: justify;\">Borna\u00a0 462<\/h2>\n<p>Nota : la pintura del n\u00famero estaba completamente borrada, pero para poder fotografiarlo, lo \u00abpintamos\u00bb con tierra h\u00fameda para que se viera.<\/p>\n<p><img loading=\"lazy\" decoding=\"async\" class=\"alignnone size-full\" src=\"https:\/\/c3.staticflickr.com\/8\/7469\/29657508370_a6f3ffaa76_b.jpg\" alt=\"\" width=\"1019\" height=\"764\" \/><\/p>\n<p>&nbsp;<\/p>\n<h2 style=\"text-align: justify;\">Borna\u00a0 463<\/h2>\n<p>&nbsp;<\/p>\n<p><img loading=\"lazy\" decoding=\"async\" class=\"alignnone size-full\" src=\"https:\/\/c1.staticflickr.com\/9\/8340\/29916985296_9be13555dc_b.jpg\" alt=\"\" width=\"1019\" height=\"764\" \/><\/p>\n<h2 style=\"text-align: justify;\">Borna\u00a0 464<\/h2>\n<p>&nbsp;<\/p>\n<p><img loading=\"lazy\" decoding=\"async\" class=\"alignnone size-full\" src=\"https:\/\/c6.staticflickr.com\/9\/8487\/29951124805_ae3c1c7e9d_b.jpg\" alt=\"\" width=\"1019\" height=\"764\" \/><\/p>\n<h2 style=\"text-align: justify;\">Borna\u00a0 465<\/h2>\n<p><img loading=\"lazy\" decoding=\"async\" class=\"alignnone size-full\" src=\"https:\/\/c5.staticflickr.com\/9\/8765\/29657501940_f698b09afa_b.jpg\" alt=\"\" width=\"1019\" height=\"764\" \/><\/p>\n<p>&nbsp;<\/p>\n<p>&nbsp;<\/p>\n<hr \/>\n<p>&nbsp;<\/p>\n<h3><strong>Track de la ruta<\/strong><\/h3>\n<p>[sgpx gpx=\u00bb\/wp-content\/uploads\/gpx\/Bornas-455-465.gpx\u00bb]<\/p>\n<hr \/>\n<p>&nbsp;<\/p>\n<h3><strong>Album de fotos<\/strong><\/h3>\n<p><a href=\"https:\/\/photos.app.goo.gl\/QYZaSry196d7NPy18\" target=\"_blank\" rel=\"noopener noreferrer\"><img loading=\"lazy\" decoding=\"async\" class=\"aligncenter wp-image-8952 size-column4-4\/5\" src=\"http:\/\/www.carlosyconchita.net\/rutas\/wp-content\/uploads\/2016\/09\/P9111702-240x192.jpg\" alt=\"p9111702\" width=\"240\" height=\"192\" srcset=\"https:\/\/www.carlosyconchita.net\/rutas\/wp-content\/uploads\/2016\/09\/P9111702-240x192.jpg 240w, https:\/\/www.carlosyconchita.net\/rutas\/wp-content\/uploads\/2016\/09\/P9111702-250x200.jpg 250w, https:\/\/www.carlosyconchita.net\/rutas\/wp-content\/uploads\/2016\/09\/P9111702-960x764.jpg 960w, https:\/\/www.carlosyconchita.net\/rutas\/wp-content\/uploads\/2016\/09\/P9111702-480x384.jpg 480w, https:\/\/www.carlosyconchita.net\/rutas\/wp-content\/uploads\/2016\/09\/P9111702-320x256.jpg 320w\" sizes=\"auto, (max-width: 240px) 100vw, 240px\" \/><\/a><\/p>\n<hr \/>\n<p>&nbsp;<\/p>\n<h3><strong>Wikiloc<\/strong><\/h3>\n<p><a href=\"http:\/\/es.wikiloc.com\/wikiloc\/view.do?id=14758900\" target=\"_blank\" rel=\"noopener noreferrer\"><img loading=\"lazy\" decoding=\"async\" class=\"size-full wp-image-958 aligncenter\" src=\"http:\/\/www.carlosyconchita.net\/rutas\/wp-content\/uploads\/2020\/09\/wikiloc.jpg\" alt=\"wikiloc\" width=\"117\" height=\"34\" \/><\/a><\/p>\n<p>&nbsp;<\/p>\n<p>&nbsp;<\/p>\n<p style=\"text-align: justify;\"><span style=\"color: #ff0000; background-color: #ffffff; font-size: 14pt;\"><strong>Si te ha gustado, comp\u00e1rtelo en tu red favorita,\u00a0 haz +1, o env\u00edanos tu comentario.<br \/>\n<\/strong><\/span><\/p>\n<p><span style=\"font-size: 14pt;\"><strong><span style=\"color: #ff0000;\">Muchas gracias !<\/span><\/strong><\/span><\/p>\n<hr \/>\n<p style=\"text-align: justify;\"><strong><span style=\"color: #008000;\">Suscribete si quieres recibir un mail cuando publiquemos nuevas rutas : no enviamos publicidad y como m\u00e1ximo enviamos 2 mails al mes<\/span><\/strong><\/p>\n<p>[wysija_form id=\u00bb1&#8243;]<\/p>\n<hr \/>\n<h3>Puedes imprimir esta publicaci\u00f3n o guardarla en diferentes formatos :<\/h3>\n<p><span style=\"color: #ff0000; font-size: 14pt;\">Para facilitar la impresi\u00f3n, se ha reducido considerablemente el tama\u00f1o de las fotos, pero si deseas imprimir sin fotos, aconsejamos guardarlo como \u201cdoc\u201d, y antes de imprimirlo, eliminar las fotos<\/span><\/p>\n<p><span style=\"color: #ff0000;\">\u00a0<\/span><\/p>\n","protected":false},"excerpt":{"rendered":"<p>Cerca de Saneja y Guils, buscamos y fotograf\u00edamos las bornas 455 a la 465, pero por despiste nos saltamos la 458.<\/p>\n","protected":false},"author":50,"featured_media":8952,"comment_status":"open","ping_status":"open","sticky":false,"template":"","format":"standard","meta":{"footnotes":""},"categories":[22,11,41,74],"tags":[],"class_list":{"0":"post-8951","1":"post","2":"type-post","3":"status-publish","4":"format-standard","5":"has-post-thumbnail","6":"hentry","7":"category-de-05-a-10-km","8":"category-moderada","9":"category-cerdanya-sur","10":"category-0-mojones-bornas-frontera","12":"post-with-thumbnail","13":"post-with-thumbnail-icon"},"yoast_head":"<!-- This site is optimized with the Yoast SEO plugin v27.4 - https:\/\/yoast.com\/product\/yoast-seo-wordpress\/ -->\n<title>11-09-2016 - Frontera : bornas 455-465 -<\/title>\n<meta name=\"robots\" content=\"index, follow, max-snippet:-1, max-image-preview:large, max-video-preview:-1\" \/>\n<link rel=\"canonical\" href=\"https:\/\/www.carlosyconchita.net\/rutas\/11-09-2016-frontera-bornas-455-465\/\" \/>\n<meta property=\"og:locale\" content=\"es_ES\" \/>\n<meta property=\"og:type\" content=\"article\" \/>\n<meta property=\"og:title\" content=\"11-09-2016 - Frontera : bornas 455-465 -\" \/>\n<meta property=\"og:description\" content=\"Cerca de Saneja y Guils, buscamos y fotograf\u00edamos las bornas 455 a la 465, pero por despiste nos saltamos la 458.\" \/>\n<meta property=\"og:url\" content=\"https:\/\/www.carlosyconchita.net\/rutas\/11-09-2016-frontera-bornas-455-465\/\" \/>\n<meta property=\"og:site_name\" content=\"Las rutas de Carlos y Conchita\" \/>\n<meta property=\"article:published_time\" content=\"2016-09-11T20:21:52+00:00\" \/>\n<meta property=\"article:modified_time\" content=\"2022-03-17T17:38:08+00:00\" \/>\n<meta property=\"og:image\" content=\"https:\/\/www.carlosyconchita.net\/rutas\/wp-content\/uploads\/2016\/09\/P9111702.jpg\" \/>\n\t<meta property=\"og:image:width\" content=\"1019\" \/>\n\t<meta property=\"og:image:height\" content=\"764\" \/>\n\t<meta property=\"og:image:type\" content=\"image\/jpeg\" \/>\n<meta name=\"author\" content=\"Carlos Conchita\" \/>\n<meta name=\"twitter:label1\" content=\"Escrito por\" \/>\n\t<meta name=\"twitter:data1\" content=\"Carlos Conchita\" \/>\n\t<meta name=\"twitter:label2\" content=\"Tiempo de lectura\" \/>\n\t<meta name=\"twitter:data2\" content=\"3 minutos\" \/>\n<script type=\"application\/ld+json\" class=\"yoast-schema-graph\">{\"@context\":\"https:\\\/\\\/schema.org\",\"@graph\":[{\"@type\":\"Article\",\"@id\":\"https:\\\/\\\/www.carlosyconchita.net\\\/rutas\\\/11-09-2016-frontera-bornas-455-465\\\/#article\",\"isPartOf\":{\"@id\":\"https:\\\/\\\/www.carlosyconchita.net\\\/rutas\\\/11-09-2016-frontera-bornas-455-465\\\/\"},\"author\":{\"name\":\"Carlos Conchita\",\"@id\":\"https:\\\/\\\/www.carlosyconchita.net\\\/rutas\\\/#\\\/schema\\\/person\\\/a9691f7258c28443fab2d3aa1479ea19\"},\"headline\":\"11-09-2016 &#8211; Frontera : bornas 455-465\",\"datePublished\":\"2016-09-11T20:21:52+00:00\",\"dateModified\":\"2022-03-17T17:38:08+00:00\",\"mainEntityOfPage\":{\"@id\":\"https:\\\/\\\/www.carlosyconchita.net\\\/rutas\\\/11-09-2016-frontera-bornas-455-465\\\/\"},\"wordCount\":664,\"commentCount\":0,\"image\":{\"@id\":\"https:\\\/\\\/www.carlosyconchita.net\\\/rutas\\\/11-09-2016-frontera-bornas-455-465\\\/#primaryimage\"},\"thumbnailUrl\":\"https:\\\/\\\/www.carlosyconchita.net\\\/rutas\\\/wp-content\\\/uploads\\\/2016\\\/09\\\/P9111702.jpg\",\"articleSection\":[\"2 - De 5 a 10 km.\",\"2-Moderada\",\"Cerdanya Sur-Cad\u00ed-Moixer\u00f3\",\"Mojones \\\/ Bornas frontera ES-FR\"],\"inLanguage\":\"es\",\"potentialAction\":[{\"@type\":\"CommentAction\",\"name\":\"Comment\",\"target\":[\"https:\\\/\\\/www.carlosyconchita.net\\\/rutas\\\/11-09-2016-frontera-bornas-455-465\\\/#respond\"]}]},{\"@type\":\"WebPage\",\"@id\":\"https:\\\/\\\/www.carlosyconchita.net\\\/rutas\\\/11-09-2016-frontera-bornas-455-465\\\/\",\"url\":\"https:\\\/\\\/www.carlosyconchita.net\\\/rutas\\\/11-09-2016-frontera-bornas-455-465\\\/\",\"name\":\"11-09-2016 - Frontera : bornas 455-465 -\",\"isPartOf\":{\"@id\":\"https:\\\/\\\/www.carlosyconchita.net\\\/rutas\\\/#website\"},\"primaryImageOfPage\":{\"@id\":\"https:\\\/\\\/www.carlosyconchita.net\\\/rutas\\\/11-09-2016-frontera-bornas-455-465\\\/#primaryimage\"},\"image\":{\"@id\":\"https:\\\/\\\/www.carlosyconchita.net\\\/rutas\\\/11-09-2016-frontera-bornas-455-465\\\/#primaryimage\"},\"thumbnailUrl\":\"https:\\\/\\\/www.carlosyconchita.net\\\/rutas\\\/wp-content\\\/uploads\\\/2016\\\/09\\\/P9111702.jpg\",\"datePublished\":\"2016-09-11T20:21:52+00:00\",\"dateModified\":\"2022-03-17T17:38:08+00:00\",\"author\":{\"@id\":\"https:\\\/\\\/www.carlosyconchita.net\\\/rutas\\\/#\\\/schema\\\/person\\\/a9691f7258c28443fab2d3aa1479ea19\"},\"breadcrumb\":{\"@id\":\"https:\\\/\\\/www.carlosyconchita.net\\\/rutas\\\/11-09-2016-frontera-bornas-455-465\\\/#breadcrumb\"},\"inLanguage\":\"es\",\"potentialAction\":[{\"@type\":\"ReadAction\",\"target\":[\"https:\\\/\\\/www.carlosyconchita.net\\\/rutas\\\/11-09-2016-frontera-bornas-455-465\\\/\"]}]},{\"@type\":\"ImageObject\",\"inLanguage\":\"es\",\"@id\":\"https:\\\/\\\/www.carlosyconchita.net\\\/rutas\\\/11-09-2016-frontera-bornas-455-465\\\/#primaryimage\",\"url\":\"https:\\\/\\\/www.carlosyconchita.net\\\/rutas\\\/wp-content\\\/uploads\\\/2016\\\/09\\\/P9111702.jpg\",\"contentUrl\":\"https:\\\/\\\/www.carlosyconchita.net\\\/rutas\\\/wp-content\\\/uploads\\\/2016\\\/09\\\/P9111702.jpg\",\"width\":1019,\"height\":764},{\"@type\":\"BreadcrumbList\",\"@id\":\"https:\\\/\\\/www.carlosyconchita.net\\\/rutas\\\/11-09-2016-frontera-bornas-455-465\\\/#breadcrumb\",\"itemListElement\":[{\"@type\":\"ListItem\",\"position\":1,\"name\":\"Portada\",\"item\":\"https:\\\/\\\/www.carlosyconchita.net\\\/rutas\\\/\"},{\"@type\":\"ListItem\",\"position\":2,\"name\":\"11-09-2016 &#8211; Frontera : bornas 455-465\"}]},{\"@type\":\"WebSite\",\"@id\":\"https:\\\/\\\/www.carlosyconchita.net\\\/rutas\\\/#website\",\"url\":\"https:\\\/\\\/www.carlosyconchita.net\\\/rutas\\\/\",\"name\":\"Las rutas de Carlos y Conchita\",\"description\":\"\",\"potentialAction\":[{\"@type\":\"SearchAction\",\"target\":{\"@type\":\"EntryPoint\",\"urlTemplate\":\"https:\\\/\\\/www.carlosyconchita.net\\\/rutas\\\/?s={search_term_string}\"},\"query-input\":{\"@type\":\"PropertyValueSpecification\",\"valueRequired\":true,\"valueName\":\"search_term_string\"}}],\"inLanguage\":\"es\"},{\"@type\":\"Person\",\"@id\":\"https:\\\/\\\/www.carlosyconchita.net\\\/rutas\\\/#\\\/schema\\\/person\\\/a9691f7258c28443fab2d3aa1479ea19\",\"name\":\"Carlos Conchita\",\"image\":{\"@type\":\"ImageObject\",\"inLanguage\":\"es\",\"@id\":\"https:\\\/\\\/secure.gravatar.com\\\/avatar\\\/3a4625b20c8da3de99da69bfe7a322774e291c3f90dce7e8778a30fe6748ed1a?s=96&d=mm&r=g\",\"url\":\"https:\\\/\\\/secure.gravatar.com\\\/avatar\\\/3a4625b20c8da3de99da69bfe7a322774e291c3f90dce7e8778a30fe6748ed1a?s=96&d=mm&r=g\",\"contentUrl\":\"https:\\\/\\\/secure.gravatar.com\\\/avatar\\\/3a4625b20c8da3de99da69bfe7a322774e291c3f90dce7e8778a30fe6748ed1a?s=96&d=mm&r=g\",\"caption\":\"Carlos Conchita\"}}]}<\/script>\n<!-- \/ Yoast SEO plugin. -->","yoast_head_json":{"title":"11-09-2016 - Frontera : bornas 455-465 -","robots":{"index":"index","follow":"follow","max-snippet":"max-snippet:-1","max-image-preview":"max-image-preview:large","max-video-preview":"max-video-preview:-1"},"canonical":"https:\/\/www.carlosyconchita.net\/rutas\/11-09-2016-frontera-bornas-455-465\/","og_locale":"es_ES","og_type":"article","og_title":"11-09-2016 - Frontera : bornas 455-465 -","og_description":"Cerca de Saneja y Guils, buscamos y fotograf\u00edamos las bornas 455 a la 465, pero por despiste nos saltamos la 458.","og_url":"https:\/\/www.carlosyconchita.net\/rutas\/11-09-2016-frontera-bornas-455-465\/","og_site_name":"Las rutas de Carlos y Conchita","article_published_time":"2016-09-11T20:21:52+00:00","article_modified_time":"2022-03-17T17:38:08+00:00","og_image":[{"width":1019,"height":764,"url":"https:\/\/www.carlosyconchita.net\/rutas\/wp-content\/uploads\/2016\/09\/P9111702.jpg","type":"image\/jpeg"}],"author":"Carlos Conchita","twitter_misc":{"Escrito por":"Carlos Conchita","Tiempo de lectura":"3 minutos"},"schema":{"@context":"https:\/\/schema.org","@graph":[{"@type":"Article","@id":"https:\/\/www.carlosyconchita.net\/rutas\/11-09-2016-frontera-bornas-455-465\/#article","isPartOf":{"@id":"https:\/\/www.carlosyconchita.net\/rutas\/11-09-2016-frontera-bornas-455-465\/"},"author":{"name":"Carlos Conchita","@id":"https:\/\/www.carlosyconchita.net\/rutas\/#\/schema\/person\/a9691f7258c28443fab2d3aa1479ea19"},"headline":"11-09-2016 &#8211; Frontera : bornas 455-465","datePublished":"2016-09-11T20:21:52+00:00","dateModified":"2022-03-17T17:38:08+00:00","mainEntityOfPage":{"@id":"https:\/\/www.carlosyconchita.net\/rutas\/11-09-2016-frontera-bornas-455-465\/"},"wordCount":664,"commentCount":0,"image":{"@id":"https:\/\/www.carlosyconchita.net\/rutas\/11-09-2016-frontera-bornas-455-465\/#primaryimage"},"thumbnailUrl":"https:\/\/www.carlosyconchita.net\/rutas\/wp-content\/uploads\/2016\/09\/P9111702.jpg","articleSection":["2 - De 5 a 10 km.","2-Moderada","Cerdanya Sur-Cad\u00ed-Moixer\u00f3","Mojones \/ Bornas frontera ES-FR"],"inLanguage":"es","potentialAction":[{"@type":"CommentAction","name":"Comment","target":["https:\/\/www.carlosyconchita.net\/rutas\/11-09-2016-frontera-bornas-455-465\/#respond"]}]},{"@type":"WebPage","@id":"https:\/\/www.carlosyconchita.net\/rutas\/11-09-2016-frontera-bornas-455-465\/","url":"https:\/\/www.carlosyconchita.net\/rutas\/11-09-2016-frontera-bornas-455-465\/","name":"11-09-2016 - Frontera : bornas 455-465 -","isPartOf":{"@id":"https:\/\/www.carlosyconchita.net\/rutas\/#website"},"primaryImageOfPage":{"@id":"https:\/\/www.carlosyconchita.net\/rutas\/11-09-2016-frontera-bornas-455-465\/#primaryimage"},"image":{"@id":"https:\/\/www.carlosyconchita.net\/rutas\/11-09-2016-frontera-bornas-455-465\/#primaryimage"},"thumbnailUrl":"https:\/\/www.carlosyconchita.net\/rutas\/wp-content\/uploads\/2016\/09\/P9111702.jpg","datePublished":"2016-09-11T20:21:52+00:00","dateModified":"2022-03-17T17:38:08+00:00","author":{"@id":"https:\/\/www.carlosyconchita.net\/rutas\/#\/schema\/person\/a9691f7258c28443fab2d3aa1479ea19"},"breadcrumb":{"@id":"https:\/\/www.carlosyconchita.net\/rutas\/11-09-2016-frontera-bornas-455-465\/#breadcrumb"},"inLanguage":"es","potentialAction":[{"@type":"ReadAction","target":["https:\/\/www.carlosyconchita.net\/rutas\/11-09-2016-frontera-bornas-455-465\/"]}]},{"@type":"ImageObject","inLanguage":"es","@id":"https:\/\/www.carlosyconchita.net\/rutas\/11-09-2016-frontera-bornas-455-465\/#primaryimage","url":"https:\/\/www.carlosyconchita.net\/rutas\/wp-content\/uploads\/2016\/09\/P9111702.jpg","contentUrl":"https:\/\/www.carlosyconchita.net\/rutas\/wp-content\/uploads\/2016\/09\/P9111702.jpg","width":1019,"height":764},{"@type":"BreadcrumbList","@id":"https:\/\/www.carlosyconchita.net\/rutas\/11-09-2016-frontera-bornas-455-465\/#breadcrumb","itemListElement":[{"@type":"ListItem","position":1,"name":"Portada","item":"https:\/\/www.carlosyconchita.net\/rutas\/"},{"@type":"ListItem","position":2,"name":"11-09-2016 &#8211; Frontera : bornas 455-465"}]},{"@type":"WebSite","@id":"https:\/\/www.carlosyconchita.net\/rutas\/#website","url":"https:\/\/www.carlosyconchita.net\/rutas\/","name":"Las rutas de Carlos y Conchita","description":"","potentialAction":[{"@type":"SearchAction","target":{"@type":"EntryPoint","urlTemplate":"https:\/\/www.carlosyconchita.net\/rutas\/?s={search_term_string}"},"query-input":{"@type":"PropertyValueSpecification","valueRequired":true,"valueName":"search_term_string"}}],"inLanguage":"es"},{"@type":"Person","@id":"https:\/\/www.carlosyconchita.net\/rutas\/#\/schema\/person\/a9691f7258c28443fab2d3aa1479ea19","name":"Carlos Conchita","image":{"@type":"ImageObject","inLanguage":"es","@id":"https:\/\/secure.gravatar.com\/avatar\/3a4625b20c8da3de99da69bfe7a322774e291c3f90dce7e8778a30fe6748ed1a?s=96&d=mm&r=g","url":"https:\/\/secure.gravatar.com\/avatar\/3a4625b20c8da3de99da69bfe7a322774e291c3f90dce7e8778a30fe6748ed1a?s=96&d=mm&r=g","contentUrl":"https:\/\/secure.gravatar.com\/avatar\/3a4625b20c8da3de99da69bfe7a322774e291c3f90dce7e8778a30fe6748ed1a?s=96&d=mm&r=g","caption":"Carlos Conchita"}}]}},"_links":{"self":[{"href":"https:\/\/www.carlosyconchita.net\/rutas\/wp-json\/wp\/v2\/posts\/8951","targetHints":{"allow":["GET"]}}],"collection":[{"href":"https:\/\/www.carlosyconchita.net\/rutas\/wp-json\/wp\/v2\/posts"}],"about":[{"href":"https:\/\/www.carlosyconchita.net\/rutas\/wp-json\/wp\/v2\/types\/post"}],"author":[{"embeddable":true,"href":"https:\/\/www.carlosyconchita.net\/rutas\/wp-json\/wp\/v2\/users\/50"}],"replies":[{"embeddable":true,"href":"https:\/\/www.carlosyconchita.net\/rutas\/wp-json\/wp\/v2\/comments?post=8951"}],"version-history":[{"count":0,"href":"https:\/\/www.carlosyconchita.net\/rutas\/wp-json\/wp\/v2\/posts\/8951\/revisions"}],"wp:featuredmedia":[{"embeddable":true,"href":"https:\/\/www.carlosyconchita.net\/rutas\/wp-json\/wp\/v2\/media\/8952"}],"wp:attachment":[{"href":"https:\/\/www.carlosyconchita.net\/rutas\/wp-json\/wp\/v2\/media?parent=8951"}],"wp:term":[{"taxonomy":"category","embeddable":true,"href":"https:\/\/www.carlosyconchita.net\/rutas\/wp-json\/wp\/v2\/categories?post=8951"},{"taxonomy":"post_tag","embeddable":true,"href":"https:\/\/www.carlosyconchita.net\/rutas\/wp-json\/wp\/v2\/tags?post=8951"}],"curies":[{"name":"wp","href":"https:\/\/api.w.org\/{rel}","templated":true}]}}