{"id":8987,"date":"2016-09-17T20:24:12","date_gmt":"2016-09-17T19:24:12","guid":{"rendered":"http:\/\/www.carlosyconchita.net\/rutas\/?p=8987"},"modified":"2021-03-13T18:05:25","modified_gmt":"2021-03-13T17:05:25","slug":"17-09-2016-picos-torreneules-coma-del-clot-fontnegra","status":"publish","type":"post","link":"https:\/\/www.carlosyconchita.net\/rutas\/17-09-2016-picos-torreneules-coma-del-clot-fontnegra\/","title":{"rendered":"17-09-2016-Picos Torreneules (100 CIMS), Coma del Clot y Fontnegra"},"content":{"rendered":"<p style=\"text-align: justify;\">Nueva excursi\u00f3n desde la zona de Nuria, para subir a los Picos de Torreneules, Coma del Clot y Fontnegra, con bonitos paisajes en todo el recorrido, y con bastante fr\u00edo en algun tramo, m\u00e1s por el viento que por la temperatura.<\/p>\n<p style=\"text-align: justify;\">En esta ocasi\u00f3n vamos con\u00a0 nuestros amigos\u00a0 Carme, Miquel, Nuria, Rafel, Asun, Luis, Marina y Pep.<\/p>\n<p style=\"text-align: justify;\">\u00a0<\/p>\n<p><strong>Dificultad<\/strong> :\u00a0\u00a0\u00a0 Moderada<\/p>\n<p><strong>Distancia total<\/strong> :\u00a0\u00a0\u00a0\u00a0<span class=\"totlen\"><span class=\"summaryvalue\">11.863 m<\/span><\/span><\/p>\n<p><strong>Alturas m\u00ednima \/ m\u00e1xima<\/strong> :\u00a0\u00a0\u00a0\u00a0\u00a0 1.962 m. \/\u00a0\u00a0 2.734<span class=\"maxele\"><span class=\"summaryvalue\"> m<\/span><\/span>.<\/p>\n<p><strong>Desnivel acumulado (s\/Wikiloc)<\/strong>\u00a0 :\u00a0 \u00a0 1.025 m.<\/p>\n<p><strong>Tiempo total \/ en movimiento<\/strong> :\u00a0\u00a0\u00a0 7 h. 08 m \u00a0\u00a0 \u2013\u00a0 3 h. 51 m.<\/p>\n<p><strong>Velocidad media total \/ velocidad media movimiento<\/strong> :\u00a0\u00a0 \u2013 1&#8217;61 km\/h- &#8211;\u00a0 2&#8217;97 km.\/h<\/p>\n<hr \/>\n<p style=\"text-align: justify;\">Cogemos el cremallera de Nuria, esta vez en Queralbs, y desde alli vemos el pico de Torreneules.<\/p>\n<p style=\"text-align: justify;\">\u00a0<\/p>\n<p style=\"text-align: justify;\"><img loading=\"lazy\" decoding=\"async\" class=\"alignnone size-full\" src=\"https:\/\/c5.staticflickr.com\/9\/8386\/29647715332_789f6c76bd_b.jpg\" alt=\"\" width=\"1024\" height=\"576\" \/><\/p>\n<p style=\"text-align: justify;\"><img loading=\"lazy\" decoding=\"async\" class=\"alignnone size-full\" src=\"https:\/\/c4.staticflickr.com\/9\/8548\/29134558963_922586a654_b.jpg\" alt=\"\" width=\"1019\" height=\"764\" \/><\/p>\n<p style=\"text-align: justify;\">\u00a0<\/p>\n<p style=\"text-align: justify;\">Llegamos a Nuria y empezamos a caminar, cruzando la v\u00eda del tren y empezando a subir por una especie de pista medio asfaltada que sigue el recorrido de un telesilla que llega hasta el refugio del Aliga.<\/p>\n<p style=\"text-align: justify;\">Desde este camino de subida, tenemos ya unas bonitas vistas de todo el complejo de Nuria.<\/p>\n<p style=\"text-align: justify;\"><img loading=\"lazy\" decoding=\"async\" class=\"alignnone size-full\" src=\"https:\/\/c2.staticflickr.com\/9\/8129\/29134557593_01d0ffdd80_b.jpg\" alt=\"\" width=\"1024\" height=\"576\" \/><\/p>\n<p style=\"text-align: justify;\"><img loading=\"lazy\" decoding=\"async\" class=\"alignnone size-full\" src=\"https:\/\/c5.staticflickr.com\/9\/8321\/29467702780_1fd764ae64_b.jpg\" alt=\"\" width=\"1024\" height=\"576\" \/><\/p>\n<p style=\"text-align: justify;\">\u00a0<\/p>\n<p style=\"text-align: justify;\">Cuando llegamos al refugio, cruzamos la explanada delantera del mismo y\u00a0 empezamos a caminar ya por el campo, siguiendo unas se\u00f1ales que encontraremos despu\u00e9s de dejar el citado refugio.<\/p>\n<p style=\"text-align: justify;\"><img loading=\"lazy\" decoding=\"async\" class=\"alignnone size-full\" src=\"https:\/\/c3.staticflickr.com\/9\/8542\/29132276874_66a32ecf1d_b.jpg\" alt=\"\" width=\"1024\" height=\"576\" \/><\/p>\n<p style=\"text-align: justify;\">\u00a0<\/p>\n<p style=\"text-align: justify;\"><img loading=\"lazy\" decoding=\"async\" class=\"alignnone size-full\" src=\"https:\/\/c7.staticflickr.com\/9\/8224\/29647713502_bd33301535_b.jpg\" alt=\"\" width=\"1024\" height=\"576\" \/><\/p>\n<p style=\"text-align: justify;\">\u00a0<\/p>\n<p style=\"text-align: justify;\">Despu\u00e9s de un primer tramo m\u00e1s o menos horizontal, el camino va subiendo de forma constante y podemos ver ya bastante lejos y muy abajo el refugio.<\/p>\n<p style=\"text-align: justify;\"><img loading=\"lazy\" decoding=\"async\" class=\"alignnone size-full\" src=\"https:\/\/c4.staticflickr.com\/9\/8045\/29759667675_5c96e94a41_b.jpg\" alt=\"\" width=\"1024\" height=\"576\" \/><\/p>\n<p style=\"text-align: justify;\"><img loading=\"lazy\" decoding=\"async\" class=\"alignnone size-full\" src=\"https:\/\/c1.staticflickr.com\/9\/8395\/29132276024_9c042becce_b.jpg\" alt=\"\" width=\"1024\" height=\"576\" \/><\/p>\n<p style=\"text-align: justify;\"><img loading=\"lazy\" decoding=\"async\" class=\"alignnone size-full\" src=\"https:\/\/c8.staticflickr.com\/9\/8177\/29134553103_77339f13b2_b.jpg\" alt=\"\" width=\"1024\" height=\"576\" \/><\/p>\n<p style=\"text-align: justify;\">\u00a0<\/p>\n<p style=\"text-align: justify;\">Por fin estamos llegando ya al Coll de Torreneules, y podemos ver en toda su \u00abgrandeza\u00bb el Pico del mismo nombre, a donde tenemos que subir&#8230;aunque tambi\u00e9n vemos la niebla que parece que nos est\u00e9 vigilando todo el rato.<\/p>\n<p style=\"text-align: justify;\">\u00a0<\/p>\n<p><img loading=\"lazy\" decoding=\"async\" class=\"alignnone size-full\" src=\"https:\/\/c1.staticflickr.com\/9\/8100\/29724017416_ba3a627818_b.jpg\" alt=\"\" width=\"1024\" height=\"576\" \/><\/p>\n<p><img loading=\"lazy\" decoding=\"async\" class=\"alignnone size-full\" src=\"https:\/\/c7.staticflickr.com\/9\/8094\/29724016806_710f41ddf7_b.jpg\" alt=\"\" width=\"1024\" height=\"576\" \/><\/p>\n<p>&nbsp;<\/p>\n<p>Desde el Coll, podemos ver a nuestra derecha el primero de los picos de hoy, el Torreneules<\/p>\n<p><img loading=\"lazy\" decoding=\"async\" class=\"alignnone size-full\" src=\"https:\/\/c8.staticflickr.com\/9\/8056\/29134546423_d471773087_b.jpg\" alt=\"\" width=\"1019\" height=\"764\" \/><\/p>\n<p>&nbsp;<\/p>\n<p>y a nuestra izquierda, el segundo pico al que iremos despu\u00e9s, el de la Coma del Clot.<\/p>\n<p><img loading=\"lazy\" decoding=\"async\" class=\"alignnone size-full\" src=\"https:\/\/c4.staticflickr.com\/9\/8440\/29134546163_8cd21d97e3_b.jpg\" alt=\"\" width=\"1019\" height=\"764\" \/><\/p>\n<p>&nbsp;<\/p>\n<p>Empezamos pues a subir entre piedras hacia el primer pico.<\/p>\n<p><img loading=\"lazy\" decoding=\"async\" class=\"alignnone size-full\" src=\"https:\/\/c3.staticflickr.com\/9\/8130\/29467692530_40bb2ffe94_b.jpg\" alt=\"\" width=\"1024\" height=\"576\" \/><\/p>\n<p><img loading=\"lazy\" decoding=\"async\" class=\"alignnone size-full\" src=\"https:\/\/c5.staticflickr.com\/9\/8276\/29724012076_5f696edc9c_b.jpg\" alt=\"\" width=\"1024\" height=\"576\" \/><\/p>\n<p>&nbsp;<\/p>\n<p>Llegamos finalmente a la cima, y despu\u00e9s de la t\u00edpica foto, podemos admirar los bonitos paisajes.<\/p>\n<p><img loading=\"lazy\" decoding=\"async\" class=\"alignnone size-full\" src=\"https:\/\/c5.staticflickr.com\/9\/8536\/29133117324_578dd536b2_b.jpg\" alt=\"\" width=\"1019\" height=\"764\" \/><\/p>\n<p><img loading=\"lazy\" decoding=\"async\" class=\"alignnone size-full\" src=\"https:\/\/c4.staticflickr.com\/9\/8082\/29759659915_39f408f5cd_b.jpg\" alt=\"\" width=\"1024\" height=\"576\" \/><\/p>\n<p><img loading=\"lazy\" decoding=\"async\" class=\"alignnone size-full\" src=\"https:\/\/c2.staticflickr.com\/9\/8142\/29134547113_3bf3c83cf4_b.jpg\" alt=\"\" width=\"1024\" height=\"576\" \/><\/p>\n<p>&nbsp;<\/p>\n<p>Bajamos despues hacia el Coll, y all\u00ed vemos enfrente el segundo pico de hoy, el de la Coma del Clot, adonde nos dirigimos ahora.<\/p>\n<p>&nbsp;<\/p>\n<p><img loading=\"lazy\" decoding=\"async\" class=\"alignnone size-full\" src=\"https:\/\/c2.staticflickr.com\/9\/8240\/29759659225_77cca26875_b.jpg\" alt=\"\" width=\"1024\" height=\"576\" \/><\/p>\n<p>&nbsp;<\/p>\n<p>Por el camino podemos ver un reba\u00f1o de rebecos ( isards en catal\u00e1n)\u00a0 que en unos segundos empiezan a correr y suben al pico donde vamos como si nada.<\/p>\n<p><img loading=\"lazy\" decoding=\"async\" class=\"alignnone size-full\" src=\"https:\/\/c7.staticflickr.com\/9\/8430\/29724008446_942bd6d3fc_b.jpg\" alt=\"\" width=\"1024\" height=\"576\" \/><\/p>\n<p>&nbsp;<\/p>\n<p>En la subida a este segundo pico, si miramos atr\u00e1s podemos ver perfectamente el Pico de Torreneules de donde venimos<\/p>\n<p>&nbsp;<\/p>\n<p><img loading=\"lazy\" decoding=\"async\" class=\"alignnone size-full\" src=\"https:\/\/c7.staticflickr.com\/9\/8382\/29467679470_1f666e72b0_b.jpg\" alt=\"\" width=\"1019\" height=\"764\" \/><\/p>\n<p>&nbsp;<\/p>\n<p style=\"text-align: justify;\">Llegamos despu\u00e9s a la cima de este segundo pico, el de la Coma del Clot y desde alli volvemos a admirar el bonito paisaje que podemos ver en todas direcciones.<\/p>\n<p><img loading=\"lazy\" decoding=\"async\" class=\"alignnone size-full\" src=\"https:\/\/c6.staticflickr.com\/9\/8538\/29134538133_bf46c068ff_b.jpg\" alt=\"\" width=\"1019\" height=\"764\" \/><\/p>\n<p>&nbsp;<\/p>\n<p>De nuevo nos toca bajar para poder subir despues al tercer pico de hoy , el Fontnegra.<\/p>\n<p><img loading=\"lazy\" decoding=\"async\" class=\"alignnone size-full\" src=\"https:\/\/c5.staticflickr.com\/9\/8261\/29467677020_5a3e38abef_b.jpg\" alt=\"\" width=\"1024\" height=\"576\" \/><\/p>\n<p><img loading=\"lazy\" decoding=\"async\" class=\"alignnone size-full\" src=\"https:\/\/c5.staticflickr.com\/9\/8239\/29724005756_e54bf42cf7_b.jpg\" alt=\"\" width=\"1019\" height=\"764\" \/><\/p>\n<p>&nbsp;<\/p>\n<p>Desde la cima, podemos ver perfectamente los 2 picos a los que hemos subido anteriormente.<\/p>\n<p><img loading=\"lazy\" decoding=\"async\" class=\"alignnone size-full\" src=\"https:\/\/c5.staticflickr.com\/9\/8431\/29467673100_bda1b475ea_b.jpg\" alt=\"\" width=\"1024\" height=\"576\" \/><\/p>\n<p>&nbsp;<\/p>\n<p><img loading=\"lazy\" decoding=\"async\" class=\"alignnone size-full\" src=\"https:\/\/c6.staticflickr.com\/9\/8442\/29677601581_f035938dc7_b.jpg\" alt=\"\" width=\"1024\" height=\"576\" \/><\/p>\n<p><img loading=\"lazy\" decoding=\"async\" class=\"alignnone size-full\" src=\"https:\/\/c1.staticflickr.com\/9\/8085\/29132263664_17a91427a6_b.jpg\" alt=\"\" width=\"1024\" height=\"341\" \/><\/p>\n<p>&nbsp;<\/p>\n<p>Desde alli empezamos a bajar en direcci\u00f3n al refugio del Aliga, y por el camino podemos ver una bonita panor\u00e1mica de Nuria.<\/p>\n<p>&nbsp;<\/p>\n<p><img loading=\"lazy\" decoding=\"async\" class=\"alignnone size-full\" src=\"https:\/\/c1.staticflickr.com\/9\/8285\/29724004936_595d1738bd_b.jpg\" alt=\"\" width=\"1024\" height=\"576\" \/><\/p>\n<p><img loading=\"lazy\" decoding=\"async\" class=\"alignnone size-full\" src=\"https:\/\/c1.staticflickr.com\/9\/8608\/29132258464_86bea119f4_b.jpg\" alt=\"\" width=\"1024\" height=\"576\" \/><\/p>\n<p><img loading=\"lazy\" decoding=\"async\" class=\"alignnone size-full\" src=\"https:\/\/c8.staticflickr.com\/9\/8783\/29759654935_4ceb6217d7_b.jpg\" alt=\"\" width=\"1024\" height=\"576\" \/><\/p>\n<p><img loading=\"lazy\" decoding=\"async\" class=\"alignnone size-full\" src=\"https:\/\/c4.staticflickr.com\/9\/8488\/29759653555_f10e1b5f6b_b.jpg\" alt=\"\" width=\"1024\" height=\"576\" \/><\/p>\n<p>&nbsp;<\/p>\n<hr \/>\n<h3><strong>Track de la ruta<\/strong><\/h3>\n<p>[sgpx gpx=\u00bb\/wp-content\/uploads\/gpx\/PicsTorrenueles-ComadelClot-Fontnegra.gpx\u00bb]<\/p>\n<hr \/>\n<p>&nbsp;<\/p>\n<h3><strong>Album de fotos<\/strong><\/h3>\n<p><a href=\"https:\/\/photos.app.goo.gl\/kPLujLxpkVSoW1Up8\" target=\"_blank\" rel=\"noopener noreferrer\"><img loading=\"lazy\" decoding=\"async\" class=\"aligncenter wp-image-8988 size-column4-4\/5\" src=\"http:\/\/www.carlosyconchita.net\/rutas\/wp-content\/uploads\/2016\/09\/Torreneules-0036a-240x192.jpg\" alt=\"torreneules-0036a\" width=\"240\" height=\"192\" srcset=\"https:\/\/www.carlosyconchita.net\/rutas\/wp-content\/uploads\/2016\/09\/Torreneules-0036a-240x192.jpg 240w, https:\/\/www.carlosyconchita.net\/rutas\/wp-content\/uploads\/2016\/09\/Torreneules-0036a-250x200.jpg 250w, https:\/\/www.carlosyconchita.net\/rutas\/wp-content\/uploads\/2016\/09\/Torreneules-0036a-480x384.jpg 480w, https:\/\/www.carlosyconchita.net\/rutas\/wp-content\/uploads\/2016\/09\/Torreneules-0036a-320x256.jpg 320w\" sizes=\"auto, (max-width: 240px) 100vw, 240px\" \/><\/a><\/p>\n<hr \/>\n<p>&nbsp;<\/p>\n<h3><strong>Wikiloc<\/strong><\/h3>\n<p><a href=\"http:\/\/es.wikiloc.com\/wikiloc\/view.do?id=14806190\" target=\"_blank\" rel=\"noopener noreferrer\"><img loading=\"lazy\" decoding=\"async\" class=\"size-full wp-image-958 aligncenter\" src=\"http:\/\/www.carlosyconchita.net\/rutas\/wp-content\/uploads\/2020\/09\/wikiloc.jpg\" alt=\"wikiloc\" width=\"117\" height=\"34\" \/><\/a><\/p>\n<hr \/>\n<p style=\"text-align: justify;\"><span style=\"color: #ff0000; background-color: #ffffff; font-size: 14pt;\"><strong>Si te ha gustado, comp\u00e1rtelo en tu red favorita,\u00a0 haz +1, o env\u00edanos tu comentario.<br \/>\n<\/strong><\/span><\/p>\n<p><span style=\"font-size: 14pt;\"><strong><span style=\"color: #ff0000;\">Muchas gracias !<\/span><\/strong><\/span><\/p>\n<hr \/>\n<p style=\"text-align: justify;\"><strong><span style=\"color: #008000;\">Suscribete si quieres recibir un mail cuando publiquemos nuevas rutas : no enviamos publicidad y como m\u00e1ximo enviamos 2 mails al mes<\/span><\/strong><\/p>\n<p>[wysija_form id=\u00bb1&#8243;]<\/p>\n<hr \/>\n<h3>Puedes imprimir esta publicaci\u00f3n o guardarla en diferentes formatos :<\/h3>\n<p><span style=\"color: #ff0000; font-size: 14pt;\">Para facilitar la impresi\u00f3n, se ha reducido considerablemente el tama\u00f1o de las fotos, pero si deseas imprimir sin fotos, aconsejamos guardarlo como \u201cdoc\u201d, y antes de imprimirlo, eliminar las fotos<\/span><\/p>\n<p><span style=\"color: #ff0000;\">\u00a0<\/span><\/p>\n","protected":false},"excerpt":{"rendered":"<p>Nueva excursi\u00f3n desde la zona de Nuria, para subir a los Picos de Torreneules, Coma del Clot y Fontnegra, con bonitos paisajes en todo el recorrido, y con bastante fr\u00edo en algun tramo, m\u00e1s por el viento que por la temperatura. En esta ocasi\u00f3n vamos con\u00a0 nuestros amigos\u00a0 Carme, Miquel, Nuria, Rafel, Asun, Luis, Marina [&hellip;]<\/p>\n","protected":false},"author":50,"featured_media":8988,"comment_status":"open","ping_status":"open","sticky":false,"template":"","format":"standard","meta":{"footnotes":""},"categories":[106,105,11,23,12,79],"tags":[],"class_list":{"0":"post-8987","1":"post","2":"type-post","3":"status-publish","4":"format-standard","5":"has-post-thumbnail","6":"hentry","7":"category-nuestros-100-cims","8":"category-100-cims-feec","9":"category-moderada","10":"category-de-10-a-15-km","11":"category-dificil","12":"category-nuria","14":"post-with-thumbnail","15":"post-with-thumbnail-icon"},"yoast_head":"<!-- This site is optimized with the Yoast SEO plugin v27.5 - https:\/\/yoast.com\/product\/yoast-seo-wordpress\/ -->\n<title>17-09-2016-Picos Torreneules (100 CIMS), Coma del Clot y Fontnegra -<\/title>\n<meta name=\"robots\" content=\"index, follow, max-snippet:-1, max-image-preview:large, max-video-preview:-1\" \/>\n<link rel=\"canonical\" href=\"https:\/\/www.carlosyconchita.net\/rutas\/17-09-2016-picos-torreneules-coma-del-clot-fontnegra\/\" \/>\n<meta property=\"og:locale\" content=\"es_ES\" \/>\n<meta property=\"og:type\" content=\"article\" \/>\n<meta property=\"og:title\" content=\"17-09-2016-Picos Torreneules (100 CIMS), Coma del Clot y Fontnegra -\" \/>\n<meta property=\"og:description\" content=\"Nueva excursi\u00f3n desde la zona de Nuria, para subir a los Picos de Torreneules, Coma del Clot y Fontnegra, con bonitos paisajes en todo el recorrido, y con bastante fr\u00edo en algun tramo, m\u00e1s por el viento que por la temperatura. En esta ocasi\u00f3n vamos con\u00a0 nuestros amigos\u00a0 Carme, Miquel, Nuria, Rafel, Asun, Luis, Marina [&hellip;]\" \/>\n<meta property=\"og:url\" content=\"https:\/\/www.carlosyconchita.net\/rutas\/17-09-2016-picos-torreneules-coma-del-clot-fontnegra\/\" \/>\n<meta property=\"og:site_name\" content=\"Las rutas de Carlos y Conchita\" \/>\n<meta property=\"article:published_time\" content=\"2016-09-17T19:24:12+00:00\" \/>\n<meta property=\"article:modified_time\" content=\"2021-03-13T17:05:25+00:00\" \/>\n<meta property=\"og:image\" content=\"https:\/\/www.carlosyconchita.net\/rutas\/wp-content\/uploads\/2016\/09\/Torreneules-0036a.jpg\" \/>\n\t<meta property=\"og:image:width\" content=\"1024\" \/>\n\t<meta property=\"og:image:height\" content=\"576\" \/>\n\t<meta property=\"og:image:type\" content=\"image\/jpeg\" \/>\n<meta name=\"author\" content=\"Carlos Conchita\" \/>\n<meta name=\"twitter:label1\" content=\"Escrito por\" \/>\n\t<meta name=\"twitter:data1\" content=\"Carlos Conchita\" \/>\n\t<meta name=\"twitter:label2\" content=\"Tiempo de lectura\" \/>\n\t<meta name=\"twitter:data2\" content=\"3 minutos\" \/>\n<script type=\"application\/ld+json\" class=\"yoast-schema-graph\">{\"@context\":\"https:\\\/\\\/schema.org\",\"@graph\":[{\"@type\":\"Article\",\"@id\":\"https:\\\/\\\/www.carlosyconchita.net\\\/rutas\\\/17-09-2016-picos-torreneules-coma-del-clot-fontnegra\\\/#article\",\"isPartOf\":{\"@id\":\"https:\\\/\\\/www.carlosyconchita.net\\\/rutas\\\/17-09-2016-picos-torreneules-coma-del-clot-fontnegra\\\/\"},\"author\":{\"name\":\"Carlos Conchita\",\"@id\":\"https:\\\/\\\/www.carlosyconchita.net\\\/rutas\\\/#\\\/schema\\\/person\\\/a9691f7258c28443fab2d3aa1479ea19\"},\"headline\":\"17-09-2016-Picos Torreneules (100 CIMS), Coma del Clot y Fontnegra\",\"datePublished\":\"2016-09-17T19:24:12+00:00\",\"dateModified\":\"2021-03-13T17:05:25+00:00\",\"mainEntityOfPage\":{\"@id\":\"https:\\\/\\\/www.carlosyconchita.net\\\/rutas\\\/17-09-2016-picos-torreneules-coma-del-clot-fontnegra\\\/\"},\"wordCount\":619,\"commentCount\":0,\"image\":{\"@id\":\"https:\\\/\\\/www.carlosyconchita.net\\\/rutas\\\/17-09-2016-picos-torreneules-coma-del-clot-fontnegra\\\/#primaryimage\"},\"thumbnailUrl\":\"https:\\\/\\\/www.carlosyconchita.net\\\/rutas\\\/wp-content\\\/uploads\\\/2016\\\/09\\\/Torreneules-0036a.jpg\",\"articleSection\":[\"100 Cims Carlos y Conchita\",\"100 Cims FEEC\",\"2-Moderada\",\"3 - De 10 a 15 km.\",\"3-Dif\u00edcil\",\"Nuria\"],\"inLanguage\":\"es\",\"potentialAction\":[{\"@type\":\"CommentAction\",\"name\":\"Comment\",\"target\":[\"https:\\\/\\\/www.carlosyconchita.net\\\/rutas\\\/17-09-2016-picos-torreneules-coma-del-clot-fontnegra\\\/#respond\"]}]},{\"@type\":\"WebPage\",\"@id\":\"https:\\\/\\\/www.carlosyconchita.net\\\/rutas\\\/17-09-2016-picos-torreneules-coma-del-clot-fontnegra\\\/\",\"url\":\"https:\\\/\\\/www.carlosyconchita.net\\\/rutas\\\/17-09-2016-picos-torreneules-coma-del-clot-fontnegra\\\/\",\"name\":\"17-09-2016-Picos Torreneules (100 CIMS), Coma del Clot y Fontnegra -\",\"isPartOf\":{\"@id\":\"https:\\\/\\\/www.carlosyconchita.net\\\/rutas\\\/#website\"},\"primaryImageOfPage\":{\"@id\":\"https:\\\/\\\/www.carlosyconchita.net\\\/rutas\\\/17-09-2016-picos-torreneules-coma-del-clot-fontnegra\\\/#primaryimage\"},\"image\":{\"@id\":\"https:\\\/\\\/www.carlosyconchita.net\\\/rutas\\\/17-09-2016-picos-torreneules-coma-del-clot-fontnegra\\\/#primaryimage\"},\"thumbnailUrl\":\"https:\\\/\\\/www.carlosyconchita.net\\\/rutas\\\/wp-content\\\/uploads\\\/2016\\\/09\\\/Torreneules-0036a.jpg\",\"datePublished\":\"2016-09-17T19:24:12+00:00\",\"dateModified\":\"2021-03-13T17:05:25+00:00\",\"author\":{\"@id\":\"https:\\\/\\\/www.carlosyconchita.net\\\/rutas\\\/#\\\/schema\\\/person\\\/a9691f7258c28443fab2d3aa1479ea19\"},\"breadcrumb\":{\"@id\":\"https:\\\/\\\/www.carlosyconchita.net\\\/rutas\\\/17-09-2016-picos-torreneules-coma-del-clot-fontnegra\\\/#breadcrumb\"},\"inLanguage\":\"es\",\"potentialAction\":[{\"@type\":\"ReadAction\",\"target\":[\"https:\\\/\\\/www.carlosyconchita.net\\\/rutas\\\/17-09-2016-picos-torreneules-coma-del-clot-fontnegra\\\/\"]}]},{\"@type\":\"ImageObject\",\"inLanguage\":\"es\",\"@id\":\"https:\\\/\\\/www.carlosyconchita.net\\\/rutas\\\/17-09-2016-picos-torreneules-coma-del-clot-fontnegra\\\/#primaryimage\",\"url\":\"https:\\\/\\\/www.carlosyconchita.net\\\/rutas\\\/wp-content\\\/uploads\\\/2016\\\/09\\\/Torreneules-0036a.jpg\",\"contentUrl\":\"https:\\\/\\\/www.carlosyconchita.net\\\/rutas\\\/wp-content\\\/uploads\\\/2016\\\/09\\\/Torreneules-0036a.jpg\",\"width\":1024,\"height\":576},{\"@type\":\"BreadcrumbList\",\"@id\":\"https:\\\/\\\/www.carlosyconchita.net\\\/rutas\\\/17-09-2016-picos-torreneules-coma-del-clot-fontnegra\\\/#breadcrumb\",\"itemListElement\":[{\"@type\":\"ListItem\",\"position\":1,\"name\":\"Portada\",\"item\":\"https:\\\/\\\/www.carlosyconchita.net\\\/rutas\\\/\"},{\"@type\":\"ListItem\",\"position\":2,\"name\":\"17-09-2016-Picos Torreneules (100 CIMS), Coma del Clot y Fontnegra\"}]},{\"@type\":\"WebSite\",\"@id\":\"https:\\\/\\\/www.carlosyconchita.net\\\/rutas\\\/#website\",\"url\":\"https:\\\/\\\/www.carlosyconchita.net\\\/rutas\\\/\",\"name\":\"Las rutas de Carlos y Conchita\",\"description\":\"\",\"potentialAction\":[{\"@type\":\"SearchAction\",\"target\":{\"@type\":\"EntryPoint\",\"urlTemplate\":\"https:\\\/\\\/www.carlosyconchita.net\\\/rutas\\\/?s={search_term_string}\"},\"query-input\":{\"@type\":\"PropertyValueSpecification\",\"valueRequired\":true,\"valueName\":\"search_term_string\"}}],\"inLanguage\":\"es\"},{\"@type\":\"Person\",\"@id\":\"https:\\\/\\\/www.carlosyconchita.net\\\/rutas\\\/#\\\/schema\\\/person\\\/a9691f7258c28443fab2d3aa1479ea19\",\"name\":\"Carlos Conchita\",\"image\":{\"@type\":\"ImageObject\",\"inLanguage\":\"es\",\"@id\":\"https:\\\/\\\/secure.gravatar.com\\\/avatar\\\/3a4625b20c8da3de99da69bfe7a322774e291c3f90dce7e8778a30fe6748ed1a?s=96&d=mm&r=g\",\"url\":\"https:\\\/\\\/secure.gravatar.com\\\/avatar\\\/3a4625b20c8da3de99da69bfe7a322774e291c3f90dce7e8778a30fe6748ed1a?s=96&d=mm&r=g\",\"contentUrl\":\"https:\\\/\\\/secure.gravatar.com\\\/avatar\\\/3a4625b20c8da3de99da69bfe7a322774e291c3f90dce7e8778a30fe6748ed1a?s=96&d=mm&r=g\",\"caption\":\"Carlos Conchita\"}}]}<\/script>\n<!-- \/ Yoast SEO plugin. -->","yoast_head_json":{"title":"17-09-2016-Picos Torreneules (100 CIMS), Coma del Clot y Fontnegra -","robots":{"index":"index","follow":"follow","max-snippet":"max-snippet:-1","max-image-preview":"max-image-preview:large","max-video-preview":"max-video-preview:-1"},"canonical":"https:\/\/www.carlosyconchita.net\/rutas\/17-09-2016-picos-torreneules-coma-del-clot-fontnegra\/","og_locale":"es_ES","og_type":"article","og_title":"17-09-2016-Picos Torreneules (100 CIMS), Coma del Clot y Fontnegra -","og_description":"Nueva excursi\u00f3n desde la zona de Nuria, para subir a los Picos de Torreneules, Coma del Clot y Fontnegra, con bonitos paisajes en todo el recorrido, y con bastante fr\u00edo en algun tramo, m\u00e1s por el viento que por la temperatura. En esta ocasi\u00f3n vamos con\u00a0 nuestros amigos\u00a0 Carme, Miquel, Nuria, Rafel, Asun, Luis, Marina [&hellip;]","og_url":"https:\/\/www.carlosyconchita.net\/rutas\/17-09-2016-picos-torreneules-coma-del-clot-fontnegra\/","og_site_name":"Las rutas de Carlos y Conchita","article_published_time":"2016-09-17T19:24:12+00:00","article_modified_time":"2021-03-13T17:05:25+00:00","og_image":[{"width":1024,"height":576,"url":"https:\/\/www.carlosyconchita.net\/rutas\/wp-content\/uploads\/2016\/09\/Torreneules-0036a.jpg","type":"image\/jpeg"}],"author":"Carlos Conchita","twitter_misc":{"Escrito por":"Carlos Conchita","Tiempo de lectura":"3 minutos"},"schema":{"@context":"https:\/\/schema.org","@graph":[{"@type":"Article","@id":"https:\/\/www.carlosyconchita.net\/rutas\/17-09-2016-picos-torreneules-coma-del-clot-fontnegra\/#article","isPartOf":{"@id":"https:\/\/www.carlosyconchita.net\/rutas\/17-09-2016-picos-torreneules-coma-del-clot-fontnegra\/"},"author":{"name":"Carlos Conchita","@id":"https:\/\/www.carlosyconchita.net\/rutas\/#\/schema\/person\/a9691f7258c28443fab2d3aa1479ea19"},"headline":"17-09-2016-Picos Torreneules (100 CIMS), Coma del Clot y Fontnegra","datePublished":"2016-09-17T19:24:12+00:00","dateModified":"2021-03-13T17:05:25+00:00","mainEntityOfPage":{"@id":"https:\/\/www.carlosyconchita.net\/rutas\/17-09-2016-picos-torreneules-coma-del-clot-fontnegra\/"},"wordCount":619,"commentCount":0,"image":{"@id":"https:\/\/www.carlosyconchita.net\/rutas\/17-09-2016-picos-torreneules-coma-del-clot-fontnegra\/#primaryimage"},"thumbnailUrl":"https:\/\/www.carlosyconchita.net\/rutas\/wp-content\/uploads\/2016\/09\/Torreneules-0036a.jpg","articleSection":["100 Cims Carlos y Conchita","100 Cims FEEC","2-Moderada","3 - De 10 a 15 km.","3-Dif\u00edcil","Nuria"],"inLanguage":"es","potentialAction":[{"@type":"CommentAction","name":"Comment","target":["https:\/\/www.carlosyconchita.net\/rutas\/17-09-2016-picos-torreneules-coma-del-clot-fontnegra\/#respond"]}]},{"@type":"WebPage","@id":"https:\/\/www.carlosyconchita.net\/rutas\/17-09-2016-picos-torreneules-coma-del-clot-fontnegra\/","url":"https:\/\/www.carlosyconchita.net\/rutas\/17-09-2016-picos-torreneules-coma-del-clot-fontnegra\/","name":"17-09-2016-Picos Torreneules (100 CIMS), Coma del Clot y Fontnegra -","isPartOf":{"@id":"https:\/\/www.carlosyconchita.net\/rutas\/#website"},"primaryImageOfPage":{"@id":"https:\/\/www.carlosyconchita.net\/rutas\/17-09-2016-picos-torreneules-coma-del-clot-fontnegra\/#primaryimage"},"image":{"@id":"https:\/\/www.carlosyconchita.net\/rutas\/17-09-2016-picos-torreneules-coma-del-clot-fontnegra\/#primaryimage"},"thumbnailUrl":"https:\/\/www.carlosyconchita.net\/rutas\/wp-content\/uploads\/2016\/09\/Torreneules-0036a.jpg","datePublished":"2016-09-17T19:24:12+00:00","dateModified":"2021-03-13T17:05:25+00:00","author":{"@id":"https:\/\/www.carlosyconchita.net\/rutas\/#\/schema\/person\/a9691f7258c28443fab2d3aa1479ea19"},"breadcrumb":{"@id":"https:\/\/www.carlosyconchita.net\/rutas\/17-09-2016-picos-torreneules-coma-del-clot-fontnegra\/#breadcrumb"},"inLanguage":"es","potentialAction":[{"@type":"ReadAction","target":["https:\/\/www.carlosyconchita.net\/rutas\/17-09-2016-picos-torreneules-coma-del-clot-fontnegra\/"]}]},{"@type":"ImageObject","inLanguage":"es","@id":"https:\/\/www.carlosyconchita.net\/rutas\/17-09-2016-picos-torreneules-coma-del-clot-fontnegra\/#primaryimage","url":"https:\/\/www.carlosyconchita.net\/rutas\/wp-content\/uploads\/2016\/09\/Torreneules-0036a.jpg","contentUrl":"https:\/\/www.carlosyconchita.net\/rutas\/wp-content\/uploads\/2016\/09\/Torreneules-0036a.jpg","width":1024,"height":576},{"@type":"BreadcrumbList","@id":"https:\/\/www.carlosyconchita.net\/rutas\/17-09-2016-picos-torreneules-coma-del-clot-fontnegra\/#breadcrumb","itemListElement":[{"@type":"ListItem","position":1,"name":"Portada","item":"https:\/\/www.carlosyconchita.net\/rutas\/"},{"@type":"ListItem","position":2,"name":"17-09-2016-Picos Torreneules (100 CIMS), Coma del Clot y Fontnegra"}]},{"@type":"WebSite","@id":"https:\/\/www.carlosyconchita.net\/rutas\/#website","url":"https:\/\/www.carlosyconchita.net\/rutas\/","name":"Las rutas de Carlos y Conchita","description":"","potentialAction":[{"@type":"SearchAction","target":{"@type":"EntryPoint","urlTemplate":"https:\/\/www.carlosyconchita.net\/rutas\/?s={search_term_string}"},"query-input":{"@type":"PropertyValueSpecification","valueRequired":true,"valueName":"search_term_string"}}],"inLanguage":"es"},{"@type":"Person","@id":"https:\/\/www.carlosyconchita.net\/rutas\/#\/schema\/person\/a9691f7258c28443fab2d3aa1479ea19","name":"Carlos Conchita","image":{"@type":"ImageObject","inLanguage":"es","@id":"https:\/\/secure.gravatar.com\/avatar\/3a4625b20c8da3de99da69bfe7a322774e291c3f90dce7e8778a30fe6748ed1a?s=96&d=mm&r=g","url":"https:\/\/secure.gravatar.com\/avatar\/3a4625b20c8da3de99da69bfe7a322774e291c3f90dce7e8778a30fe6748ed1a?s=96&d=mm&r=g","contentUrl":"https:\/\/secure.gravatar.com\/avatar\/3a4625b20c8da3de99da69bfe7a322774e291c3f90dce7e8778a30fe6748ed1a?s=96&d=mm&r=g","caption":"Carlos Conchita"}}]}},"_links":{"self":[{"href":"https:\/\/www.carlosyconchita.net\/rutas\/wp-json\/wp\/v2\/posts\/8987","targetHints":{"allow":["GET"]}}],"collection":[{"href":"https:\/\/www.carlosyconchita.net\/rutas\/wp-json\/wp\/v2\/posts"}],"about":[{"href":"https:\/\/www.carlosyconchita.net\/rutas\/wp-json\/wp\/v2\/types\/post"}],"author":[{"embeddable":true,"href":"https:\/\/www.carlosyconchita.net\/rutas\/wp-json\/wp\/v2\/users\/50"}],"replies":[{"embeddable":true,"href":"https:\/\/www.carlosyconchita.net\/rutas\/wp-json\/wp\/v2\/comments?post=8987"}],"version-history":[{"count":0,"href":"https:\/\/www.carlosyconchita.net\/rutas\/wp-json\/wp\/v2\/posts\/8987\/revisions"}],"wp:featuredmedia":[{"embeddable":true,"href":"https:\/\/www.carlosyconchita.net\/rutas\/wp-json\/wp\/v2\/media\/8988"}],"wp:attachment":[{"href":"https:\/\/www.carlosyconchita.net\/rutas\/wp-json\/wp\/v2\/media?parent=8987"}],"wp:term":[{"taxonomy":"category","embeddable":true,"href":"https:\/\/www.carlosyconchita.net\/rutas\/wp-json\/wp\/v2\/categories?post=8987"},{"taxonomy":"post_tag","embeddable":true,"href":"https:\/\/www.carlosyconchita.net\/rutas\/wp-json\/wp\/v2\/tags?post=8987"}],"curies":[{"name":"wp","href":"https:\/\/api.w.org\/{rel}","templated":true}]}}