{"id":9337,"date":"2016-10-08T20:15:03","date_gmt":"2016-10-08T19:15:03","guid":{"rendered":"http:\/\/www.carlosyconchita.net\/rutas\/?p=9337"},"modified":"2021-11-20T19:13:38","modified_gmt":"2021-11-20T18:13:38","slug":"08-10-2016-cap-del-vert","status":"publish","type":"post","link":"https:\/\/www.carlosyconchita.net\/rutas\/08-10-2016-cap-del-vert\/","title":{"rendered":"08-10-2016 &#8211; Cap del Vert (100 Cims)"},"content":{"rendered":"<p style=\"text-align: justify;\">Desde Gosol subimos al Cap del Vert, pasando por el Coll de Mola, el Portell del Os, y el Pla de la Font, con unas fant\u00e1sticas vistas del Pedraforca durante todo el recorrido.<\/p>\n<p style=\"text-align: justify;\">Ruta realizada con Carme, Miquel, Marina, Pep y Rafel.<\/p>\n<p style=\"text-align: justify;\">\u00a0<\/p>\n<p><strong>Dificultad<\/strong> :\u00a0\u00a0\u00a0 Moderada<\/p>\n<p><strong>Distancia total<\/strong> :\u00a0\u00a0\u00a0 <span class=\"totlen\"><span class=\"summaryvalue\">15.326 m<\/span><\/span><\/p>\n<p><strong>Alturas m\u00ednima \/ m\u00e1xima<\/strong> :\u00a0\u00a0\u00a0\u00a0\u00a0 1.476 m. \/\u00a0\u00a0 2.281 <span class=\"maxele\"><span class=\"summaryvalue\">m<\/span><\/span>.<\/p>\n<p><strong>Desnivel acumulado (s\/Wikiloc)<\/strong>\u00a0 :\u00a0\u00a0 888 m.<\/p>\n<p><strong>Tiempo total \/ en movimiento<\/strong> :\u00a0\u00a0\u00a0\u00a0\u00a0\u00a0 7 h. 09 m.\u00a0 \/\u00a0 4 h. 18 m.<\/p>\n<p><strong>Velocidad media total \/ velocidad media movimiento<\/strong> :\u00a0\u00a0\u00a0 2\u201911 km\/h\u00a0 \u2013\u00a0 3\u201950 km.\/h<\/p>\n<p>&nbsp;<\/p>\n<p style=\"text-align: justify;\">El punto de partida es Gosol, m\u00e1s concretamente el camino que sale del pueblo en direcci\u00f3n a la ermita de Santa Margarida, que est\u00e1 a unos 2.4 km. del pueblo.<br \/>\nNosotros hemos dejado el coche en el mismo camino, poco antes de la ermita, en un sitio en que el camino era un poco m\u00e1s ancho, pero luego, al subir hacia la ermita, hemos visto que hay una zona de parking para poder dejar el coche&#8230;pod\u00edan haber puesto un letrero abajo en el camino, y no solo a la entrada del parking&#8230;<\/p>\n<p style=\"text-align: justify;\">Ya desde la carretera podemos ver el Pedraforca&#8230;<\/p>\n<p style=\"text-align: justify;\"><img loading=\"lazy\" decoding=\"async\" class=\"alignnone size-full\" src=\"https:\/\/c7.staticflickr.com\/6\/5632\/30163026886_daec9807a7_b.jpg\" alt=\"\" width=\"1019\" height=\"764\" \/><\/p>\n<p style=\"text-align: justify;\"><img loading=\"lazy\" decoding=\"async\" class=\"alignnone size-full\" src=\"https:\/\/c1.staticflickr.com\/9\/8587\/30163026736_caa1d70711_b.jpg\" alt=\"\" width=\"1019\" height=\"764\" \/><\/p>\n<p style=\"text-align: justify;\">\u00a0<\/p>\n<p style=\"text-align: justify;\">Como dec\u00edamos, hemos parado en el mismo camino, un poquito antes del desv\u00edo que sube hasta la ermita de Santa Margarida, que vemos en esta foto.<\/p>\n<p style=\"text-align: justify;\"><img loading=\"lazy\" decoding=\"async\" class=\"alignnone size-full\" src=\"https:\/\/c5.staticflickr.com\/6\/5654\/29568249244_813654fd47_b.jpg\" alt=\"\" width=\"1019\" height=\"764\" \/><\/p>\n<p style=\"text-align: justify;\">\u00a0<\/p>\n<p style=\"text-align: justify;\">Empezamos a caminar y pocos metros despu\u00e9s vemos el desv\u00edo a la derecha hacia la ermita , a donde llegamos al cabo de unos 500 m.<\/p>\n<p style=\"text-align: justify;\"><img loading=\"lazy\" decoding=\"async\" class=\"alignnone size-full\" src=\"https:\/\/c1.staticflickr.com\/6\/5257\/30163025456_9528648d23_b.jpg\" alt=\"\" width=\"935\" height=\"764\" \/><\/p>\n<p style=\"text-align: justify;\">\u00a0<\/p>\n<p style=\"text-align: justify;\">A partir de la ermita, el camino va pasando entre los arboles, y mirando atr\u00e1s podemos ver el Pedraforca y la niebla que todav\u00eda no se ha levantado.<\/p>\n<p style=\"text-align: justify;\"><img loading=\"lazy\" decoding=\"async\" class=\"alignnone size-full\" src=\"https:\/\/c1.staticflickr.com\/6\/5176\/30163024016_b1b9afb2fc_b.jpg\" alt=\"\" width=\"1019\" height=\"764\" \/><\/p>\n<p style=\"text-align: justify;\"><img loading=\"lazy\" decoding=\"async\" class=\"alignnone size-full\" src=\"https:\/\/c5.staticflickr.com\/6\/5599\/29568244964_c3e1b751f2_b.jpg\" alt=\"\" width=\"1019\" height=\"764\" \/><\/p>\n<p style=\"text-align: justify;\">\u00a0<\/p>\n<p style=\"text-align: justify;\">Llegamos al Coll de Mola, en donde hay un cruce de caminos, y nosotros seguiremos por el que vemos\u00a0 a la derecha de la foto.<\/p>\n<p style=\"text-align: justify;\"><img loading=\"lazy\" decoding=\"async\" class=\"alignnone size-full\" src=\"https:\/\/c6.staticflickr.com\/6\/5636\/29568278853_aefc5a9d87_b.jpg\" alt=\"\" width=\"1019\" height=\"764\" \/><\/p>\n<p style=\"text-align: justify;\">\u00a0<\/p>\n<p style=\"text-align: justify;\">Cuando lleguemos al Portell del Os, veremos las pistas de la estaci\u00f3n del Port del Compte.<\/p>\n<p style=\"text-align: justify;\"><img loading=\"lazy\" decoding=\"async\" class=\"alignnone size-full\" src=\"https:\/\/c3.staticflickr.com\/9\/8138\/29568238754_0647c83a94_b.jpg\" alt=\"\" width=\"1019\" height=\"764\" \/><\/p>\n<p style=\"text-align: justify;\">\u00a0<\/p>\n<p style=\"text-align: justify;\">A partir de ese punto, el camino desciende un poco durante un tramo , y despu\u00e9s empieza a subir bastante hacia el Pla de la Font, zona ya mucho m\u00e1s despejada, y desde donde vemos perfectamente el Pedraforca como si lo tuvi\u00e9ramos all\u00ed mismo.<\/p>\n<p style=\"text-align: justify;\">\u00a0<\/p>\n<p style=\"text-align: justify;\"><img loading=\"lazy\" decoding=\"async\" class=\"alignnone size-full\" src=\"https:\/\/c3.staticflickr.com\/8\/7502\/30163018866_f8d14f168e_b.jpg\" alt=\"\" width=\"1019\" height=\"764\" \/><\/p>\n<p style=\"text-align: justify;\"><img loading=\"lazy\" decoding=\"async\" class=\"alignnone size-full\" src=\"https:\/\/c1.staticflickr.com\/6\/5191\/29568233384_5944cde2f4_b.jpg\" alt=\"\" width=\"1019\" height=\"764\" \/><\/p>\n<p style=\"text-align: justify;\">\u00a0<\/p>\n<p style=\"text-align: justify;\"><img loading=\"lazy\" decoding=\"async\" class=\"alignnone size-full\" src=\"https:\/\/c5.staticflickr.com\/6\/5761\/29568232564_39c5669d32_b.jpg\" alt=\"\" width=\"1024\" height=\"455\" \/><\/p>\n<p style=\"text-align: justify;\"><img loading=\"lazy\" decoding=\"async\" class=\"alignnone size-full\" src=\"https:\/\/c3.staticflickr.com\/6\/5783\/29568231554_c45f3ba5bb_b.jpg\" alt=\"\" width=\"1019\" height=\"764\" \/><\/p>\n<p style=\"text-align: justify;\">\u00a0<\/p>\n<p style=\"text-align: justify;\">Para llegar hasta el Pla de La Font y poder hacer las fotos anteriores , nos hemos desviado un poco a nuestra izquierda del camino de subida, y ahora, para continuar la ruta, volvemos un poco atr\u00e1s hasta este punto, y seguimos subiendo hacia la derecha de donde ven\u00edamos, por esa ladera muy despejada que vemos en esta foto.<\/p>\n<p style=\"text-align: justify;\">\u00a0<\/p>\n<p style=\"text-align: justify;\"><img loading=\"lazy\" decoding=\"async\" class=\"alignnone size-full\" src=\"https:\/\/c1.staticflickr.com\/9\/8704\/30163014136_6132110d41_b.jpg\" alt=\"\" width=\"1019\" height=\"764\" \/><\/p>\n<p style=\"text-align: justify;\">\u00a0<\/p>\n<p style=\"text-align: justify;\">Desde el camino de subida, podemos ver a lo lejos el pueblo de Gosol , tanto el actual, como el antiguo, con las ruinas en la cima del mont\u00edculo.<\/p>\n<p style=\"text-align: justify;\"><img loading=\"lazy\" decoding=\"async\" class=\"alignnone size-full\" src=\"https:\/\/c4.staticflickr.com\/9\/8417\/30112626611_d7a716066e_b.jpg\" alt=\"\" width=\"1019\" height=\"764\" \/><\/p>\n<p style=\"text-align: justify;\">\u00a0<\/p>\n<p style=\"text-align: justify;\">Vamos subiendo por esa zona bastante despejada, hasta que finalmente llegamos al Prat del Vert.<\/p>\n<p style=\"text-align: justify;\">\u00a0<\/p>\n<p style=\"text-align: justify;\"><img loading=\"lazy\" decoding=\"async\" class=\"alignnone size-full\" src=\"https:\/\/c7.staticflickr.com\/8\/7529\/30163228286_9c77c8ed33_b.jpg\" alt=\"\" width=\"1019\" height=\"764\" \/><\/p>\n<p style=\"text-align: justify;\"><img loading=\"lazy\" decoding=\"async\" class=\"alignnone size-full\" src=\"https:\/\/c2.staticflickr.com\/6\/5290\/30112623161_00aa22e100_b.jpg\" alt=\"\" width=\"1019\" height=\"764\" \/><\/p>\n<p style=\"text-align: justify;\">\u00a0<\/p>\n<p style=\"text-align: justify;\">Mientras descansamos un poquito, la niebla empieza a rodearnos y hace que no podamos ver con claridad las monta\u00f1as que nos rodean, el Pedraforca, la cara sur de toda la sierra del Cad\u00ed, etc., ni a lo lejos las de Montserrat, que con zoom y de forma no muy clara se puede ver entre las nubes.<\/p>\n<p style=\"text-align: justify;\"><img loading=\"lazy\" decoding=\"async\" class=\"alignnone size-full\" src=\"https:\/\/c4.staticflickr.com\/6\/5657\/30112622091_e9401386af_b.jpg\" alt=\"\" width=\"1019\" height=\"764\" \/><\/p>\n<p style=\"text-align: justify;\"><img loading=\"lazy\" decoding=\"async\" class=\"alignnone size-full\" src=\"https:\/\/c6.staticflickr.com\/6\/5021\/30197374485_68a0ed4303_b.jpg\" alt=\"\" width=\"1024\" height=\"613\" \/><\/p>\n<p style=\"text-align: justify;\">\u00a0<\/p>\n<p style=\"text-align: justify;\">Empezamos el camino de vuelta, bajando por la ladera en direcci\u00f3n\u00a0 a esa especie de \u00abcoll\u00bb que vemos a la derecha de la foto.<\/p>\n<p style=\"text-align: justify;\"><img loading=\"lazy\" decoding=\"async\" class=\"alignnone size-full\" src=\"https:\/\/c2.staticflickr.com\/6\/5083\/30112621441_c91698a060_b.jpg\" alt=\"\" width=\"1019\" height=\"764\" \/><\/p>\n<p style=\"text-align: justify;\">\u00a0<\/p>\n<p style=\"text-align: justify;\">All\u00ed empieza una especie de camino lleno de piedras,\u00a0 y poco despu\u00e9s , nos desviamos a nuestra izquierda para empezar a bajar por lo que parece el paso de un torrente (&#8230;por suerte sin agua) , con bastante pendiente, y algo resbaladizo.<\/p>\n<p style=\"text-align: justify;\"><img loading=\"lazy\" decoding=\"async\" class=\"alignnone size-full\" src=\"https:\/\/c4.staticflickr.com\/9\/8567\/30112620971_d4ed467f44_b.jpg\" alt=\"\" width=\"1019\" height=\"764\" \/><\/p>\n<p style=\"text-align: justify;\">\u00a0<\/p>\n<p style=\"text-align: justify;\">Llegamos despu\u00e9s al camino principal, ancho y c\u00f3modo, que nos llevar\u00e1 hasta donde tenemos el coche.<\/p>\n<p style=\"text-align: justify;\"><img loading=\"lazy\" decoding=\"async\" class=\"alignnone size-full\" src=\"https:\/\/c2.staticflickr.com\/6\/5120\/30112618401_219190e0d6_b.jpg\" alt=\"\" width=\"1019\" height=\"764\" \/><\/p>\n<p style=\"text-align: justify;\"><img loading=\"lazy\" decoding=\"async\" class=\"alignnone size-full\" src=\"https:\/\/c4.staticflickr.com\/6\/5005\/30197367155_3dacc526fb_b.jpg\" alt=\"\" width=\"1019\" height=\"764\" \/><\/p>\n<p style=\"text-align: justify;\"><img loading=\"lazy\" decoding=\"async\" class=\"alignnone size-full\" src=\"https:\/\/c4.staticflickr.com\/9\/8267\/30112617091_647da3bcf9_b.jpg\" alt=\"\" width=\"1019\" height=\"764\" \/><\/p>\n<p style=\"text-align: justify;\">\u00a0<\/p>\n<hr \/>\n<h3>\u00a0<\/h3>\n<h3><strong>Track de la ruta<\/strong><\/h3>\n<p>[sgpx gpx=\u00bb\/wp-content\/uploads\/gpx\/Cap del Vert.gpx\u00bb]<\/p>\n<hr \/>\n<p>&nbsp;<\/p>\n<h3><strong>Album de fotos<\/strong><\/h3>\n<p><a href=\"https:\/\/photos.app.goo.gl\/SNQryrct8QyhHp156\" target=\"_blank\" rel=\"noopener noreferrer\"><img loading=\"lazy\" decoding=\"async\" class=\"aligncenter wp-image-9344 size-column4-4\/5\" src=\"http:\/\/www.carlosyconchita.net\/rutas\/wp-content\/uploads\/2016\/10\/30112622641_cf437a6b63_o-240x192.jpg\" alt=\"30112622641_cf437a6b63_o\" width=\"240\" height=\"192\" srcset=\"https:\/\/www.carlosyconchita.net\/rutas\/wp-content\/uploads\/2016\/10\/30112622641_cf437a6b63_o-240x192.jpg 240w, https:\/\/www.carlosyconchita.net\/rutas\/wp-content\/uploads\/2016\/10\/30112622641_cf437a6b63_o-250x200.jpg 250w, https:\/\/www.carlosyconchita.net\/rutas\/wp-content\/uploads\/2016\/10\/30112622641_cf437a6b63_o-960x764.jpg 960w, https:\/\/www.carlosyconchita.net\/rutas\/wp-content\/uploads\/2016\/10\/30112622641_cf437a6b63_o-480x384.jpg 480w, https:\/\/www.carlosyconchita.net\/rutas\/wp-content\/uploads\/2016\/10\/30112622641_cf437a6b63_o-320x256.jpg 320w\" sizes=\"auto, (max-width: 240px) 100vw, 240px\" \/><\/a><\/p>\n<hr \/>\n<p>&nbsp;<\/p>\n<h3><strong>Enlace Wikiloc<\/strong><\/h3>\n<p><a href=\"http:\/\/es.wikiloc.com\/wikiloc\/view.do?id=15053935\" target=\"_blank\" rel=\"noopener noreferrer\"><img loading=\"lazy\" decoding=\"async\" class=\"size-full wp-image-958 aligncenter\" src=\"http:\/\/www.carlosyconchita.net\/rutas\/wp-content\/uploads\/2020\/09\/wikiloc.jpg\" alt=\"wikiloc\" width=\"117\" height=\"34\" \/><\/a><\/p>\n<p>&nbsp;<\/p>\n<hr \/>\n<p style=\"text-align: justify;\"><span style=\"color: #ff0000; background-color: #ffffff; font-size: 14pt;\"><strong>Si te ha gustado, comp\u00e1rtelo en tu red favorita,\u00a0 haz +1, o env\u00edanos tu comentario.<br \/>\n<\/strong><\/span><\/p>\n<p><span style=\"font-size: 14pt;\"><strong><span style=\"color: #ff0000;\">Muchas gracias !<\/span><\/strong><\/span><\/p>\n<hr \/>\n<p style=\"text-align: justify;\"><strong><span style=\"color: #008000;\">Suscribete si quieres recibir un mail cuando publiquemos nuevas rutas : no enviamos publicidad y como m\u00e1ximo enviamos 2 mails al mes<\/span><\/strong><\/p>\n<p>[wysija_form id=\u00bb1&#8243;]<\/p>\n<hr \/>\n<h3>Puedes imprimir esta publicaci\u00f3n o guardarla en diferentes formatos :<\/h3>\n<p><span style=\"color: #ff0000; font-size: 14pt;\">Para facilitar la impresi\u00f3n, se ha reducido considerablemente el tama\u00f1o de las fotos, pero si deseas imprimir sin fotos, aconsejamos guardarlo como \u201cdoc\u201d, y antes de imprimirlo, eliminar las fotos<\/span><\/p>\n<p><span style=\"color: #ff0000;\">\u00a0<\/span><\/p>\n<hr \/>\n","protected":false},"excerpt":{"rendered":"<p>Desde Gosol subimos al Cap del Vert, pasando por el Coll de Mola, el Portell del Os, y el Pla de la Font, con unas fant\u00e1sticas vistas del Pedraforca durante todo el recorrido. Ruta realizada con Carme, Miquel, Marina, Pep y Rafel. \u00a0 Dificultad :\u00a0\u00a0\u00a0 Moderada Distancia total :\u00a0\u00a0\u00a0 15.326 m Alturas m\u00ednima \/ m\u00e1xima [&hellip;]<\/p>\n","protected":false},"author":50,"featured_media":9344,"comment_status":"open","ping_status":"open","sticky":false,"template":"","format":"standard","meta":{"footnotes":""},"categories":[106,105,11,12,27,76],"tags":[],"class_list":{"0":"post-9337","1":"post","2":"type-post","3":"status-publish","4":"format-standard","5":"has-post-thumbnail","6":"hentry","7":"category-nuestros-100-cims","8":"category-100-cims-feec","9":"category-moderada","10":"category-dificil","11":"category-4-de-15-a-20-km","12":"category-lleida","14":"post-with-thumbnail","15":"post-with-thumbnail-icon"},"yoast_head":"<!-- This site is optimized with the Yoast SEO plugin v27.4 - https:\/\/yoast.com\/product\/yoast-seo-wordpress\/ -->\n<title>08-10-2016 - Cap del Vert (100 Cims) -<\/title>\n<meta name=\"robots\" content=\"index, follow, max-snippet:-1, max-image-preview:large, max-video-preview:-1\" \/>\n<link rel=\"canonical\" href=\"https:\/\/www.carlosyconchita.net\/rutas\/08-10-2016-cap-del-vert\/\" \/>\n<meta property=\"og:locale\" content=\"es_ES\" \/>\n<meta property=\"og:type\" content=\"article\" \/>\n<meta property=\"og:title\" content=\"08-10-2016 - Cap del Vert (100 Cims) -\" \/>\n<meta property=\"og:description\" content=\"Desde Gosol subimos al Cap del Vert, pasando por el Coll de Mola, el Portell del Os, y el Pla de la Font, con unas fant\u00e1sticas vistas del Pedraforca durante todo el recorrido. Ruta realizada con Carme, Miquel, Marina, Pep y Rafel. \u00a0 Dificultad :\u00a0\u00a0\u00a0 Moderada Distancia total :\u00a0\u00a0\u00a0 15.326 m Alturas m\u00ednima \/ m\u00e1xima [&hellip;]\" \/>\n<meta property=\"og:url\" content=\"https:\/\/www.carlosyconchita.net\/rutas\/08-10-2016-cap-del-vert\/\" \/>\n<meta property=\"og:site_name\" content=\"Las rutas de Carlos y Conchita\" \/>\n<meta property=\"article:published_time\" content=\"2016-10-08T19:15:03+00:00\" \/>\n<meta property=\"article:modified_time\" content=\"2021-11-20T18:13:38+00:00\" \/>\n<meta property=\"og:image\" content=\"https:\/\/www.carlosyconchita.net\/rutas\/wp-content\/uploads\/2016\/10\/30112622641_cf437a6b63_o.jpg\" \/>\n\t<meta property=\"og:image:width\" content=\"1019\" \/>\n\t<meta property=\"og:image:height\" content=\"764\" \/>\n\t<meta property=\"og:image:type\" content=\"image\/jpeg\" \/>\n<meta name=\"author\" content=\"Carlos Conchita\" \/>\n<meta name=\"twitter:label1\" content=\"Escrito por\" \/>\n\t<meta name=\"twitter:data1\" content=\"Carlos Conchita\" \/>\n\t<meta name=\"twitter:label2\" content=\"Tiempo de lectura\" \/>\n\t<meta name=\"twitter:data2\" content=\"4 minutos\" \/>\n<script type=\"application\/ld+json\" class=\"yoast-schema-graph\">{\"@context\":\"https:\\\/\\\/schema.org\",\"@graph\":[{\"@type\":\"Article\",\"@id\":\"https:\\\/\\\/www.carlosyconchita.net\\\/rutas\\\/08-10-2016-cap-del-vert\\\/#article\",\"isPartOf\":{\"@id\":\"https:\\\/\\\/www.carlosyconchita.net\\\/rutas\\\/08-10-2016-cap-del-vert\\\/\"},\"author\":{\"name\":\"Carlos Conchita\",\"@id\":\"https:\\\/\\\/www.carlosyconchita.net\\\/rutas\\\/#\\\/schema\\\/person\\\/a9691f7258c28443fab2d3aa1479ea19\"},\"headline\":\"08-10-2016 &#8211; Cap del Vert (100 Cims)\",\"datePublished\":\"2016-10-08T19:15:03+00:00\",\"dateModified\":\"2021-11-20T18:13:38+00:00\",\"mainEntityOfPage\":{\"@id\":\"https:\\\/\\\/www.carlosyconchita.net\\\/rutas\\\/08-10-2016-cap-del-vert\\\/\"},\"wordCount\":712,\"commentCount\":0,\"image\":{\"@id\":\"https:\\\/\\\/www.carlosyconchita.net\\\/rutas\\\/08-10-2016-cap-del-vert\\\/#primaryimage\"},\"thumbnailUrl\":\"https:\\\/\\\/www.carlosyconchita.net\\\/rutas\\\/wp-content\\\/uploads\\\/2016\\\/10\\\/30112622641_cf437a6b63_o.jpg\",\"articleSection\":[\"100 Cims Carlos y Conchita\",\"100 Cims FEEC\",\"2-Moderada\",\"3-Dif\u00edcil\",\"4 - De 15 a 20 km.\",\"Lleida\"],\"inLanguage\":\"es\",\"potentialAction\":[{\"@type\":\"CommentAction\",\"name\":\"Comment\",\"target\":[\"https:\\\/\\\/www.carlosyconchita.net\\\/rutas\\\/08-10-2016-cap-del-vert\\\/#respond\"]}]},{\"@type\":\"WebPage\",\"@id\":\"https:\\\/\\\/www.carlosyconchita.net\\\/rutas\\\/08-10-2016-cap-del-vert\\\/\",\"url\":\"https:\\\/\\\/www.carlosyconchita.net\\\/rutas\\\/08-10-2016-cap-del-vert\\\/\",\"name\":\"08-10-2016 - Cap del Vert (100 Cims) -\",\"isPartOf\":{\"@id\":\"https:\\\/\\\/www.carlosyconchita.net\\\/rutas\\\/#website\"},\"primaryImageOfPage\":{\"@id\":\"https:\\\/\\\/www.carlosyconchita.net\\\/rutas\\\/08-10-2016-cap-del-vert\\\/#primaryimage\"},\"image\":{\"@id\":\"https:\\\/\\\/www.carlosyconchita.net\\\/rutas\\\/08-10-2016-cap-del-vert\\\/#primaryimage\"},\"thumbnailUrl\":\"https:\\\/\\\/www.carlosyconchita.net\\\/rutas\\\/wp-content\\\/uploads\\\/2016\\\/10\\\/30112622641_cf437a6b63_o.jpg\",\"datePublished\":\"2016-10-08T19:15:03+00:00\",\"dateModified\":\"2021-11-20T18:13:38+00:00\",\"author\":{\"@id\":\"https:\\\/\\\/www.carlosyconchita.net\\\/rutas\\\/#\\\/schema\\\/person\\\/a9691f7258c28443fab2d3aa1479ea19\"},\"breadcrumb\":{\"@id\":\"https:\\\/\\\/www.carlosyconchita.net\\\/rutas\\\/08-10-2016-cap-del-vert\\\/#breadcrumb\"},\"inLanguage\":\"es\",\"potentialAction\":[{\"@type\":\"ReadAction\",\"target\":[\"https:\\\/\\\/www.carlosyconchita.net\\\/rutas\\\/08-10-2016-cap-del-vert\\\/\"]}]},{\"@type\":\"ImageObject\",\"inLanguage\":\"es\",\"@id\":\"https:\\\/\\\/www.carlosyconchita.net\\\/rutas\\\/08-10-2016-cap-del-vert\\\/#primaryimage\",\"url\":\"https:\\\/\\\/www.carlosyconchita.net\\\/rutas\\\/wp-content\\\/uploads\\\/2016\\\/10\\\/30112622641_cf437a6b63_o.jpg\",\"contentUrl\":\"https:\\\/\\\/www.carlosyconchita.net\\\/rutas\\\/wp-content\\\/uploads\\\/2016\\\/10\\\/30112622641_cf437a6b63_o.jpg\",\"width\":1019,\"height\":764},{\"@type\":\"BreadcrumbList\",\"@id\":\"https:\\\/\\\/www.carlosyconchita.net\\\/rutas\\\/08-10-2016-cap-del-vert\\\/#breadcrumb\",\"itemListElement\":[{\"@type\":\"ListItem\",\"position\":1,\"name\":\"Portada\",\"item\":\"https:\\\/\\\/www.carlosyconchita.net\\\/rutas\\\/\"},{\"@type\":\"ListItem\",\"position\":2,\"name\":\"08-10-2016 &#8211; Cap del Vert (100 Cims)\"}]},{\"@type\":\"WebSite\",\"@id\":\"https:\\\/\\\/www.carlosyconchita.net\\\/rutas\\\/#website\",\"url\":\"https:\\\/\\\/www.carlosyconchita.net\\\/rutas\\\/\",\"name\":\"Las rutas de Carlos y Conchita\",\"description\":\"\",\"potentialAction\":[{\"@type\":\"SearchAction\",\"target\":{\"@type\":\"EntryPoint\",\"urlTemplate\":\"https:\\\/\\\/www.carlosyconchita.net\\\/rutas\\\/?s={search_term_string}\"},\"query-input\":{\"@type\":\"PropertyValueSpecification\",\"valueRequired\":true,\"valueName\":\"search_term_string\"}}],\"inLanguage\":\"es\"},{\"@type\":\"Person\",\"@id\":\"https:\\\/\\\/www.carlosyconchita.net\\\/rutas\\\/#\\\/schema\\\/person\\\/a9691f7258c28443fab2d3aa1479ea19\",\"name\":\"Carlos Conchita\",\"image\":{\"@type\":\"ImageObject\",\"inLanguage\":\"es\",\"@id\":\"https:\\\/\\\/secure.gravatar.com\\\/avatar\\\/3a4625b20c8da3de99da69bfe7a322774e291c3f90dce7e8778a30fe6748ed1a?s=96&d=mm&r=g\",\"url\":\"https:\\\/\\\/secure.gravatar.com\\\/avatar\\\/3a4625b20c8da3de99da69bfe7a322774e291c3f90dce7e8778a30fe6748ed1a?s=96&d=mm&r=g\",\"contentUrl\":\"https:\\\/\\\/secure.gravatar.com\\\/avatar\\\/3a4625b20c8da3de99da69bfe7a322774e291c3f90dce7e8778a30fe6748ed1a?s=96&d=mm&r=g\",\"caption\":\"Carlos Conchita\"}}]}<\/script>\n<!-- \/ Yoast SEO plugin. -->","yoast_head_json":{"title":"08-10-2016 - Cap del Vert (100 Cims) -","robots":{"index":"index","follow":"follow","max-snippet":"max-snippet:-1","max-image-preview":"max-image-preview:large","max-video-preview":"max-video-preview:-1"},"canonical":"https:\/\/www.carlosyconchita.net\/rutas\/08-10-2016-cap-del-vert\/","og_locale":"es_ES","og_type":"article","og_title":"08-10-2016 - Cap del Vert (100 Cims) -","og_description":"Desde Gosol subimos al Cap del Vert, pasando por el Coll de Mola, el Portell del Os, y el Pla de la Font, con unas fant\u00e1sticas vistas del Pedraforca durante todo el recorrido. Ruta realizada con Carme, Miquel, Marina, Pep y Rafel. \u00a0 Dificultad :\u00a0\u00a0\u00a0 Moderada Distancia total :\u00a0\u00a0\u00a0 15.326 m Alturas m\u00ednima \/ m\u00e1xima [&hellip;]","og_url":"https:\/\/www.carlosyconchita.net\/rutas\/08-10-2016-cap-del-vert\/","og_site_name":"Las rutas de Carlos y Conchita","article_published_time":"2016-10-08T19:15:03+00:00","article_modified_time":"2021-11-20T18:13:38+00:00","og_image":[{"width":1019,"height":764,"url":"https:\/\/www.carlosyconchita.net\/rutas\/wp-content\/uploads\/2016\/10\/30112622641_cf437a6b63_o.jpg","type":"image\/jpeg"}],"author":"Carlos Conchita","twitter_misc":{"Escrito por":"Carlos Conchita","Tiempo de lectura":"4 minutos"},"schema":{"@context":"https:\/\/schema.org","@graph":[{"@type":"Article","@id":"https:\/\/www.carlosyconchita.net\/rutas\/08-10-2016-cap-del-vert\/#article","isPartOf":{"@id":"https:\/\/www.carlosyconchita.net\/rutas\/08-10-2016-cap-del-vert\/"},"author":{"name":"Carlos Conchita","@id":"https:\/\/www.carlosyconchita.net\/rutas\/#\/schema\/person\/a9691f7258c28443fab2d3aa1479ea19"},"headline":"08-10-2016 &#8211; Cap del Vert (100 Cims)","datePublished":"2016-10-08T19:15:03+00:00","dateModified":"2021-11-20T18:13:38+00:00","mainEntityOfPage":{"@id":"https:\/\/www.carlosyconchita.net\/rutas\/08-10-2016-cap-del-vert\/"},"wordCount":712,"commentCount":0,"image":{"@id":"https:\/\/www.carlosyconchita.net\/rutas\/08-10-2016-cap-del-vert\/#primaryimage"},"thumbnailUrl":"https:\/\/www.carlosyconchita.net\/rutas\/wp-content\/uploads\/2016\/10\/30112622641_cf437a6b63_o.jpg","articleSection":["100 Cims Carlos y Conchita","100 Cims FEEC","2-Moderada","3-Dif\u00edcil","4 - De 15 a 20 km.","Lleida"],"inLanguage":"es","potentialAction":[{"@type":"CommentAction","name":"Comment","target":["https:\/\/www.carlosyconchita.net\/rutas\/08-10-2016-cap-del-vert\/#respond"]}]},{"@type":"WebPage","@id":"https:\/\/www.carlosyconchita.net\/rutas\/08-10-2016-cap-del-vert\/","url":"https:\/\/www.carlosyconchita.net\/rutas\/08-10-2016-cap-del-vert\/","name":"08-10-2016 - Cap del Vert (100 Cims) -","isPartOf":{"@id":"https:\/\/www.carlosyconchita.net\/rutas\/#website"},"primaryImageOfPage":{"@id":"https:\/\/www.carlosyconchita.net\/rutas\/08-10-2016-cap-del-vert\/#primaryimage"},"image":{"@id":"https:\/\/www.carlosyconchita.net\/rutas\/08-10-2016-cap-del-vert\/#primaryimage"},"thumbnailUrl":"https:\/\/www.carlosyconchita.net\/rutas\/wp-content\/uploads\/2016\/10\/30112622641_cf437a6b63_o.jpg","datePublished":"2016-10-08T19:15:03+00:00","dateModified":"2021-11-20T18:13:38+00:00","author":{"@id":"https:\/\/www.carlosyconchita.net\/rutas\/#\/schema\/person\/a9691f7258c28443fab2d3aa1479ea19"},"breadcrumb":{"@id":"https:\/\/www.carlosyconchita.net\/rutas\/08-10-2016-cap-del-vert\/#breadcrumb"},"inLanguage":"es","potentialAction":[{"@type":"ReadAction","target":["https:\/\/www.carlosyconchita.net\/rutas\/08-10-2016-cap-del-vert\/"]}]},{"@type":"ImageObject","inLanguage":"es","@id":"https:\/\/www.carlosyconchita.net\/rutas\/08-10-2016-cap-del-vert\/#primaryimage","url":"https:\/\/www.carlosyconchita.net\/rutas\/wp-content\/uploads\/2016\/10\/30112622641_cf437a6b63_o.jpg","contentUrl":"https:\/\/www.carlosyconchita.net\/rutas\/wp-content\/uploads\/2016\/10\/30112622641_cf437a6b63_o.jpg","width":1019,"height":764},{"@type":"BreadcrumbList","@id":"https:\/\/www.carlosyconchita.net\/rutas\/08-10-2016-cap-del-vert\/#breadcrumb","itemListElement":[{"@type":"ListItem","position":1,"name":"Portada","item":"https:\/\/www.carlosyconchita.net\/rutas\/"},{"@type":"ListItem","position":2,"name":"08-10-2016 &#8211; Cap del Vert (100 Cims)"}]},{"@type":"WebSite","@id":"https:\/\/www.carlosyconchita.net\/rutas\/#website","url":"https:\/\/www.carlosyconchita.net\/rutas\/","name":"Las rutas de Carlos y Conchita","description":"","potentialAction":[{"@type":"SearchAction","target":{"@type":"EntryPoint","urlTemplate":"https:\/\/www.carlosyconchita.net\/rutas\/?s={search_term_string}"},"query-input":{"@type":"PropertyValueSpecification","valueRequired":true,"valueName":"search_term_string"}}],"inLanguage":"es"},{"@type":"Person","@id":"https:\/\/www.carlosyconchita.net\/rutas\/#\/schema\/person\/a9691f7258c28443fab2d3aa1479ea19","name":"Carlos Conchita","image":{"@type":"ImageObject","inLanguage":"es","@id":"https:\/\/secure.gravatar.com\/avatar\/3a4625b20c8da3de99da69bfe7a322774e291c3f90dce7e8778a30fe6748ed1a?s=96&d=mm&r=g","url":"https:\/\/secure.gravatar.com\/avatar\/3a4625b20c8da3de99da69bfe7a322774e291c3f90dce7e8778a30fe6748ed1a?s=96&d=mm&r=g","contentUrl":"https:\/\/secure.gravatar.com\/avatar\/3a4625b20c8da3de99da69bfe7a322774e291c3f90dce7e8778a30fe6748ed1a?s=96&d=mm&r=g","caption":"Carlos Conchita"}}]}},"_links":{"self":[{"href":"https:\/\/www.carlosyconchita.net\/rutas\/wp-json\/wp\/v2\/posts\/9337","targetHints":{"allow":["GET"]}}],"collection":[{"href":"https:\/\/www.carlosyconchita.net\/rutas\/wp-json\/wp\/v2\/posts"}],"about":[{"href":"https:\/\/www.carlosyconchita.net\/rutas\/wp-json\/wp\/v2\/types\/post"}],"author":[{"embeddable":true,"href":"https:\/\/www.carlosyconchita.net\/rutas\/wp-json\/wp\/v2\/users\/50"}],"replies":[{"embeddable":true,"href":"https:\/\/www.carlosyconchita.net\/rutas\/wp-json\/wp\/v2\/comments?post=9337"}],"version-history":[{"count":0,"href":"https:\/\/www.carlosyconchita.net\/rutas\/wp-json\/wp\/v2\/posts\/9337\/revisions"}],"wp:featuredmedia":[{"embeddable":true,"href":"https:\/\/www.carlosyconchita.net\/rutas\/wp-json\/wp\/v2\/media\/9344"}],"wp:attachment":[{"href":"https:\/\/www.carlosyconchita.net\/rutas\/wp-json\/wp\/v2\/media?parent=9337"}],"wp:term":[{"taxonomy":"category","embeddable":true,"href":"https:\/\/www.carlosyconchita.net\/rutas\/wp-json\/wp\/v2\/categories?post=9337"},{"taxonomy":"post_tag","embeddable":true,"href":"https:\/\/www.carlosyconchita.net\/rutas\/wp-json\/wp\/v2\/tags?post=9337"}],"curies":[{"name":"wp","href":"https:\/\/api.w.org\/{rel}","templated":true}]}}