{"id":9535,"date":"2016-10-22T21:04:12","date_gmt":"2016-10-22T20:04:12","guid":{"rendered":"http:\/\/www.carlosyconchita.net\/rutas\/?p=9535"},"modified":"2022-03-17T18:28:12","modified_gmt":"2022-03-17T17:28:12","slug":"22-10-2016-frontera-bornas-481f-495","status":"publish","type":"post","link":"https:\/\/www.carlosyconchita.net\/rutas\/22-10-2016-frontera-bornas-481f-495\/","title":{"rendered":"22-10-2016 &#8211; Frontera : bornas 481F-495"},"content":{"rendered":"<p style=\"text-align: justify;\">Las previsiones del tiempo para hoy eran algo malas, por lo que hemos elegido esta caminata para buscar bornas o mojones de la frontera por zona plana y f\u00e1cil por si se complicaba la cosa.<\/p>\n<p style=\"text-align: justify;\">Nos vamos a Bourgmadame, concretamente a la calle \u00abAll\u00e9e du Rahur\u00bb,esquina con la \u00abAll\u00e9e du Segre\u00bb, en donde hay un puente sobre el rio Rahur, y dejamos el coche all\u00ed.<\/p>\n<p style=\"text-align: justify;\">La \u00abAll\u00e9e du Rahur\u00bb va paralela a este r\u00edo, y la \u00abAll\u00e9e du Segre\u00bb va paralela al Segre, y all\u00ed mismo, bajando por un caminito al inicio del puente,\u00a0 podemos ver donde se juntan los 2 rios.<\/p>\n<p><img loading=\"lazy\" decoding=\"async\" class=\"alignnone size-full\" src=\"https:\/\/c1.staticflickr.com\/6\/5669\/30417726112_27948000bf_b.jpg\" alt=\"\" width=\"1019\" height=\"764\" \/><\/p>\n<p><img loading=\"lazy\" decoding=\"async\" class=\"alignnone size-full\" src=\"https:\/\/c7.staticflickr.com\/6\/5574\/30497850726_9367eda4f1_b.jpg\" alt=\"\" width=\"1019\" height=\"764\" \/><\/p>\n<p>\nEn esta publicaci\u00f3n detallaremos la ruta seguida, pero no pondremos todas las fotos de las bornas, que podemos ver, buscando en el men\u00fa de arriba \u00abIndice &#8212; \u00abMojones (Bornas) ES-FR\u00bb\u00a0 y seleccionando los n\u00fameros de bornas que queramos.<\/p>\n<p style=\"text-align: justify;\">En el mismo cruce de las dos calles citadas, vemos en el suelo una placa con el n\u00famero 482,\u00a0\u00a0 que es la \u00abversi\u00f3n\u00bb moderna y relativamente nueva del moj\u00f3n original con ese n\u00famero (482 F &#8211; de Francia)\u00a0 que se encuentra actualmente en los jardines de una casa, y que buscaremos otro dia.<\/p>\n<p>&nbsp;<\/p>\n<p><img loading=\"lazy\" decoding=\"async\" class=\"alignnone size-full\" src=\"https:\/\/c3.staticflickr.com\/6\/5337\/29903628194_be3710ee20_b.jpg\" alt=\"\" width=\"1019\" height=\"764\" \/><\/p>\n<p>&nbsp;<\/p>\n<p style=\"text-align: justify;\">Siguiendo la calle del Segre que como hemos dicho va paralela a este rio, un poco antes de llegar a la carretera entre Puigcerd\u00e1 y Bourgmadame encontramos en el suelo otra placa con el n\u00famero 481 (corresponde a la borna 481 F &#8211; de Francia)<\/p>\n<p style=\"text-align: justify;\">\u00a0<\/p>\n<p><img loading=\"lazy\" decoding=\"async\" class=\"alignnone size-full\" src=\"https:\/\/c8.staticflickr.com\/6\/5769\/30446984031_82e18614f9_b.jpg\" alt=\"\" width=\"1019\" height=\"764\" \/><\/p>\n<p>&nbsp;<\/p>\n<p>Volvemos atr\u00e1s hacia la borna 482, y all\u00ed mismo, al lado del puente que hemos visto al principio, empieza un camino que entra en el campo, y a la izquierda tenemos la 483.<\/p>\n<p><img loading=\"lazy\" decoding=\"async\" class=\"alignnone size-full\" src=\"https:\/\/c2.staticflickr.com\/6\/5624\/30534091625_f9ed28cc96_b.jpg\" alt=\"\" width=\"1019\" height=\"764\" \/><\/p>\n<p>&nbsp;<\/p>\n<p style=\"text-align: justify;\">A partir de este punto, debemos caminar por los campos o por los laterales de los mismos si hay cultivos, para ir localizando las siguientes bornas, como se puede ver en el track.<\/p>\n<p><img loading=\"lazy\" decoding=\"async\" class=\"alignnone size-full\" src=\"https:\/\/c6.staticflickr.com\/6\/5836\/30534088925_962c74e3ae_b.jpg\" alt=\"\" width=\"1019\" height=\"764\" \/><\/p>\n<p><img loading=\"lazy\" decoding=\"async\" class=\"alignnone size-full\" src=\"https:\/\/c8.staticflickr.com\/6\/5471\/29901359343_1643aea656_b.jpg\" alt=\"\" width=\"1019\" height=\"764\" \/><\/p>\n<p>&nbsp;<\/p>\n<p>Continuamos hacia la siguiente borna siguiendo el GPS, pero nos encontramos un campo inundado y lleno de barro, y teniendo en cuenta que el dia no est\u00e1 muy fino, decidimos volver atr\u00e1s y coger el coche para localizarla por el otro lado, por asi decir, y asi nos aseguramos de que si empieza a llover, al menos no tendremos el coche tan lejos.<\/p>\n<p>Para ello nos vamos a la carretera que une Palau de Cerdagne y Age, y m\u00e1s o menos a mitad de camino, encontramos all\u00ed mismo en la carretera la 491, en donde dejamos el coche.<\/p>\n<p><img loading=\"lazy\" decoding=\"async\" class=\"alignnone size-full\" src=\"https:\/\/c7.staticflickr.com\/6\/5621\/30497839446_5305a6ebfc_b.jpg\" alt=\"\" width=\"1019\" height=\"764\" \/><\/p>\n<p>&nbsp;<\/p>\n<p>Para localizar las restantes, debemos cruzar los campos que tenemos al lado del coche, pero como algunos estan sembrados, o al menos eso parece, vamos bordeandolos por los l\u00edmites o separaciones entre uno y otro.<\/p>\n<p><img loading=\"lazy\" decoding=\"async\" class=\"alignnone size-full\" src=\"https:\/\/c5.staticflickr.com\/6\/5736\/30497836316_4fa0219bea_b.jpg\" alt=\"\" width=\"1019\" height=\"764\" \/><\/p>\n<p><img loading=\"lazy\" decoding=\"async\" class=\"alignnone size-full\" src=\"https:\/\/c8.staticflickr.com\/6\/5324\/30447006991_6f64e9c5b0_b.jpg\" alt=\"\" width=\"1019\" height=\"764\" \/><\/p>\n<p><img loading=\"lazy\" decoding=\"async\" class=\"alignnone size-full\" src=\"https:\/\/c4.staticflickr.com\/6\/5767\/30447003011_71882179c5_b.jpg\" alt=\"\" width=\"1019\" height=\"764\" \/><\/p>\n<p>\nVista de Puigcerd\u00e1&#8230;(con un poco de zoom)<\/p>\n<p><img loading=\"lazy\" decoding=\"async\" class=\"alignnone size-full\" src=\"https:\/\/c3.staticflickr.com\/6\/5572\/30417706762_ec2d2d853a_b.jpg\" alt=\"\" width=\"1019\" height=\"764\" \/><\/p>\n<p><img loading=\"lazy\" decoding=\"async\" class=\"alignnone size-full\" src=\"https:\/\/c2.staticflickr.com\/6\/5322\/29901344513_6ee4b6f90a_b.jpg\" alt=\"\" width=\"1019\" height=\"764\" \/><\/p>\n<p><img loading=\"lazy\" decoding=\"async\" class=\"alignnone size-full\" src=\"https:\/\/c3.staticflickr.com\/6\/5739\/30497821826_0577c19e58_b.jpg\" alt=\"\" width=\"1019\" height=\"764\" \/><\/p>\n<p><img loading=\"lazy\" decoding=\"async\" class=\"alignnone size-full\" src=\"https:\/\/c4.staticflickr.com\/6\/5707\/29901336523_41bca3f8d0_b.jpg\" alt=\"\" width=\"1019\" height=\"764\" \/><\/p>\n<p>&nbsp;<\/p>\n<p>Tenemos pues ya localizadas todas las bornas desde la\u00a0 481F hasta la 491, y ahora nos quedar\u00edan las que van desde el 492 al 495, que est\u00e1n al otro lado de la carretera donde hemos dejado el coche.<\/p>\n<p>Volvemos pues hacia el coche, pero en vez de cruzar de nuevo por enmedio de los campos, seguimos el camino en donde est\u00e1 la 486 que tenemos delante, y que nos llevar\u00e1 a Age y all\u00ed seguimos por la carretera donde hemos aparcado.<\/p>\n<p>Cuando llegamos vemos que el tiempo parece que se complica, por lo que nos vamos a casa, y dejamos para ma\u00f1ana el resto de bornas que quer\u00edamos hacer hoy, pero debido a que est\u00e1n all\u00ed mismo, las ponemos a continuaci\u00f3n en esta misma publicaci\u00f3n.<\/p>\n<p>As\u00ed pues , al dia siguiente volvemos a dejar el coche en la misma carretera, pero ahora empezamos a caminar hacia el otro lado, en donde hay un paso que nos permite entrar en los campos.<\/p>\n<p><img loading=\"lazy\" decoding=\"async\" class=\"alignnone size-full\" src=\"https:\/\/c1.staticflickr.com\/6\/5498\/29903832784_918eae87d2_b.jpg\" alt=\"\" width=\"1019\" height=\"764\" \/><\/p>\n<p>&nbsp;<\/p>\n<p>Cruzando por los campos o por las divisorias de los mismos, vamos localizando las siguientes :<\/p>\n<p><img loading=\"lazy\" decoding=\"async\" class=\"alignnone size-full\" src=\"https:\/\/c3.staticflickr.com\/6\/5544\/30498089506_4f0813c39a_b.jpg\" alt=\"\" width=\"1019\" height=\"764\" \/><\/p>\n<p><img loading=\"lazy\" decoding=\"async\" class=\"alignnone size-full\" src=\"https:\/\/c5.staticflickr.com\/6\/5658\/30498087116_01501f5c83_b.jpg\" alt=\"\" width=\"1019\" height=\"764\" \/><\/p>\n<p>&nbsp;<\/p>\n<p style=\"text-align: justify;\">Cuando nos acercamos a la 494, vemos que est\u00e1 en un campo con un reba\u00f1o de vacas, que realmente nos miran con muy mala cara, y que empiezan a mugir y a alborotarse, pero por suerte esta borna est\u00e1 en extremo del campo y las vacas estan en el centro, por lo que podemos entrar y hacer la foto.<\/p>\n<p style=\"text-align: justify;\"><img loading=\"lazy\" decoding=\"async\" class=\"alignnone size-full\" src=\"https:\/\/c7.staticflickr.com\/6\/5533\/29903828774_84d3119fa1_b.jpg\" alt=\"\" width=\"1019\" height=\"764\" \/><\/p>\n<p style=\"text-align: justify;\"><img loading=\"lazy\" decoding=\"async\" class=\"alignnone size-full\" src=\"https:\/\/c3.staticflickr.com\/6\/5794\/30236345050_88761420b9_b.jpg\" alt=\"\" width=\"1019\" height=\"764\" \/><\/p>\n<p style=\"text-align: justify;\">\u00a0<\/p>\n<p style=\"text-align: justify;\">La siguiente y \u00faltima de hoy, la 495, est\u00e1 en el otro extremo del campo de vacas, pero podemos hacer las fotos sin problemas.<\/p>\n<p style=\"text-align: justify;\"><img loading=\"lazy\" decoding=\"async\" class=\"alignnone size-full\" src=\"https:\/\/c7.staticflickr.com\/6\/5707\/30498078246_f8e5e4d369_b.jpg\" alt=\"\" width=\"1019\" height=\"764\" \/><\/p>\n<p style=\"text-align: justify;\">\u00a0<\/p>\n<p style=\"text-align: justify;\">Y otra vista de Puigcerd\u00e1&#8230;<\/p>\n<p style=\"text-align: justify;\"><img loading=\"lazy\" decoding=\"async\" class=\"alignnone size-full\" src=\"https:\/\/c5.staticflickr.com\/6\/5555\/29903825964_98a67d5a7b_b.jpg\" alt=\"\" width=\"1019\" height=\"764\" \/><\/p>\n<p style=\"text-align: justify;\">\u00a0<\/p>\n<hr \/>\n<p>&nbsp;<\/p>\n<h3><strong>Album de fotos : bornas 481F-491<\/strong><\/h3>\n<p><a href=\"https:\/\/photos.app.goo.gl\/VvcEbgSW7oDdHb1P8\" target=\"_blank\" rel=\"noopener noreferrer\"><img loading=\"lazy\" decoding=\"async\" class=\"aligncenter wp-image-9536 size-column4-4\/5\" src=\"http:\/\/www.carlosyconchita.net\/rutas\/wp-content\/uploads\/2016\/10\/Bornas481F-491-0006-240x192.jpg\" alt=\"bornas481f-491-0006\" width=\"240\" height=\"192\" srcset=\"https:\/\/www.carlosyconchita.net\/rutas\/wp-content\/uploads\/2016\/10\/Bornas481F-491-0006-240x192.jpg 240w, https:\/\/www.carlosyconchita.net\/rutas\/wp-content\/uploads\/2016\/10\/Bornas481F-491-0006-250x200.jpg 250w, https:\/\/www.carlosyconchita.net\/rutas\/wp-content\/uploads\/2016\/10\/Bornas481F-491-0006-960x764.jpg 960w, https:\/\/www.carlosyconchita.net\/rutas\/wp-content\/uploads\/2016\/10\/Bornas481F-491-0006-480x384.jpg 480w, https:\/\/www.carlosyconchita.net\/rutas\/wp-content\/uploads\/2016\/10\/Bornas481F-491-0006-320x256.jpg 320w\" sizes=\"auto, (max-width: 240px) 100vw, 240px\" \/><\/a><\/p>\n<hr \/>\n<h3><strong>Album de fotos : bornas 491-495<\/strong><\/h3>\n<p><a href=\"https:\/\/photos.app.goo.gl\/GWe9TJowciBNfmLSA\" target=\"_blank\" rel=\"noopener noreferrer\"><img loading=\"lazy\" decoding=\"async\" class=\"aligncenter wp-image-9537 size-column4-3\/5\" src=\"http:\/\/www.carlosyconchita.net\/rutas\/wp-content\/uploads\/2016\/10\/DSC00622-240x144.jpg\" alt=\"dsc00622\" width=\"240\" height=\"144\" srcset=\"https:\/\/www.carlosyconchita.net\/rutas\/wp-content\/uploads\/2016\/10\/DSC00622-240x144.jpg 240w, https:\/\/www.carlosyconchita.net\/rutas\/wp-content\/uploads\/2016\/10\/DSC00622-960x576.jpg 960w, https:\/\/www.carlosyconchita.net\/rutas\/wp-content\/uploads\/2016\/10\/DSC00622-480x288.jpg 480w, https:\/\/www.carlosyconchita.net\/rutas\/wp-content\/uploads\/2016\/10\/DSC00622-320x192.jpg 320w\" sizes=\"auto, (max-width: 240px) 100vw, 240px\" \/><\/a><\/p>\n<hr \/>\n<p>&nbsp;<\/p>\n<h3><strong>Track de la ruta<\/strong><\/h3>\n<p>[sgpx gpx=\u00bb\/wp-content\/uploads\/gpx\/Bornas-481F-495.gpx\u00bb]<\/p>\n","protected":false},"excerpt":{"rendered":"<p>Caminata por los campos entre Puigcerd\u00e1, Bourmadame y Palau de Cerdanya, para localizar estas bornas.<\/p>\n","protected":false},"author":50,"featured_media":9536,"comment_status":"open","ping_status":"open","sticky":false,"template":"","format":"standard","meta":{"footnotes":""},"categories":[14,22,74],"tags":[],"class_list":{"0":"post-9535","1":"post","2":"type-post","3":"status-publish","4":"format-standard","5":"has-post-thumbnail","6":"hentry","7":"category-muy-facil","8":"category-de-05-a-10-km","9":"category-0-mojones-bornas-frontera","11":"post-with-thumbnail","12":"post-with-thumbnail-icon"},"yoast_head":"<!-- This site is optimized with the Yoast SEO plugin v27.4 - https:\/\/yoast.com\/product\/yoast-seo-wordpress\/ -->\n<title>22-10-2016 - Frontera : bornas 481F-495 -<\/title>\n<meta name=\"robots\" content=\"index, follow, max-snippet:-1, max-image-preview:large, max-video-preview:-1\" \/>\n<link rel=\"canonical\" href=\"https:\/\/www.carlosyconchita.net\/rutas\/22-10-2016-frontera-bornas-481f-495\/\" \/>\n<meta property=\"og:locale\" content=\"es_ES\" \/>\n<meta property=\"og:type\" content=\"article\" \/>\n<meta property=\"og:title\" content=\"22-10-2016 - Frontera : bornas 481F-495 -\" \/>\n<meta property=\"og:description\" content=\"Caminata por los campos entre Puigcerd\u00e1, Bourmadame y Palau de Cerdanya, para localizar estas bornas.\" \/>\n<meta property=\"og:url\" content=\"https:\/\/www.carlosyconchita.net\/rutas\/22-10-2016-frontera-bornas-481f-495\/\" \/>\n<meta property=\"og:site_name\" content=\"Las rutas de Carlos y Conchita\" \/>\n<meta property=\"article:published_time\" content=\"2016-10-22T20:04:12+00:00\" \/>\n<meta property=\"article:modified_time\" content=\"2022-03-17T17:28:12+00:00\" \/>\n<meta property=\"og:image\" content=\"https:\/\/www.carlosyconchita.net\/rutas\/wp-content\/uploads\/2016\/10\/Bornas481F-491-0006.jpg\" \/>\n\t<meta property=\"og:image:width\" content=\"1019\" \/>\n\t<meta property=\"og:image:height\" content=\"764\" \/>\n\t<meta property=\"og:image:type\" content=\"image\/jpeg\" \/>\n<meta name=\"author\" content=\"Carlos Conchita\" \/>\n<meta name=\"twitter:label1\" content=\"Escrito por\" \/>\n\t<meta name=\"twitter:data1\" content=\"Carlos Conchita\" \/>\n\t<meta name=\"twitter:label2\" content=\"Tiempo de lectura\" \/>\n\t<meta name=\"twitter:data2\" content=\"4 minutos\" \/>\n<script type=\"application\/ld+json\" class=\"yoast-schema-graph\">{\"@context\":\"https:\\\/\\\/schema.org\",\"@graph\":[{\"@type\":\"Article\",\"@id\":\"https:\\\/\\\/www.carlosyconchita.net\\\/rutas\\\/22-10-2016-frontera-bornas-481f-495\\\/#article\",\"isPartOf\":{\"@id\":\"https:\\\/\\\/www.carlosyconchita.net\\\/rutas\\\/22-10-2016-frontera-bornas-481f-495\\\/\"},\"author\":{\"name\":\"Carlos Conchita\",\"@id\":\"https:\\\/\\\/www.carlosyconchita.net\\\/rutas\\\/#\\\/schema\\\/person\\\/a9691f7258c28443fab2d3aa1479ea19\"},\"headline\":\"22-10-2016 &#8211; Frontera : bornas 481F-495\",\"datePublished\":\"2016-10-22T20:04:12+00:00\",\"dateModified\":\"2022-03-17T17:28:12+00:00\",\"mainEntityOfPage\":{\"@id\":\"https:\\\/\\\/www.carlosyconchita.net\\\/rutas\\\/22-10-2016-frontera-bornas-481f-495\\\/\"},\"wordCount\":759,\"commentCount\":0,\"image\":{\"@id\":\"https:\\\/\\\/www.carlosyconchita.net\\\/rutas\\\/22-10-2016-frontera-bornas-481f-495\\\/#primaryimage\"},\"thumbnailUrl\":\"https:\\\/\\\/www.carlosyconchita.net\\\/rutas\\\/wp-content\\\/uploads\\\/2016\\\/10\\\/Bornas481F-491-0006.jpg\",\"articleSection\":[\"0-Muy f\u00e1cil\",\"2 - De 5 a 10 km.\",\"Mojones \\\/ Bornas frontera ES-FR\"],\"inLanguage\":\"es\",\"potentialAction\":[{\"@type\":\"CommentAction\",\"name\":\"Comment\",\"target\":[\"https:\\\/\\\/www.carlosyconchita.net\\\/rutas\\\/22-10-2016-frontera-bornas-481f-495\\\/#respond\"]}]},{\"@type\":\"WebPage\",\"@id\":\"https:\\\/\\\/www.carlosyconchita.net\\\/rutas\\\/22-10-2016-frontera-bornas-481f-495\\\/\",\"url\":\"https:\\\/\\\/www.carlosyconchita.net\\\/rutas\\\/22-10-2016-frontera-bornas-481f-495\\\/\",\"name\":\"22-10-2016 - Frontera : bornas 481F-495 -\",\"isPartOf\":{\"@id\":\"https:\\\/\\\/www.carlosyconchita.net\\\/rutas\\\/#website\"},\"primaryImageOfPage\":{\"@id\":\"https:\\\/\\\/www.carlosyconchita.net\\\/rutas\\\/22-10-2016-frontera-bornas-481f-495\\\/#primaryimage\"},\"image\":{\"@id\":\"https:\\\/\\\/www.carlosyconchita.net\\\/rutas\\\/22-10-2016-frontera-bornas-481f-495\\\/#primaryimage\"},\"thumbnailUrl\":\"https:\\\/\\\/www.carlosyconchita.net\\\/rutas\\\/wp-content\\\/uploads\\\/2016\\\/10\\\/Bornas481F-491-0006.jpg\",\"datePublished\":\"2016-10-22T20:04:12+00:00\",\"dateModified\":\"2022-03-17T17:28:12+00:00\",\"author\":{\"@id\":\"https:\\\/\\\/www.carlosyconchita.net\\\/rutas\\\/#\\\/schema\\\/person\\\/a9691f7258c28443fab2d3aa1479ea19\"},\"breadcrumb\":{\"@id\":\"https:\\\/\\\/www.carlosyconchita.net\\\/rutas\\\/22-10-2016-frontera-bornas-481f-495\\\/#breadcrumb\"},\"inLanguage\":\"es\",\"potentialAction\":[{\"@type\":\"ReadAction\",\"target\":[\"https:\\\/\\\/www.carlosyconchita.net\\\/rutas\\\/22-10-2016-frontera-bornas-481f-495\\\/\"]}]},{\"@type\":\"ImageObject\",\"inLanguage\":\"es\",\"@id\":\"https:\\\/\\\/www.carlosyconchita.net\\\/rutas\\\/22-10-2016-frontera-bornas-481f-495\\\/#primaryimage\",\"url\":\"https:\\\/\\\/www.carlosyconchita.net\\\/rutas\\\/wp-content\\\/uploads\\\/2016\\\/10\\\/Bornas481F-491-0006.jpg\",\"contentUrl\":\"https:\\\/\\\/www.carlosyconchita.net\\\/rutas\\\/wp-content\\\/uploads\\\/2016\\\/10\\\/Bornas481F-491-0006.jpg\",\"width\":1019,\"height\":764},{\"@type\":\"BreadcrumbList\",\"@id\":\"https:\\\/\\\/www.carlosyconchita.net\\\/rutas\\\/22-10-2016-frontera-bornas-481f-495\\\/#breadcrumb\",\"itemListElement\":[{\"@type\":\"ListItem\",\"position\":1,\"name\":\"Portada\",\"item\":\"https:\\\/\\\/www.carlosyconchita.net\\\/rutas\\\/\"},{\"@type\":\"ListItem\",\"position\":2,\"name\":\"22-10-2016 &#8211; Frontera : bornas 481F-495\"}]},{\"@type\":\"WebSite\",\"@id\":\"https:\\\/\\\/www.carlosyconchita.net\\\/rutas\\\/#website\",\"url\":\"https:\\\/\\\/www.carlosyconchita.net\\\/rutas\\\/\",\"name\":\"Las rutas de Carlos y Conchita\",\"description\":\"\",\"potentialAction\":[{\"@type\":\"SearchAction\",\"target\":{\"@type\":\"EntryPoint\",\"urlTemplate\":\"https:\\\/\\\/www.carlosyconchita.net\\\/rutas\\\/?s={search_term_string}\"},\"query-input\":{\"@type\":\"PropertyValueSpecification\",\"valueRequired\":true,\"valueName\":\"search_term_string\"}}],\"inLanguage\":\"es\"},{\"@type\":\"Person\",\"@id\":\"https:\\\/\\\/www.carlosyconchita.net\\\/rutas\\\/#\\\/schema\\\/person\\\/a9691f7258c28443fab2d3aa1479ea19\",\"name\":\"Carlos Conchita\",\"image\":{\"@type\":\"ImageObject\",\"inLanguage\":\"es\",\"@id\":\"https:\\\/\\\/secure.gravatar.com\\\/avatar\\\/3a4625b20c8da3de99da69bfe7a322774e291c3f90dce7e8778a30fe6748ed1a?s=96&d=mm&r=g\",\"url\":\"https:\\\/\\\/secure.gravatar.com\\\/avatar\\\/3a4625b20c8da3de99da69bfe7a322774e291c3f90dce7e8778a30fe6748ed1a?s=96&d=mm&r=g\",\"contentUrl\":\"https:\\\/\\\/secure.gravatar.com\\\/avatar\\\/3a4625b20c8da3de99da69bfe7a322774e291c3f90dce7e8778a30fe6748ed1a?s=96&d=mm&r=g\",\"caption\":\"Carlos Conchita\"}}]}<\/script>\n<!-- \/ Yoast SEO plugin. -->","yoast_head_json":{"title":"22-10-2016 - Frontera : bornas 481F-495 -","robots":{"index":"index","follow":"follow","max-snippet":"max-snippet:-1","max-image-preview":"max-image-preview:large","max-video-preview":"max-video-preview:-1"},"canonical":"https:\/\/www.carlosyconchita.net\/rutas\/22-10-2016-frontera-bornas-481f-495\/","og_locale":"es_ES","og_type":"article","og_title":"22-10-2016 - Frontera : bornas 481F-495 -","og_description":"Caminata por los campos entre Puigcerd\u00e1, Bourmadame y Palau de Cerdanya, para localizar estas bornas.","og_url":"https:\/\/www.carlosyconchita.net\/rutas\/22-10-2016-frontera-bornas-481f-495\/","og_site_name":"Las rutas de Carlos y Conchita","article_published_time":"2016-10-22T20:04:12+00:00","article_modified_time":"2022-03-17T17:28:12+00:00","og_image":[{"width":1019,"height":764,"url":"https:\/\/www.carlosyconchita.net\/rutas\/wp-content\/uploads\/2016\/10\/Bornas481F-491-0006.jpg","type":"image\/jpeg"}],"author":"Carlos Conchita","twitter_misc":{"Escrito por":"Carlos Conchita","Tiempo de lectura":"4 minutos"},"schema":{"@context":"https:\/\/schema.org","@graph":[{"@type":"Article","@id":"https:\/\/www.carlosyconchita.net\/rutas\/22-10-2016-frontera-bornas-481f-495\/#article","isPartOf":{"@id":"https:\/\/www.carlosyconchita.net\/rutas\/22-10-2016-frontera-bornas-481f-495\/"},"author":{"name":"Carlos Conchita","@id":"https:\/\/www.carlosyconchita.net\/rutas\/#\/schema\/person\/a9691f7258c28443fab2d3aa1479ea19"},"headline":"22-10-2016 &#8211; Frontera : bornas 481F-495","datePublished":"2016-10-22T20:04:12+00:00","dateModified":"2022-03-17T17:28:12+00:00","mainEntityOfPage":{"@id":"https:\/\/www.carlosyconchita.net\/rutas\/22-10-2016-frontera-bornas-481f-495\/"},"wordCount":759,"commentCount":0,"image":{"@id":"https:\/\/www.carlosyconchita.net\/rutas\/22-10-2016-frontera-bornas-481f-495\/#primaryimage"},"thumbnailUrl":"https:\/\/www.carlosyconchita.net\/rutas\/wp-content\/uploads\/2016\/10\/Bornas481F-491-0006.jpg","articleSection":["0-Muy f\u00e1cil","2 - De 5 a 10 km.","Mojones \/ Bornas frontera ES-FR"],"inLanguage":"es","potentialAction":[{"@type":"CommentAction","name":"Comment","target":["https:\/\/www.carlosyconchita.net\/rutas\/22-10-2016-frontera-bornas-481f-495\/#respond"]}]},{"@type":"WebPage","@id":"https:\/\/www.carlosyconchita.net\/rutas\/22-10-2016-frontera-bornas-481f-495\/","url":"https:\/\/www.carlosyconchita.net\/rutas\/22-10-2016-frontera-bornas-481f-495\/","name":"22-10-2016 - Frontera : bornas 481F-495 -","isPartOf":{"@id":"https:\/\/www.carlosyconchita.net\/rutas\/#website"},"primaryImageOfPage":{"@id":"https:\/\/www.carlosyconchita.net\/rutas\/22-10-2016-frontera-bornas-481f-495\/#primaryimage"},"image":{"@id":"https:\/\/www.carlosyconchita.net\/rutas\/22-10-2016-frontera-bornas-481f-495\/#primaryimage"},"thumbnailUrl":"https:\/\/www.carlosyconchita.net\/rutas\/wp-content\/uploads\/2016\/10\/Bornas481F-491-0006.jpg","datePublished":"2016-10-22T20:04:12+00:00","dateModified":"2022-03-17T17:28:12+00:00","author":{"@id":"https:\/\/www.carlosyconchita.net\/rutas\/#\/schema\/person\/a9691f7258c28443fab2d3aa1479ea19"},"breadcrumb":{"@id":"https:\/\/www.carlosyconchita.net\/rutas\/22-10-2016-frontera-bornas-481f-495\/#breadcrumb"},"inLanguage":"es","potentialAction":[{"@type":"ReadAction","target":["https:\/\/www.carlosyconchita.net\/rutas\/22-10-2016-frontera-bornas-481f-495\/"]}]},{"@type":"ImageObject","inLanguage":"es","@id":"https:\/\/www.carlosyconchita.net\/rutas\/22-10-2016-frontera-bornas-481f-495\/#primaryimage","url":"https:\/\/www.carlosyconchita.net\/rutas\/wp-content\/uploads\/2016\/10\/Bornas481F-491-0006.jpg","contentUrl":"https:\/\/www.carlosyconchita.net\/rutas\/wp-content\/uploads\/2016\/10\/Bornas481F-491-0006.jpg","width":1019,"height":764},{"@type":"BreadcrumbList","@id":"https:\/\/www.carlosyconchita.net\/rutas\/22-10-2016-frontera-bornas-481f-495\/#breadcrumb","itemListElement":[{"@type":"ListItem","position":1,"name":"Portada","item":"https:\/\/www.carlosyconchita.net\/rutas\/"},{"@type":"ListItem","position":2,"name":"22-10-2016 &#8211; Frontera : bornas 481F-495"}]},{"@type":"WebSite","@id":"https:\/\/www.carlosyconchita.net\/rutas\/#website","url":"https:\/\/www.carlosyconchita.net\/rutas\/","name":"Las rutas de Carlos y Conchita","description":"","potentialAction":[{"@type":"SearchAction","target":{"@type":"EntryPoint","urlTemplate":"https:\/\/www.carlosyconchita.net\/rutas\/?s={search_term_string}"},"query-input":{"@type":"PropertyValueSpecification","valueRequired":true,"valueName":"search_term_string"}}],"inLanguage":"es"},{"@type":"Person","@id":"https:\/\/www.carlosyconchita.net\/rutas\/#\/schema\/person\/a9691f7258c28443fab2d3aa1479ea19","name":"Carlos Conchita","image":{"@type":"ImageObject","inLanguage":"es","@id":"https:\/\/secure.gravatar.com\/avatar\/3a4625b20c8da3de99da69bfe7a322774e291c3f90dce7e8778a30fe6748ed1a?s=96&d=mm&r=g","url":"https:\/\/secure.gravatar.com\/avatar\/3a4625b20c8da3de99da69bfe7a322774e291c3f90dce7e8778a30fe6748ed1a?s=96&d=mm&r=g","contentUrl":"https:\/\/secure.gravatar.com\/avatar\/3a4625b20c8da3de99da69bfe7a322774e291c3f90dce7e8778a30fe6748ed1a?s=96&d=mm&r=g","caption":"Carlos Conchita"}}]}},"_links":{"self":[{"href":"https:\/\/www.carlosyconchita.net\/rutas\/wp-json\/wp\/v2\/posts\/9535","targetHints":{"allow":["GET"]}}],"collection":[{"href":"https:\/\/www.carlosyconchita.net\/rutas\/wp-json\/wp\/v2\/posts"}],"about":[{"href":"https:\/\/www.carlosyconchita.net\/rutas\/wp-json\/wp\/v2\/types\/post"}],"author":[{"embeddable":true,"href":"https:\/\/www.carlosyconchita.net\/rutas\/wp-json\/wp\/v2\/users\/50"}],"replies":[{"embeddable":true,"href":"https:\/\/www.carlosyconchita.net\/rutas\/wp-json\/wp\/v2\/comments?post=9535"}],"version-history":[{"count":0,"href":"https:\/\/www.carlosyconchita.net\/rutas\/wp-json\/wp\/v2\/posts\/9535\/revisions"}],"wp:featuredmedia":[{"embeddable":true,"href":"https:\/\/www.carlosyconchita.net\/rutas\/wp-json\/wp\/v2\/media\/9536"}],"wp:attachment":[{"href":"https:\/\/www.carlosyconchita.net\/rutas\/wp-json\/wp\/v2\/media?parent=9535"}],"wp:term":[{"taxonomy":"category","embeddable":true,"href":"https:\/\/www.carlosyconchita.net\/rutas\/wp-json\/wp\/v2\/categories?post=9535"},{"taxonomy":"post_tag","embeddable":true,"href":"https:\/\/www.carlosyconchita.net\/rutas\/wp-json\/wp\/v2\/tags?post=9535"}],"curies":[{"name":"wp","href":"https:\/\/api.w.org\/{rel}","templated":true}]}}