{"id":9549,"date":"2016-10-23T21:42:54","date_gmt":"2016-10-23T20:42:54","guid":{"rendered":"http:\/\/www.carlosyconchita.net\/rutas\/?p=9549"},"modified":"2022-03-17T18:30:14","modified_gmt":"2022-03-17T17:30:14","slug":"frontera-bornas-496-501","status":"publish","type":"post","link":"https:\/\/www.carlosyconchita.net\/rutas\/frontera-bornas-496-501\/","title":{"rendered":"23-10-2016 &#8211; Frontera : Bornas 496-501"},"content":{"rendered":"<p style=\"text-align: justify;\">La excursi\u00f3n de hoy empieza en Osseja, o m\u00e1s bien en la \u00abRoute Forestiere\u00bb que empieza en este pueblo y sube hasta la borna o moj\u00f3n 504 en la Coma Morera. ( ver acceso en coche\u00a0 <a href=\"http:\/\/www.carlosyconchita.net\/rutas\/24-04-2016-borna-504-acceso-coche\/\" target=\"_blank\" rel=\"noopener noreferrer\"><strong><span style=\"color: #0000ff;\">24-04-2016-Borna 504 (Coma Morera) \u2013 Acceso coche )<\/span><\/strong><\/a><\/p>\n<p style=\"text-align: justify;\">Iremos subiendo primero por un camino y despues por zona de bosque, aunque no muy espeso y sin dificultad, siguiendo las bornas o mojones 496 a 501.<br \/>\nPor la 500 y 501 ya hab\u00edamos estado anteriormente, <a href=\"http:\/\/www.carlosyconchita.net\/rutas\/14-05-2016-frontera-bornas-504-500\/\" target=\"_blank\" rel=\"noopener noreferrer\">(<strong><span style=\"color: #0000ff;\">14-05-2016 \u2013 Frontera : bornas 504 a 500<\/span><\/strong><\/a> )\u00a0 , pero para no volver por el mismo camino de la ida, desde la 499 subimos un poco m\u00e1s hasta la 500 y 501 y as\u00ed volvemos por otro sitio.<\/p>\n<p style=\"text-align: justify;\">\u00a0<\/p>\n<p><strong>Dificultad<\/strong> :\u00a0\u00a0 F\u00e1cil<\/p>\n<p><strong>Distancia total<\/strong> :\u00a0\u00a0\u00a0 <span class=\"totlen\"><span class=\"summaryvalue\">7.428 m.<br \/>\n<\/span><\/span><\/p>\n<p><strong>Alturas m\u00ednima \/ m\u00e1xima<\/strong> :\u00a0\u00a0\u00a0\u00a0\u00a0 1.739 m. \/\u00a0\u00a0 2.001 <span class=\"maxele\"><span class=\"summaryvalue\">m<\/span><\/span>.<\/p>\n<p><strong>Desnivel acumulado (s\/Wikiloc)<\/strong>\u00a0 :\u00a0\u00a0 371 m.<\/p>\n<p>&nbsp;<\/p>\n<p style=\"text-align: justify;\">Empezaremos a subir por este camino en direcci\u00f3n a la Coma Morera pero no llegaremos arriba, sino que en una curva a la izquierda, en la que vemos que baja un peque\u00f1o torrente,( el Riu de Tart\u00e1s)\u00a0 empieza un camino de tierra que parece que vaya paralelo a la carretera, al menos los primeros metros.<br \/>\nAll\u00ed dejaremos el coche y empezamos a caminar.<\/p>\n<p style=\"text-align: justify;\">Mientras sub\u00edamos con el coche, nos encontramos con varios tranquilos caminantes que se lo tomaban con mucha calma.<\/p>\n<p><img loading=\"lazy\" decoding=\"async\" class=\"alignnone size-full\" src=\"https:\/\/c3.staticflickr.com\/6\/5452\/30498236866_bcefc2ddf5_b.jpg\" alt=\"\" width=\"1024\" height=\"575\" \/><\/p>\n<p><img loading=\"lazy\" decoding=\"async\" class=\"alignnone size-full\" src=\"https:\/\/c5.staticflickr.com\/6\/5483\/30236464060_43f9cb6038_b.jpg\" alt=\"\" width=\"1019\" height=\"764\" \/><\/p>\n<p><img loading=\"lazy\" decoding=\"async\" class=\"alignnone size-full\" src=\"https:\/\/c1.staticflickr.com\/6\/5707\/30418087712_f9eb6af99e_b.jpg\" alt=\"\" width=\"1019\" height=\"764\" \/><\/p>\n<p>\nEmpezamos a caminar y durante un rato llovizna, aunque afortunadamente al final el d\u00eda no fu\u00e9 muy malo.<\/p>\n<p><img loading=\"lazy\" decoding=\"async\" class=\"alignnone size-full\" src=\"https:\/\/c3.staticflickr.com\/6\/5689\/30236463370_f74c14feb7_b.jpg\" alt=\"\" width=\"1019\" height=\"764\" \/><\/p>\n<p>&nbsp;<\/p>\n<p>Pero podemos ver ya los primeros colores del oto\u00f1o en los arboles&#8230;<\/p>\n<p><img loading=\"lazy\" decoding=\"async\" class=\"alignnone size-full\" src=\"https:\/\/c2.staticflickr.com\/6\/5670\/30447319041_356e8a6597_b.jpg\" alt=\"\" width=\"1019\" height=\"764\" \/><\/p>\n<p>&nbsp;<\/p>\n<p style=\"text-align: justify;\">Vamos caminando por ese ancho camino, hasta que en una curva (ver track) , lo dejamos y empezamos a subir entre los arboles por un estrecho sendero, por el que poco despu\u00e9s empezamos a encontrar unos bonitos \u00abrovellons\u00bb , por lo que perdemos bastante tiempo buscando por esa zona. (ver foto al final)<\/p>\n<p style=\"text-align: justify;\">En nuestras caminatas buscando \u00abbornas\u00bb no indicamos ni el tiempo ni la velocidad, porque se pierde mucho tiempo busc\u00e1ndolas, y menos hoy , que con los rovellons todav\u00eda nos saldr\u00e1 una media todav\u00eda mas baja.<\/p>\n<p style=\"text-align: justify;\"><img loading=\"lazy\" decoding=\"async\" class=\"alignnone size-full\" src=\"https:\/\/c3.staticflickr.com\/6\/5754\/30418079482_78d6b732d8_b.jpg\" alt=\"\" width=\"1019\" height=\"764\" \/><\/p>\n<p style=\"text-align: justify;\"><img loading=\"lazy\" decoding=\"async\" class=\"alignnone size-full\" src=\"https:\/\/c1.staticflickr.com\/6\/5611\/30418077912_c31ddc671c_b.jpg\" alt=\"\" width=\"1019\" height=\"764\" \/><\/p>\n<p style=\"text-align: justify;\">\u00a0<\/p>\n<p style=\"text-align: justify;\">Despu\u00e9s de un tramo por dentro del bosque, llegamos a un camino m\u00e1s ancho y que seguiremos hacia nuestra izquierda (es el mismo camino que hemos dejado antes cuando hemos entrado en el bosque, lo \u00fanico es que nosotros hemos subido m\u00e1s en linea recta, en vez de hacer m\u00e1s curvas)<\/p>\n<p style=\"text-align: justify;\">Para encontrar la primera borna, la 496, tenemos que dejar el camino por el que vamos subiendo entrando en el bosque hacia nuestra derecha, sin ning\u00fan camino, en una zona bastante espesa de arboles , por lo que nos cuesta un poco encontrarla, aunque finalmente conseguimos verla entre los arboles.<\/p>\n<p style=\"text-align: justify;\">Para llegar a ella, tenemos que \u00abcruzar\u00bb la frontera, ya que hasta ahora est\u00e1bamos en Francia, y en toda esta zona hay una valla que marca la l\u00ednea de la frontera.<\/p>\n<p style=\"text-align: justify;\"><img loading=\"lazy\" decoding=\"async\" class=\"alignnone size-full\" src=\"https:\/\/c1.staticflickr.com\/6\/5776\/29903965184_0c5fa7f37b_b.jpg\" alt=\"\" width=\"1019\" height=\"764\" \/><\/p>\n<p style=\"text-align: justify;\">\u00a0<\/p>\n<p style=\"text-align: justify;\">Cruzamos pues la valla, y podemos llegar a esta borna.<\/p>\n<p style=\"text-align: justify;\"><img loading=\"lazy\" decoding=\"async\" class=\"alignnone size-full\" src=\"https:\/\/c7.staticflickr.com\/6\/5349\/29903963294_b3f973c620_b.jpg\" alt=\"\" width=\"1019\" height=\"764\" \/><\/p>\n<p style=\"text-align: justify;\">\u00a0<\/p>\n<p style=\"text-align: justify;\">A partir de este punto, y despu\u00e9s de \u00abentrar\u00bb en Espa\u00f1a, el bosque est\u00e1 mucho m\u00e1s despejado, y de hecho se ven restos de alguna limpieza que se ha hecho por la zona, por lo que ir encontrando las siguientes no tiene ninguna dificultad, porque vamos siguiendo la valla.<\/p>\n<p style=\"text-align: justify;\"><img loading=\"lazy\" decoding=\"async\" class=\"alignnone size-full\" src=\"https:\/\/c3.staticflickr.com\/6\/5818\/30418073002_1ded513780_b.jpg\" alt=\"\" width=\"1019\" height=\"764\" \/><\/p>\n<p style=\"text-align: justify;\"><img loading=\"lazy\" decoding=\"async\" class=\"alignnone size-full\" src=\"https:\/\/c5.staticflickr.com\/6\/5511\/30418071292_2856102c9b_b.jpg\" alt=\"\" width=\"1019\" height=\"764\" \/><\/p>\n<p style=\"text-align: justify;\"><img loading=\"lazy\" decoding=\"async\" class=\"alignnone size-full\" src=\"https:\/\/c1.staticflickr.com\/6\/5817\/29903958624_aebdaf273d_b.jpg\" alt=\"\" width=\"1019\" height=\"764\" \/><\/p>\n<p style=\"text-align: justify;\"><img loading=\"lazy\" decoding=\"async\" class=\"alignnone size-full\" src=\"https:\/\/c6.staticflickr.com\/6\/5642\/29901698893_d66b4d9585_b.jpg\" alt=\"\" width=\"1019\" height=\"764\" \/><\/p>\n<p style=\"text-align: justify;\"><img loading=\"lazy\" decoding=\"async\" class=\"alignnone size-full\" src=\"https:\/\/c2.staticflickr.com\/6\/5501\/30447308281_75d8a8349b_b.jpg\" alt=\"\" width=\"1019\" height=\"764\" \/><\/p>\n<p style=\"text-align: justify;\"><img loading=\"lazy\" decoding=\"async\" class=\"alignnone size-full\" src=\"https:\/\/c3.staticflickr.com\/6\/5589\/30498225786_6498274a24_b.jpg\" alt=\"\" width=\"1019\" height=\"764\" \/><\/p>\n<p style=\"text-align: justify;\"><img loading=\"lazy\" decoding=\"async\" class=\"alignnone size-full\" src=\"https:\/\/c1.staticflickr.com\/9\/8628\/30498224456_dc714055b3_b.jpg\" alt=\"\" width=\"1019\" height=\"764\" \/><\/p>\n<p style=\"text-align: justify;\">\u00a0<\/p>\n<p style=\"text-align: justify;\">Vamos subiendo en direcci\u00f3n a la \u00abcima\u00bb de esta colina\u00a0 en direcci\u00f3n a la borna 500, que poco despu\u00e9s vemos ya a lo lejos.<\/p>\n<p style=\"text-align: justify;\">\u00a0<\/p>\n<p style=\"text-align: justify;\"><img loading=\"lazy\" decoding=\"async\" class=\"alignnone size-full\" src=\"https:\/\/c6.staticflickr.com\/6\/5473\/29901691653_4110d93162_b.jpg\" alt=\"\" width=\"1019\" height=\"764\" \/><\/p>\n<p style=\"text-align: justify;\">\u00a0<\/p>\n<p style=\"text-align: justify;\">Desde ella, vemos la zona de la Molina-Masella, y mirando en direcci\u00f3n contraria , vemos la borna 501, y despu\u00e9s un paso canadiense que cruzamos para continuar el camino. (el Coll Marcer)<\/p>\n<p style=\"text-align: justify;\">\u00a0<\/p>\n<p style=\"text-align: justify;\"><img loading=\"lazy\" decoding=\"async\" class=\"alignnone size-full\" src=\"https:\/\/c7.staticflickr.com\/6\/5611\/30236449790_18ab24cdf8_b.jpg\" alt=\"\" width=\"1019\" height=\"764\" \/><\/p>\n<p style=\"text-align: justify;\">\u00a0<\/p>\n<p style=\"text-align: justify;\"><img loading=\"lazy\" decoding=\"async\" class=\"alignnone size-full\" src=\"https:\/\/c1.staticflickr.com\/6\/5746\/30236448440_edcb853b88_b.jpg\" alt=\"\" width=\"1019\" height=\"764\" \/><\/p>\n<p style=\"text-align: justify;\">\u00a0<\/p>\n<p style=\"text-align: justify;\">Como hemos dicho antes, ya hab\u00edamos pasado anteriormente por las bornas 500 y 501 (ver <a href=\"http:\/\/www.carlosyconchita.net\/rutas\/14-05-2016-frontera-bornas-504-500\/\" target=\"_blank\" rel=\"noopener noreferrer\">(<strong><span style=\"color: #0000ff;\">14-05-2016 \u2013 Frontera : bornas 504 a 500<\/span><\/strong><\/a> ) , pero en aquella ocasi\u00f3n , despu\u00e9s de cruzar el paso canadiense, nos dirigimos m\u00e1s o menos hacia la derecha, en direccion a la Coma Morera en donde teniamos el coche, y hoy tenemos que ir m\u00e1s o menos hacia la izquierda para volver al punto de partida.<\/p>\n<p style=\"text-align: justify;\">Despu\u00e9s de una zona muy despejada y plana, empezamos a bajar entre el bosque (no seguimos ningun camino en concreto, sino que vamos mirando el GPS para llegar mas o menos en linea recta al coche)<\/p>\n<p style=\"text-align: justify;\"><img loading=\"lazy\" decoding=\"async\" class=\"alignnone size-full\" src=\"https:\/\/c3.staticflickr.com\/6\/5503\/30236446570_193d1217d1_b.jpg\" alt=\"\" width=\"1019\" height=\"764\" \/><\/p>\n<p style=\"text-align: justify;\"><img loading=\"lazy\" decoding=\"async\" class=\"alignnone size-full\" src=\"https:\/\/c1.staticflickr.com\/6\/5453\/30236445920_e7c1df23e3_b.jpg\" alt=\"\" width=\"1019\" height=\"764\" \/><\/p>\n<p style=\"text-align: justify;\"><img loading=\"lazy\" decoding=\"async\" class=\"alignnone size-full\" src=\"https:\/\/c3.staticflickr.com\/6\/5665\/30236444210_ddae270e83_b.jpg\" alt=\"\" width=\"1019\" height=\"764\" \/><\/p>\n<p style=\"text-align: justify;\">\u00a0<\/p>\n<p style=\"text-align: justify;\">Iremos bajando siguiendo el recorrido de un peque\u00f1o arroyo, hasta que llegamos al camino ancho del inicio de la ruta, y una vez en \u00e9l, vamos hacia la derecha hasta llegar al coche.<\/p>\n<p style=\"text-align: justify;\">\u00a0<\/p>\n<p style=\"text-align: justify;\">Y aqu\u00ed , la bonita bandeja de rovellons que hemos encontrado y que estaban buen\u00edsimos..<\/p>\n<p>.<\/p>\n<p><img loading=\"lazy\" decoding=\"async\" class=\"alignnone size-full\" src=\"https:\/\/c5.staticflickr.com\/6\/5536\/30236436980_b0ebf8078d_b.jpg\" alt=\"\" width=\"1019\" height=\"764\" \/><\/p>\n<hr \/>\n<p style=\"text-align: justify;\">\u00a0<\/p>\n<h3><strong>Track de la ruta<\/strong><\/h3>\n<p>[sgpx gpx=\u00bb\/wp-content\/uploads\/gpx\/Bornas-496-501.gpx\u00bb]<\/p>\n<hr \/>\n<p>&nbsp;<\/p>\n<h3><strong>Album de fotos<\/strong><\/h3>\n<p><a href=\"https:\/\/photos.app.goo.gl\/MGW9BSFAtYFmn2fU7\" target=\"_blank\" rel=\"noopener noreferrer\"><img loading=\"lazy\" decoding=\"async\" class=\"aligncenter wp-image-9550 size-column4-4\/5\" src=\"http:\/\/www.carlosyconchita.net\/rutas\/wp-content\/uploads\/2016\/10\/Bornas496-501-0031-240x192.jpg\" alt=\"bornas496-501-0031\" width=\"240\" height=\"192\" srcset=\"https:\/\/www.carlosyconchita.net\/rutas\/wp-content\/uploads\/2016\/10\/Bornas496-501-0031-240x192.jpg 240w, https:\/\/www.carlosyconchita.net\/rutas\/wp-content\/uploads\/2016\/10\/Bornas496-501-0031-250x200.jpg 250w, https:\/\/www.carlosyconchita.net\/rutas\/wp-content\/uploads\/2016\/10\/Bornas496-501-0031-960x764.jpg 960w, https:\/\/www.carlosyconchita.net\/rutas\/wp-content\/uploads\/2016\/10\/Bornas496-501-0031-480x384.jpg 480w, https:\/\/www.carlosyconchita.net\/rutas\/wp-content\/uploads\/2016\/10\/Bornas496-501-0031-320x256.jpg 320w\" sizes=\"auto, (max-width: 240px) 100vw, 240px\" \/><\/a><\/p>\n<hr \/>\n<p>&nbsp;<\/p>\n<h3><strong>Enlace Wikiloc<\/strong><\/h3>\n<p><a href=\"http:\/\/es.wikiloc.com\/wikiloc\/view.do?id=15266606\" target=\"_blank\" rel=\"noopener noreferrer\"><img loading=\"lazy\" decoding=\"async\" class=\"size-full wp-image-958 aligncenter\" src=\"http:\/\/www.carlosyconchita.net\/rutas\/wp-content\/uploads\/2020\/09\/wikiloc.jpg\" alt=\"wikiloc\" width=\"117\" height=\"34\" \/><\/a><\/p>\n<hr \/>\n<p style=\"text-align: justify;\"><span style=\"color: #ff0000; background-color: #ffffff; font-size: 14pt;\"><strong>Si te ha gustado, comp\u00e1rtelo en tu red favorita,\u00a0 haz +1, o env\u00edanos tu comentario.<br \/>\n<\/strong><\/span><\/p>\n<p><span style=\"font-size: 14pt;\"><strong><span style=\"color: #ff0000;\">Muchas gracias !<\/span><\/strong><\/span><\/p>\n<hr \/>\n<p style=\"text-align: justify;\"><strong><span style=\"color: #008000;\">Suscribete si quieres recibir un mail cuando publiquemos nuevas rutas : no enviamos publicidad y como m\u00e1ximo enviamos 2 mails al mes<\/span><\/strong><\/p>\n<p>[wysija_form id=\u00bb1&#8243;]<\/p>\n<hr \/>\n<h3>Puedes imprimir esta publicaci\u00f3n o guardarla en diferentes formatos :<\/h3>\n<p><span style=\"color: #ff0000; font-size: 14pt;\">Para facilitar la impresi\u00f3n, se ha reducido considerablemente el tama\u00f1o de las fotos, pero si deseas imprimir sin fotos, aconsejamos guardarlo como \u201cdoc\u201d, y antes de imprimirlo, eliminar las fotos<\/span><\/p>\n<p><span style=\"color: #ff0000;\">\u00a0<\/span><\/p>\n<p style=\"text-align: justify;\">\u00a0<\/p>\n","protected":false},"excerpt":{"rendered":"<p>Desde el camino forestal que va de Osseja a la Coma Morera, localizamos las bornas 496 a 501<\/p>\n","protected":false},"author":50,"featured_media":9550,"comment_status":"open","ping_status":"open","sticky":false,"template":"","format":"standard","meta":{"footnotes":""},"categories":[10,22,74,6],"tags":[],"class_list":{"0":"post-9549","1":"post","2":"type-post","3":"status-publish","4":"format-standard","5":"has-post-thumbnail","6":"hentry","7":"category-facil","8":"category-de-05-a-10-km","9":"category-0-mojones-bornas-frontera","10":"category-saillagosa","12":"post-with-thumbnail","13":"post-with-thumbnail-icon"},"yoast_head":"<!-- This site is optimized with the Yoast SEO plugin v27.5 - https:\/\/yoast.com\/product\/yoast-seo-wordpress\/ -->\n<title>23-10-2016 - Frontera : Bornas 496-501 -<\/title>\n<meta name=\"robots\" content=\"index, follow, max-snippet:-1, max-image-preview:large, max-video-preview:-1\" \/>\n<link rel=\"canonical\" href=\"https:\/\/www.carlosyconchita.net\/rutas\/frontera-bornas-496-501\/\" \/>\n<meta property=\"og:locale\" content=\"es_ES\" \/>\n<meta property=\"og:type\" content=\"article\" \/>\n<meta property=\"og:title\" content=\"23-10-2016 - Frontera : Bornas 496-501 -\" \/>\n<meta property=\"og:description\" content=\"Desde el camino forestal que va de Osseja a la Coma Morera, localizamos las bornas 496 a 501\" \/>\n<meta property=\"og:url\" content=\"https:\/\/www.carlosyconchita.net\/rutas\/frontera-bornas-496-501\/\" \/>\n<meta property=\"og:site_name\" content=\"Las rutas de Carlos y Conchita\" \/>\n<meta property=\"article:published_time\" content=\"2016-10-23T20:42:54+00:00\" \/>\n<meta property=\"article:modified_time\" content=\"2022-03-17T17:30:14+00:00\" \/>\n<meta property=\"og:image\" content=\"https:\/\/www.carlosyconchita.net\/rutas\/wp-content\/uploads\/2016\/10\/Bornas496-501-0031.jpg\" \/>\n\t<meta property=\"og:image:width\" content=\"1019\" \/>\n\t<meta property=\"og:image:height\" content=\"764\" \/>\n\t<meta property=\"og:image:type\" content=\"image\/jpeg\" \/>\n<meta name=\"author\" content=\"Carlos Conchita\" \/>\n<meta name=\"twitter:label1\" content=\"Escrito por\" \/>\n\t<meta name=\"twitter:data1\" content=\"Carlos Conchita\" \/>\n\t<meta name=\"twitter:label2\" content=\"Tiempo de lectura\" \/>\n\t<meta name=\"twitter:data2\" content=\"4 minutos\" \/>\n<script type=\"application\/ld+json\" class=\"yoast-schema-graph\">{\"@context\":\"https:\\\/\\\/schema.org\",\"@graph\":[{\"@type\":\"Article\",\"@id\":\"https:\\\/\\\/www.carlosyconchita.net\\\/rutas\\\/frontera-bornas-496-501\\\/#article\",\"isPartOf\":{\"@id\":\"https:\\\/\\\/www.carlosyconchita.net\\\/rutas\\\/frontera-bornas-496-501\\\/\"},\"author\":{\"name\":\"Carlos Conchita\",\"@id\":\"https:\\\/\\\/www.carlosyconchita.net\\\/rutas\\\/#\\\/schema\\\/person\\\/a9691f7258c28443fab2d3aa1479ea19\"},\"headline\":\"23-10-2016 &#8211; Frontera : Bornas 496-501\",\"datePublished\":\"2016-10-23T20:42:54+00:00\",\"dateModified\":\"2022-03-17T17:30:14+00:00\",\"mainEntityOfPage\":{\"@id\":\"https:\\\/\\\/www.carlosyconchita.net\\\/rutas\\\/frontera-bornas-496-501\\\/\"},\"wordCount\":857,\"commentCount\":0,\"image\":{\"@id\":\"https:\\\/\\\/www.carlosyconchita.net\\\/rutas\\\/frontera-bornas-496-501\\\/#primaryimage\"},\"thumbnailUrl\":\"https:\\\/\\\/www.carlosyconchita.net\\\/rutas\\\/wp-content\\\/uploads\\\/2016\\\/10\\\/Bornas496-501-0031.jpg\",\"articleSection\":[\"1-F\u00e1cil\",\"2 - De 5 a 10 km.\",\"Mojones \\\/ Bornas frontera ES-FR\",\"Saillagosa\"],\"inLanguage\":\"es\",\"potentialAction\":[{\"@type\":\"CommentAction\",\"name\":\"Comment\",\"target\":[\"https:\\\/\\\/www.carlosyconchita.net\\\/rutas\\\/frontera-bornas-496-501\\\/#respond\"]}]},{\"@type\":\"WebPage\",\"@id\":\"https:\\\/\\\/www.carlosyconchita.net\\\/rutas\\\/frontera-bornas-496-501\\\/\",\"url\":\"https:\\\/\\\/www.carlosyconchita.net\\\/rutas\\\/frontera-bornas-496-501\\\/\",\"name\":\"23-10-2016 - Frontera : Bornas 496-501 -\",\"isPartOf\":{\"@id\":\"https:\\\/\\\/www.carlosyconchita.net\\\/rutas\\\/#website\"},\"primaryImageOfPage\":{\"@id\":\"https:\\\/\\\/www.carlosyconchita.net\\\/rutas\\\/frontera-bornas-496-501\\\/#primaryimage\"},\"image\":{\"@id\":\"https:\\\/\\\/www.carlosyconchita.net\\\/rutas\\\/frontera-bornas-496-501\\\/#primaryimage\"},\"thumbnailUrl\":\"https:\\\/\\\/www.carlosyconchita.net\\\/rutas\\\/wp-content\\\/uploads\\\/2016\\\/10\\\/Bornas496-501-0031.jpg\",\"datePublished\":\"2016-10-23T20:42:54+00:00\",\"dateModified\":\"2022-03-17T17:30:14+00:00\",\"author\":{\"@id\":\"https:\\\/\\\/www.carlosyconchita.net\\\/rutas\\\/#\\\/schema\\\/person\\\/a9691f7258c28443fab2d3aa1479ea19\"},\"breadcrumb\":{\"@id\":\"https:\\\/\\\/www.carlosyconchita.net\\\/rutas\\\/frontera-bornas-496-501\\\/#breadcrumb\"},\"inLanguage\":\"es\",\"potentialAction\":[{\"@type\":\"ReadAction\",\"target\":[\"https:\\\/\\\/www.carlosyconchita.net\\\/rutas\\\/frontera-bornas-496-501\\\/\"]}]},{\"@type\":\"ImageObject\",\"inLanguage\":\"es\",\"@id\":\"https:\\\/\\\/www.carlosyconchita.net\\\/rutas\\\/frontera-bornas-496-501\\\/#primaryimage\",\"url\":\"https:\\\/\\\/www.carlosyconchita.net\\\/rutas\\\/wp-content\\\/uploads\\\/2016\\\/10\\\/Bornas496-501-0031.jpg\",\"contentUrl\":\"https:\\\/\\\/www.carlosyconchita.net\\\/rutas\\\/wp-content\\\/uploads\\\/2016\\\/10\\\/Bornas496-501-0031.jpg\",\"width\":1019,\"height\":764},{\"@type\":\"BreadcrumbList\",\"@id\":\"https:\\\/\\\/www.carlosyconchita.net\\\/rutas\\\/frontera-bornas-496-501\\\/#breadcrumb\",\"itemListElement\":[{\"@type\":\"ListItem\",\"position\":1,\"name\":\"Portada\",\"item\":\"https:\\\/\\\/www.carlosyconchita.net\\\/rutas\\\/\"},{\"@type\":\"ListItem\",\"position\":2,\"name\":\"23-10-2016 &#8211; Frontera : Bornas 496-501\"}]},{\"@type\":\"WebSite\",\"@id\":\"https:\\\/\\\/www.carlosyconchita.net\\\/rutas\\\/#website\",\"url\":\"https:\\\/\\\/www.carlosyconchita.net\\\/rutas\\\/\",\"name\":\"Las rutas de Carlos y Conchita\",\"description\":\"\",\"potentialAction\":[{\"@type\":\"SearchAction\",\"target\":{\"@type\":\"EntryPoint\",\"urlTemplate\":\"https:\\\/\\\/www.carlosyconchita.net\\\/rutas\\\/?s={search_term_string}\"},\"query-input\":{\"@type\":\"PropertyValueSpecification\",\"valueRequired\":true,\"valueName\":\"search_term_string\"}}],\"inLanguage\":\"es\"},{\"@type\":\"Person\",\"@id\":\"https:\\\/\\\/www.carlosyconchita.net\\\/rutas\\\/#\\\/schema\\\/person\\\/a9691f7258c28443fab2d3aa1479ea19\",\"name\":\"Carlos Conchita\",\"image\":{\"@type\":\"ImageObject\",\"inLanguage\":\"es\",\"@id\":\"https:\\\/\\\/secure.gravatar.com\\\/avatar\\\/3a4625b20c8da3de99da69bfe7a322774e291c3f90dce7e8778a30fe6748ed1a?s=96&d=mm&r=g\",\"url\":\"https:\\\/\\\/secure.gravatar.com\\\/avatar\\\/3a4625b20c8da3de99da69bfe7a322774e291c3f90dce7e8778a30fe6748ed1a?s=96&d=mm&r=g\",\"contentUrl\":\"https:\\\/\\\/secure.gravatar.com\\\/avatar\\\/3a4625b20c8da3de99da69bfe7a322774e291c3f90dce7e8778a30fe6748ed1a?s=96&d=mm&r=g\",\"caption\":\"Carlos Conchita\"}}]}<\/script>\n<!-- \/ Yoast SEO plugin. -->","yoast_head_json":{"title":"23-10-2016 - Frontera : Bornas 496-501 -","robots":{"index":"index","follow":"follow","max-snippet":"max-snippet:-1","max-image-preview":"max-image-preview:large","max-video-preview":"max-video-preview:-1"},"canonical":"https:\/\/www.carlosyconchita.net\/rutas\/frontera-bornas-496-501\/","og_locale":"es_ES","og_type":"article","og_title":"23-10-2016 - Frontera : Bornas 496-501 -","og_description":"Desde el camino forestal que va de Osseja a la Coma Morera, localizamos las bornas 496 a 501","og_url":"https:\/\/www.carlosyconchita.net\/rutas\/frontera-bornas-496-501\/","og_site_name":"Las rutas de Carlos y Conchita","article_published_time":"2016-10-23T20:42:54+00:00","article_modified_time":"2022-03-17T17:30:14+00:00","og_image":[{"width":1019,"height":764,"url":"https:\/\/www.carlosyconchita.net\/rutas\/wp-content\/uploads\/2016\/10\/Bornas496-501-0031.jpg","type":"image\/jpeg"}],"author":"Carlos Conchita","twitter_misc":{"Escrito por":"Carlos Conchita","Tiempo de lectura":"4 minutos"},"schema":{"@context":"https:\/\/schema.org","@graph":[{"@type":"Article","@id":"https:\/\/www.carlosyconchita.net\/rutas\/frontera-bornas-496-501\/#article","isPartOf":{"@id":"https:\/\/www.carlosyconchita.net\/rutas\/frontera-bornas-496-501\/"},"author":{"name":"Carlos Conchita","@id":"https:\/\/www.carlosyconchita.net\/rutas\/#\/schema\/person\/a9691f7258c28443fab2d3aa1479ea19"},"headline":"23-10-2016 &#8211; Frontera : Bornas 496-501","datePublished":"2016-10-23T20:42:54+00:00","dateModified":"2022-03-17T17:30:14+00:00","mainEntityOfPage":{"@id":"https:\/\/www.carlosyconchita.net\/rutas\/frontera-bornas-496-501\/"},"wordCount":857,"commentCount":0,"image":{"@id":"https:\/\/www.carlosyconchita.net\/rutas\/frontera-bornas-496-501\/#primaryimage"},"thumbnailUrl":"https:\/\/www.carlosyconchita.net\/rutas\/wp-content\/uploads\/2016\/10\/Bornas496-501-0031.jpg","articleSection":["1-F\u00e1cil","2 - De 5 a 10 km.","Mojones \/ Bornas frontera ES-FR","Saillagosa"],"inLanguage":"es","potentialAction":[{"@type":"CommentAction","name":"Comment","target":["https:\/\/www.carlosyconchita.net\/rutas\/frontera-bornas-496-501\/#respond"]}]},{"@type":"WebPage","@id":"https:\/\/www.carlosyconchita.net\/rutas\/frontera-bornas-496-501\/","url":"https:\/\/www.carlosyconchita.net\/rutas\/frontera-bornas-496-501\/","name":"23-10-2016 - Frontera : Bornas 496-501 -","isPartOf":{"@id":"https:\/\/www.carlosyconchita.net\/rutas\/#website"},"primaryImageOfPage":{"@id":"https:\/\/www.carlosyconchita.net\/rutas\/frontera-bornas-496-501\/#primaryimage"},"image":{"@id":"https:\/\/www.carlosyconchita.net\/rutas\/frontera-bornas-496-501\/#primaryimage"},"thumbnailUrl":"https:\/\/www.carlosyconchita.net\/rutas\/wp-content\/uploads\/2016\/10\/Bornas496-501-0031.jpg","datePublished":"2016-10-23T20:42:54+00:00","dateModified":"2022-03-17T17:30:14+00:00","author":{"@id":"https:\/\/www.carlosyconchita.net\/rutas\/#\/schema\/person\/a9691f7258c28443fab2d3aa1479ea19"},"breadcrumb":{"@id":"https:\/\/www.carlosyconchita.net\/rutas\/frontera-bornas-496-501\/#breadcrumb"},"inLanguage":"es","potentialAction":[{"@type":"ReadAction","target":["https:\/\/www.carlosyconchita.net\/rutas\/frontera-bornas-496-501\/"]}]},{"@type":"ImageObject","inLanguage":"es","@id":"https:\/\/www.carlosyconchita.net\/rutas\/frontera-bornas-496-501\/#primaryimage","url":"https:\/\/www.carlosyconchita.net\/rutas\/wp-content\/uploads\/2016\/10\/Bornas496-501-0031.jpg","contentUrl":"https:\/\/www.carlosyconchita.net\/rutas\/wp-content\/uploads\/2016\/10\/Bornas496-501-0031.jpg","width":1019,"height":764},{"@type":"BreadcrumbList","@id":"https:\/\/www.carlosyconchita.net\/rutas\/frontera-bornas-496-501\/#breadcrumb","itemListElement":[{"@type":"ListItem","position":1,"name":"Portada","item":"https:\/\/www.carlosyconchita.net\/rutas\/"},{"@type":"ListItem","position":2,"name":"23-10-2016 &#8211; Frontera : Bornas 496-501"}]},{"@type":"WebSite","@id":"https:\/\/www.carlosyconchita.net\/rutas\/#website","url":"https:\/\/www.carlosyconchita.net\/rutas\/","name":"Las rutas de Carlos y Conchita","description":"","potentialAction":[{"@type":"SearchAction","target":{"@type":"EntryPoint","urlTemplate":"https:\/\/www.carlosyconchita.net\/rutas\/?s={search_term_string}"},"query-input":{"@type":"PropertyValueSpecification","valueRequired":true,"valueName":"search_term_string"}}],"inLanguage":"es"},{"@type":"Person","@id":"https:\/\/www.carlosyconchita.net\/rutas\/#\/schema\/person\/a9691f7258c28443fab2d3aa1479ea19","name":"Carlos Conchita","image":{"@type":"ImageObject","inLanguage":"es","@id":"https:\/\/secure.gravatar.com\/avatar\/3a4625b20c8da3de99da69bfe7a322774e291c3f90dce7e8778a30fe6748ed1a?s=96&d=mm&r=g","url":"https:\/\/secure.gravatar.com\/avatar\/3a4625b20c8da3de99da69bfe7a322774e291c3f90dce7e8778a30fe6748ed1a?s=96&d=mm&r=g","contentUrl":"https:\/\/secure.gravatar.com\/avatar\/3a4625b20c8da3de99da69bfe7a322774e291c3f90dce7e8778a30fe6748ed1a?s=96&d=mm&r=g","caption":"Carlos Conchita"}}]}},"_links":{"self":[{"href":"https:\/\/www.carlosyconchita.net\/rutas\/wp-json\/wp\/v2\/posts\/9549","targetHints":{"allow":["GET"]}}],"collection":[{"href":"https:\/\/www.carlosyconchita.net\/rutas\/wp-json\/wp\/v2\/posts"}],"about":[{"href":"https:\/\/www.carlosyconchita.net\/rutas\/wp-json\/wp\/v2\/types\/post"}],"author":[{"embeddable":true,"href":"https:\/\/www.carlosyconchita.net\/rutas\/wp-json\/wp\/v2\/users\/50"}],"replies":[{"embeddable":true,"href":"https:\/\/www.carlosyconchita.net\/rutas\/wp-json\/wp\/v2\/comments?post=9549"}],"version-history":[{"count":0,"href":"https:\/\/www.carlosyconchita.net\/rutas\/wp-json\/wp\/v2\/posts\/9549\/revisions"}],"wp:featuredmedia":[{"embeddable":true,"href":"https:\/\/www.carlosyconchita.net\/rutas\/wp-json\/wp\/v2\/media\/9550"}],"wp:attachment":[{"href":"https:\/\/www.carlosyconchita.net\/rutas\/wp-json\/wp\/v2\/media?parent=9549"}],"wp:term":[{"taxonomy":"category","embeddable":true,"href":"https:\/\/www.carlosyconchita.net\/rutas\/wp-json\/wp\/v2\/categories?post=9549"},{"taxonomy":"post_tag","embeddable":true,"href":"https:\/\/www.carlosyconchita.net\/rutas\/wp-json\/wp\/v2\/tags?post=9549"}],"curies":[{"name":"wp","href":"https:\/\/api.w.org\/{rel}","templated":true}]}}