{"id":9631,"date":"2016-10-30T20:24:49","date_gmt":"2016-10-30T19:24:49","guid":{"rendered":"http:\/\/www.carlosyconchita.net\/rutas\/?p=9631"},"modified":"2020-04-04T18:11:39","modified_gmt":"2020-04-04T17:11:39","slug":"30-10-2016-la-grevolosa-serra-dels-llancers","status":"publish","type":"post","link":"https:\/\/www.carlosyconchita.net\/rutas\/30-10-2016-la-grevolosa-serra-dels-llancers\/","title":{"rendered":"30-10-2016 &#8211; La Grevolosa y Serra dels Llancers"},"content":{"rendered":"<p style=\"text-align: justify;\">Hoy hacemos esta excursi\u00f3n con nuestros amigos Carme, Miquel, Pep, Marina, Eva y Silvia.<\/p>\n<p style=\"text-align: justify;\">Para llegar al punto de inicio de la excursi\u00f3n de hoy,\u00a0 nos dirigiremos a la C-37 entre Torell\u00f3 y Joanetes y antes del t\u00fanel de Bracons cogemos la salida a Sant Andreu de la Vola y despu\u00e9s seguiremos una pista de tierra (Cam\u00ed de Cabrera) durante algo m\u00e1s de 2 kms. en direcci\u00f3n a la ermita de Sant Nazari, dejando el coche en el segundo aparcamiento, bastante peque\u00f1o, por cierto.<\/p>\n<p style=\"text-align: justify;\">All\u00ed a la derecha, un poco antes de la peque\u00f1a rampa al aparcamiento, veremos una barrera , que es por donde llegaremos despu\u00e9s.<\/p>\n<p>&nbsp;<\/p>\n<p><strong>Dificultad<\/strong> :\u00a0\u00a0\u00a0 F\u00e1cil<\/p>\n<p><strong>Distancia total<\/strong> :\u00a0\u00a0\u00a0 <span class=\"totlen\"><span class=\"summaryvalue\">9.024 m<\/span><\/span><\/p>\n<p><strong>Alturas m\u00ednima \/ m\u00e1xima<\/strong> :\u00a0\u00a0\u00a0\u00a0\u00a0 815 m. \/\u00a0\u00a0 1.242 <span class=\"maxele\"><span class=\"summaryvalue\">m<\/span><\/span>.<\/p>\n<p><strong>Desnivel acumulado (s\/Wikiloc)<\/strong>\u00a0 :\u00a0\u00a0 587\u00a0 m.<\/p>\n<p><strong>Tiempo total \/ en movimiento<\/strong> :\u00a0\u00a0\u00a0\u00a0\u00a0\u00a0 4 h. 54 m.\u00a0 \/\u00a0 2 h. 45 m.<\/p>\n<p><strong>Velocidad media total \/ velocidad media movimiento<\/strong> :\u00a0\u00a0\u00a0 1\u201980 km\/h\u00a0 \u2013\u00a0 3\u201920 km.\/h<\/p>\n<p>&nbsp;<\/p>\n<p style=\"text-align: justify;\"><img loading=\"lazy\" decoding=\"async\" class=\"alignnone size-full\" src=\"https:\/\/c1.staticflickr.com\/6\/5655\/30632998216_76b7d0b38d_b.jpg\" alt=\"\" width=\"1019\" height=\"764\" \/><\/p>\n<p style=\"text-align: justify;\">\u00a0<\/p>\n<p style=\"text-align: justify;\">Durante el primer tramo del recorrido encontraremos algunos paneles que nos dar\u00e1n informaci\u00f3n sobre la finca de la Grevolosa, propiedad de la Generalitat de Catalunya.<\/p>\n<p style=\"text-align: justify;\"><img loading=\"lazy\" decoding=\"async\" class=\"alignnone size-full\" src=\"https:\/\/c8.staticflickr.com\/6\/5725\/30669417695_ac7e18bd9d_b.jpg\" alt=\"\" width=\"1019\" height=\"764\" \/><\/p>\n<p style=\"text-align: justify;\">\u00a0<\/p>\n<p style=\"text-align: justify;\">Empezamos a caminar por el camino que empieza en el parking, e iremos subiendo en direcci\u00f3n a\u00a0 la ermita de Sant Nazari, a donde llegaremos despu\u00e9s de algo m\u00e1s de 500 m., despu\u00e9s de pasar por un puente de madera.<\/p>\n<p style=\"text-align: justify;\">\u00a0<\/p>\n<p style=\"text-align: justify;\"><img loading=\"lazy\" decoding=\"async\" class=\"alignnone size-full\" src=\"https:\/\/c1.staticflickr.com\/6\/5705\/30632995736_07921980cb_b.jpg\" alt=\"\" width=\"1019\" height=\"764\" \/><\/p>\n<p style=\"text-align: justify;\"><img loading=\"lazy\" decoding=\"async\" class=\"alignnone size-full\" src=\"https:\/\/c8.staticflickr.com\/6\/5691\/30628458711_f7e4de43d5_b.jpg\" alt=\"\" width=\"1024\" height=\"683\" \/><\/p>\n<p style=\"text-align: justify;\">\u00a0<\/p>\n<p style=\"text-align: justify;\">La ermita de Sant Nazari.<\/p>\n<p style=\"text-align: justify;\"><img loading=\"lazy\" decoding=\"async\" class=\"alignnone size-full\" src=\"https:\/\/c7.staticflickr.com\/6\/5611\/30369744790_eaba289a5c_b.jpg\" alt=\"\" width=\"1019\" height=\"764\" \/><\/p>\n<p style=\"text-align: justify;\">\u00a0<\/p>\n<p style=\"text-align: justify;\">A partir de all\u00ed, entramos ya en la bonita zona de la\u00a0 \u00abfageda\u00bb, y podemos admirar algunos arboles majestuosos.<\/p>\n<p style=\"text-align: justify;\"><img loading=\"lazy\" decoding=\"async\" class=\"alignnone size-full\" src=\"https:\/\/c3.staticflickr.com\/6\/5812\/30369742170_1384fc8aa6_b.jpg\" alt=\"\" width=\"1019\" height=\"764\" \/><\/p>\n<p style=\"text-align: justify;\"><img loading=\"lazy\" decoding=\"async\" class=\"alignnone size-full\" src=\"https:\/\/c7.staticflickr.com\/6\/5791\/30552700462_fbd160818b_b.jpg\" alt=\"\" width=\"1019\" height=\"764\" \/><\/p>\n<p style=\"text-align: justify;\"><img loading=\"lazy\" decoding=\"async\" class=\"alignnone size-full\" src=\"https:\/\/c7.staticflickr.com\/6\/5738\/30632985246_c0bb4bdc17_b.jpg\" alt=\"\" width=\"1019\" height=\"764\" \/><\/p>\n<p style=\"text-align: justify;\">\u00a0<\/p>\n<p style=\"text-align: justify;\">Siguiendo el track, iremos recorriendo toda la fageda, en esta \u00e9poca, con muchas hojas en el suelo con el t\u00edpico color del oto\u00f1o.<\/p>\n<p style=\"text-align: justify;\"><img loading=\"lazy\" decoding=\"async\" class=\"alignnone size-full\" src=\"https:\/\/c2.staticflickr.com\/6\/5602\/30581488201_090f43fbc7_b.jpg\" alt=\"\" width=\"1019\" height=\"764\" \/><\/p>\n<p style=\"text-align: justify;\"><img loading=\"lazy\" decoding=\"async\" class=\"alignnone size-full\" src=\"https:\/\/c6.staticflickr.com\/6\/5795\/30035767653_a56773df5f_b.jpg\" alt=\"\" width=\"1019\" height=\"764\" \/><\/p>\n<p style=\"text-align: justify;\"><img loading=\"lazy\" decoding=\"async\" class=\"alignnone size-full\" src=\"https:\/\/c1.staticflickr.com\/6\/5685\/30037998104_09a1977a51_b.jpg\" alt=\"\" width=\"1019\" height=\"764\" \/><\/p>\n<p style=\"text-align: justify;\">\u00a0<\/p>\n<p style=\"text-align: justify;\">Una bonita foto del amigo Pep.<\/p>\n<p style=\"text-align: justify;\"><img loading=\"lazy\" decoding=\"async\" class=\"alignnone size-full\" src=\"https:\/\/c6.staticflickr.com\/6\/5466\/30628457981_b2d33df941_b.jpg\" alt=\"\" width=\"1024\" height=\"683\" \/><\/p>\n<p style=\"text-align: justify;\">\u00a0<\/p>\n<p style=\"text-align: justify;\">Llegaremos a una se\u00f1al, que nos indica a la derecha el Coll dels Llancers, y a la izquierda la Collada de Bracons, que es a donde nos dirigiremos, y donde desayunamos.<\/p>\n<p style=\"text-align: justify;\"><img loading=\"lazy\" decoding=\"async\" class=\"alignnone size-full\" src=\"https:\/\/c3.staticflickr.com\/6\/5524\/30084690874_8d10e45a91_b.jpg\" alt=\"\" width=\"1024\" height=\"683\" \/><\/p>\n<p style=\"text-align: justify;\">\u00a0<\/p>\n<p style=\"text-align: justify;\">Cuando llevemos unos 4.5 kms. llegaremos al Mirador de la Vall d&#8217;en Bas, con unas bonitas vistas y muy a lo lejos, podremos ver\u00a0 las monta\u00f1as de Montserrat.<\/p>\n<p style=\"text-align: justify;\"><img loading=\"lazy\" decoding=\"async\" class=\"alignnone size-full\" src=\"https:\/\/c6.staticflickr.com\/6\/5502\/30035751893_98f4f86412_b.jpg\" alt=\"\" width=\"1024\" height=\"484\" \/><\/p>\n<p style=\"text-align: justify;\"><img loading=\"lazy\" decoding=\"async\" class=\"alignnone size-full\" src=\"https:\/\/c5.staticflickr.com\/6\/5693\/30552681692_5532cb6d89_b.jpg\" alt=\"\" width=\"1019\" height=\"764\" \/><\/p>\n<p style=\"text-align: justify;\">\u00a0<\/p>\n<p style=\"text-align: justify;\">El camino continua por la fageda, llegando muy poco despu\u00e9s al Coll dels Llancers , y continua hasta el El Mirador de Collsacabra , m\u00e1s o menos cuando llevemos casi\u00a0 7 kms .<\/p>\n<p style=\"text-align: justify;\"><img loading=\"lazy\" decoding=\"async\" class=\"alignnone size-full\" src=\"https:\/\/c5.staticflickr.com\/6\/5661\/30552674332_8fcc13a051_b.jpg\" alt=\"\" width=\"1019\" height=\"764\" \/><\/p>\n<p style=\"text-align: justify;\">\u00a0<\/p>\n<p style=\"text-align: justify;\">Aqui vemos el Puigsacalm y a la derecha el Puig dels Llops<\/p>\n<p style=\"text-align: justify;\"><img loading=\"lazy\" decoding=\"async\" class=\"alignnone size-full\" src=\"https:\/\/c8.staticflickr.com\/6\/5442\/30035731903_f531b3d89c_b.jpg\" alt=\"\" width=\"1019\" height=\"764\" \/><\/p>\n<p style=\"text-align: justify;\">\u00a0<\/p>\n<p style=\"text-align: justify;\">Despu\u00e9s de un tramo de bajada por un estrecho sendero entre el bosque, desembocamos de nuevo en el camino principal, que nos llevar\u00e1 al parking donde tenemos el coche.<\/p>\n<p style=\"text-align: justify;\"><img loading=\"lazy\" decoding=\"async\" class=\"alignnone size-full\" src=\"https:\/\/c5.staticflickr.com\/6\/5683\/30632950436_f3dbc0f28b_b.jpg\" alt=\"\" width=\"1019\" height=\"764\" \/><\/p>\n<p style=\"text-align: justify;\"><img loading=\"lazy\" decoding=\"async\" class=\"alignnone size-full\" src=\"https:\/\/c5.staticflickr.com\/6\/5468\/30369683540_db8922b989_b.jpg\" alt=\"\" width=\"1019\" height=\"764\" \/><\/p>\n<hr \/>\n<p style=\"text-align: justify;\">\u00a0<\/p>\n<h3 style=\"text-align: justify;\"><strong>Track de la ruta<\/strong><\/h3>\n<p style=\"text-align: justify;\">[sgpx gpx=\u00bb\/wp-content\/uploads\/gpx\/LaGrevolosa.gpx\u00bb]<\/p>\n<hr \/>\n<p style=\"text-align: justify;\">\u00a0<\/p>\n<h3 style=\"text-align: justify;\"><strong>Album de fotos<\/strong><\/h3>\n<p><a href=\"https:\/\/photos.app.goo.gl\/HnQuFPQgcR6fKFt7A\" target=\"_blank\" rel=\"noopener noreferrer\"><img loading=\"lazy\" decoding=\"async\" class=\"aligncenter wp-image-9632 size-column4-4\/5\" src=\"http:\/\/www.carlosyconchita.net\/rutas\/wp-content\/uploads\/2016\/11\/DSC00672-240x192.jpg\" alt=\"dsc00672\" width=\"240\" height=\"192\" srcset=\"https:\/\/www.carlosyconchita.net\/rutas\/wp-content\/uploads\/2016\/11\/DSC00672-240x192.jpg 240w, https:\/\/www.carlosyconchita.net\/rutas\/wp-content\/uploads\/2016\/11\/DSC00672-250x200.jpg 250w, https:\/\/www.carlosyconchita.net\/rutas\/wp-content\/uploads\/2016\/11\/DSC00672-960x764.jpg 960w, https:\/\/www.carlosyconchita.net\/rutas\/wp-content\/uploads\/2016\/11\/DSC00672-480x384.jpg 480w, https:\/\/www.carlosyconchita.net\/rutas\/wp-content\/uploads\/2016\/11\/DSC00672-320x256.jpg 320w\" sizes=\"auto, (max-width: 240px) 100vw, 240px\" \/><\/a><\/p>\n<hr \/>\n<p style=\"text-align: justify;\">\u00a0<\/p>\n<h3 style=\"text-align: justify;\"><strong>Enlace Wikiloc<\/strong><\/h3>\n<p style=\"text-align: justify;\"><a href=\"http:\/\/es.wikiloc.com\/wikiloc\/view.do?id=15377886\" target=\"_blank\" rel=\"noopener noreferrer\"><img loading=\"lazy\" decoding=\"async\" class=\"size-full wp-image-958 aligncenter\" src=\"http:\/\/www.carlosyconchita.net\/rutas\/wp-content\/uploads\/2020\/09\/wikiloc.jpg\" alt=\"wikiloc\" width=\"117\" height=\"34\" \/><\/a><\/p>\n<hr \/>\n<p style=\"text-align: justify;\">\u00a0<\/p>\n<p style=\"text-align: justify;\">\u00a0<\/p>\n<p style=\"text-align: justify;\"><span style=\"color: #ff0000; background-color: #ffffff; font-size: 14pt;\"><strong>Si te ha gustado, comp\u00e1rtelo en tu red favorita,\u00a0 haz +1, o env\u00edanos tu comentario.<br \/>\n<\/strong><\/span><\/p>\n<p><span style=\"font-size: 14pt;\"><strong><span style=\"color: #ff0000;\">Muchas gracias !<\/span><\/strong><\/span><\/p>\n<hr \/>\n<p style=\"text-align: justify;\"><strong><span style=\"color: #008000;\">Suscribete si quieres recibir un mail cuando publiquemos nuevas rutas : no enviamos publicidad y como m\u00e1ximo enviamos 2 mails al mes<\/span><\/strong><\/p>\n<p>[wysija_form id=\u00bb1&#8243;]<\/p>\n<hr \/>\n<h3>Puedes imprimir esta publicaci\u00f3n o guardarla en diferentes formatos :<\/h3>\n<p><span style=\"color: #ff0000; font-size: 14pt;\">Para facilitar la impresi\u00f3n, se ha reducido considerablemente el tama\u00f1o de las fotos, pero si deseas imprimir sin fotos, aconsejamos guardarlo como \u201cdoc\u201d, y antes de imprimirlo, eliminar las fotos<\/span><\/p>\n","protected":false},"excerpt":{"rendered":"<p>Hoy hacemos esta excursi\u00f3n con nuestros amigos Carme, Miquel, Pep, Marina, Eva y Silvia. Para llegar al punto de inicio de la excursi\u00f3n de hoy,\u00a0 nos dirigiremos a la C-37 entre Torell\u00f3 y Joanetes y antes del t\u00fanel de Bracons cogemos la salida a Sant Andreu de la Vola y despu\u00e9s seguiremos una pista de [&hellip;]<\/p>\n","protected":false},"author":50,"featured_media":9632,"comment_status":"open","ping_status":"open","sticky":false,"template":"","format":"standard","meta":{"footnotes":""},"categories":[10,22,46],"tags":[],"class_list":{"0":"post-9631","1":"post","2":"type-post","3":"status-publish","4":"format-standard","5":"has-post-thumbnail","6":"hentry","7":"category-facil","8":"category-de-05-a-10-km","9":"category-barcelona-sin-clasificar","11":"post-with-thumbnail","12":"post-with-thumbnail-icon"},"yoast_head":"<!-- This site is optimized with the Yoast SEO plugin v27.4 - https:\/\/yoast.com\/product\/yoast-seo-wordpress\/ -->\n<title>30-10-2016 - La Grevolosa y Serra dels Llancers -<\/title>\n<meta name=\"robots\" content=\"index, follow, max-snippet:-1, max-image-preview:large, max-video-preview:-1\" \/>\n<link rel=\"canonical\" href=\"https:\/\/www.carlosyconchita.net\/rutas\/30-10-2016-la-grevolosa-serra-dels-llancers\/\" \/>\n<meta property=\"og:locale\" content=\"es_ES\" \/>\n<meta property=\"og:type\" content=\"article\" \/>\n<meta property=\"og:title\" content=\"30-10-2016 - La Grevolosa y Serra dels Llancers -\" \/>\n<meta property=\"og:description\" content=\"Hoy hacemos esta excursi\u00f3n con nuestros amigos Carme, Miquel, Pep, Marina, Eva y Silvia. Para llegar al punto de inicio de la excursi\u00f3n de hoy,\u00a0 nos dirigiremos a la C-37 entre Torell\u00f3 y Joanetes y antes del t\u00fanel de Bracons cogemos la salida a Sant Andreu de la Vola y despu\u00e9s seguiremos una pista de [&hellip;]\" \/>\n<meta property=\"og:url\" content=\"https:\/\/www.carlosyconchita.net\/rutas\/30-10-2016-la-grevolosa-serra-dels-llancers\/\" \/>\n<meta property=\"og:site_name\" content=\"Las rutas de Carlos y Conchita\" \/>\n<meta property=\"article:published_time\" content=\"2016-10-30T19:24:49+00:00\" \/>\n<meta property=\"article:modified_time\" content=\"2020-04-04T17:11:39+00:00\" \/>\n<meta property=\"og:image\" content=\"https:\/\/www.carlosyconchita.net\/rutas\/wp-content\/uploads\/2016\/11\/DSC00672.jpg\" \/>\n\t<meta property=\"og:image:width\" content=\"1019\" \/>\n\t<meta property=\"og:image:height\" content=\"764\" \/>\n\t<meta property=\"og:image:type\" content=\"image\/jpeg\" \/>\n<meta name=\"author\" content=\"Carlos Conchita\" \/>\n<meta name=\"twitter:label1\" content=\"Escrito por\" \/>\n\t<meta name=\"twitter:data1\" content=\"Carlos Conchita\" \/>\n\t<meta name=\"twitter:label2\" content=\"Tiempo de lectura\" \/>\n\t<meta name=\"twitter:data2\" content=\"3 minutos\" \/>\n<script type=\"application\/ld+json\" class=\"yoast-schema-graph\">{\"@context\":\"https:\\\/\\\/schema.org\",\"@graph\":[{\"@type\":\"Article\",\"@id\":\"https:\\\/\\\/www.carlosyconchita.net\\\/rutas\\\/30-10-2016-la-grevolosa-serra-dels-llancers\\\/#article\",\"isPartOf\":{\"@id\":\"https:\\\/\\\/www.carlosyconchita.net\\\/rutas\\\/30-10-2016-la-grevolosa-serra-dels-llancers\\\/\"},\"author\":{\"name\":\"Carlos Conchita\",\"@id\":\"https:\\\/\\\/www.carlosyconchita.net\\\/rutas\\\/#\\\/schema\\\/person\\\/a9691f7258c28443fab2d3aa1479ea19\"},\"headline\":\"30-10-2016 &#8211; La Grevolosa y Serra dels Llancers\",\"datePublished\":\"2016-10-30T19:24:49+00:00\",\"dateModified\":\"2020-04-04T17:11:39+00:00\",\"mainEntityOfPage\":{\"@id\":\"https:\\\/\\\/www.carlosyconchita.net\\\/rutas\\\/30-10-2016-la-grevolosa-serra-dels-llancers\\\/\"},\"wordCount\":520,\"commentCount\":0,\"image\":{\"@id\":\"https:\\\/\\\/www.carlosyconchita.net\\\/rutas\\\/30-10-2016-la-grevolosa-serra-dels-llancers\\\/#primaryimage\"},\"thumbnailUrl\":\"https:\\\/\\\/www.carlosyconchita.net\\\/rutas\\\/wp-content\\\/uploads\\\/2016\\\/11\\\/DSC00672.jpg\",\"articleSection\":[\"1-F\u00e1cil\",\"2 - De 5 a 10 km.\",\"Barcelona - sin clasificar\"],\"inLanguage\":\"es\",\"potentialAction\":[{\"@type\":\"CommentAction\",\"name\":\"Comment\",\"target\":[\"https:\\\/\\\/www.carlosyconchita.net\\\/rutas\\\/30-10-2016-la-grevolosa-serra-dels-llancers\\\/#respond\"]}]},{\"@type\":\"WebPage\",\"@id\":\"https:\\\/\\\/www.carlosyconchita.net\\\/rutas\\\/30-10-2016-la-grevolosa-serra-dels-llancers\\\/\",\"url\":\"https:\\\/\\\/www.carlosyconchita.net\\\/rutas\\\/30-10-2016-la-grevolosa-serra-dels-llancers\\\/\",\"name\":\"30-10-2016 - La Grevolosa y Serra dels Llancers -\",\"isPartOf\":{\"@id\":\"https:\\\/\\\/www.carlosyconchita.net\\\/rutas\\\/#website\"},\"primaryImageOfPage\":{\"@id\":\"https:\\\/\\\/www.carlosyconchita.net\\\/rutas\\\/30-10-2016-la-grevolosa-serra-dels-llancers\\\/#primaryimage\"},\"image\":{\"@id\":\"https:\\\/\\\/www.carlosyconchita.net\\\/rutas\\\/30-10-2016-la-grevolosa-serra-dels-llancers\\\/#primaryimage\"},\"thumbnailUrl\":\"https:\\\/\\\/www.carlosyconchita.net\\\/rutas\\\/wp-content\\\/uploads\\\/2016\\\/11\\\/DSC00672.jpg\",\"datePublished\":\"2016-10-30T19:24:49+00:00\",\"dateModified\":\"2020-04-04T17:11:39+00:00\",\"author\":{\"@id\":\"https:\\\/\\\/www.carlosyconchita.net\\\/rutas\\\/#\\\/schema\\\/person\\\/a9691f7258c28443fab2d3aa1479ea19\"},\"breadcrumb\":{\"@id\":\"https:\\\/\\\/www.carlosyconchita.net\\\/rutas\\\/30-10-2016-la-grevolosa-serra-dels-llancers\\\/#breadcrumb\"},\"inLanguage\":\"es\",\"potentialAction\":[{\"@type\":\"ReadAction\",\"target\":[\"https:\\\/\\\/www.carlosyconchita.net\\\/rutas\\\/30-10-2016-la-grevolosa-serra-dels-llancers\\\/\"]}]},{\"@type\":\"ImageObject\",\"inLanguage\":\"es\",\"@id\":\"https:\\\/\\\/www.carlosyconchita.net\\\/rutas\\\/30-10-2016-la-grevolosa-serra-dels-llancers\\\/#primaryimage\",\"url\":\"https:\\\/\\\/www.carlosyconchita.net\\\/rutas\\\/wp-content\\\/uploads\\\/2016\\\/11\\\/DSC00672.jpg\",\"contentUrl\":\"https:\\\/\\\/www.carlosyconchita.net\\\/rutas\\\/wp-content\\\/uploads\\\/2016\\\/11\\\/DSC00672.jpg\",\"width\":1019,\"height\":764},{\"@type\":\"BreadcrumbList\",\"@id\":\"https:\\\/\\\/www.carlosyconchita.net\\\/rutas\\\/30-10-2016-la-grevolosa-serra-dels-llancers\\\/#breadcrumb\",\"itemListElement\":[{\"@type\":\"ListItem\",\"position\":1,\"name\":\"Portada\",\"item\":\"https:\\\/\\\/www.carlosyconchita.net\\\/rutas\\\/\"},{\"@type\":\"ListItem\",\"position\":2,\"name\":\"30-10-2016 &#8211; La Grevolosa y Serra dels Llancers\"}]},{\"@type\":\"WebSite\",\"@id\":\"https:\\\/\\\/www.carlosyconchita.net\\\/rutas\\\/#website\",\"url\":\"https:\\\/\\\/www.carlosyconchita.net\\\/rutas\\\/\",\"name\":\"Las rutas de Carlos y Conchita\",\"description\":\"\",\"potentialAction\":[{\"@type\":\"SearchAction\",\"target\":{\"@type\":\"EntryPoint\",\"urlTemplate\":\"https:\\\/\\\/www.carlosyconchita.net\\\/rutas\\\/?s={search_term_string}\"},\"query-input\":{\"@type\":\"PropertyValueSpecification\",\"valueRequired\":true,\"valueName\":\"search_term_string\"}}],\"inLanguage\":\"es\"},{\"@type\":\"Person\",\"@id\":\"https:\\\/\\\/www.carlosyconchita.net\\\/rutas\\\/#\\\/schema\\\/person\\\/a9691f7258c28443fab2d3aa1479ea19\",\"name\":\"Carlos Conchita\",\"image\":{\"@type\":\"ImageObject\",\"inLanguage\":\"es\",\"@id\":\"https:\\\/\\\/secure.gravatar.com\\\/avatar\\\/3a4625b20c8da3de99da69bfe7a322774e291c3f90dce7e8778a30fe6748ed1a?s=96&d=mm&r=g\",\"url\":\"https:\\\/\\\/secure.gravatar.com\\\/avatar\\\/3a4625b20c8da3de99da69bfe7a322774e291c3f90dce7e8778a30fe6748ed1a?s=96&d=mm&r=g\",\"contentUrl\":\"https:\\\/\\\/secure.gravatar.com\\\/avatar\\\/3a4625b20c8da3de99da69bfe7a322774e291c3f90dce7e8778a30fe6748ed1a?s=96&d=mm&r=g\",\"caption\":\"Carlos Conchita\"}}]}<\/script>\n<!-- \/ Yoast SEO plugin. -->","yoast_head_json":{"title":"30-10-2016 - La Grevolosa y Serra dels Llancers -","robots":{"index":"index","follow":"follow","max-snippet":"max-snippet:-1","max-image-preview":"max-image-preview:large","max-video-preview":"max-video-preview:-1"},"canonical":"https:\/\/www.carlosyconchita.net\/rutas\/30-10-2016-la-grevolosa-serra-dels-llancers\/","og_locale":"es_ES","og_type":"article","og_title":"30-10-2016 - La Grevolosa y Serra dels Llancers -","og_description":"Hoy hacemos esta excursi\u00f3n con nuestros amigos Carme, Miquel, Pep, Marina, Eva y Silvia. Para llegar al punto de inicio de la excursi\u00f3n de hoy,\u00a0 nos dirigiremos a la C-37 entre Torell\u00f3 y Joanetes y antes del t\u00fanel de Bracons cogemos la salida a Sant Andreu de la Vola y despu\u00e9s seguiremos una pista de [&hellip;]","og_url":"https:\/\/www.carlosyconchita.net\/rutas\/30-10-2016-la-grevolosa-serra-dels-llancers\/","og_site_name":"Las rutas de Carlos y Conchita","article_published_time":"2016-10-30T19:24:49+00:00","article_modified_time":"2020-04-04T17:11:39+00:00","og_image":[{"width":1019,"height":764,"url":"https:\/\/www.carlosyconchita.net\/rutas\/wp-content\/uploads\/2016\/11\/DSC00672.jpg","type":"image\/jpeg"}],"author":"Carlos Conchita","twitter_misc":{"Escrito por":"Carlos Conchita","Tiempo de lectura":"3 minutos"},"schema":{"@context":"https:\/\/schema.org","@graph":[{"@type":"Article","@id":"https:\/\/www.carlosyconchita.net\/rutas\/30-10-2016-la-grevolosa-serra-dels-llancers\/#article","isPartOf":{"@id":"https:\/\/www.carlosyconchita.net\/rutas\/30-10-2016-la-grevolosa-serra-dels-llancers\/"},"author":{"name":"Carlos Conchita","@id":"https:\/\/www.carlosyconchita.net\/rutas\/#\/schema\/person\/a9691f7258c28443fab2d3aa1479ea19"},"headline":"30-10-2016 &#8211; La Grevolosa y Serra dels Llancers","datePublished":"2016-10-30T19:24:49+00:00","dateModified":"2020-04-04T17:11:39+00:00","mainEntityOfPage":{"@id":"https:\/\/www.carlosyconchita.net\/rutas\/30-10-2016-la-grevolosa-serra-dels-llancers\/"},"wordCount":520,"commentCount":0,"image":{"@id":"https:\/\/www.carlosyconchita.net\/rutas\/30-10-2016-la-grevolosa-serra-dels-llancers\/#primaryimage"},"thumbnailUrl":"https:\/\/www.carlosyconchita.net\/rutas\/wp-content\/uploads\/2016\/11\/DSC00672.jpg","articleSection":["1-F\u00e1cil","2 - De 5 a 10 km.","Barcelona - sin clasificar"],"inLanguage":"es","potentialAction":[{"@type":"CommentAction","name":"Comment","target":["https:\/\/www.carlosyconchita.net\/rutas\/30-10-2016-la-grevolosa-serra-dels-llancers\/#respond"]}]},{"@type":"WebPage","@id":"https:\/\/www.carlosyconchita.net\/rutas\/30-10-2016-la-grevolosa-serra-dels-llancers\/","url":"https:\/\/www.carlosyconchita.net\/rutas\/30-10-2016-la-grevolosa-serra-dels-llancers\/","name":"30-10-2016 - La Grevolosa y Serra dels Llancers -","isPartOf":{"@id":"https:\/\/www.carlosyconchita.net\/rutas\/#website"},"primaryImageOfPage":{"@id":"https:\/\/www.carlosyconchita.net\/rutas\/30-10-2016-la-grevolosa-serra-dels-llancers\/#primaryimage"},"image":{"@id":"https:\/\/www.carlosyconchita.net\/rutas\/30-10-2016-la-grevolosa-serra-dels-llancers\/#primaryimage"},"thumbnailUrl":"https:\/\/www.carlosyconchita.net\/rutas\/wp-content\/uploads\/2016\/11\/DSC00672.jpg","datePublished":"2016-10-30T19:24:49+00:00","dateModified":"2020-04-04T17:11:39+00:00","author":{"@id":"https:\/\/www.carlosyconchita.net\/rutas\/#\/schema\/person\/a9691f7258c28443fab2d3aa1479ea19"},"breadcrumb":{"@id":"https:\/\/www.carlosyconchita.net\/rutas\/30-10-2016-la-grevolosa-serra-dels-llancers\/#breadcrumb"},"inLanguage":"es","potentialAction":[{"@type":"ReadAction","target":["https:\/\/www.carlosyconchita.net\/rutas\/30-10-2016-la-grevolosa-serra-dels-llancers\/"]}]},{"@type":"ImageObject","inLanguage":"es","@id":"https:\/\/www.carlosyconchita.net\/rutas\/30-10-2016-la-grevolosa-serra-dels-llancers\/#primaryimage","url":"https:\/\/www.carlosyconchita.net\/rutas\/wp-content\/uploads\/2016\/11\/DSC00672.jpg","contentUrl":"https:\/\/www.carlosyconchita.net\/rutas\/wp-content\/uploads\/2016\/11\/DSC00672.jpg","width":1019,"height":764},{"@type":"BreadcrumbList","@id":"https:\/\/www.carlosyconchita.net\/rutas\/30-10-2016-la-grevolosa-serra-dels-llancers\/#breadcrumb","itemListElement":[{"@type":"ListItem","position":1,"name":"Portada","item":"https:\/\/www.carlosyconchita.net\/rutas\/"},{"@type":"ListItem","position":2,"name":"30-10-2016 &#8211; La Grevolosa y Serra dels Llancers"}]},{"@type":"WebSite","@id":"https:\/\/www.carlosyconchita.net\/rutas\/#website","url":"https:\/\/www.carlosyconchita.net\/rutas\/","name":"Las rutas de Carlos y Conchita","description":"","potentialAction":[{"@type":"SearchAction","target":{"@type":"EntryPoint","urlTemplate":"https:\/\/www.carlosyconchita.net\/rutas\/?s={search_term_string}"},"query-input":{"@type":"PropertyValueSpecification","valueRequired":true,"valueName":"search_term_string"}}],"inLanguage":"es"},{"@type":"Person","@id":"https:\/\/www.carlosyconchita.net\/rutas\/#\/schema\/person\/a9691f7258c28443fab2d3aa1479ea19","name":"Carlos Conchita","image":{"@type":"ImageObject","inLanguage":"es","@id":"https:\/\/secure.gravatar.com\/avatar\/3a4625b20c8da3de99da69bfe7a322774e291c3f90dce7e8778a30fe6748ed1a?s=96&d=mm&r=g","url":"https:\/\/secure.gravatar.com\/avatar\/3a4625b20c8da3de99da69bfe7a322774e291c3f90dce7e8778a30fe6748ed1a?s=96&d=mm&r=g","contentUrl":"https:\/\/secure.gravatar.com\/avatar\/3a4625b20c8da3de99da69bfe7a322774e291c3f90dce7e8778a30fe6748ed1a?s=96&d=mm&r=g","caption":"Carlos Conchita"}}]}},"_links":{"self":[{"href":"https:\/\/www.carlosyconchita.net\/rutas\/wp-json\/wp\/v2\/posts\/9631","targetHints":{"allow":["GET"]}}],"collection":[{"href":"https:\/\/www.carlosyconchita.net\/rutas\/wp-json\/wp\/v2\/posts"}],"about":[{"href":"https:\/\/www.carlosyconchita.net\/rutas\/wp-json\/wp\/v2\/types\/post"}],"author":[{"embeddable":true,"href":"https:\/\/www.carlosyconchita.net\/rutas\/wp-json\/wp\/v2\/users\/50"}],"replies":[{"embeddable":true,"href":"https:\/\/www.carlosyconchita.net\/rutas\/wp-json\/wp\/v2\/comments?post=9631"}],"version-history":[{"count":0,"href":"https:\/\/www.carlosyconchita.net\/rutas\/wp-json\/wp\/v2\/posts\/9631\/revisions"}],"wp:featuredmedia":[{"embeddable":true,"href":"https:\/\/www.carlosyconchita.net\/rutas\/wp-json\/wp\/v2\/media\/9632"}],"wp:attachment":[{"href":"https:\/\/www.carlosyconchita.net\/rutas\/wp-json\/wp\/v2\/media?parent=9631"}],"wp:term":[{"taxonomy":"category","embeddable":true,"href":"https:\/\/www.carlosyconchita.net\/rutas\/wp-json\/wp\/v2\/categories?post=9631"},{"taxonomy":"post_tag","embeddable":true,"href":"https:\/\/www.carlosyconchita.net\/rutas\/wp-json\/wp\/v2\/tags?post=9631"}],"curies":[{"name":"wp","href":"https:\/\/api.w.org\/{rel}","templated":true}]}}