{"id":9807,"date":"2016-12-06T19:58:49","date_gmt":"2016-12-06T18:58:49","guid":{"rendered":"http:\/\/www.carlosyconchita.net\/rutas\/?p=9807"},"modified":"2021-02-27T19:57:42","modified_gmt":"2021-02-27T18:57:42","slug":"06-12-2016-pic-del-moixero-raquetas","status":"publish","type":"post","link":"https:\/\/www.carlosyconchita.net\/rutas\/06-12-2016-pic-del-moixero-raquetas\/","title":{"rendered":"06-12-2016 &#8211; Pic del Moixer\u00f3 (raquetas)"},"content":{"rendered":"<p style=\"text-align: justify;\">Hab\u00edamos subido anteriormente al Pic de Moixer\u00f3 , pero fu\u00e9 en verano, (<a href=\"http:\/\/www.carlosyconchita.net\/rutas\/31-01-2016-pic-de-moixero\/\" target=\"_blank\" rel=\"noopener noreferrer\"><strong><span style=\"color: #0000ff;\"> ver ruta<\/span> <\/strong><\/a>)\u00a0 , y estos \u00faltimos dias , cada vez que ve\u00edamos all\u00ed arriba este pico tan blanco , nos entraban ganas de ir, as\u00ed que finalmente nos hemos decidido a subir , pero en raquetas y as\u00ed ver\u00edamos el cambio de color de verde a blanco.<\/p>\n<p style=\"text-align: justify;\">\u00a0<\/p>\n<p><strong>Dificultad<\/strong> :\u00a0\u00a0\u00a0 Moderada\u00a0<\/p>\n<p><strong>Distancia total<\/strong> :\u00a0\u00a0 8.617\u00a0 m.<\/p>\n<p><strong>Alturas m\u00ednima \/ m\u00e1xima<\/strong> :\u00a0\u00a0\u00a0\u00a0 1.759 m.\u00a0 \/\u00a0\u00a0 <span class=\"maxele\"><span class=\"summaryvalue\">2.085 m<\/span><\/span><\/p>\n<p><strong>Desnivel acumulado (s\/Wikiloc)<\/strong>\u00a0 : 507 \u00a0 m.\u00a0<\/p>\n<p><strong>Tiempo total \/ en movimiento<\/strong> :\u00a0\u00a0\u00a0\u00a0\u00a0\u00a0 4 h. 51 m.\u00a0 \/\u00a0 2 h. 32\u00a0 m.<\/p>\n<p><strong>Velocidad media total \/ velocidad media movimiento<\/strong> :\u00a0\u00a0\u00a0 1\u201973 km\/h\u00a0 \u2013\u00a0 3\u201930 km.\/h<\/p>\n<p>&nbsp;<\/p>\n<p style=\"text-align: justify;\">Para llegar, nos dirigimos a Riu de Cerdanya y desde all\u00ed cogemos la carretera que sube al Refugio del Serrat de las Esposas, continuando despu\u00e9s hasta que lleguemos a una peque\u00f1a explanada con un cruce, en el que el camino de la izquierda para continuar subiendo est\u00e1 cerrado por una barrera metalica, y un\u00a0 camino de la derecha , que baja a Bellver.<\/p>\n<p style=\"text-align: justify;\">En los \u00faltimos kms. de camino encontramos bastante nieve en el camino, pero podemos llegar sin problemas hasta la peque\u00f1a explanada con la barrera, en donde dejaremos el coche.<\/p>\n<p style=\"text-align: justify;\">\u00a0<\/p>\n<p>Mar de nubes cuando vamos subiendo por el camino.<\/p>\n<p><img loading=\"lazy\" decoding=\"async\" class=\"alignnone size-full\" src=\"https:\/\/c3.staticflickr.com\/1\/412\/31210051850_24f8ebb76e_o.jpg\" width=\"1024\" height=\"468\" \/><\/p>\n<p>&nbsp;<\/p>\n<p>Y el Pic de Moixer\u00f3, a donde queremos subir&#8230;<\/p>\n<p><img loading=\"lazy\" decoding=\"async\" class=\"alignnone size-full\" src=\"https:\/\/c7.staticflickr.com\/1\/754\/31435704982_8d8206be39_o.jpg\" width=\"1019\" height=\"764\" \/><\/p>\n<p>&nbsp;<\/p>\n<p>Empezamos a encontrar un poco de nieve en el camino, pero en donde dejamos el coche hab\u00eda bastante m\u00e1s.<\/p>\n<p><img loading=\"lazy\" decoding=\"async\" class=\"alignnone size-full\" src=\"https:\/\/c4.staticflickr.com\/1\/67\/30772472163_4b2f39b12d_o.jpg\" width=\"1024\" height=\"575\" \/><\/p>\n<p><img loading=\"lazy\" decoding=\"async\" class=\"alignnone size-full\" src=\"https:\/\/c4.staticflickr.com\/6\/5590\/31582183315_17378ba071_o.jpg\" width=\"1019\" height=\"764\" \/><\/p>\n<p>&nbsp;<\/p>\n<p>Empezamos a caminar despues de la barrera, pero cogiendo despu\u00e9s el camino de la izquierda, y no el que sigue recto, y que nos llevar\u00e1 al Coll de la Trapa.<\/p>\n<p><img loading=\"lazy\" decoding=\"async\" class=\"alignnone size-full\" src=\"https:\/\/c6.staticflickr.com\/1\/494\/31582182565_c5e46a39f2_o.jpg\" width=\"1019\" height=\"764\" \/><\/p>\n<p>&nbsp;<\/p>\n<p>Y all\u00ed seguiremos subiendo por el camino de nuestra derecha, siempre entre el bosque, aunque en algun punto podemos ver la zona de la Molina-Masella y las monta\u00f1as cercanas.<\/p>\n<p><img loading=\"lazy\" decoding=\"async\" class=\"alignnone size-full\" src=\"https:\/\/c2.staticflickr.com\/1\/358\/30772470033_06774a487d_o.jpg\" width=\"1019\" height=\"764\" \/><\/p>\n<p><img loading=\"lazy\" decoding=\"async\" class=\"alignnone size-full\" src=\"https:\/\/c3.staticflickr.com\/1\/144\/31435700722_401713162f_o.jpg\" width=\"1019\" height=\"764\" \/><\/p>\n<p><img loading=\"lazy\" decoding=\"async\" class=\"alignnone size-full\" src=\"https:\/\/c1.staticflickr.com\/1\/764\/30741018304_4822939c39_o.jpg\" width=\"1019\" height=\"764\" \/><\/p>\n<p>&nbsp;<\/p>\n<p>Depu\u00e9s el camino se \u00ababre\u00bb un poco , y vemos ya la Collada de Moixer\u00f3, a donde subiremos seguidamente.<\/p>\n<p><img loading=\"lazy\" decoding=\"async\" class=\"alignnone size-full\" src=\"https:\/\/c6.staticflickr.com\/1\/779\/31466378661_75d0760304_o.jpg\" width=\"1019\" height=\"764\" \/><\/p>\n<p><img loading=\"lazy\" decoding=\"async\" class=\"alignnone size-full\" src=\"https:\/\/c3.staticflickr.com\/1\/744\/31210038010_fcffbfd014_o.jpg\" width=\"1019\" height=\"764\" \/><\/p>\n<p>&nbsp;<\/p>\n<p>Desde all\u00ed ya podemos ver un bonito paisaje blanco.<\/p>\n<p>La zona de la Molina a la izquierda&#8230;(con zoom)<\/p>\n<p><img loading=\"lazy\" decoding=\"async\" class=\"alignnone size-full\" src=\"https:\/\/c1.staticflickr.com\/1\/141\/31435696872_40366479bb_o.jpg\" width=\"1019\" height=\"764\" \/><\/p>\n<p>&nbsp;<\/p>\n<p>Las Pe\u00f1as altas de Moixer\u00f3 un poco m\u00e1s a la derecha&#8230;<\/p>\n<p><img loading=\"lazy\" decoding=\"async\" class=\"alignnone size-full\" src=\"https:\/\/c4.staticflickr.com\/1\/588\/31466375971_61f3568731_o.jpg\" width=\"1019\" height=\"764\" \/><\/p>\n<p>&nbsp;<\/p>\n<p>Y el Pic de Moixer\u00f3 a continuaci\u00f3n hacia nuestra derecha&#8230;<\/p>\n<p><img loading=\"lazy\" decoding=\"async\" class=\"alignnone size-full\" src=\"https:\/\/c7.staticflickr.com\/1\/658\/31435696382_8f55d263dd_o.jpg\" width=\"1019\" height=\"764\" \/><\/p>\n<p>&nbsp;<\/p>\n<p>Para subir all\u00ed, lo que hacemos es ir hacia nuestra derecha, por la ladera y de forma pr\u00e1cticamente horizontal, y luego subir hacia nuestra izquierda al Moixer\u00f3, ya que si fu\u00e9ramos en linea recta desde donde estamos, deber\u00edamos bajar bastante y luego subir, como podemos ver en la foto anterior.<\/p>\n<p>Por el camino, podemos ver las pruebas de las bajas temperaturas que ha habido estos ultimos d\u00edas&#8230;<\/p>\n<p><img loading=\"lazy\" decoding=\"async\" class=\"alignnone size-full\" src=\"https:\/\/c2.staticflickr.com\/1\/196\/30772457833_1138bf0f5c_o.jpg\" width=\"1019\" height=\"764\" \/><\/p>\n<p>&nbsp;<\/p>\n<p style=\"text-align: justify;\">Despu\u00e9s de esta parte del camino pr\u00e1cticamente horizontal, llegamos a una especie de coll, justo al \u00abpi\u00e9\u00bb del Moixer\u00f3, y a partir de aqu\u00ed debemos subir un corto pero pronunciado tramo de subida.<\/p>\n<p style=\"text-align: justify;\">El Moixer\u00f3 no es el primer pico que vemos a la derecha , sino el del centro, un poco m\u00e1s lejos y un poco m\u00e1s alto, aunque en la foto parece que sea m\u00e1s bajo.<\/p>\n<p style=\"text-align: justify;\">Desde este punto podemos ver una parte de la sierra del Cad\u00ed, y tambi\u00e9n el Pedraforca con nieve.<\/p>\n<p>&nbsp;<\/p>\n<p><img loading=\"lazy\" decoding=\"async\" class=\"alignnone size-full\" src=\"https:\/\/c8.staticflickr.com\/1\/254\/31466372431_55e4057716_o.jpg\" width=\"1024\" height=\"495\" \/><\/p>\n<p><img loading=\"lazy\" decoding=\"async\" class=\"alignnone size-full\" src=\"https:\/\/c4.staticflickr.com\/1\/777\/30772454403_c8c980014c_o.jpg\" width=\"1019\" height=\"764\" \/><\/p>\n<p><img loading=\"lazy\" decoding=\"async\" class=\"alignnone size-full\" src=\"https:\/\/c4.staticflickr.com\/1\/522\/31466370611_85dcdb9eca_o.jpg\" width=\"1019\" height=\"764\" \/><\/p>\n<p>&nbsp;<\/p>\n<p>Empezamos a subir&#8230;<\/p>\n<p><img loading=\"lazy\" decoding=\"async\" class=\"alignnone size-full\" src=\"https:\/\/c2.staticflickr.com\/1\/452\/30772452673_61b0f74245_o.jpg\" width=\"1019\" height=\"764\" \/><\/p>\n<p><img loading=\"lazy\" decoding=\"async\" class=\"alignnone size-full\" src=\"https:\/\/c4.staticflickr.com\/1\/644\/31466368731_37cc2e8662_o.jpg\" width=\"1019\" height=\"764\" \/><\/p>\n<p>&nbsp;<\/p>\n<p>Y aqu\u00ed\u00a0 tenemos una bonita vista del Moixer\u00f3, con 2 senderistas arriba, con los que despu\u00e9s estuvimos hablando un rato en la cima.<\/p>\n<p><img loading=\"lazy\" decoding=\"async\" class=\"alignnone size-full\" src=\"https:\/\/c7.staticflickr.com\/1\/399\/30741008334_c9c810afcb_o.jpg\" width=\"1019\" height=\"764\" \/><\/p>\n<p>&nbsp;<\/p>\n<p>Aqu\u00ed vamos caminando desde el primer pico que hemos visto antes, hasta el Moixer\u00f3.<\/p>\n<p><img loading=\"lazy\" decoding=\"async\" class=\"alignnone size-full\" src=\"https:\/\/c2.staticflickr.com\/1\/457\/30772449393_2eaf219723_o.jpg\" width=\"1019\" height=\"764\" \/><\/p>\n<p>&nbsp;<\/p>\n<p>El \u00faltimo tramo de subida es muy fuerte para ir con raquetas, ya que la fuerte pendiente hace que resbalemos, por lo que finalmente nos las quitamos y conseguimos subir \u00abclavando\u00bb los pies en la nieve, como si subieramos una pared con crampones, y despu\u00e9s de algunos resbalones , llegamos arriba.<\/p>\n<p><img loading=\"lazy\" decoding=\"async\" class=\"alignnone size-full\" src=\"https:\/\/c1.staticflickr.com\/1\/21\/31544575176_6e45ed6022_o.jpg\" width=\"1019\" height=\"764\" \/><\/p>\n<p>&nbsp;<\/p>\n<p>Desde las alturas, tenemos unas fant\u00e1sticas vistas por todos lados.<\/p>\n<p>&nbsp;<\/p>\n<p>&nbsp;<\/p>\n<p>Las Pe\u00f1as Altas de Moixer\u00f3<\/p>\n<p><img loading=\"lazy\" decoding=\"async\" class=\"alignnone size-full\" src=\"https:\/\/c3.staticflickr.com\/1\/161\/31435687882_eb7899924a_o.jpg\" width=\"1019\" height=\"764\" \/><\/p>\n<p>&nbsp;<\/p>\n<p>El camino por donde hemos subido.<\/p>\n<p><img loading=\"lazy\" decoding=\"async\" class=\"alignnone size-full\" src=\"https:\/\/c5.staticflickr.com\/1\/285\/31435685892_094ea40205_o.jpg\" width=\"1019\" height=\"764\" \/><\/p>\n<p>&nbsp;<\/p>\n<p>Despu\u00e9s de descansar un rato y hacer muchas fotos, empezamos a bajar, con algunas dificultades, aunque al ser de bajada, en algun punto nos hemos dejado \u00abcaer\u00bb clavando los pies en la nieve y deslizandonos hacia abajo.<\/p>\n<p>Una vez pasado el fuerte tramo de pendiente entre los arboles, empezamos a bajar por la ladera, y disfrutamos de la nieve virgen \u00absin estrenar\u00bb.<\/p>\n<p><img loading=\"lazy\" decoding=\"async\" class=\"alignnone size-full\" src=\"https:\/\/c2.staticflickr.com\/1\/353\/31466356841_62aba3a972_o.jpg\" width=\"1019\" height=\"764\" \/><\/p>\n<p><img loading=\"lazy\" decoding=\"async\" class=\"alignnone size-full\" src=\"https:\/\/c6.staticflickr.com\/1\/375\/30772437973_b79017425a_o.jpg\" width=\"1019\" height=\"764\" \/><\/p>\n<p><img loading=\"lazy\" decoding=\"async\" class=\"alignnone size-full\" src=\"https:\/\/c2.staticflickr.com\/1\/678\/31582158545_62086b09a3_o.jpg\" width=\"1024\" height=\"496\" \/><\/p>\n<p><img loading=\"lazy\" decoding=\"async\" class=\"alignnone size-full\" src=\"https:\/\/c4.staticflickr.com\/6\/5592\/30772436883_36788b97c7_o.jpg\" width=\"1019\" height=\"764\" \/><\/p>\n<p>&nbsp;<\/p>\n<p>Aparte de los 2 senderistas que hemos encontrado en la cima, hemos ido todo el recorrido completamente solos, aparte de este cuervo que hemos visto desde lejos.<\/p>\n<p><img loading=\"lazy\" decoding=\"async\" class=\"alignnone size-full\" src=\"https:\/\/c7.staticflickr.com\/1\/383\/31544564606_166de5208b_o.jpg\" width=\"1019\" height=\"764\" \/><\/p>\n<p><img loading=\"lazy\" decoding=\"async\" class=\"alignnone size-full\" src=\"https:\/\/c3.staticflickr.com\/1\/291\/31210004850_e742d9fb97_o.jpg\" width=\"1024\" height=\"761\" \/><\/p>\n<p>&nbsp;<\/p>\n<p>El camino de vuelta es por el mismo sitio de la ida, por lo que vamos bajando, de forma mucho m\u00e1s f\u00e1cil que la subida.<\/p>\n<hr \/>\n<p>&nbsp;<\/p>\n<h3><strong>Track de la ruta<\/strong><\/h3>\n<p>[sgpx gpx=\u00bb\/wp-content\/uploads\/gpx\/Pic de Moixer\u00f3-raquetas.gpx\u00bb]<\/p>\n<hr \/>\n<p>&nbsp;<\/p>\n<h3><strong>Album de fotos<\/strong><\/h3>\n<p><a href=\"https:\/\/photos.app.goo.gl\/DjEtmS4ajcNTiJm4A\" target=\"_blank\" rel=\"noopener noreferrer\"><img loading=\"lazy\" decoding=\"async\" class=\"aligncenter wp-image-9809 size-column4-4\/5\" src=\"http:\/\/www.carlosyconchita.net\/rutas\/wp-content\/uploads\/2016\/12\/Moixero-0056-240x192.jpg\" width=\"240\" height=\"192\" srcset=\"https:\/\/www.carlosyconchita.net\/rutas\/wp-content\/uploads\/2016\/12\/Moixero-0056-240x192.jpg 240w, https:\/\/www.carlosyconchita.net\/rutas\/wp-content\/uploads\/2016\/12\/Moixero-0056-250x200.jpg 250w, https:\/\/www.carlosyconchita.net\/rutas\/wp-content\/uploads\/2016\/12\/Moixero-0056-960x764.jpg 960w, https:\/\/www.carlosyconchita.net\/rutas\/wp-content\/uploads\/2016\/12\/Moixero-0056-480x384.jpg 480w, https:\/\/www.carlosyconchita.net\/rutas\/wp-content\/uploads\/2016\/12\/Moixero-0056-320x256.jpg 320w\" sizes=\"auto, (max-width: 240px) 100vw, 240px\" \/><\/a><\/p>\n<hr \/>\n<p>&nbsp;<\/p>\n<h3><strong>Enlace Wikiloc<\/strong><\/h3>\n<p><a href=\"http:\/\/es.wikiloc.com\/wikiloc\/view.do?id=15801796\" target=\"_blank\" rel=\"noopener noreferrer\"><img loading=\"lazy\" decoding=\"async\" class=\"size-full wp-image-958 aligncenter\" src=\"http:\/\/www.carlosyconchita.net\/rutas\/wp-content\/uploads\/2020\/09\/wikiloc.jpg\" alt=\"\" width=\"117\" height=\"34\" \/><\/a><\/p>\n<hr \/>\n<p style=\"text-align: justify;\"><span style=\"color: #ff0000; background-color: #ffffff; font-size: 14pt;\"><strong>Si te ha gustado, comp\u00e1rtelo en tu red favorita,\u00a0 haz +1, o env\u00edanos tu comentario.<br \/>\n<\/strong><\/span><\/p>\n<p><span style=\"font-size: 14pt;\"><strong><span style=\"color: #ff0000;\">Muchas gracias !<\/span><\/strong><\/span><\/p>\n<hr \/>\n<p style=\"text-align: justify;\"><strong><span style=\"color: #008000;\">Suscribete si quieres recibir un mail cuando publiquemos nuevas rutas : no enviamos publicidad y como m\u00e1ximo enviamos 2 mails al mes<\/span><\/strong><\/p>\n<p>[wysija_form id=\u00bb1&#8243;]<\/p>\n<hr \/>\n<h3>Puedes imprimir esta publicaci\u00f3n o guardarla en diferentes formatos :<\/h3>\n<p><span style=\"color: #ff0000; font-size: 14pt;\">Para facilitar la impresi\u00f3n, se ha reducido considerablemente el tama\u00f1o de las fotos, pero si deseas imprimir sin fotos, aconsejamos guardarlo como \u201cdoc\u201d, y antes de imprimirlo, eliminar las fotos<\/span><\/p>\n","protected":false},"excerpt":{"rendered":"<p>Hab\u00edamos subido anteriormente al Pic de Moixer\u00f3 , pero fu\u00e9 en verano, ( ver ruta )\u00a0 , y estos \u00faltimos dias , cada vez que ve\u00edamos all\u00ed arriba este pico tan blanco , nos entraban ganas de ir, as\u00ed que finalmente nos hemos decidido a subir , pero en raquetas y as\u00ed ver\u00edamos el cambio [&hellip;]<\/p>\n","protected":false},"author":50,"featured_media":9809,"comment_status":"open","ping_status":"open","sticky":false,"template":"","format":"standard","meta":{"footnotes":""},"categories":[106,22,11,41],"tags":[],"class_list":{"0":"post-9807","1":"post","2":"type-post","3":"status-publish","4":"format-standard","5":"has-post-thumbnail","6":"hentry","7":"category-nuestros-100-cims","8":"category-de-05-a-10-km","9":"category-moderada","10":"category-cerdanya-sur","12":"post-with-thumbnail","13":"post-with-thumbnail-icon"},"yoast_head":"<!-- This site is optimized with the Yoast SEO plugin v27.4 - https:\/\/yoast.com\/product\/yoast-seo-wordpress\/ -->\n<title>06-12-2016 - Pic del Moixer\u00f3 (raquetas) -<\/title>\n<meta name=\"robots\" content=\"index, follow, max-snippet:-1, max-image-preview:large, max-video-preview:-1\" \/>\n<link rel=\"canonical\" href=\"https:\/\/www.carlosyconchita.net\/rutas\/06-12-2016-pic-del-moixero-raquetas\/\" \/>\n<meta property=\"og:locale\" content=\"es_ES\" \/>\n<meta property=\"og:type\" content=\"article\" \/>\n<meta property=\"og:title\" content=\"06-12-2016 - Pic del Moixer\u00f3 (raquetas) -\" \/>\n<meta property=\"og:description\" content=\"Hab\u00edamos subido anteriormente al Pic de Moixer\u00f3 , pero fu\u00e9 en verano, ( ver ruta )\u00a0 , y estos \u00faltimos dias , cada vez que ve\u00edamos all\u00ed arriba este pico tan blanco , nos entraban ganas de ir, as\u00ed que finalmente nos hemos decidido a subir , pero en raquetas y as\u00ed ver\u00edamos el cambio [&hellip;]\" \/>\n<meta property=\"og:url\" content=\"https:\/\/www.carlosyconchita.net\/rutas\/06-12-2016-pic-del-moixero-raquetas\/\" \/>\n<meta property=\"og:site_name\" content=\"Las rutas de Carlos y Conchita\" \/>\n<meta property=\"article:published_time\" content=\"2016-12-06T18:58:49+00:00\" \/>\n<meta property=\"article:modified_time\" content=\"2021-02-27T18:57:42+00:00\" \/>\n<meta property=\"og:image\" content=\"https:\/\/www.carlosyconchita.net\/rutas\/wp-content\/uploads\/2016\/12\/Moixero-0056.jpg\" \/>\n\t<meta property=\"og:image:width\" content=\"1019\" \/>\n\t<meta property=\"og:image:height\" content=\"764\" \/>\n\t<meta property=\"og:image:type\" content=\"image\/jpeg\" \/>\n<meta name=\"author\" content=\"Carlos Conchita\" \/>\n<meta name=\"twitter:label1\" content=\"Escrito por\" \/>\n\t<meta name=\"twitter:data1\" content=\"Carlos Conchita\" \/>\n\t<meta name=\"twitter:label2\" content=\"Tiempo de lectura\" \/>\n\t<meta name=\"twitter:data2\" content=\"4 minutos\" \/>\n<script type=\"application\/ld+json\" class=\"yoast-schema-graph\">{\"@context\":\"https:\\\/\\\/schema.org\",\"@graph\":[{\"@type\":\"Article\",\"@id\":\"https:\\\/\\\/www.carlosyconchita.net\\\/rutas\\\/06-12-2016-pic-del-moixero-raquetas\\\/#article\",\"isPartOf\":{\"@id\":\"https:\\\/\\\/www.carlosyconchita.net\\\/rutas\\\/06-12-2016-pic-del-moixero-raquetas\\\/\"},\"author\":{\"name\":\"Carlos Conchita\",\"@id\":\"https:\\\/\\\/www.carlosyconchita.net\\\/rutas\\\/#\\\/schema\\\/person\\\/a9691f7258c28443fab2d3aa1479ea19\"},\"headline\":\"06-12-2016 &#8211; Pic del Moixer\u00f3 (raquetas)\",\"datePublished\":\"2016-12-06T18:58:49+00:00\",\"dateModified\":\"2021-02-27T18:57:42+00:00\",\"mainEntityOfPage\":{\"@id\":\"https:\\\/\\\/www.carlosyconchita.net\\\/rutas\\\/06-12-2016-pic-del-moixero-raquetas\\\/\"},\"wordCount\":876,\"commentCount\":0,\"image\":{\"@id\":\"https:\\\/\\\/www.carlosyconchita.net\\\/rutas\\\/06-12-2016-pic-del-moixero-raquetas\\\/#primaryimage\"},\"thumbnailUrl\":\"https:\\\/\\\/www.carlosyconchita.net\\\/rutas\\\/wp-content\\\/uploads\\\/2016\\\/12\\\/Moixero-0056.jpg\",\"articleSection\":[\"100 Cims Carlos y Conchita\",\"2 - De 5 a 10 km.\",\"2-Moderada\",\"Cerdanya Sur-Cad\u00ed-Moixer\u00f3\"],\"inLanguage\":\"es\",\"potentialAction\":[{\"@type\":\"CommentAction\",\"name\":\"Comment\",\"target\":[\"https:\\\/\\\/www.carlosyconchita.net\\\/rutas\\\/06-12-2016-pic-del-moixero-raquetas\\\/#respond\"]}]},{\"@type\":\"WebPage\",\"@id\":\"https:\\\/\\\/www.carlosyconchita.net\\\/rutas\\\/06-12-2016-pic-del-moixero-raquetas\\\/\",\"url\":\"https:\\\/\\\/www.carlosyconchita.net\\\/rutas\\\/06-12-2016-pic-del-moixero-raquetas\\\/\",\"name\":\"06-12-2016 - Pic del Moixer\u00f3 (raquetas) -\",\"isPartOf\":{\"@id\":\"https:\\\/\\\/www.carlosyconchita.net\\\/rutas\\\/#website\"},\"primaryImageOfPage\":{\"@id\":\"https:\\\/\\\/www.carlosyconchita.net\\\/rutas\\\/06-12-2016-pic-del-moixero-raquetas\\\/#primaryimage\"},\"image\":{\"@id\":\"https:\\\/\\\/www.carlosyconchita.net\\\/rutas\\\/06-12-2016-pic-del-moixero-raquetas\\\/#primaryimage\"},\"thumbnailUrl\":\"https:\\\/\\\/www.carlosyconchita.net\\\/rutas\\\/wp-content\\\/uploads\\\/2016\\\/12\\\/Moixero-0056.jpg\",\"datePublished\":\"2016-12-06T18:58:49+00:00\",\"dateModified\":\"2021-02-27T18:57:42+00:00\",\"author\":{\"@id\":\"https:\\\/\\\/www.carlosyconchita.net\\\/rutas\\\/#\\\/schema\\\/person\\\/a9691f7258c28443fab2d3aa1479ea19\"},\"breadcrumb\":{\"@id\":\"https:\\\/\\\/www.carlosyconchita.net\\\/rutas\\\/06-12-2016-pic-del-moixero-raquetas\\\/#breadcrumb\"},\"inLanguage\":\"es\",\"potentialAction\":[{\"@type\":\"ReadAction\",\"target\":[\"https:\\\/\\\/www.carlosyconchita.net\\\/rutas\\\/06-12-2016-pic-del-moixero-raquetas\\\/\"]}]},{\"@type\":\"ImageObject\",\"inLanguage\":\"es\",\"@id\":\"https:\\\/\\\/www.carlosyconchita.net\\\/rutas\\\/06-12-2016-pic-del-moixero-raquetas\\\/#primaryimage\",\"url\":\"https:\\\/\\\/www.carlosyconchita.net\\\/rutas\\\/wp-content\\\/uploads\\\/2016\\\/12\\\/Moixero-0056.jpg\",\"contentUrl\":\"https:\\\/\\\/www.carlosyconchita.net\\\/rutas\\\/wp-content\\\/uploads\\\/2016\\\/12\\\/Moixero-0056.jpg\",\"width\":1019,\"height\":764},{\"@type\":\"BreadcrumbList\",\"@id\":\"https:\\\/\\\/www.carlosyconchita.net\\\/rutas\\\/06-12-2016-pic-del-moixero-raquetas\\\/#breadcrumb\",\"itemListElement\":[{\"@type\":\"ListItem\",\"position\":1,\"name\":\"Portada\",\"item\":\"https:\\\/\\\/www.carlosyconchita.net\\\/rutas\\\/\"},{\"@type\":\"ListItem\",\"position\":2,\"name\":\"06-12-2016 &#8211; Pic del Moixer\u00f3 (raquetas)\"}]},{\"@type\":\"WebSite\",\"@id\":\"https:\\\/\\\/www.carlosyconchita.net\\\/rutas\\\/#website\",\"url\":\"https:\\\/\\\/www.carlosyconchita.net\\\/rutas\\\/\",\"name\":\"Las rutas de Carlos y Conchita\",\"description\":\"\",\"potentialAction\":[{\"@type\":\"SearchAction\",\"target\":{\"@type\":\"EntryPoint\",\"urlTemplate\":\"https:\\\/\\\/www.carlosyconchita.net\\\/rutas\\\/?s={search_term_string}\"},\"query-input\":{\"@type\":\"PropertyValueSpecification\",\"valueRequired\":true,\"valueName\":\"search_term_string\"}}],\"inLanguage\":\"es\"},{\"@type\":\"Person\",\"@id\":\"https:\\\/\\\/www.carlosyconchita.net\\\/rutas\\\/#\\\/schema\\\/person\\\/a9691f7258c28443fab2d3aa1479ea19\",\"name\":\"Carlos Conchita\",\"image\":{\"@type\":\"ImageObject\",\"inLanguage\":\"es\",\"@id\":\"https:\\\/\\\/secure.gravatar.com\\\/avatar\\\/3a4625b20c8da3de99da69bfe7a322774e291c3f90dce7e8778a30fe6748ed1a?s=96&d=mm&r=g\",\"url\":\"https:\\\/\\\/secure.gravatar.com\\\/avatar\\\/3a4625b20c8da3de99da69bfe7a322774e291c3f90dce7e8778a30fe6748ed1a?s=96&d=mm&r=g\",\"contentUrl\":\"https:\\\/\\\/secure.gravatar.com\\\/avatar\\\/3a4625b20c8da3de99da69bfe7a322774e291c3f90dce7e8778a30fe6748ed1a?s=96&d=mm&r=g\",\"caption\":\"Carlos Conchita\"}}]}<\/script>\n<!-- \/ Yoast SEO plugin. -->","yoast_head_json":{"title":"06-12-2016 - Pic del Moixer\u00f3 (raquetas) -","robots":{"index":"index","follow":"follow","max-snippet":"max-snippet:-1","max-image-preview":"max-image-preview:large","max-video-preview":"max-video-preview:-1"},"canonical":"https:\/\/www.carlosyconchita.net\/rutas\/06-12-2016-pic-del-moixero-raquetas\/","og_locale":"es_ES","og_type":"article","og_title":"06-12-2016 - Pic del Moixer\u00f3 (raquetas) -","og_description":"Hab\u00edamos subido anteriormente al Pic de Moixer\u00f3 , pero fu\u00e9 en verano, ( ver ruta )\u00a0 , y estos \u00faltimos dias , cada vez que ve\u00edamos all\u00ed arriba este pico tan blanco , nos entraban ganas de ir, as\u00ed que finalmente nos hemos decidido a subir , pero en raquetas y as\u00ed ver\u00edamos el cambio [&hellip;]","og_url":"https:\/\/www.carlosyconchita.net\/rutas\/06-12-2016-pic-del-moixero-raquetas\/","og_site_name":"Las rutas de Carlos y Conchita","article_published_time":"2016-12-06T18:58:49+00:00","article_modified_time":"2021-02-27T18:57:42+00:00","og_image":[{"width":1019,"height":764,"url":"https:\/\/www.carlosyconchita.net\/rutas\/wp-content\/uploads\/2016\/12\/Moixero-0056.jpg","type":"image\/jpeg"}],"author":"Carlos Conchita","twitter_misc":{"Escrito por":"Carlos Conchita","Tiempo de lectura":"4 minutos"},"schema":{"@context":"https:\/\/schema.org","@graph":[{"@type":"Article","@id":"https:\/\/www.carlosyconchita.net\/rutas\/06-12-2016-pic-del-moixero-raquetas\/#article","isPartOf":{"@id":"https:\/\/www.carlosyconchita.net\/rutas\/06-12-2016-pic-del-moixero-raquetas\/"},"author":{"name":"Carlos Conchita","@id":"https:\/\/www.carlosyconchita.net\/rutas\/#\/schema\/person\/a9691f7258c28443fab2d3aa1479ea19"},"headline":"06-12-2016 &#8211; Pic del Moixer\u00f3 (raquetas)","datePublished":"2016-12-06T18:58:49+00:00","dateModified":"2021-02-27T18:57:42+00:00","mainEntityOfPage":{"@id":"https:\/\/www.carlosyconchita.net\/rutas\/06-12-2016-pic-del-moixero-raquetas\/"},"wordCount":876,"commentCount":0,"image":{"@id":"https:\/\/www.carlosyconchita.net\/rutas\/06-12-2016-pic-del-moixero-raquetas\/#primaryimage"},"thumbnailUrl":"https:\/\/www.carlosyconchita.net\/rutas\/wp-content\/uploads\/2016\/12\/Moixero-0056.jpg","articleSection":["100 Cims Carlos y Conchita","2 - De 5 a 10 km.","2-Moderada","Cerdanya Sur-Cad\u00ed-Moixer\u00f3"],"inLanguage":"es","potentialAction":[{"@type":"CommentAction","name":"Comment","target":["https:\/\/www.carlosyconchita.net\/rutas\/06-12-2016-pic-del-moixero-raquetas\/#respond"]}]},{"@type":"WebPage","@id":"https:\/\/www.carlosyconchita.net\/rutas\/06-12-2016-pic-del-moixero-raquetas\/","url":"https:\/\/www.carlosyconchita.net\/rutas\/06-12-2016-pic-del-moixero-raquetas\/","name":"06-12-2016 - Pic del Moixer\u00f3 (raquetas) -","isPartOf":{"@id":"https:\/\/www.carlosyconchita.net\/rutas\/#website"},"primaryImageOfPage":{"@id":"https:\/\/www.carlosyconchita.net\/rutas\/06-12-2016-pic-del-moixero-raquetas\/#primaryimage"},"image":{"@id":"https:\/\/www.carlosyconchita.net\/rutas\/06-12-2016-pic-del-moixero-raquetas\/#primaryimage"},"thumbnailUrl":"https:\/\/www.carlosyconchita.net\/rutas\/wp-content\/uploads\/2016\/12\/Moixero-0056.jpg","datePublished":"2016-12-06T18:58:49+00:00","dateModified":"2021-02-27T18:57:42+00:00","author":{"@id":"https:\/\/www.carlosyconchita.net\/rutas\/#\/schema\/person\/a9691f7258c28443fab2d3aa1479ea19"},"breadcrumb":{"@id":"https:\/\/www.carlosyconchita.net\/rutas\/06-12-2016-pic-del-moixero-raquetas\/#breadcrumb"},"inLanguage":"es","potentialAction":[{"@type":"ReadAction","target":["https:\/\/www.carlosyconchita.net\/rutas\/06-12-2016-pic-del-moixero-raquetas\/"]}]},{"@type":"ImageObject","inLanguage":"es","@id":"https:\/\/www.carlosyconchita.net\/rutas\/06-12-2016-pic-del-moixero-raquetas\/#primaryimage","url":"https:\/\/www.carlosyconchita.net\/rutas\/wp-content\/uploads\/2016\/12\/Moixero-0056.jpg","contentUrl":"https:\/\/www.carlosyconchita.net\/rutas\/wp-content\/uploads\/2016\/12\/Moixero-0056.jpg","width":1019,"height":764},{"@type":"BreadcrumbList","@id":"https:\/\/www.carlosyconchita.net\/rutas\/06-12-2016-pic-del-moixero-raquetas\/#breadcrumb","itemListElement":[{"@type":"ListItem","position":1,"name":"Portada","item":"https:\/\/www.carlosyconchita.net\/rutas\/"},{"@type":"ListItem","position":2,"name":"06-12-2016 &#8211; Pic del Moixer\u00f3 (raquetas)"}]},{"@type":"WebSite","@id":"https:\/\/www.carlosyconchita.net\/rutas\/#website","url":"https:\/\/www.carlosyconchita.net\/rutas\/","name":"Las rutas de Carlos y Conchita","description":"","potentialAction":[{"@type":"SearchAction","target":{"@type":"EntryPoint","urlTemplate":"https:\/\/www.carlosyconchita.net\/rutas\/?s={search_term_string}"},"query-input":{"@type":"PropertyValueSpecification","valueRequired":true,"valueName":"search_term_string"}}],"inLanguage":"es"},{"@type":"Person","@id":"https:\/\/www.carlosyconchita.net\/rutas\/#\/schema\/person\/a9691f7258c28443fab2d3aa1479ea19","name":"Carlos Conchita","image":{"@type":"ImageObject","inLanguage":"es","@id":"https:\/\/secure.gravatar.com\/avatar\/3a4625b20c8da3de99da69bfe7a322774e291c3f90dce7e8778a30fe6748ed1a?s=96&d=mm&r=g","url":"https:\/\/secure.gravatar.com\/avatar\/3a4625b20c8da3de99da69bfe7a322774e291c3f90dce7e8778a30fe6748ed1a?s=96&d=mm&r=g","contentUrl":"https:\/\/secure.gravatar.com\/avatar\/3a4625b20c8da3de99da69bfe7a322774e291c3f90dce7e8778a30fe6748ed1a?s=96&d=mm&r=g","caption":"Carlos Conchita"}}]}},"_links":{"self":[{"href":"https:\/\/www.carlosyconchita.net\/rutas\/wp-json\/wp\/v2\/posts\/9807","targetHints":{"allow":["GET"]}}],"collection":[{"href":"https:\/\/www.carlosyconchita.net\/rutas\/wp-json\/wp\/v2\/posts"}],"about":[{"href":"https:\/\/www.carlosyconchita.net\/rutas\/wp-json\/wp\/v2\/types\/post"}],"author":[{"embeddable":true,"href":"https:\/\/www.carlosyconchita.net\/rutas\/wp-json\/wp\/v2\/users\/50"}],"replies":[{"embeddable":true,"href":"https:\/\/www.carlosyconchita.net\/rutas\/wp-json\/wp\/v2\/comments?post=9807"}],"version-history":[{"count":0,"href":"https:\/\/www.carlosyconchita.net\/rutas\/wp-json\/wp\/v2\/posts\/9807\/revisions"}],"wp:featuredmedia":[{"embeddable":true,"href":"https:\/\/www.carlosyconchita.net\/rutas\/wp-json\/wp\/v2\/media\/9809"}],"wp:attachment":[{"href":"https:\/\/www.carlosyconchita.net\/rutas\/wp-json\/wp\/v2\/media?parent=9807"}],"wp:term":[{"taxonomy":"category","embeddable":true,"href":"https:\/\/www.carlosyconchita.net\/rutas\/wp-json\/wp\/v2\/categories?post=9807"},{"taxonomy":"post_tag","embeddable":true,"href":"https:\/\/www.carlosyconchita.net\/rutas\/wp-json\/wp\/v2\/tags?post=9807"}],"curies":[{"name":"wp","href":"https:\/\/api.w.org\/{rel}","templated":true}]}}