{"id":9938,"date":"2017-01-07T21:20:51","date_gmt":"2017-01-07T20:20:51","guid":{"rendered":"http:\/\/www.carlosyconchita.net\/rutas\/?p=9938"},"modified":"2020-04-30T16:18:25","modified_gmt":"2020-04-30T15:18:25","slug":"07-01-2017-lago-matemale","status":"publish","type":"post","link":"https:\/\/www.carlosyconchita.net\/rutas\/07-01-2017-lago-matemale\/","title":{"rendered":"07-01-2017 &#8211; Lago Matemale"},"content":{"rendered":"<p style=\"text-align: justify;\">Hoy repetiremos la vuelta al lago Matemale que hicimos el dia\u00a0\u00a0 <a href=\"http:\/\/www.carlosyconchita.net\/rutas\/29-04-2012-tour-del-lago-de-matemale\/\" target=\"_blank\" rel=\"noopener noreferrer\"><strong><span style=\"color: #0000ff;\">29-04-2012 \u2013 Tour del lago de Matemale<\/span><\/strong><\/a> , pero muy distinta de la de aquel d\u00eda, ya que ahora tenemos el lago completamente congelado y adem\u00e1s con el nivel de agua baj\u00edsimo, en realidad el m\u00e1s bajo que recordamos en los muchos a\u00f1os que pasamos por esta zona.<\/p>\n<p style=\"text-align: justify;\">Adem\u00e1s, esta vez no haremos el recorrido por los caminos que rodean al lago, sino que iremos caminando por lo que en condiciones normales es el fondo del lago, lo m\u00e1s cerca del agua que nos permita el hielo y de hecho, si miramos el track veremos que heemos caminado por \u00abencima del agua\u00bb en relaci\u00f3n al nivel normal de ese lago.<\/p>\n<hr \/>\n<p>&nbsp;<\/p>\n<p><strong>Dificultad<\/strong> :\u00a0\u00a0\u00a0 Muy f\u00e1cil<\/p>\n<p><strong>Distancia total<\/strong> :\u00a0\u00a0 8.111\u00a0<span class=\"totlen\"><span class=\"summaryvalue\"> m<\/span><\/span><\/p>\n<p><strong>Alturas m\u00ednima \/ m\u00e1xima<\/strong> :\u00a0\u00a0\u00a0\u00a0 1.522 m.\u00a0 \/\u00a0\u00a0 1.541<span class=\"maxele\"><span class=\"summaryvalue\"> m<\/span><\/span><\/p>\n<p><strong>Desnivel acumulado (s\/Wikiloc)<\/strong>\u00a0 :\u00a0\u00a0\u00a0\u00a0 40\u00a0 m.\u00a0<\/p>\n<p><strong>Tiempo total \/ en movimiento<\/strong> :\u00a0\u00a0\u00a0\u00a0\u00a0\u00a0 2 h. 42 m.\u00a0 \/\u00a0 2 h. 00\u00a0 m.<\/p>\n<p><strong>Velocidad media total \/ velocidad media movimiento<\/strong> :\u00a0\u00a0\u00a0 2\u201999\u00a0 km\/h\u00a0 \u2013\u00a0 4\u201900 km.\/h<\/p>\n<p style=\"text-align: justify;\">\u00a0<\/p>\n<hr \/>\n<h3 style=\"text-align: justify;\"><strong>Album de fotos<\/strong><\/h3>\n<p style=\"text-align: justify;\"><a href=\"https:\/\/photos.app.goo.gl\/9xZEoG6uBrHLGKDZ8\" target=\"_blank\" rel=\"noopener noreferrer\"><img loading=\"lazy\" decoding=\"async\" class=\"aligncenter wp-image-9939 size-column4-4\/5\" src=\"http:\/\/www.carlosyconchita.net\/rutas\/wp-content\/uploads\/2017\/01\/Matemale-0097-240x192.jpg\" width=\"240\" height=\"192\" srcset=\"https:\/\/www.carlosyconchita.net\/rutas\/wp-content\/uploads\/2017\/01\/Matemale-0097-240x192.jpg 240w, https:\/\/www.carlosyconchita.net\/rutas\/wp-content\/uploads\/2017\/01\/Matemale-0097-250x200.jpg 250w, https:\/\/www.carlosyconchita.net\/rutas\/wp-content\/uploads\/2017\/01\/Matemale-0097-480x384.jpg 480w, https:\/\/www.carlosyconchita.net\/rutas\/wp-content\/uploads\/2017\/01\/Matemale-0097-320x256.jpg 320w\" sizes=\"auto, (max-width: 240px) 100vw, 240px\" \/><\/a><\/p>\n<hr \/>\n<p style=\"text-align: justify;\">Para llegar al punto de partida , partimos de la poblaci\u00f3n francesa de Saillagossa, situada a 8 km. de Puigcerd\u00e1 y en la misma N-116 .<\/p>\n<p style=\"text-align: justify;\">Cogemos la carretera N-116, en direcci\u00f3n Mont Louis y Les Angles, pasando por el Coll de la Perche.\u00a0 Poco despu\u00e9s, en la entrada de Mont-Louis, encontraremos una rotonda y cogeremos la D-118 direcci\u00f3n Le Angles ( 2\u00aa\u00a0 salida,)<\/p>\n<p style=\"text-align: justify;\">A unos 150 m. , en la siguiente rotonda , cogeremos la 1\u00aa salida, direccion Les Angles , que iremos siguiendo, pasando por\u00a0 La Llagone, y despu\u00e9s por una larga recta, en la que veremos una peque\u00f1a estacion de ski, La Quillane<\/p>\n<p style=\"text-align: justify;\">Poco despu\u00e9s, encontraremos una rotonda con la indicacion de las pistas de ski de Les Angles a nuestra izquierda, pero nosotros seguiremos recto, apareciendo al cabo de poco el lago a nuestra izquierda.<br \/>\nPoco antes de llegar a la presa, giraremos a nuestra izquierda en un desv\u00edo que lleva a un grupo de casitas que estan junto al agua, y seguiremos paralelos a la orilla dejando atr\u00e1s esas casas hasta llegar a una zona de parking donde podremos dejar el coche.<\/p>\n<p style=\"text-align: justify;\"><img loading=\"lazy\" decoding=\"async\" class=\"alignnone size-full\" src=\"https:\/\/c1.staticflickr.com\/1\/510\/31541107163_6b3e18245e_o.jpg\" width=\"1019\" height=\"764\" \/><\/p>\n<p style=\"text-align: justify;\">\u00a0<\/p>\n<p style=\"text-align: justify;\">Como hemos dicho, el lago est\u00e1 completamente helado y con poqu\u00edsima agua, como se puede ver en las siguientes fotos.<\/p>\n<p style=\"text-align: justify;\">Empezamos a caminar en direcci\u00f3n a la presa, que cruzaremos, y una vez al otro lado, entraremos unos metros en el bosque para poder salvar una zona humeda que no podemos pisar, y asi entraremos ya\u00a0 \u00abdentro\u00bb del lago.<\/p>\n<p style=\"text-align: justify;\">Aunque parece agua, la superficie est\u00e1 helada, aunque no tiene nieve por encima.<\/p>\n<p style=\"text-align: justify;\"><img loading=\"lazy\" decoding=\"async\" class=\"alignnone size-full\" src=\"https:\/\/c1.staticflickr.com\/1\/414\/31541106073_eed49b02b2_o.jpg\" width=\"1019\" height=\"764\" \/><\/p>\n<p style=\"text-align: justify;\"><img loading=\"lazy\" decoding=\"async\" class=\"alignnone size-full\" src=\"https:\/\/c1.staticflickr.com\/1\/526\/32313089916_060e7ff3d7_o.jpg\" width=\"1019\" height=\"764\" \/><\/p>\n<p style=\"text-align: justify;\"><img loading=\"lazy\" decoding=\"async\" class=\"alignnone size-full\" src=\"https:\/\/c1.staticflickr.com\/1\/273\/32202012942_5084f6efe4_o.jpg\" width=\"1019\" height=\"764\" \/><\/p>\n<p style=\"text-align: justify;\"><img loading=\"lazy\" decoding=\"async\" class=\"alignnone size-full\" src=\"https:\/\/c1.staticflickr.com\/1\/432\/32202012502_08a1f2143e_o.jpg\" width=\"1019\" height=\"764\" \/><\/p>\n<p style=\"text-align: justify;\">Despu\u00e9s de cruzar la presa, bajamos ya a al lago, y vamos dando la vuelta lo m\u00e1s cerca posible del agua helada, esquivando varios canales de entrada que por supuesto est\u00e1n tambien congelados.<\/p>\n<p style=\"text-align: justify;\"><img loading=\"lazy\" decoding=\"async\" class=\"alignnone size-full\" src=\"https:\/\/c1.staticflickr.com\/1\/289\/31541098623_5beabfc14e_o.jpg\" width=\"1019\" height=\"764\" \/><\/p>\n<p style=\"text-align: justify;\"><img loading=\"lazy\" decoding=\"async\" class=\"alignnone size-full\" src=\"https:\/\/c1.staticflickr.com\/1\/640\/32202006722_bb906edded_o.jpg\" width=\"1019\" height=\"764\" \/><\/p>\n<p style=\"text-align: justify;\"><img loading=\"lazy\" decoding=\"async\" class=\"alignnone size-full\" src=\"https:\/\/c1.staticflickr.com\/1\/692\/31975302840_a8e7a05459_o.jpg\" width=\"1019\" height=\"764\" \/><\/p>\n<p style=\"text-align: justify;\">\u00a0<\/p>\n<p style=\"text-align: justify;\">En la parte m\u00e1s alejada de la presa, hay alguna parte que no est\u00e1 totalmente congelada, pero lo que s\u00ed podemos ver es la enorme diferencia de altura del agua ahora y la que tiene en condiciones normales, que podr\u00eda ser de unos 12-15 metros.<\/p>\n<p style=\"text-align: justify;\"><img loading=\"lazy\" decoding=\"async\" class=\"alignnone size-full\" src=\"https:\/\/c1.staticflickr.com\/1\/424\/32232140021_4ecce0baed_o.jpg\" width=\"1019\" height=\"764\" \/><\/p>\n<p style=\"text-align: justify;\"><img loading=\"lazy\" decoding=\"async\" class=\"alignnone size-full\" src=\"https:\/\/c1.staticflickr.com\/1\/256\/32201996012_6b20d96f28_o.jpg\" width=\"1019\" height=\"764\" \/><\/p>\n<p style=\"text-align: justify;\"><img loading=\"lazy\" decoding=\"async\" class=\"alignnone size-full\" src=\"https:\/\/c1.staticflickr.com\/1\/550\/32313074166_53cc482543_o.jpg\" width=\"1019\" height=\"764\" \/><\/p>\n<p style=\"text-align: justify;\">\u00a0<\/p>\n<p style=\"text-align: justify;\">Vista del pueblo de Les Angles (con zoom&#8230;)<\/p>\n<p style=\"text-align: justify;\"><img loading=\"lazy\" decoding=\"async\" class=\"alignnone size-full\" src=\"https:\/\/c1.staticflickr.com\/1\/596\/32352081345_51d2b99a16_o.jpg\" width=\"1019\" height=\"764\" \/><\/p>\n<p style=\"text-align: justify;\"><img loading=\"lazy\" decoding=\"async\" class=\"alignnone size-full\" src=\"https:\/\/c1.staticflickr.com\/1\/729\/31541078183_b80773e8c4_o.jpg\" width=\"1019\" height=\"764\" \/><\/p>\n<p style=\"text-align: justify;\"><img loading=\"lazy\" decoding=\"async\" class=\"alignnone size-full\" src=\"https:\/\/c1.staticflickr.com\/1\/539\/32201984722_c9e64d9dde_o.jpg\" width=\"1024\" height=\"576\" \/><\/p>\n<p style=\"text-align: justify;\"><img loading=\"lazy\" decoding=\"async\" class=\"alignnone size-full\" src=\"https:\/\/c1.staticflickr.com\/1\/604\/31975284840_7cae83b707_o.jpg\" width=\"1019\" height=\"764\" \/><\/p>\n<hr \/>\n<p style=\"text-align: justify;\">\u00a0<\/p>\n<h3><strong>Track de la ruta<\/strong><\/h3>\n<p>[sgpx gpx=\u00bb\/wp-content\/uploads\/gpx\/Matamala-Tour2.gpx\u00bb]<\/p>\n<hr \/>\n<p>&nbsp;<\/p>\n<h3><strong>Enlace Wikiloc<\/strong><\/h3>\n<p><a href=\"https:\/\/es.wikiloc.com\/wikiloc\/view.do?id=16280715\" target=\"_blank\" rel=\"noopener noreferrer\"><img loading=\"lazy\" decoding=\"async\" class=\"size-full wp-image-958 aligncenter\" src=\"http:\/\/www.carlosyconchita.net\/rutas\/wp-content\/uploads\/2020\/09\/wikiloc.jpg\" alt=\"\" width=\"117\" height=\"34\" \/><\/a><\/p>\n<hr \/>\n<p style=\"text-align: justify;\"><span style=\"color: #ff0000; background-color: #ffffff; font-size: 14pt;\"><strong>Si te ha gustado, comp\u00e1rtelo en tu red favorita,\u00a0 haz +1, o env\u00edanos tu comentario.<br \/>\n<\/strong><\/span><\/p>\n<p><span style=\"font-size: 14pt;\"><strong><span style=\"color: #ff0000;\">Muchas gracias !<\/span><\/strong><\/span><\/p>\n<hr \/>\n<p style=\"text-align: justify;\"><strong><span style=\"color: #008000;\">Suscribete si quieres recibir un mail cuando publiquemos nuevas rutas : no enviamos publicidad y como m\u00e1ximo enviamos 2 mails al mes<\/span><\/strong><\/p>\n<p>[wysija_form id=\u00bb1&#8243;]<\/p>\n<hr \/>\n<h3>Puedes imprimir esta publicaci\u00f3n o guardarla en diferentes formatos :<\/h3>\n<p><span style=\"color: #ff0000; font-size: 14pt;\">Para facilitar la impresi\u00f3n, se ha reducido considerablemente el tama\u00f1o de las fotos, pero si deseas imprimir sin fotos, aconsejamos guardarlo como \u201cdoc\u201d, y antes de imprimirlo, eliminar las fotos<\/span><\/p>\n<p><span style=\"color: #ff0000;\">\u00a0<\/span><\/p>\n<hr \/>\n","protected":false},"excerpt":{"rendered":"<p>Hoy repetiremos la vuelta al lago Matemale que hicimos el dia\u00a0\u00a0 29-04-2012 \u2013 Tour del lago de Matemale , pero muy distinta de la de aquel d\u00eda, ya que ahora tenemos el lago completamente congelado y adem\u00e1s con el nivel de agua baj\u00edsimo, en realidad el m\u00e1s bajo que recordamos en los muchos a\u00f1os que [&hellip;]<\/p>\n","protected":false},"author":50,"featured_media":9939,"comment_status":"open","ping_status":"open","sticky":false,"template":"","format":"standard","meta":{"footnotes":""},"categories":[14,22,5],"tags":[],"class_list":{"0":"post-9938","1":"post","2":"type-post","3":"status-publish","4":"format-standard","5":"has-post-thumbnail","6":"hentry","7":"category-muy-facil","8":"category-de-05-a-10-km","9":"category-les-angles","11":"post-with-thumbnail","12":"post-with-thumbnail-icon"},"yoast_head":"<!-- This site is optimized with the Yoast SEO plugin v27.4 - https:\/\/yoast.com\/product\/yoast-seo-wordpress\/ -->\n<title>07-01-2017 - Lago Matemale -<\/title>\n<meta name=\"robots\" content=\"index, follow, max-snippet:-1, max-image-preview:large, max-video-preview:-1\" \/>\n<link rel=\"canonical\" href=\"https:\/\/www.carlosyconchita.net\/rutas\/07-01-2017-lago-matemale\/\" \/>\n<meta property=\"og:locale\" content=\"es_ES\" \/>\n<meta property=\"og:type\" content=\"article\" \/>\n<meta property=\"og:title\" content=\"07-01-2017 - Lago Matemale -\" \/>\n<meta property=\"og:description\" content=\"Hoy repetiremos la vuelta al lago Matemale que hicimos el dia\u00a0\u00a0 29-04-2012 \u2013 Tour del lago de Matemale , pero muy distinta de la de aquel d\u00eda, ya que ahora tenemos el lago completamente congelado y adem\u00e1s con el nivel de agua baj\u00edsimo, en realidad el m\u00e1s bajo que recordamos en los muchos a\u00f1os que [&hellip;]\" \/>\n<meta property=\"og:url\" content=\"https:\/\/www.carlosyconchita.net\/rutas\/07-01-2017-lago-matemale\/\" \/>\n<meta property=\"og:site_name\" content=\"Las rutas de Carlos y Conchita\" \/>\n<meta property=\"article:published_time\" content=\"2017-01-07T20:20:51+00:00\" \/>\n<meta property=\"article:modified_time\" content=\"2020-04-30T15:18:25+00:00\" \/>\n<meta property=\"og:image\" content=\"https:\/\/www.carlosyconchita.net\/rutas\/wp-content\/uploads\/2017\/01\/Matemale-0097.jpg\" \/>\n\t<meta property=\"og:image:width\" content=\"1024\" \/>\n\t<meta property=\"og:image:height\" content=\"576\" \/>\n\t<meta property=\"og:image:type\" content=\"image\/jpeg\" \/>\n<meta name=\"author\" content=\"Carlos Conchita\" \/>\n<meta name=\"twitter:label1\" content=\"Escrito por\" \/>\n\t<meta name=\"twitter:data1\" content=\"Carlos Conchita\" \/>\n\t<meta name=\"twitter:label2\" content=\"Tiempo de lectura\" \/>\n\t<meta name=\"twitter:data2\" content=\"3 minutos\" \/>\n<script type=\"application\/ld+json\" class=\"yoast-schema-graph\">{\"@context\":\"https:\\\/\\\/schema.org\",\"@graph\":[{\"@type\":\"Article\",\"@id\":\"https:\\\/\\\/www.carlosyconchita.net\\\/rutas\\\/07-01-2017-lago-matemale\\\/#article\",\"isPartOf\":{\"@id\":\"https:\\\/\\\/www.carlosyconchita.net\\\/rutas\\\/07-01-2017-lago-matemale\\\/\"},\"author\":{\"name\":\"Carlos Conchita\",\"@id\":\"https:\\\/\\\/www.carlosyconchita.net\\\/rutas\\\/#\\\/schema\\\/person\\\/a9691f7258c28443fab2d3aa1479ea19\"},\"headline\":\"07-01-2017 &#8211; Lago Matemale\",\"datePublished\":\"2017-01-07T20:20:51+00:00\",\"dateModified\":\"2020-04-30T15:18:25+00:00\",\"mainEntityOfPage\":{\"@id\":\"https:\\\/\\\/www.carlosyconchita.net\\\/rutas\\\/07-01-2017-lago-matemale\\\/\"},\"wordCount\":623,\"commentCount\":0,\"image\":{\"@id\":\"https:\\\/\\\/www.carlosyconchita.net\\\/rutas\\\/07-01-2017-lago-matemale\\\/#primaryimage\"},\"thumbnailUrl\":\"https:\\\/\\\/www.carlosyconchita.net\\\/rutas\\\/wp-content\\\/uploads\\\/2017\\\/01\\\/Matemale-0097.jpg\",\"articleSection\":[\"0-Muy f\u00e1cil\",\"2 - De 5 a 10 km.\",\"Les Angles\"],\"inLanguage\":\"es\",\"potentialAction\":[{\"@type\":\"CommentAction\",\"name\":\"Comment\",\"target\":[\"https:\\\/\\\/www.carlosyconchita.net\\\/rutas\\\/07-01-2017-lago-matemale\\\/#respond\"]}]},{\"@type\":\"WebPage\",\"@id\":\"https:\\\/\\\/www.carlosyconchita.net\\\/rutas\\\/07-01-2017-lago-matemale\\\/\",\"url\":\"https:\\\/\\\/www.carlosyconchita.net\\\/rutas\\\/07-01-2017-lago-matemale\\\/\",\"name\":\"07-01-2017 - Lago Matemale -\",\"isPartOf\":{\"@id\":\"https:\\\/\\\/www.carlosyconchita.net\\\/rutas\\\/#website\"},\"primaryImageOfPage\":{\"@id\":\"https:\\\/\\\/www.carlosyconchita.net\\\/rutas\\\/07-01-2017-lago-matemale\\\/#primaryimage\"},\"image\":{\"@id\":\"https:\\\/\\\/www.carlosyconchita.net\\\/rutas\\\/07-01-2017-lago-matemale\\\/#primaryimage\"},\"thumbnailUrl\":\"https:\\\/\\\/www.carlosyconchita.net\\\/rutas\\\/wp-content\\\/uploads\\\/2017\\\/01\\\/Matemale-0097.jpg\",\"datePublished\":\"2017-01-07T20:20:51+00:00\",\"dateModified\":\"2020-04-30T15:18:25+00:00\",\"author\":{\"@id\":\"https:\\\/\\\/www.carlosyconchita.net\\\/rutas\\\/#\\\/schema\\\/person\\\/a9691f7258c28443fab2d3aa1479ea19\"},\"breadcrumb\":{\"@id\":\"https:\\\/\\\/www.carlosyconchita.net\\\/rutas\\\/07-01-2017-lago-matemale\\\/#breadcrumb\"},\"inLanguage\":\"es\",\"potentialAction\":[{\"@type\":\"ReadAction\",\"target\":[\"https:\\\/\\\/www.carlosyconchita.net\\\/rutas\\\/07-01-2017-lago-matemale\\\/\"]}]},{\"@type\":\"ImageObject\",\"inLanguage\":\"es\",\"@id\":\"https:\\\/\\\/www.carlosyconchita.net\\\/rutas\\\/07-01-2017-lago-matemale\\\/#primaryimage\",\"url\":\"https:\\\/\\\/www.carlosyconchita.net\\\/rutas\\\/wp-content\\\/uploads\\\/2017\\\/01\\\/Matemale-0097.jpg\",\"contentUrl\":\"https:\\\/\\\/www.carlosyconchita.net\\\/rutas\\\/wp-content\\\/uploads\\\/2017\\\/01\\\/Matemale-0097.jpg\",\"width\":1024,\"height\":576},{\"@type\":\"BreadcrumbList\",\"@id\":\"https:\\\/\\\/www.carlosyconchita.net\\\/rutas\\\/07-01-2017-lago-matemale\\\/#breadcrumb\",\"itemListElement\":[{\"@type\":\"ListItem\",\"position\":1,\"name\":\"Portada\",\"item\":\"https:\\\/\\\/www.carlosyconchita.net\\\/rutas\\\/\"},{\"@type\":\"ListItem\",\"position\":2,\"name\":\"07-01-2017 &#8211; Lago Matemale\"}]},{\"@type\":\"WebSite\",\"@id\":\"https:\\\/\\\/www.carlosyconchita.net\\\/rutas\\\/#website\",\"url\":\"https:\\\/\\\/www.carlosyconchita.net\\\/rutas\\\/\",\"name\":\"Las rutas de Carlos y Conchita\",\"description\":\"\",\"potentialAction\":[{\"@type\":\"SearchAction\",\"target\":{\"@type\":\"EntryPoint\",\"urlTemplate\":\"https:\\\/\\\/www.carlosyconchita.net\\\/rutas\\\/?s={search_term_string}\"},\"query-input\":{\"@type\":\"PropertyValueSpecification\",\"valueRequired\":true,\"valueName\":\"search_term_string\"}}],\"inLanguage\":\"es\"},{\"@type\":\"Person\",\"@id\":\"https:\\\/\\\/www.carlosyconchita.net\\\/rutas\\\/#\\\/schema\\\/person\\\/a9691f7258c28443fab2d3aa1479ea19\",\"name\":\"Carlos Conchita\",\"image\":{\"@type\":\"ImageObject\",\"inLanguage\":\"es\",\"@id\":\"https:\\\/\\\/secure.gravatar.com\\\/avatar\\\/3a4625b20c8da3de99da69bfe7a322774e291c3f90dce7e8778a30fe6748ed1a?s=96&d=mm&r=g\",\"url\":\"https:\\\/\\\/secure.gravatar.com\\\/avatar\\\/3a4625b20c8da3de99da69bfe7a322774e291c3f90dce7e8778a30fe6748ed1a?s=96&d=mm&r=g\",\"contentUrl\":\"https:\\\/\\\/secure.gravatar.com\\\/avatar\\\/3a4625b20c8da3de99da69bfe7a322774e291c3f90dce7e8778a30fe6748ed1a?s=96&d=mm&r=g\",\"caption\":\"Carlos Conchita\"}}]}<\/script>\n<!-- \/ Yoast SEO plugin. -->","yoast_head_json":{"title":"07-01-2017 - Lago Matemale -","robots":{"index":"index","follow":"follow","max-snippet":"max-snippet:-1","max-image-preview":"max-image-preview:large","max-video-preview":"max-video-preview:-1"},"canonical":"https:\/\/www.carlosyconchita.net\/rutas\/07-01-2017-lago-matemale\/","og_locale":"es_ES","og_type":"article","og_title":"07-01-2017 - Lago Matemale -","og_description":"Hoy repetiremos la vuelta al lago Matemale que hicimos el dia\u00a0\u00a0 29-04-2012 \u2013 Tour del lago de Matemale , pero muy distinta de la de aquel d\u00eda, ya que ahora tenemos el lago completamente congelado y adem\u00e1s con el nivel de agua baj\u00edsimo, en realidad el m\u00e1s bajo que recordamos en los muchos a\u00f1os que [&hellip;]","og_url":"https:\/\/www.carlosyconchita.net\/rutas\/07-01-2017-lago-matemale\/","og_site_name":"Las rutas de Carlos y Conchita","article_published_time":"2017-01-07T20:20:51+00:00","article_modified_time":"2020-04-30T15:18:25+00:00","og_image":[{"width":1024,"height":576,"url":"https:\/\/www.carlosyconchita.net\/rutas\/wp-content\/uploads\/2017\/01\/Matemale-0097.jpg","type":"image\/jpeg"}],"author":"Carlos Conchita","twitter_misc":{"Escrito por":"Carlos Conchita","Tiempo de lectura":"3 minutos"},"schema":{"@context":"https:\/\/schema.org","@graph":[{"@type":"Article","@id":"https:\/\/www.carlosyconchita.net\/rutas\/07-01-2017-lago-matemale\/#article","isPartOf":{"@id":"https:\/\/www.carlosyconchita.net\/rutas\/07-01-2017-lago-matemale\/"},"author":{"name":"Carlos Conchita","@id":"https:\/\/www.carlosyconchita.net\/rutas\/#\/schema\/person\/a9691f7258c28443fab2d3aa1479ea19"},"headline":"07-01-2017 &#8211; Lago Matemale","datePublished":"2017-01-07T20:20:51+00:00","dateModified":"2020-04-30T15:18:25+00:00","mainEntityOfPage":{"@id":"https:\/\/www.carlosyconchita.net\/rutas\/07-01-2017-lago-matemale\/"},"wordCount":623,"commentCount":0,"image":{"@id":"https:\/\/www.carlosyconchita.net\/rutas\/07-01-2017-lago-matemale\/#primaryimage"},"thumbnailUrl":"https:\/\/www.carlosyconchita.net\/rutas\/wp-content\/uploads\/2017\/01\/Matemale-0097.jpg","articleSection":["0-Muy f\u00e1cil","2 - De 5 a 10 km.","Les Angles"],"inLanguage":"es","potentialAction":[{"@type":"CommentAction","name":"Comment","target":["https:\/\/www.carlosyconchita.net\/rutas\/07-01-2017-lago-matemale\/#respond"]}]},{"@type":"WebPage","@id":"https:\/\/www.carlosyconchita.net\/rutas\/07-01-2017-lago-matemale\/","url":"https:\/\/www.carlosyconchita.net\/rutas\/07-01-2017-lago-matemale\/","name":"07-01-2017 - Lago Matemale -","isPartOf":{"@id":"https:\/\/www.carlosyconchita.net\/rutas\/#website"},"primaryImageOfPage":{"@id":"https:\/\/www.carlosyconchita.net\/rutas\/07-01-2017-lago-matemale\/#primaryimage"},"image":{"@id":"https:\/\/www.carlosyconchita.net\/rutas\/07-01-2017-lago-matemale\/#primaryimage"},"thumbnailUrl":"https:\/\/www.carlosyconchita.net\/rutas\/wp-content\/uploads\/2017\/01\/Matemale-0097.jpg","datePublished":"2017-01-07T20:20:51+00:00","dateModified":"2020-04-30T15:18:25+00:00","author":{"@id":"https:\/\/www.carlosyconchita.net\/rutas\/#\/schema\/person\/a9691f7258c28443fab2d3aa1479ea19"},"breadcrumb":{"@id":"https:\/\/www.carlosyconchita.net\/rutas\/07-01-2017-lago-matemale\/#breadcrumb"},"inLanguage":"es","potentialAction":[{"@type":"ReadAction","target":["https:\/\/www.carlosyconchita.net\/rutas\/07-01-2017-lago-matemale\/"]}]},{"@type":"ImageObject","inLanguage":"es","@id":"https:\/\/www.carlosyconchita.net\/rutas\/07-01-2017-lago-matemale\/#primaryimage","url":"https:\/\/www.carlosyconchita.net\/rutas\/wp-content\/uploads\/2017\/01\/Matemale-0097.jpg","contentUrl":"https:\/\/www.carlosyconchita.net\/rutas\/wp-content\/uploads\/2017\/01\/Matemale-0097.jpg","width":1024,"height":576},{"@type":"BreadcrumbList","@id":"https:\/\/www.carlosyconchita.net\/rutas\/07-01-2017-lago-matemale\/#breadcrumb","itemListElement":[{"@type":"ListItem","position":1,"name":"Portada","item":"https:\/\/www.carlosyconchita.net\/rutas\/"},{"@type":"ListItem","position":2,"name":"07-01-2017 &#8211; Lago Matemale"}]},{"@type":"WebSite","@id":"https:\/\/www.carlosyconchita.net\/rutas\/#website","url":"https:\/\/www.carlosyconchita.net\/rutas\/","name":"Las rutas de Carlos y Conchita","description":"","potentialAction":[{"@type":"SearchAction","target":{"@type":"EntryPoint","urlTemplate":"https:\/\/www.carlosyconchita.net\/rutas\/?s={search_term_string}"},"query-input":{"@type":"PropertyValueSpecification","valueRequired":true,"valueName":"search_term_string"}}],"inLanguage":"es"},{"@type":"Person","@id":"https:\/\/www.carlosyconchita.net\/rutas\/#\/schema\/person\/a9691f7258c28443fab2d3aa1479ea19","name":"Carlos Conchita","image":{"@type":"ImageObject","inLanguage":"es","@id":"https:\/\/secure.gravatar.com\/avatar\/3a4625b20c8da3de99da69bfe7a322774e291c3f90dce7e8778a30fe6748ed1a?s=96&d=mm&r=g","url":"https:\/\/secure.gravatar.com\/avatar\/3a4625b20c8da3de99da69bfe7a322774e291c3f90dce7e8778a30fe6748ed1a?s=96&d=mm&r=g","contentUrl":"https:\/\/secure.gravatar.com\/avatar\/3a4625b20c8da3de99da69bfe7a322774e291c3f90dce7e8778a30fe6748ed1a?s=96&d=mm&r=g","caption":"Carlos Conchita"}}]}},"_links":{"self":[{"href":"https:\/\/www.carlosyconchita.net\/rutas\/wp-json\/wp\/v2\/posts\/9938","targetHints":{"allow":["GET"]}}],"collection":[{"href":"https:\/\/www.carlosyconchita.net\/rutas\/wp-json\/wp\/v2\/posts"}],"about":[{"href":"https:\/\/www.carlosyconchita.net\/rutas\/wp-json\/wp\/v2\/types\/post"}],"author":[{"embeddable":true,"href":"https:\/\/www.carlosyconchita.net\/rutas\/wp-json\/wp\/v2\/users\/50"}],"replies":[{"embeddable":true,"href":"https:\/\/www.carlosyconchita.net\/rutas\/wp-json\/wp\/v2\/comments?post=9938"}],"version-history":[{"count":0,"href":"https:\/\/www.carlosyconchita.net\/rutas\/wp-json\/wp\/v2\/posts\/9938\/revisions"}],"wp:featuredmedia":[{"embeddable":true,"href":"https:\/\/www.carlosyconchita.net\/rutas\/wp-json\/wp\/v2\/media\/9939"}],"wp:attachment":[{"href":"https:\/\/www.carlosyconchita.net\/rutas\/wp-json\/wp\/v2\/media?parent=9938"}],"wp:term":[{"taxonomy":"category","embeddable":true,"href":"https:\/\/www.carlosyconchita.net\/rutas\/wp-json\/wp\/v2\/categories?post=9938"},{"taxonomy":"post_tag","embeddable":true,"href":"https:\/\/www.carlosyconchita.net\/rutas\/wp-json\/wp\/v2\/tags?post=9938"}],"curies":[{"name":"wp","href":"https:\/\/api.w.org\/{rel}","templated":true}]}}